{"id":2094,"date":"2020-11-11T22:07:10","date_gmt":"2020-11-11T21:07:10","guid":{"rendered":"http:\/\/https:\/\/zozo.buyee.jp\/\/news\/?p=2094"},"modified":"2020-11-17T09:10:59","modified_gmt":"2020-11-17T08:10:59","slug":"decrispation-du-climat-sociopolitique-les-presidents-alassane-ouattara-et-henri-konan-bedie-se-sont-rencontres","status":"publish","type":"post","link":"https:\/\/www.amanien.info\/news\/decrispation-du-climat-sociopolitique-les-presidents-alassane-ouattara-et-henri-konan-bedie-se-sont-rencontres\/","title":{"rendered":"D\u00e9crispation du climat sociopolitique: Les pr\u00e9sidents Alassane Ouattara et Henri Konan Bedi\u00e9 se sont rencontr\u00e9s"},"content":{"rendered":"<p>La rencontre entre le pr\u00e9sident de la R\u00e9publique Alassane Ouattara et l&rsquo; ancien chef de l&rsquo; Etat et pr\u00e9sident du PDCI Henri Konan Bedi\u00e9 s&rsquo; est finalement tenue le mercredi 11 novembre au Golf H\u00f4tel d\u2019Abidjan. Ce t\u00eate \u00e0 t\u00eate s&rsquo; est d\u00e9roul\u00e9 en pr\u00e9sence du directeur de cabinet de la pr\u00e9sidence Sarassoro et du proche collaborateur du pr\u00e9sident Bedi\u00e9, le g\u00e9n\u00e9ral Ouassenan Kon\u00e9.<br \/>\nAu terme de cette rencontre, le pr\u00e9sident de la R\u00e9publique a soulign\u00e9 face \u00e0 la presse que cela a \u00e9t\u00e9 un entretien fraternel, pour r\u00e9tablir la confiance et faire en sorte que la C\u00f4te d\u2019ivoire soit en paix. \u00ab\u00a0Nous sommes convenus de nous revoir tr\u00e8s prochainement pour continuer ce dialogue qui a bien d\u00e9marr\u00e9. La confiance est r\u00e9tablie\u00a0\u00bb a-t-il dit.<br \/>\nLe chef de file de l&rsquo; opposition Henri Konan B\u00e9di\u00e9 a quant \u00e0 lui indiqu\u00e9 que le mur de glace et du silence a \u00e9t\u00e9 bris\u00e9. \u00a0\u00bb Nous allons dans les jours et semaines \u00e0 venir continuer \u00e0 nous t\u00e9l\u00e9phoner, nous rencontrer pour qu\u2019enfin le pays soit comme il \u00e9tait avant\u00a0\u00bb a-t-il dit.<br \/>\nL&rsquo; opposition avait lanc\u00e9 un mot d&rsquo; ordre de d\u00e9sob\u00e9issance civile, pour protester contre la candidature du chef de l&rsquo; \u00c9tat \u00e0 l&rsquo; \u00e9lection pr\u00e9sidentielle du 31 octobre. R\u00e9cemment, les Ambassadeurs de France, du Royaume-Uni, des \u00c9tats-Unis et de l&rsquo; Union Europ\u00e9enne ont rencontr\u00e9 le pr\u00e9sident Henri Konan Bedi\u00e9, dont le domicile fait l&rsquo; objet d&rsquo; un blocus par les forces de l&rsquo; ordre et le chef de l&rsquo;\u00c9tat Alassane Ouattara, pour les inviter au dialogue. Ledit dialogue est d\u00e9sormais engag\u00e9. Selon les derni\u00e8res nouvelles, le blocus autour de la r\u00e9sidence du pr\u00e9sident Bedi\u00e9 a \u00e9t\u00e9 lev\u00e9.<br \/>\nCalvin Wandji.<\/p>\n","protected":false},"excerpt":{"rendered":"<p>La rencontre entre le pr\u00e9sident de la R\u00e9publique Alassane Ouattara et l&rsquo; ancien chef de l&rsquo; Etat et pr\u00e9sident du PDCI Henri Konan Bedi\u00e9 s&rsquo; est finalement tenue le mercredi 11 novembre au Golf H\u00f4tel d\u2019Abidjan. Ce t\u00eate \u00e0 t\u00eate s&rsquo; est d\u00e9roul\u00e9 en pr\u00e9sence du directeur de cabinet de la pr\u00e9sidence Sarassoro et du [&hellip;]<\/p>\n","protected":false},"author":2,"featured_media":2095,"comment_status":"open","ping_status":"open","sticky":true,"template":"","format":"standard","meta":{"_acf_changed":false,"footnotes":""},"categories":[],"tags":[],"class_list":["post-2094","post","type-post","status-publish","format-standard","has-post-thumbnail","hentry"],"acf":[],"yoast_head":"<!-- This site is optimized with the Yoast SEO plugin v27.5 - https:\/\/yoast.com\/product\/yoast-seo-wordpress\/ -->\n<title>D\u00e9crispation du climat sociopolitique: Les pr\u00e9sidents Alassane Ouattara et Henri Konan Bedi\u00e9 se sont rencontr\u00e9s - Amanien| L&#039;actualit\u00e9 Ivoirienne et Internationale<\/title>\n<meta name=\"robots\" content=\"index, follow, max-snippet:-1, max-image-preview:large, max-video-preview:-1\" \/>\n<link rel=\"canonical\" href=\"https:\/\/www.amanien.info\/news\/decrispation-du-climat-sociopolitique-les-presidents-alassane-ouattara-et-henri-konan-bedie-se-sont-rencontres\/\" \/>\n<meta property=\"og:locale\" content=\"fr_FR\" \/>\n<meta property=\"og:type\" content=\"article\" \/>\n<meta property=\"og:title\" content=\"D\u00e9crispation du climat sociopolitique: Les pr\u00e9sidents Alassane Ouattara et Henri Konan Bedi\u00e9 se sont rencontr\u00e9s - Amanien| L&#039;actualit\u00e9 Ivoirienne et Internationale\" \/>\n<meta property=\"og:description\" content=\"La rencontre entre le pr\u00e9sident de la R\u00e9publique Alassane Ouattara et l&rsquo; ancien chef de l&rsquo; Etat et pr\u00e9sident du PDCI Henri Konan Bedi\u00e9 s&rsquo; est finalement tenue le mercredi 11 novembre au Golf H\u00f4tel d\u2019Abidjan. Ce t\u00eate \u00e0 t\u00eate s&rsquo; est d\u00e9roul\u00e9 en pr\u00e9sence du directeur de cabinet de la pr\u00e9sidence Sarassoro et du [&hellip;]\" \/>\n<meta property=\"og:url\" content=\"https:\/\/www.amanien.info\/news\/decrispation-du-climat-sociopolitique-les-presidents-alassane-ouattara-et-henri-konan-bedie-se-sont-rencontres\/\" \/>\n<meta property=\"og:site_name\" content=\"Amanien| L&#039;actualit\u00e9 Ivoirienne et Internationale\" \/>\n<meta property=\"article:published_time\" content=\"2020-11-11T21:07:10+00:00\" \/>\n<meta property=\"article:modified_time\" content=\"2020-11-17T08:10:59+00:00\" \/>\n<meta property=\"og:image\" content=\"https:\/\/www.amanien.info\/news\/wp-content\/uploads\/2020\/11\/thumbnail-6.jpg\" \/>\n\t<meta property=\"og:image:width\" content=\"720\" \/>\n\t<meta property=\"og:image:height\" content=\"485\" \/>\n\t<meta property=\"og:image:type\" content=\"image\/jpeg\" \/>\n<meta name=\"author\" content=\"Germain Ndri\" \/>\n<meta name=\"twitter:card\" content=\"summary_large_image\" \/>\n<meta name=\"twitter:label1\" content=\"\u00c9crit par\" \/>\n\t<meta name=\"twitter:data1\" content=\"Germain Ndri\" \/>\n\t<meta name=\"twitter:label2\" content=\"Dur\u00e9e de lecture estim\u00e9e\" \/>\n\t<meta name=\"twitter:data2\" content=\"2 minutes\" \/>\n<script type=\"application\/ld+json\" class=\"yoast-schema-graph\">{\"@context\":\"https:\\\/\\\/schema.org\",\"@graph\":[{\"@type\":\"Article\",\"@id\":\"https:\\\/\\\/www.amanien.info\\\/news\\\/decrispation-du-climat-sociopolitique-les-presidents-alassane-ouattara-et-henri-konan-bedie-se-sont-rencontres\\\/#article\",\"isPartOf\":{\"@id\":\"https:\\\/\\\/www.amanien.info\\\/news\\\/decrispation-du-climat-sociopolitique-les-presidents-alassane-ouattara-et-henri-konan-bedie-se-sont-rencontres\\\/\"},\"author\":{\"name\":\"Germain Ndri\",\"@id\":\"https:\\\/\\\/www.amanien.info\\\/news\\\/#\\\/schema\\\/person\\\/b21093345753a1a98242d505bd894f42\"},\"headline\":\"D\u00e9crispation du climat sociopolitique: Les pr\u00e9sidents Alassane Ouattara et Henri Konan Bedi\u00e9 se sont rencontr\u00e9s\",\"datePublished\":\"2020-11-11T21:07:10+00:00\",\"dateModified\":\"2020-11-17T08:10:59+00:00\",\"mainEntityOfPage\":{\"@id\":\"https:\\\/\\\/www.amanien.info\\\/news\\\/decrispation-du-climat-sociopolitique-les-presidents-alassane-ouattara-et-henri-konan-bedie-se-sont-rencontres\\\/\"},\"wordCount\":321,\"commentCount\":0,\"image\":{\"@id\":\"https:\\\/\\\/www.amanien.info\\\/news\\\/decrispation-du-climat-sociopolitique-les-presidents-alassane-ouattara-et-henri-konan-bedie-se-sont-rencontres\\\/#primaryimage\"},\"thumbnailUrl\":\"https:\\\/\\\/www.amanien.info\\\/news\\\/wp-content\\\/uploads\\\/2020\\\/11\\\/thumbnail-6.jpg\",\"inLanguage\":\"fr-FR\"},{\"@type\":\"WebPage\",\"@id\":\"https:\\\/\\\/www.amanien.info\\\/news\\\/decrispation-du-climat-sociopolitique-les-presidents-alassane-ouattara-et-henri-konan-bedie-se-sont-rencontres\\\/\",\"url\":\"https:\\\/\\\/www.amanien.info\\\/news\\\/decrispation-du-climat-sociopolitique-les-presidents-alassane-ouattara-et-henri-konan-bedie-se-sont-rencontres\\\/\",\"name\":\"D\u00e9crispation du climat sociopolitique: Les pr\u00e9sidents Alassane Ouattara et Henri Konan Bedi\u00e9 se sont rencontr\u00e9s - Amanien| L&#039;actualit\u00e9 Ivoirienne et Internationale\",\"isPartOf\":{\"@id\":\"https:\\\/\\\/www.amanien.info\\\/news\\\/#website\"},\"primaryImageOfPage\":{\"@id\":\"https:\\\/\\\/www.amanien.info\\\/news\\\/decrispation-du-climat-sociopolitique-les-presidents-alassane-ouattara-et-henri-konan-bedie-se-sont-rencontres\\\/#primaryimage\"},\"image\":{\"@id\":\"https:\\\/\\\/www.amanien.info\\\/news\\\/decrispation-du-climat-sociopolitique-les-presidents-alassane-ouattara-et-henri-konan-bedie-se-sont-rencontres\\\/#primaryimage\"},\"thumbnailUrl\":\"https:\\\/\\\/www.amanien.info\\\/news\\\/wp-content\\\/uploads\\\/2020\\\/11\\\/thumbnail-6.jpg\",\"datePublished\":\"2020-11-11T21:07:10+00:00\",\"dateModified\":\"2020-11-17T08:10:59+00:00\",\"author\":{\"@id\":\"https:\\\/\\\/www.amanien.info\\\/news\\\/#\\\/schema\\\/person\\\/b21093345753a1a98242d505bd894f42\"},\"breadcrumb\":{\"@id\":\"https:\\\/\\\/www.amanien.info\\\/news\\\/decrispation-du-climat-sociopolitique-les-presidents-alassane-ouattara-et-henri-konan-bedie-se-sont-rencontres\\\/#breadcrumb\"},\"inLanguage\":\"fr-FR\",\"potentialAction\":[{\"@type\":\"ReadAction\",\"target\":[\"https:\\\/\\\/www.amanien.info\\\/news\\\/decrispation-du-climat-sociopolitique-les-presidents-alassane-ouattara-et-henri-konan-bedie-se-sont-rencontres\\\/\"]}]},{\"@type\":\"ImageObject\",\"inLanguage\":\"fr-FR\",\"@id\":\"https:\\\/\\\/www.amanien.info\\\/news\\\/decrispation-du-climat-sociopolitique-les-presidents-alassane-ouattara-et-henri-konan-bedie-se-sont-rencontres\\\/#primaryimage\",\"url\":\"https:\\\/\\\/www.amanien.info\\\/news\\\/wp-content\\\/uploads\\\/2020\\\/11\\\/thumbnail-6.jpg\",\"contentUrl\":\"https:\\\/\\\/www.amanien.info\\\/news\\\/wp-content\\\/uploads\\\/2020\\\/11\\\/thumbnail-6.jpg\",\"width\":720,\"height\":485},{\"@type\":\"BreadcrumbList\",\"@id\":\"https:\\\/\\\/www.amanien.info\\\/news\\\/decrispation-du-climat-sociopolitique-les-presidents-alassane-ouattara-et-henri-konan-bedie-se-sont-rencontres\\\/#breadcrumb\",\"itemListElement\":[{\"@type\":\"ListItem\",\"position\":1,\"name\":\"Accueil\",\"item\":\"https:\\\/\\\/www.amanien.info\\\/news\\\/\"},{\"@type\":\"ListItem\",\"position\":2,\"name\":\"D\u00e9crispation du climat sociopolitique: Les pr\u00e9sidents Alassane Ouattara et Henri Konan Bedi\u00e9 se sont rencontr\u00e9s\"}]},{\"@type\":\"WebSite\",\"@id\":\"https:\\\/\\\/www.amanien.info\\\/news\\\/#website\",\"url\":\"https:\\\/\\\/www.amanien.info\\\/news\\\/\",\"name\":\"Amanien| L&#039;actualit\u00e9 Ivoirienne et Internationale\",\"description\":\"L&#039;actualit\u00e9 Ivoirienne et Internationale\",\"potentialAction\":[{\"@type\":\"SearchAction\",\"target\":{\"@type\":\"EntryPoint\",\"urlTemplate\":\"https:\\\/\\\/www.amanien.info\\\/news\\\/?s={search_term_string}\"},\"query-input\":{\"@type\":\"PropertyValueSpecification\",\"valueRequired\":true,\"valueName\":\"search_term_string\"}}],\"inLanguage\":\"fr-FR\"},{\"@type\":\"Person\",\"@id\":\"https:\\\/\\\/www.amanien.info\\\/news\\\/#\\\/schema\\\/person\\\/b21093345753a1a98242d505bd894f42\",\"name\":\"Germain Ndri\",\"url\":\"https:\\\/\\\/www.amanien.info\\\/news\\\/author\\\/amanien-infos\\\/\"}]}<\/script>\n<!-- \/ Yoast SEO plugin. -->","yoast_head_json":{"title":"D\u00e9crispation du climat sociopolitique: Les pr\u00e9sidents Alassane Ouattara et Henri Konan Bedi\u00e9 se sont rencontr\u00e9s - Amanien| L&#039;actualit\u00e9 Ivoirienne et Internationale","robots":{"index":"index","follow":"follow","max-snippet":"max-snippet:-1","max-image-preview":"max-image-preview:large","max-video-preview":"max-video-preview:-1"},"canonical":"https:\/\/www.amanien.info\/news\/decrispation-du-climat-sociopolitique-les-presidents-alassane-ouattara-et-henri-konan-bedie-se-sont-rencontres\/","og_locale":"fr_FR","og_type":"article","og_title":"D\u00e9crispation du climat sociopolitique: Les pr\u00e9sidents Alassane Ouattara et Henri Konan Bedi\u00e9 se sont rencontr\u00e9s - Amanien| L&#039;actualit\u00e9 Ivoirienne et Internationale","og_description":"La rencontre entre le pr\u00e9sident de la R\u00e9publique Alassane Ouattara et l&rsquo; ancien chef de l&rsquo; Etat et pr\u00e9sident du PDCI Henri Konan Bedi\u00e9 s&rsquo; est finalement tenue le mercredi 11 novembre au Golf H\u00f4tel d\u2019Abidjan. Ce t\u00eate \u00e0 t\u00eate s&rsquo; est d\u00e9roul\u00e9 en pr\u00e9sence du directeur de cabinet de la pr\u00e9sidence Sarassoro et du [&hellip;]","og_url":"https:\/\/www.amanien.info\/news\/decrispation-du-climat-sociopolitique-les-presidents-alassane-ouattara-et-henri-konan-bedie-se-sont-rencontres\/","og_site_name":"Amanien| L&#039;actualit\u00e9 Ivoirienne et Internationale","article_published_time":"2020-11-11T21:07:10+00:00","article_modified_time":"2020-11-17T08:10:59+00:00","og_image":[{"width":720,"height":485,"url":"https:\/\/www.amanien.info\/news\/wp-content\/uploads\/2020\/11\/thumbnail-6.jpg","type":"image\/jpeg"}],"author":"Germain Ndri","twitter_card":"summary_large_image","twitter_misc":{"\u00c9crit par":"Germain Ndri","Dur\u00e9e de lecture estim\u00e9e":"2 minutes"},"schema":{"@context":"https:\/\/schema.org","@graph":[{"@type":"Article","@id":"https:\/\/www.amanien.info\/news\/decrispation-du-climat-sociopolitique-les-presidents-alassane-ouattara-et-henri-konan-bedie-se-sont-rencontres\/#article","isPartOf":{"@id":"https:\/\/www.amanien.info\/news\/decrispation-du-climat-sociopolitique-les-presidents-alassane-ouattara-et-henri-konan-bedie-se-sont-rencontres\/"},"author":{"name":"Germain Ndri","@id":"https:\/\/www.amanien.info\/news\/#\/schema\/person\/b21093345753a1a98242d505bd894f42"},"headline":"D\u00e9crispation du climat sociopolitique: Les pr\u00e9sidents Alassane Ouattara et Henri Konan Bedi\u00e9 se sont rencontr\u00e9s","datePublished":"2020-11-11T21:07:10+00:00","dateModified":"2020-11-17T08:10:59+00:00","mainEntityOfPage":{"@id":"https:\/\/www.amanien.info\/news\/decrispation-du-climat-sociopolitique-les-presidents-alassane-ouattara-et-henri-konan-bedie-se-sont-rencontres\/"},"wordCount":321,"commentCount":0,"image":{"@id":"https:\/\/www.amanien.info\/news\/decrispation-du-climat-sociopolitique-les-presidents-alassane-ouattara-et-henri-konan-bedie-se-sont-rencontres\/#primaryimage"},"thumbnailUrl":"https:\/\/www.amanien.info\/news\/wp-content\/uploads\/2020\/11\/thumbnail-6.jpg","inLanguage":"fr-FR"},{"@type":"WebPage","@id":"https:\/\/www.amanien.info\/news\/decrispation-du-climat-sociopolitique-les-presidents-alassane-ouattara-et-henri-konan-bedie-se-sont-rencontres\/","url":"https:\/\/www.amanien.info\/news\/decrispation-du-climat-sociopolitique-les-presidents-alassane-ouattara-et-henri-konan-bedie-se-sont-rencontres\/","name":"D\u00e9crispation du climat sociopolitique: Les pr\u00e9sidents Alassane Ouattara et Henri Konan Bedi\u00e9 se sont rencontr\u00e9s - Amanien| L&#039;actualit\u00e9 Ivoirienne et Internationale","isPartOf":{"@id":"https:\/\/www.amanien.info\/news\/#website"},"primaryImageOfPage":{"@id":"https:\/\/www.amanien.info\/news\/decrispation-du-climat-sociopolitique-les-presidents-alassane-ouattara-et-henri-konan-bedie-se-sont-rencontres\/#primaryimage"},"image":{"@id":"https:\/\/www.amanien.info\/news\/decrispation-du-climat-sociopolitique-les-presidents-alassane-ouattara-et-henri-konan-bedie-se-sont-rencontres\/#primaryimage"},"thumbnailUrl":"https:\/\/www.amanien.info\/news\/wp-content\/uploads\/2020\/11\/thumbnail-6.jpg","datePublished":"2020-11-11T21:07:10+00:00","dateModified":"2020-11-17T08:10:59+00:00","author":{"@id":"https:\/\/www.amanien.info\/news\/#\/schema\/person\/b21093345753a1a98242d505bd894f42"},"breadcrumb":{"@id":"https:\/\/www.amanien.info\/news\/decrispation-du-climat-sociopolitique-les-presidents-alassane-ouattara-et-henri-konan-bedie-se-sont-rencontres\/#breadcrumb"},"inLanguage":"fr-FR","potentialAction":[{"@type":"ReadAction","target":["https:\/\/www.amanien.info\/news\/decrispation-du-climat-sociopolitique-les-presidents-alassane-ouattara-et-henri-konan-bedie-se-sont-rencontres\/"]}]},{"@type":"ImageObject","inLanguage":"fr-FR","@id":"https:\/\/www.amanien.info\/news\/decrispation-du-climat-sociopolitique-les-presidents-alassane-ouattara-et-henri-konan-bedie-se-sont-rencontres\/#primaryimage","url":"https:\/\/www.amanien.info\/news\/wp-content\/uploads\/2020\/11\/thumbnail-6.jpg","contentUrl":"https:\/\/www.amanien.info\/news\/wp-content\/uploads\/2020\/11\/thumbnail-6.jpg","width":720,"height":485},{"@type":"BreadcrumbList","@id":"https:\/\/www.amanien.info\/news\/decrispation-du-climat-sociopolitique-les-presidents-alassane-ouattara-et-henri-konan-bedie-se-sont-rencontres\/#breadcrumb","itemListElement":[{"@type":"ListItem","position":1,"name":"Accueil","item":"https:\/\/www.amanien.info\/news\/"},{"@type":"ListItem","position":2,"name":"D\u00e9crispation du climat sociopolitique: Les pr\u00e9sidents Alassane Ouattara et Henri Konan Bedi\u00e9 se sont rencontr\u00e9s"}]},{"@type":"WebSite","@id":"https:\/\/www.amanien.info\/news\/#website","url":"https:\/\/www.amanien.info\/news\/","name":"Amanien| L&#039;actualit\u00e9 Ivoirienne et Internationale","description":"L&#039;actualit\u00e9 Ivoirienne et Internationale","potentialAction":[{"@type":"SearchAction","target":{"@type":"EntryPoint","urlTemplate":"https:\/\/www.amanien.info\/news\/?s={search_term_string}"},"query-input":{"@type":"PropertyValueSpecification","valueRequired":true,"valueName":"search_term_string"}}],"inLanguage":"fr-FR"},{"@type":"Person","@id":"https:\/\/www.amanien.info\/news\/#\/schema\/person\/b21093345753a1a98242d505bd894f42","name":"Germain Ndri","url":"https:\/\/www.amanien.info\/news\/author\/amanien-infos\/"}]}},"_links":{"self":[{"href":"https:\/\/www.amanien.info\/news\/wp-json\/wp\/v2\/posts\/2094","targetHints":{"allow":["GET"]}}],"collection":[{"href":"https:\/\/www.amanien.info\/news\/wp-json\/wp\/v2\/posts"}],"about":[{"href":"https:\/\/www.amanien.info\/news\/wp-json\/wp\/v2\/types\/post"}],"author":[{"embeddable":true,"href":"https:\/\/www.amanien.info\/news\/wp-json\/wp\/v2\/users\/2"}],"replies":[{"embeddable":true,"href":"https:\/\/www.amanien.info\/news\/wp-json\/wp\/v2\/comments?post=2094"}],"version-history":[{"count":0,"href":"https:\/\/www.amanien.info\/news\/wp-json\/wp\/v2\/posts\/2094\/revisions"}],"wp:featuredmedia":[{"embeddable":true,"href":"https:\/\/www.amanien.info\/news\/wp-json\/wp\/v2\/media\/2095"}],"wp:attachment":[{"href":"https:\/\/www.amanien.info\/news\/wp-json\/wp\/v2\/media?parent=2094"}],"wp:term":[{"taxonomy":"category","embeddable":true,"href":"https:\/\/www.amanien.info\/news\/wp-json\/wp\/v2\/categories?post=2094"},{"taxonomy":"post_tag","embeddable":true,"href":"https:\/\/www.amanien.info\/news\/wp-json\/wp\/v2\/tags?post=2094"}],"curies":[{"name":"wp","href":"https:\/\/api.w.org\/{rel}","templated":true}]}}