{"id":2091,"date":"2020-11-10T19:15:31","date_gmt":"2020-11-10T18:15:31","guid":{"rendered":"http:\/\/https:\/\/zozo.buyee.jp\/\/news\/?p=2091"},"modified":"2020-11-10T19:15:54","modified_gmt":"2020-11-10T18:15:54","slug":"situation-sociopolitique-le-pdci-annonce-l-allegement-du-dispositif-securitaire-autour-de-son-siege","status":"publish","type":"post","link":"https:\/\/www.amanien.info\/news\/situation-sociopolitique-le-pdci-annonce-l-allegement-du-dispositif-securitaire-autour-de-son-siege\/","title":{"rendered":"Situation sociopolitique: Le PDCI annonce l&rsquo; all\u00e8gement du dispositif s\u00e9curitaire autour de son si\u00e8ge"},"content":{"rendered":"<div class=\"I_52qC D_FY W_6D6F\" data-test-id=\"message-view-body\">\n<div class=\"msg-body P_wpofO mq_AS\" data-test-id=\"message-view-body-content\">\n<div class=\"jb_0 X_6MGW N_6Fd5\">\n<div>\n<div id=\"yiv9517305297\">\n<div>Le Parti d\u00e9mocratique de C\u00f4te d\u2019Ivoire (PDCI-RDA, opposition) appelle ses militants \u00e0 mener des actions \u00ab sans sacrifices inutiles de vie \u00bb, annon\u00e7ant un all\u00e8gement du dispositif s\u00e9curitaire au si\u00e8ge du parti.<\/p>\n<div>\n\u00ab Nous comptons sur tous pour que dans le dialogue et la s\u00e9r\u00e9nit\u00e9, sans sacrifices inutiles de vies humaines, nos actions portent la voix de citoyens \u00e9pris de paix, de justice et de progr\u00e8s \u00bb, exhorte une d\u00e9claration du secr\u00e9taire ex\u00e9cutif charg\u00e9 de la communication, l\u2019information et la propagande du PDCI, Jean-Louis Billion, publi\u00e9 le lundi 9 novembre 2020 sur la page Facebook officielle du parti.<\/p>\n<p>\u00ab D\u00e8s ce lundi, nous continuerons la t\u00e2che, nous travaillerons donc d\u2019arrache-pied et m\u00e9thodiquement, et vous tiendrons inform\u00e9s de la bonne \u00e9volution de nos actions, en parti d\u2019opposition et en toute l\u00e9galit\u00e9, pour le bien des militants comme de l\u2019ensemble des citoyens ivoiriens \u00bb, ajoute M. Billion.<\/p>\n<p>D\u2019apr\u00e8s le secr\u00e9taire ex\u00e9cutif, la journ\u00e9e du vendredi 06 novembre a permis de \u00ab lib\u00e9rer \u00bb le si\u00e8ge du parti \u00e0 Abidjan, qui est de nouveau accessible malgr\u00e9 certaines restrictions \u00ab que nous devons respecter et que nous nous efforcerons de faire lever \u00bb.<\/p>\n<p>Cette d\u00e9claration de Jean-Louis Billion intervient alors que des manifestations de jeunes proches de l\u2019opposition sont signal\u00e9es \u00e0 Abidjan et dans certaines localit\u00e9s du pays, pour protester contre l\u2019\u00e9lection du pr\u00e9sident Alassane Ouattara \u00e0 la pr\u00e9sidentielle du 31 octobre 2020.<\/p>\n<p>Le Conseil constitutionnel a confirm\u00e9 ce lundi la victoire de M. Ouattara \u00e0 cette \u00e9lection qui a \u00e9t\u00e9 boycott\u00e9 par l\u2019opposition.<\/p><\/div>\n<\/div>\n<\/div>\n<\/div>\n<\/div>\n<\/div>\n<div class=\"jb_0 X_6MGW N_6Fd5\"><\/div>\n<\/div>\n<div class=\"H_7jIs D_F ab_C Q_69H5 E_36RhU\" data-test-id=\"toolbar-hover-area\">\n<div class=\"D_F W_6D6F r_BN gl_C\" data-test-id=\"card-toolbar\">\n<div class=\"D_F ab_C en_0 b_Z14vXdP e_3mS2U I_52qC P_Z1otBpf\">\n<ul class=\"hd_n P_0 H_6D6F M_0 ir3_0 iy_h D_F ab_C\" tabindex=\"0\" role=\"menubar\" data-test-id=\"navigable-list\">\n<li class=\"G_e p_R\" role=\"menuitem\"><\/li>\n<\/ul>\n<\/div>\n<\/div>\n<\/div>\n<ul>\n<li class=\"G_e p_R\" role=\"menuitem\"><\/li>\n<li class=\"G_e p_R\" role=\"menuitem\"><\/li>\n<li class=\"G_e p_R\" role=\"menuitem\">\n<div class=\"D_F cdPFi_Z1RVMOO cdPFi4_Z2aVTcY\" data-test-id=\"popover-container\"><\/div>\n<\/li>\n<\/ul>\n<div class=\"D_F ab_C en_0 b_Z14vXdP e_3mS2U I_52qC P_Z1otBpf\">\n<hr class=\"M_0 P_0 cn_0\" \/>\n<\/div>\n","protected":false},"excerpt":{"rendered":"<p>Le Parti d\u00e9mocratique de C\u00f4te d\u2019Ivoire (PDCI-RDA, opposition) appelle ses militants \u00e0 mener des actions \u00ab sans sacrifices inutiles de vie \u00bb, annon\u00e7ant un all\u00e8gement du dispositif s\u00e9curitaire au si\u00e8ge du parti. \u00ab Nous comptons sur tous pour que dans le dialogue et la s\u00e9r\u00e9nit\u00e9, sans sacrifices inutiles de vies humaines, nos actions portent la [&hellip;]<\/p>\n","protected":false},"author":2,"featured_media":2092,"comment_status":"open","ping_status":"open","sticky":true,"template":"","format":"standard","meta":{"_acf_changed":false,"footnotes":""},"categories":[],"tags":[],"class_list":["post-2091","post","type-post","status-publish","format-standard","has-post-thumbnail","hentry"],"acf":[],"yoast_head":"<!-- This site is optimized with the Yoast SEO plugin v27.5 - https:\/\/yoast.com\/product\/yoast-seo-wordpress\/ -->\n<title>Situation sociopolitique: Le PDCI annonce l&#039; all\u00e8gement du dispositif s\u00e9curitaire autour de son si\u00e8ge - Amanien| L&#039;actualit\u00e9 Ivoirienne et Internationale<\/title>\n<meta name=\"robots\" content=\"index, follow, max-snippet:-1, max-image-preview:large, max-video-preview:-1\" \/>\n<link rel=\"canonical\" href=\"https:\/\/www.amanien.info\/news\/situation-sociopolitique-le-pdci-annonce-l-allegement-du-dispositif-securitaire-autour-de-son-siege\/\" \/>\n<meta property=\"og:locale\" content=\"fr_FR\" \/>\n<meta property=\"og:type\" content=\"article\" \/>\n<meta property=\"og:title\" content=\"Situation sociopolitique: Le PDCI annonce l&#039; all\u00e8gement du dispositif s\u00e9curitaire autour de son si\u00e8ge - Amanien| L&#039;actualit\u00e9 Ivoirienne et Internationale\" \/>\n<meta property=\"og:description\" content=\"Le Parti d\u00e9mocratique de C\u00f4te d\u2019Ivoire (PDCI-RDA, opposition) appelle ses militants \u00e0 mener des actions \u00ab sans sacrifices inutiles de vie \u00bb, annon\u00e7ant un all\u00e8gement du dispositif s\u00e9curitaire au si\u00e8ge du parti. \u00ab Nous comptons sur tous pour que dans le dialogue et la s\u00e9r\u00e9nit\u00e9, sans sacrifices inutiles de vies humaines, nos actions portent la [&hellip;]\" \/>\n<meta property=\"og:url\" content=\"https:\/\/www.amanien.info\/news\/situation-sociopolitique-le-pdci-annonce-l-allegement-du-dispositif-securitaire-autour-de-son-siege\/\" \/>\n<meta property=\"og:site_name\" content=\"Amanien| L&#039;actualit\u00e9 Ivoirienne et Internationale\" \/>\n<meta property=\"article:published_time\" content=\"2020-11-10T18:15:31+00:00\" \/>\n<meta property=\"article:modified_time\" content=\"2020-11-10T18:15:54+00:00\" \/>\n<meta property=\"og:image\" content=\"https:\/\/www.amanien.info\/news\/wp-content\/uploads\/2020\/11\/index-1.jpg\" \/>\n\t<meta property=\"og:image:width\" content=\"287\" \/>\n\t<meta property=\"og:image:height\" content=\"176\" \/>\n\t<meta property=\"og:image:type\" content=\"image\/jpeg\" \/>\n<meta name=\"author\" content=\"Germain Ndri\" \/>\n<meta name=\"twitter:card\" content=\"summary_large_image\" \/>\n<meta name=\"twitter:label1\" content=\"\u00c9crit par\" \/>\n\t<meta name=\"twitter:data1\" content=\"Germain Ndri\" \/>\n\t<meta name=\"twitter:label2\" content=\"Dur\u00e9e de lecture estim\u00e9e\" \/>\n\t<meta name=\"twitter:data2\" content=\"1 minute\" \/>\n<script type=\"application\/ld+json\" class=\"yoast-schema-graph\">{\"@context\":\"https:\\\/\\\/schema.org\",\"@graph\":[{\"@type\":\"Article\",\"@id\":\"https:\\\/\\\/www.amanien.info\\\/news\\\/situation-sociopolitique-le-pdci-annonce-l-allegement-du-dispositif-securitaire-autour-de-son-siege\\\/#article\",\"isPartOf\":{\"@id\":\"https:\\\/\\\/www.amanien.info\\\/news\\\/situation-sociopolitique-le-pdci-annonce-l-allegement-du-dispositif-securitaire-autour-de-son-siege\\\/\"},\"author\":{\"name\":\"Germain Ndri\",\"@id\":\"https:\\\/\\\/www.amanien.info\\\/news\\\/#\\\/schema\\\/person\\\/b21093345753a1a98242d505bd894f42\"},\"headline\":\"Situation sociopolitique: Le PDCI annonce l&rsquo; all\u00e8gement du dispositif s\u00e9curitaire autour de son si\u00e8ge\",\"datePublished\":\"2020-11-10T18:15:31+00:00\",\"dateModified\":\"2020-11-10T18:15:54+00:00\",\"mainEntityOfPage\":{\"@id\":\"https:\\\/\\\/www.amanien.info\\\/news\\\/situation-sociopolitique-le-pdci-annonce-l-allegement-du-dispositif-securitaire-autour-de-son-siege\\\/\"},\"wordCount\":284,\"commentCount\":0,\"image\":{\"@id\":\"https:\\\/\\\/www.amanien.info\\\/news\\\/situation-sociopolitique-le-pdci-annonce-l-allegement-du-dispositif-securitaire-autour-de-son-siege\\\/#primaryimage\"},\"thumbnailUrl\":\"https:\\\/\\\/www.amanien.info\\\/news\\\/wp-content\\\/uploads\\\/2020\\\/11\\\/index-1.jpg\",\"inLanguage\":\"fr-FR\"},{\"@type\":\"WebPage\",\"@id\":\"https:\\\/\\\/www.amanien.info\\\/news\\\/situation-sociopolitique-le-pdci-annonce-l-allegement-du-dispositif-securitaire-autour-de-son-siege\\\/\",\"url\":\"https:\\\/\\\/www.amanien.info\\\/news\\\/situation-sociopolitique-le-pdci-annonce-l-allegement-du-dispositif-securitaire-autour-de-son-siege\\\/\",\"name\":\"Situation sociopolitique: Le PDCI annonce l' all\u00e8gement du dispositif s\u00e9curitaire autour de son si\u00e8ge - Amanien| L&#039;actualit\u00e9 Ivoirienne et Internationale\",\"isPartOf\":{\"@id\":\"https:\\\/\\\/www.amanien.info\\\/news\\\/#website\"},\"primaryImageOfPage\":{\"@id\":\"https:\\\/\\\/www.amanien.info\\\/news\\\/situation-sociopolitique-le-pdci-annonce-l-allegement-du-dispositif-securitaire-autour-de-son-siege\\\/#primaryimage\"},\"image\":{\"@id\":\"https:\\\/\\\/www.amanien.info\\\/news\\\/situation-sociopolitique-le-pdci-annonce-l-allegement-du-dispositif-securitaire-autour-de-son-siege\\\/#primaryimage\"},\"thumbnailUrl\":\"https:\\\/\\\/www.amanien.info\\\/news\\\/wp-content\\\/uploads\\\/2020\\\/11\\\/index-1.jpg\",\"datePublished\":\"2020-11-10T18:15:31+00:00\",\"dateModified\":\"2020-11-10T18:15:54+00:00\",\"author\":{\"@id\":\"https:\\\/\\\/www.amanien.info\\\/news\\\/#\\\/schema\\\/person\\\/b21093345753a1a98242d505bd894f42\"},\"breadcrumb\":{\"@id\":\"https:\\\/\\\/www.amanien.info\\\/news\\\/situation-sociopolitique-le-pdci-annonce-l-allegement-du-dispositif-securitaire-autour-de-son-siege\\\/#breadcrumb\"},\"inLanguage\":\"fr-FR\",\"potentialAction\":[{\"@type\":\"ReadAction\",\"target\":[\"https:\\\/\\\/www.amanien.info\\\/news\\\/situation-sociopolitique-le-pdci-annonce-l-allegement-du-dispositif-securitaire-autour-de-son-siege\\\/\"]}]},{\"@type\":\"ImageObject\",\"inLanguage\":\"fr-FR\",\"@id\":\"https:\\\/\\\/www.amanien.info\\\/news\\\/situation-sociopolitique-le-pdci-annonce-l-allegement-du-dispositif-securitaire-autour-de-son-siege\\\/#primaryimage\",\"url\":\"https:\\\/\\\/www.amanien.info\\\/news\\\/wp-content\\\/uploads\\\/2020\\\/11\\\/index-1.jpg\",\"contentUrl\":\"https:\\\/\\\/www.amanien.info\\\/news\\\/wp-content\\\/uploads\\\/2020\\\/11\\\/index-1.jpg\",\"width\":287,\"height\":176},{\"@type\":\"BreadcrumbList\",\"@id\":\"https:\\\/\\\/www.amanien.info\\\/news\\\/situation-sociopolitique-le-pdci-annonce-l-allegement-du-dispositif-securitaire-autour-de-son-siege\\\/#breadcrumb\",\"itemListElement\":[{\"@type\":\"ListItem\",\"position\":1,\"name\":\"Accueil\",\"item\":\"https:\\\/\\\/www.amanien.info\\\/news\\\/\"},{\"@type\":\"ListItem\",\"position\":2,\"name\":\"Situation sociopolitique: Le PDCI annonce l&rsquo; all\u00e8gement du dispositif s\u00e9curitaire autour de son si\u00e8ge\"}]},{\"@type\":\"WebSite\",\"@id\":\"https:\\\/\\\/www.amanien.info\\\/news\\\/#website\",\"url\":\"https:\\\/\\\/www.amanien.info\\\/news\\\/\",\"name\":\"Amanien| L&#039;actualit\u00e9 Ivoirienne et Internationale\",\"description\":\"L&#039;actualit\u00e9 Ivoirienne et Internationale\",\"potentialAction\":[{\"@type\":\"SearchAction\",\"target\":{\"@type\":\"EntryPoint\",\"urlTemplate\":\"https:\\\/\\\/www.amanien.info\\\/news\\\/?s={search_term_string}\"},\"query-input\":{\"@type\":\"PropertyValueSpecification\",\"valueRequired\":true,\"valueName\":\"search_term_string\"}}],\"inLanguage\":\"fr-FR\"},{\"@type\":\"Person\",\"@id\":\"https:\\\/\\\/www.amanien.info\\\/news\\\/#\\\/schema\\\/person\\\/b21093345753a1a98242d505bd894f42\",\"name\":\"Germain Ndri\",\"url\":\"https:\\\/\\\/www.amanien.info\\\/news\\\/author\\\/amanien-infos\\\/\"}]}<\/script>\n<!-- \/ Yoast SEO plugin. -->","yoast_head_json":{"title":"Situation sociopolitique: Le PDCI annonce l' all\u00e8gement du dispositif s\u00e9curitaire autour de son si\u00e8ge - Amanien| L&#039;actualit\u00e9 Ivoirienne et Internationale","robots":{"index":"index","follow":"follow","max-snippet":"max-snippet:-1","max-image-preview":"max-image-preview:large","max-video-preview":"max-video-preview:-1"},"canonical":"https:\/\/www.amanien.info\/news\/situation-sociopolitique-le-pdci-annonce-l-allegement-du-dispositif-securitaire-autour-de-son-siege\/","og_locale":"fr_FR","og_type":"article","og_title":"Situation sociopolitique: Le PDCI annonce l' all\u00e8gement du dispositif s\u00e9curitaire autour de son si\u00e8ge - Amanien| L&#039;actualit\u00e9 Ivoirienne et Internationale","og_description":"Le Parti d\u00e9mocratique de C\u00f4te d\u2019Ivoire (PDCI-RDA, opposition) appelle ses militants \u00e0 mener des actions \u00ab sans sacrifices inutiles de vie \u00bb, annon\u00e7ant un all\u00e8gement du dispositif s\u00e9curitaire au si\u00e8ge du parti. \u00ab Nous comptons sur tous pour que dans le dialogue et la s\u00e9r\u00e9nit\u00e9, sans sacrifices inutiles de vies humaines, nos actions portent la [&hellip;]","og_url":"https:\/\/www.amanien.info\/news\/situation-sociopolitique-le-pdci-annonce-l-allegement-du-dispositif-securitaire-autour-de-son-siege\/","og_site_name":"Amanien| L&#039;actualit\u00e9 Ivoirienne et Internationale","article_published_time":"2020-11-10T18:15:31+00:00","article_modified_time":"2020-11-10T18:15:54+00:00","og_image":[{"width":287,"height":176,"url":"https:\/\/www.amanien.info\/news\/wp-content\/uploads\/2020\/11\/index-1.jpg","type":"image\/jpeg"}],"author":"Germain Ndri","twitter_card":"summary_large_image","twitter_misc":{"\u00c9crit par":"Germain Ndri","Dur\u00e9e de lecture estim\u00e9e":"1 minute"},"schema":{"@context":"https:\/\/schema.org","@graph":[{"@type":"Article","@id":"https:\/\/www.amanien.info\/news\/situation-sociopolitique-le-pdci-annonce-l-allegement-du-dispositif-securitaire-autour-de-son-siege\/#article","isPartOf":{"@id":"https:\/\/www.amanien.info\/news\/situation-sociopolitique-le-pdci-annonce-l-allegement-du-dispositif-securitaire-autour-de-son-siege\/"},"author":{"name":"Germain Ndri","@id":"https:\/\/www.amanien.info\/news\/#\/schema\/person\/b21093345753a1a98242d505bd894f42"},"headline":"Situation sociopolitique: Le PDCI annonce l&rsquo; all\u00e8gement du dispositif s\u00e9curitaire autour de son si\u00e8ge","datePublished":"2020-11-10T18:15:31+00:00","dateModified":"2020-11-10T18:15:54+00:00","mainEntityOfPage":{"@id":"https:\/\/www.amanien.info\/news\/situation-sociopolitique-le-pdci-annonce-l-allegement-du-dispositif-securitaire-autour-de-son-siege\/"},"wordCount":284,"commentCount":0,"image":{"@id":"https:\/\/www.amanien.info\/news\/situation-sociopolitique-le-pdci-annonce-l-allegement-du-dispositif-securitaire-autour-de-son-siege\/#primaryimage"},"thumbnailUrl":"https:\/\/www.amanien.info\/news\/wp-content\/uploads\/2020\/11\/index-1.jpg","inLanguage":"fr-FR"},{"@type":"WebPage","@id":"https:\/\/www.amanien.info\/news\/situation-sociopolitique-le-pdci-annonce-l-allegement-du-dispositif-securitaire-autour-de-son-siege\/","url":"https:\/\/www.amanien.info\/news\/situation-sociopolitique-le-pdci-annonce-l-allegement-du-dispositif-securitaire-autour-de-son-siege\/","name":"Situation sociopolitique: Le PDCI annonce l' all\u00e8gement du dispositif s\u00e9curitaire autour de son si\u00e8ge - Amanien| L&#039;actualit\u00e9 Ivoirienne et Internationale","isPartOf":{"@id":"https:\/\/www.amanien.info\/news\/#website"},"primaryImageOfPage":{"@id":"https:\/\/www.amanien.info\/news\/situation-sociopolitique-le-pdci-annonce-l-allegement-du-dispositif-securitaire-autour-de-son-siege\/#primaryimage"},"image":{"@id":"https:\/\/www.amanien.info\/news\/situation-sociopolitique-le-pdci-annonce-l-allegement-du-dispositif-securitaire-autour-de-son-siege\/#primaryimage"},"thumbnailUrl":"https:\/\/www.amanien.info\/news\/wp-content\/uploads\/2020\/11\/index-1.jpg","datePublished":"2020-11-10T18:15:31+00:00","dateModified":"2020-11-10T18:15:54+00:00","author":{"@id":"https:\/\/www.amanien.info\/news\/#\/schema\/person\/b21093345753a1a98242d505bd894f42"},"breadcrumb":{"@id":"https:\/\/www.amanien.info\/news\/situation-sociopolitique-le-pdci-annonce-l-allegement-du-dispositif-securitaire-autour-de-son-siege\/#breadcrumb"},"inLanguage":"fr-FR","potentialAction":[{"@type":"ReadAction","target":["https:\/\/www.amanien.info\/news\/situation-sociopolitique-le-pdci-annonce-l-allegement-du-dispositif-securitaire-autour-de-son-siege\/"]}]},{"@type":"ImageObject","inLanguage":"fr-FR","@id":"https:\/\/www.amanien.info\/news\/situation-sociopolitique-le-pdci-annonce-l-allegement-du-dispositif-securitaire-autour-de-son-siege\/#primaryimage","url":"https:\/\/www.amanien.info\/news\/wp-content\/uploads\/2020\/11\/index-1.jpg","contentUrl":"https:\/\/www.amanien.info\/news\/wp-content\/uploads\/2020\/11\/index-1.jpg","width":287,"height":176},{"@type":"BreadcrumbList","@id":"https:\/\/www.amanien.info\/news\/situation-sociopolitique-le-pdci-annonce-l-allegement-du-dispositif-securitaire-autour-de-son-siege\/#breadcrumb","itemListElement":[{"@type":"ListItem","position":1,"name":"Accueil","item":"https:\/\/www.amanien.info\/news\/"},{"@type":"ListItem","position":2,"name":"Situation sociopolitique: Le PDCI annonce l&rsquo; all\u00e8gement du dispositif s\u00e9curitaire autour de son si\u00e8ge"}]},{"@type":"WebSite","@id":"https:\/\/www.amanien.info\/news\/#website","url":"https:\/\/www.amanien.info\/news\/","name":"Amanien| L&#039;actualit\u00e9 Ivoirienne et Internationale","description":"L&#039;actualit\u00e9 Ivoirienne et Internationale","potentialAction":[{"@type":"SearchAction","target":{"@type":"EntryPoint","urlTemplate":"https:\/\/www.amanien.info\/news\/?s={search_term_string}"},"query-input":{"@type":"PropertyValueSpecification","valueRequired":true,"valueName":"search_term_string"}}],"inLanguage":"fr-FR"},{"@type":"Person","@id":"https:\/\/www.amanien.info\/news\/#\/schema\/person\/b21093345753a1a98242d505bd894f42","name":"Germain Ndri","url":"https:\/\/www.amanien.info\/news\/author\/amanien-infos\/"}]}},"_links":{"self":[{"href":"https:\/\/www.amanien.info\/news\/wp-json\/wp\/v2\/posts\/2091","targetHints":{"allow":["GET"]}}],"collection":[{"href":"https:\/\/www.amanien.info\/news\/wp-json\/wp\/v2\/posts"}],"about":[{"href":"https:\/\/www.amanien.info\/news\/wp-json\/wp\/v2\/types\/post"}],"author":[{"embeddable":true,"href":"https:\/\/www.amanien.info\/news\/wp-json\/wp\/v2\/users\/2"}],"replies":[{"embeddable":true,"href":"https:\/\/www.amanien.info\/news\/wp-json\/wp\/v2\/comments?post=2091"}],"version-history":[{"count":0,"href":"https:\/\/www.amanien.info\/news\/wp-json\/wp\/v2\/posts\/2091\/revisions"}],"wp:featuredmedia":[{"embeddable":true,"href":"https:\/\/www.amanien.info\/news\/wp-json\/wp\/v2\/media\/2092"}],"wp:attachment":[{"href":"https:\/\/www.amanien.info\/news\/wp-json\/wp\/v2\/media?parent=2091"}],"wp:term":[{"taxonomy":"category","embeddable":true,"href":"https:\/\/www.amanien.info\/news\/wp-json\/wp\/v2\/categories?post=2091"},{"taxonomy":"post_tag","embeddable":true,"href":"https:\/\/www.amanien.info\/news\/wp-json\/wp\/v2\/tags?post=2091"}],"curies":[{"name":"wp","href":"https:\/\/api.w.org\/{rel}","templated":true}]}}