{"id":2088,"date":"2020-11-10T19:10:30","date_gmt":"2020-11-10T18:10:30","guid":{"rendered":"http:\/\/https:\/\/zozo.buyee.jp\/\/news\/?p=2088"},"modified":"2020-11-10T19:10:53","modified_gmt":"2020-11-10T18:10:53","slug":"election-presidentielle-le-constitutionnel-constitutionnel-confirme-la-victoire-d-alassane-ouattara","status":"publish","type":"post","link":"https:\/\/www.amanien.info\/news\/election-presidentielle-le-constitutionnel-constitutionnel-confirme-la-victoire-d-alassane-ouattara\/","title":{"rendered":"\u00c9lection pr\u00e9sidentielle: Le constitutionnel constitutionnel confirme la victoire d&rsquo; Alassane Ouattara"},"content":{"rendered":"<p>Le pr\u00e9sident du Conseil Constitutionnel, Mamadou Kon\u00e9 a confirm\u00e9 les r\u00e9sultats de l&rsquo;\u00e9lection pr\u00e9sidentielle du 31 octobre, proclam\u00e9s par la commission \u00e9lectorale ind\u00e9pendante. Cette instance a rendu son verdict le lundi 09 novembre \u00e0 son si\u00e8ge \u00e0 Abidjan.Selon le coll\u00e8ge des juges du Conseil Constitutionnel, le scrutin a \u00e9t\u00e9 r\u00e9gulier. Alassane Ouattara est donc d\u00e9clar\u00e9 vainqueur dudit scrutin, avec 94,27% de voix obtenues pour un taux de participation de 53,90%.<br \/>\nMamadou Kon\u00e9 a soulign\u00e9 qu\u2019aucun candidat \u00e0 cette \u00e9lection n\u2019a fait de r\u00e9clamation apr\u00e8s la proclamation des r\u00e9sultats provisoires. Le dernier d\u00e9lai pour des \u00e9ventuels recours \u00e9tait le dimanche 8 novembre.<br \/>\nC.W<\/p>\n","protected":false},"excerpt":{"rendered":"<p>Le pr\u00e9sident du Conseil Constitutionnel, Mamadou Kon\u00e9 a confirm\u00e9 les r\u00e9sultats de l&rsquo;\u00e9lection pr\u00e9sidentielle du 31 octobre, proclam\u00e9s par la commission \u00e9lectorale ind\u00e9pendante. Cette instance a rendu son verdict le lundi 09 novembre \u00e0 son si\u00e8ge \u00e0 Abidjan.Selon le coll\u00e8ge des juges du Conseil Constitutionnel, le scrutin a \u00e9t\u00e9 r\u00e9gulier. Alassane Ouattara est donc d\u00e9clar\u00e9 [&hellip;]<\/p>\n","protected":false},"author":2,"featured_media":2089,"comment_status":"open","ping_status":"open","sticky":true,"template":"","format":"standard","meta":{"_acf_changed":false,"footnotes":""},"categories":[],"tags":[],"class_list":["post-2088","post","type-post","status-publish","format-standard","has-post-thumbnail","hentry"],"acf":[],"yoast_head":"<!-- This site is optimized with the Yoast SEO plugin v27.5 - https:\/\/yoast.com\/product\/yoast-seo-wordpress\/ -->\n<title>\u00c9lection pr\u00e9sidentielle: Le constitutionnel constitutionnel confirme la victoire d&#039; Alassane Ouattara - Amanien| L&#039;actualit\u00e9 Ivoirienne et Internationale<\/title>\n<meta name=\"robots\" content=\"index, follow, max-snippet:-1, max-image-preview:large, max-video-preview:-1\" \/>\n<link rel=\"canonical\" href=\"https:\/\/www.amanien.info\/news\/election-presidentielle-le-constitutionnel-constitutionnel-confirme-la-victoire-d-alassane-ouattara\/\" \/>\n<meta property=\"og:locale\" content=\"fr_FR\" \/>\n<meta property=\"og:type\" content=\"article\" \/>\n<meta property=\"og:title\" content=\"\u00c9lection pr\u00e9sidentielle: Le constitutionnel constitutionnel confirme la victoire d&#039; Alassane Ouattara - Amanien| L&#039;actualit\u00e9 Ivoirienne et Internationale\" \/>\n<meta property=\"og:description\" content=\"Le pr\u00e9sident du Conseil Constitutionnel, Mamadou Kon\u00e9 a confirm\u00e9 les r\u00e9sultats de l&rsquo;\u00e9lection pr\u00e9sidentielle du 31 octobre, proclam\u00e9s par la commission \u00e9lectorale ind\u00e9pendante. Cette instance a rendu son verdict le lundi 09 novembre \u00e0 son si\u00e8ge \u00e0 Abidjan.Selon le coll\u00e8ge des juges du Conseil Constitutionnel, le scrutin a \u00e9t\u00e9 r\u00e9gulier. Alassane Ouattara est donc d\u00e9clar\u00e9 [&hellip;]\" \/>\n<meta property=\"og:url\" content=\"https:\/\/www.amanien.info\/news\/election-presidentielle-le-constitutionnel-constitutionnel-confirme-la-victoire-d-alassane-ouattara\/\" \/>\n<meta property=\"og:site_name\" content=\"Amanien| L&#039;actualit\u00e9 Ivoirienne et Internationale\" \/>\n<meta property=\"article:published_time\" content=\"2020-11-10T18:10:30+00:00\" \/>\n<meta property=\"article:modified_time\" content=\"2020-11-10T18:10:53+00:00\" \/>\n<meta property=\"og:image\" content=\"https:\/\/www.amanien.info\/news\/wp-content\/uploads\/2020\/11\/thumbnail-5.jpg\" \/>\n\t<meta property=\"og:image:width\" content=\"720\" \/>\n\t<meta property=\"og:image:height\" content=\"480\" \/>\n\t<meta property=\"og:image:type\" content=\"image\/jpeg\" \/>\n<meta name=\"author\" content=\"Germain Ndri\" \/>\n<meta name=\"twitter:card\" content=\"summary_large_image\" \/>\n<meta name=\"twitter:label1\" content=\"\u00c9crit par\" \/>\n\t<meta name=\"twitter:data1\" content=\"Germain Ndri\" \/>\n\t<meta name=\"twitter:label2\" content=\"Dur\u00e9e de lecture estim\u00e9e\" \/>\n\t<meta name=\"twitter:data2\" content=\"1 minute\" \/>\n<script type=\"application\/ld+json\" class=\"yoast-schema-graph\">{\"@context\":\"https:\\\/\\\/schema.org\",\"@graph\":[{\"@type\":\"Article\",\"@id\":\"https:\\\/\\\/www.amanien.info\\\/news\\\/election-presidentielle-le-constitutionnel-constitutionnel-confirme-la-victoire-d-alassane-ouattara\\\/#article\",\"isPartOf\":{\"@id\":\"https:\\\/\\\/www.amanien.info\\\/news\\\/election-presidentielle-le-constitutionnel-constitutionnel-confirme-la-victoire-d-alassane-ouattara\\\/\"},\"author\":{\"name\":\"Germain Ndri\",\"@id\":\"https:\\\/\\\/www.amanien.info\\\/news\\\/#\\\/schema\\\/person\\\/b21093345753a1a98242d505bd894f42\"},\"headline\":\"\u00c9lection pr\u00e9sidentielle: Le constitutionnel constitutionnel confirme la victoire d&rsquo; Alassane Ouattara\",\"datePublished\":\"2020-11-10T18:10:30+00:00\",\"dateModified\":\"2020-11-10T18:10:53+00:00\",\"mainEntityOfPage\":{\"@id\":\"https:\\\/\\\/www.amanien.info\\\/news\\\/election-presidentielle-le-constitutionnel-constitutionnel-confirme-la-victoire-d-alassane-ouattara\\\/\"},\"wordCount\":124,\"commentCount\":0,\"image\":{\"@id\":\"https:\\\/\\\/www.amanien.info\\\/news\\\/election-presidentielle-le-constitutionnel-constitutionnel-confirme-la-victoire-d-alassane-ouattara\\\/#primaryimage\"},\"thumbnailUrl\":\"https:\\\/\\\/www.amanien.info\\\/news\\\/wp-content\\\/uploads\\\/2020\\\/11\\\/thumbnail-5.jpg\",\"inLanguage\":\"fr-FR\"},{\"@type\":\"WebPage\",\"@id\":\"https:\\\/\\\/www.amanien.info\\\/news\\\/election-presidentielle-le-constitutionnel-constitutionnel-confirme-la-victoire-d-alassane-ouattara\\\/\",\"url\":\"https:\\\/\\\/www.amanien.info\\\/news\\\/election-presidentielle-le-constitutionnel-constitutionnel-confirme-la-victoire-d-alassane-ouattara\\\/\",\"name\":\"\u00c9lection pr\u00e9sidentielle: Le constitutionnel constitutionnel confirme la victoire d' Alassane Ouattara - Amanien| L&#039;actualit\u00e9 Ivoirienne et Internationale\",\"isPartOf\":{\"@id\":\"https:\\\/\\\/www.amanien.info\\\/news\\\/#website\"},\"primaryImageOfPage\":{\"@id\":\"https:\\\/\\\/www.amanien.info\\\/news\\\/election-presidentielle-le-constitutionnel-constitutionnel-confirme-la-victoire-d-alassane-ouattara\\\/#primaryimage\"},\"image\":{\"@id\":\"https:\\\/\\\/www.amanien.info\\\/news\\\/election-presidentielle-le-constitutionnel-constitutionnel-confirme-la-victoire-d-alassane-ouattara\\\/#primaryimage\"},\"thumbnailUrl\":\"https:\\\/\\\/www.amanien.info\\\/news\\\/wp-content\\\/uploads\\\/2020\\\/11\\\/thumbnail-5.jpg\",\"datePublished\":\"2020-11-10T18:10:30+00:00\",\"dateModified\":\"2020-11-10T18:10:53+00:00\",\"author\":{\"@id\":\"https:\\\/\\\/www.amanien.info\\\/news\\\/#\\\/schema\\\/person\\\/b21093345753a1a98242d505bd894f42\"},\"breadcrumb\":{\"@id\":\"https:\\\/\\\/www.amanien.info\\\/news\\\/election-presidentielle-le-constitutionnel-constitutionnel-confirme-la-victoire-d-alassane-ouattara\\\/#breadcrumb\"},\"inLanguage\":\"fr-FR\",\"potentialAction\":[{\"@type\":\"ReadAction\",\"target\":[\"https:\\\/\\\/www.amanien.info\\\/news\\\/election-presidentielle-le-constitutionnel-constitutionnel-confirme-la-victoire-d-alassane-ouattara\\\/\"]}]},{\"@type\":\"ImageObject\",\"inLanguage\":\"fr-FR\",\"@id\":\"https:\\\/\\\/www.amanien.info\\\/news\\\/election-presidentielle-le-constitutionnel-constitutionnel-confirme-la-victoire-d-alassane-ouattara\\\/#primaryimage\",\"url\":\"https:\\\/\\\/www.amanien.info\\\/news\\\/wp-content\\\/uploads\\\/2020\\\/11\\\/thumbnail-5.jpg\",\"contentUrl\":\"https:\\\/\\\/www.amanien.info\\\/news\\\/wp-content\\\/uploads\\\/2020\\\/11\\\/thumbnail-5.jpg\",\"width\":720,\"height\":480},{\"@type\":\"BreadcrumbList\",\"@id\":\"https:\\\/\\\/www.amanien.info\\\/news\\\/election-presidentielle-le-constitutionnel-constitutionnel-confirme-la-victoire-d-alassane-ouattara\\\/#breadcrumb\",\"itemListElement\":[{\"@type\":\"ListItem\",\"position\":1,\"name\":\"Accueil\",\"item\":\"https:\\\/\\\/www.amanien.info\\\/news\\\/\"},{\"@type\":\"ListItem\",\"position\":2,\"name\":\"\u00c9lection pr\u00e9sidentielle: Le constitutionnel constitutionnel confirme la victoire d&rsquo; Alassane Ouattara\"}]},{\"@type\":\"WebSite\",\"@id\":\"https:\\\/\\\/www.amanien.info\\\/news\\\/#website\",\"url\":\"https:\\\/\\\/www.amanien.info\\\/news\\\/\",\"name\":\"Amanien| L&#039;actualit\u00e9 Ivoirienne et Internationale\",\"description\":\"L&#039;actualit\u00e9 Ivoirienne et Internationale\",\"potentialAction\":[{\"@type\":\"SearchAction\",\"target\":{\"@type\":\"EntryPoint\",\"urlTemplate\":\"https:\\\/\\\/www.amanien.info\\\/news\\\/?s={search_term_string}\"},\"query-input\":{\"@type\":\"PropertyValueSpecification\",\"valueRequired\":true,\"valueName\":\"search_term_string\"}}],\"inLanguage\":\"fr-FR\"},{\"@type\":\"Person\",\"@id\":\"https:\\\/\\\/www.amanien.info\\\/news\\\/#\\\/schema\\\/person\\\/b21093345753a1a98242d505bd894f42\",\"name\":\"Germain Ndri\",\"url\":\"https:\\\/\\\/www.amanien.info\\\/news\\\/author\\\/amanien-infos\\\/\"}]}<\/script>\n<!-- \/ Yoast SEO plugin. -->","yoast_head_json":{"title":"\u00c9lection pr\u00e9sidentielle: Le constitutionnel constitutionnel confirme la victoire d' Alassane Ouattara - Amanien| L&#039;actualit\u00e9 Ivoirienne et Internationale","robots":{"index":"index","follow":"follow","max-snippet":"max-snippet:-1","max-image-preview":"max-image-preview:large","max-video-preview":"max-video-preview:-1"},"canonical":"https:\/\/www.amanien.info\/news\/election-presidentielle-le-constitutionnel-constitutionnel-confirme-la-victoire-d-alassane-ouattara\/","og_locale":"fr_FR","og_type":"article","og_title":"\u00c9lection pr\u00e9sidentielle: Le constitutionnel constitutionnel confirme la victoire d' Alassane Ouattara - Amanien| L&#039;actualit\u00e9 Ivoirienne et Internationale","og_description":"Le pr\u00e9sident du Conseil Constitutionnel, Mamadou Kon\u00e9 a confirm\u00e9 les r\u00e9sultats de l&rsquo;\u00e9lection pr\u00e9sidentielle du 31 octobre, proclam\u00e9s par la commission \u00e9lectorale ind\u00e9pendante. Cette instance a rendu son verdict le lundi 09 novembre \u00e0 son si\u00e8ge \u00e0 Abidjan.Selon le coll\u00e8ge des juges du Conseil Constitutionnel, le scrutin a \u00e9t\u00e9 r\u00e9gulier. Alassane Ouattara est donc d\u00e9clar\u00e9 [&hellip;]","og_url":"https:\/\/www.amanien.info\/news\/election-presidentielle-le-constitutionnel-constitutionnel-confirme-la-victoire-d-alassane-ouattara\/","og_site_name":"Amanien| L&#039;actualit\u00e9 Ivoirienne et Internationale","article_published_time":"2020-11-10T18:10:30+00:00","article_modified_time":"2020-11-10T18:10:53+00:00","og_image":[{"width":720,"height":480,"url":"https:\/\/www.amanien.info\/news\/wp-content\/uploads\/2020\/11\/thumbnail-5.jpg","type":"image\/jpeg"}],"author":"Germain Ndri","twitter_card":"summary_large_image","twitter_misc":{"\u00c9crit par":"Germain Ndri","Dur\u00e9e de lecture estim\u00e9e":"1 minute"},"schema":{"@context":"https:\/\/schema.org","@graph":[{"@type":"Article","@id":"https:\/\/www.amanien.info\/news\/election-presidentielle-le-constitutionnel-constitutionnel-confirme-la-victoire-d-alassane-ouattara\/#article","isPartOf":{"@id":"https:\/\/www.amanien.info\/news\/election-presidentielle-le-constitutionnel-constitutionnel-confirme-la-victoire-d-alassane-ouattara\/"},"author":{"name":"Germain Ndri","@id":"https:\/\/www.amanien.info\/news\/#\/schema\/person\/b21093345753a1a98242d505bd894f42"},"headline":"\u00c9lection pr\u00e9sidentielle: Le constitutionnel constitutionnel confirme la victoire d&rsquo; Alassane Ouattara","datePublished":"2020-11-10T18:10:30+00:00","dateModified":"2020-11-10T18:10:53+00:00","mainEntityOfPage":{"@id":"https:\/\/www.amanien.info\/news\/election-presidentielle-le-constitutionnel-constitutionnel-confirme-la-victoire-d-alassane-ouattara\/"},"wordCount":124,"commentCount":0,"image":{"@id":"https:\/\/www.amanien.info\/news\/election-presidentielle-le-constitutionnel-constitutionnel-confirme-la-victoire-d-alassane-ouattara\/#primaryimage"},"thumbnailUrl":"https:\/\/www.amanien.info\/news\/wp-content\/uploads\/2020\/11\/thumbnail-5.jpg","inLanguage":"fr-FR"},{"@type":"WebPage","@id":"https:\/\/www.amanien.info\/news\/election-presidentielle-le-constitutionnel-constitutionnel-confirme-la-victoire-d-alassane-ouattara\/","url":"https:\/\/www.amanien.info\/news\/election-presidentielle-le-constitutionnel-constitutionnel-confirme-la-victoire-d-alassane-ouattara\/","name":"\u00c9lection pr\u00e9sidentielle: Le constitutionnel constitutionnel confirme la victoire d' Alassane Ouattara - Amanien| L&#039;actualit\u00e9 Ivoirienne et Internationale","isPartOf":{"@id":"https:\/\/www.amanien.info\/news\/#website"},"primaryImageOfPage":{"@id":"https:\/\/www.amanien.info\/news\/election-presidentielle-le-constitutionnel-constitutionnel-confirme-la-victoire-d-alassane-ouattara\/#primaryimage"},"image":{"@id":"https:\/\/www.amanien.info\/news\/election-presidentielle-le-constitutionnel-constitutionnel-confirme-la-victoire-d-alassane-ouattara\/#primaryimage"},"thumbnailUrl":"https:\/\/www.amanien.info\/news\/wp-content\/uploads\/2020\/11\/thumbnail-5.jpg","datePublished":"2020-11-10T18:10:30+00:00","dateModified":"2020-11-10T18:10:53+00:00","author":{"@id":"https:\/\/www.amanien.info\/news\/#\/schema\/person\/b21093345753a1a98242d505bd894f42"},"breadcrumb":{"@id":"https:\/\/www.amanien.info\/news\/election-presidentielle-le-constitutionnel-constitutionnel-confirme-la-victoire-d-alassane-ouattara\/#breadcrumb"},"inLanguage":"fr-FR","potentialAction":[{"@type":"ReadAction","target":["https:\/\/www.amanien.info\/news\/election-presidentielle-le-constitutionnel-constitutionnel-confirme-la-victoire-d-alassane-ouattara\/"]}]},{"@type":"ImageObject","inLanguage":"fr-FR","@id":"https:\/\/www.amanien.info\/news\/election-presidentielle-le-constitutionnel-constitutionnel-confirme-la-victoire-d-alassane-ouattara\/#primaryimage","url":"https:\/\/www.amanien.info\/news\/wp-content\/uploads\/2020\/11\/thumbnail-5.jpg","contentUrl":"https:\/\/www.amanien.info\/news\/wp-content\/uploads\/2020\/11\/thumbnail-5.jpg","width":720,"height":480},{"@type":"BreadcrumbList","@id":"https:\/\/www.amanien.info\/news\/election-presidentielle-le-constitutionnel-constitutionnel-confirme-la-victoire-d-alassane-ouattara\/#breadcrumb","itemListElement":[{"@type":"ListItem","position":1,"name":"Accueil","item":"https:\/\/www.amanien.info\/news\/"},{"@type":"ListItem","position":2,"name":"\u00c9lection pr\u00e9sidentielle: Le constitutionnel constitutionnel confirme la victoire d&rsquo; Alassane Ouattara"}]},{"@type":"WebSite","@id":"https:\/\/www.amanien.info\/news\/#website","url":"https:\/\/www.amanien.info\/news\/","name":"Amanien| L&#039;actualit\u00e9 Ivoirienne et Internationale","description":"L&#039;actualit\u00e9 Ivoirienne et Internationale","potentialAction":[{"@type":"SearchAction","target":{"@type":"EntryPoint","urlTemplate":"https:\/\/www.amanien.info\/news\/?s={search_term_string}"},"query-input":{"@type":"PropertyValueSpecification","valueRequired":true,"valueName":"search_term_string"}}],"inLanguage":"fr-FR"},{"@type":"Person","@id":"https:\/\/www.amanien.info\/news\/#\/schema\/person\/b21093345753a1a98242d505bd894f42","name":"Germain Ndri","url":"https:\/\/www.amanien.info\/news\/author\/amanien-infos\/"}]}},"_links":{"self":[{"href":"https:\/\/www.amanien.info\/news\/wp-json\/wp\/v2\/posts\/2088","targetHints":{"allow":["GET"]}}],"collection":[{"href":"https:\/\/www.amanien.info\/news\/wp-json\/wp\/v2\/posts"}],"about":[{"href":"https:\/\/www.amanien.info\/news\/wp-json\/wp\/v2\/types\/post"}],"author":[{"embeddable":true,"href":"https:\/\/www.amanien.info\/news\/wp-json\/wp\/v2\/users\/2"}],"replies":[{"embeddable":true,"href":"https:\/\/www.amanien.info\/news\/wp-json\/wp\/v2\/comments?post=2088"}],"version-history":[{"count":0,"href":"https:\/\/www.amanien.info\/news\/wp-json\/wp\/v2\/posts\/2088\/revisions"}],"wp:featuredmedia":[{"embeddable":true,"href":"https:\/\/www.amanien.info\/news\/wp-json\/wp\/v2\/media\/2089"}],"wp:attachment":[{"href":"https:\/\/www.amanien.info\/news\/wp-json\/wp\/v2\/media?parent=2088"}],"wp:term":[{"taxonomy":"category","embeddable":true,"href":"https:\/\/www.amanien.info\/news\/wp-json\/wp\/v2\/categories?post=2088"},{"taxonomy":"post_tag","embeddable":true,"href":"https:\/\/www.amanien.info\/news\/wp-json\/wp\/v2\/tags?post=2088"}],"curies":[{"name":"wp","href":"https:\/\/api.w.org\/{rel}","templated":true}]}}