{"id":2082,"date":"2020-11-09T16:16:47","date_gmt":"2020-11-09T15:16:47","guid":{"rendered":"http:\/\/https:\/\/zozo.buyee.jp\/\/news\/?p=2082"},"modified":"2020-11-09T16:17:26","modified_gmt":"2020-11-09T15:17:26","slug":"declaration-de-lacepnuci-suite-a-la-sequestration-du-journaliste-alex-yao-hallan-dans-lexercice-de-ses-fonctions","status":"publish","type":"post","link":"https:\/\/www.amanien.info\/news\/declaration-de-lacepnuci-suite-a-la-sequestration-du-journaliste-alex-yao-hallan-dans-lexercice-de-ses-fonctions\/","title":{"rendered":"D\u00e9claration de l\u2019ACEPNUCI, suite \u00e0 la s\u00e9questration du journaliste, Alex Yao Hallan, dans l\u2019exercice de ses fonctions"},"content":{"rendered":"<p>L\u2019Association de Chefs d\u2019entreprises de Presse Num\u00e9rique de C\u00f4te d\u2019Ivoire (ACEPNUCI) a appris avec consternation et grande tristesse, l\u2019arrestation du journaliste Alex Yao Hallan du m\u00e9dia PDCI 24 TV, le mardi 3 novembre 2020, au domicile du pr\u00e9sident Henri Konan B\u00e9di\u00e9, en m\u00eame temps que certains cadres de l\u2019opposition ivoirienne. Notre camarade \u00e9tait dans l\u2019exercice de ses fonctions et a m\u00eame d\u00e9clin\u00e9 son identit\u00e9 de journaliste.<\/p>\n<p>Au regard de ce qui pr\u00e9c\u00e8de, l\u2019Association des Chefs d\u2019entreprises de Presse Num\u00e9rique de C\u00f4te d\u2019ivoire (ACEPNUCI)<\/p>\n<p>S\u2019insurge contre cette mani\u00e8re malveillante de proc\u00e9der et exige sa lib\u00e9ration imm\u00e9diate, afin qu\u2019il continue sa mission d\u2019information du public.<\/p>\n<p>Exprime son soutien et sa solidarit\u00e9 \u00e0 tous les travailleurs et \u00e0 l\u2019\u00e9quipe r\u00e9dactionnelle de PDCI 24 TV, en cette p\u00e9riode difficile.<\/p>\n<p>Encourage toutes les initiatives de solidarit\u00e9 \u00e0 l\u2019\u00e9gard du camarade, en vue d\u2019obtenir sa lib\u00e9ration dans les meilleurs d\u00e9lais.<\/p>\n<p>Appelle l\u2019ensemble des acteurs de la presse ivoirienne \u00e0 prendre des initiatives collectives pour participer \u00e0 cet \u00e9lan de solidarit\u00e9.<\/p>\n<p>Interpelle le pr\u00e9sident Alassane OUATTARA, le procureur de la R\u00e9publique, ADOU Richard, et tous les autres pouvoirs publics sur l\u2019imp\u00e9rieuse n\u00e9cessit\u00e9 de prot\u00e9ger les journalistes et tous les autres professionnels des m\u00e9dias dans l\u2019accomplissement de leur mission d\u2019informations pour tous. Et que plus g\u00e9n\u00e9ralement, les journalistes et professionnels des m\u00e9dias locaux et \u00e9trangers soient \u00e0 l\u2019abri d\u2019agressions et de violations de leurs droits comme l\u2019on a pu le constater depuis quelques temps, et ce, conform\u00e9ment \u00e0 la loi et aux engagements internationaux pris par notre pays.<\/p>\n<p>Rappelle aux journalistes et professionnels des m\u00e9dias, la n\u00e9cessit\u00e9 de rester toujours professionnels dans la recherche, la collecte et le traitement de l\u2019information et les encourage \u00e0 demeurer solidaires et fermes dans la d\u00e9fense de la libert\u00e9 de la presse et de leur propre s\u00e9curit\u00e9, partout o\u00f9 ils se trouvent.<\/p>\n<p>Fait \u00e0 Abidjan, le 9 novembre 2020<\/p>\n<p>Pour le Bureau Ex\u00e9cutif de l\u2019ACEPNUCI<\/p>\n<p>Le Pr\u00e9sident<\/p>\n<p>&nbsp;<\/p>\n<p>&nbsp;<\/p>\n<p>Germain N\u2019DRI<\/p>\n<p>&nbsp;<\/p>\n<p>&nbsp;<\/p>\n<p>&nbsp;<\/p>\n<p>&nbsp;<\/p>\n<p>&nbsp;<\/p>\n<p>&nbsp;<\/p>\n<p>&nbsp;<\/p>\n<p>&nbsp;<\/p>\n<p>&#8212;&#8212;&#8212;&#8212;&#8212;&#8212;&#8212;&#8212;&#8212;&#8212;&#8212;&#8212;&#8212;&#8212;&#8212;&#8212;&#8212;&#8212;&#8212;&#8212;&#8212;&#8212;&#8212;&#8212;&#8212;&#8212;&#8212;&#8212;&#8212;&#8212;<\/p>\n<p><strong><u>Si\u00e8ge social<\/u><\/strong>\u00a0: Abidjan-YOPOUGON, non loin de la pharmacie MATY. 08 BP 1901 ABIDJAN 08<\/p>\n<p>Contacts\u00a0: 05 03 04 45 \/ 01 10 91 92.<\/p>\n<p>E-mail\u00a0: \u00a0<a href=\"mailto:presseenligneci@gmail.com\/\">presseenligneci@gmail.com\/<\/a> <a href=\"mailto:acepnuci2017@gmail.com\">acepnuci2017@gmail.com<\/a><\/p>\n<p>&nbsp;<\/p>\n","protected":false},"excerpt":{"rendered":"<p>L\u2019Association de Chefs d\u2019entreprises de Presse Num\u00e9rique de C\u00f4te d\u2019Ivoire (ACEPNUCI) a appris avec consternation et grande tristesse, l\u2019arrestation du journaliste Alex Yao Hallan du m\u00e9dia PDCI 24 TV, le mardi 3 novembre 2020, au domicile du pr\u00e9sident Henri Konan B\u00e9di\u00e9, en m\u00eame temps que certains cadres de l\u2019opposition ivoirienne. Notre camarade \u00e9tait dans l\u2019exercice [&hellip;]<\/p>\n","protected":false},"author":2,"featured_media":2083,"comment_status":"open","ping_status":"open","sticky":true,"template":"","format":"standard","meta":{"_acf_changed":false,"footnotes":""},"categories":[],"tags":[],"class_list":["post-2082","post","type-post","status-publish","format-standard","has-post-thumbnail","hentry"],"acf":[],"yoast_head":"<!-- This site is optimized with the Yoast SEO plugin v27.5 - https:\/\/yoast.com\/product\/yoast-seo-wordpress\/ -->\n<title>D\u00e9claration de l\u2019ACEPNUCI, suite \u00e0 la s\u00e9questration du journaliste, Alex Yao Hallan, dans l\u2019exercice de ses fonctions - Amanien| L&#039;actualit\u00e9 Ivoirienne et Internationale<\/title>\n<meta name=\"robots\" content=\"index, follow, max-snippet:-1, max-image-preview:large, max-video-preview:-1\" \/>\n<link rel=\"canonical\" href=\"https:\/\/www.amanien.info\/news\/declaration-de-lacepnuci-suite-a-la-sequestration-du-journaliste-alex-yao-hallan-dans-lexercice-de-ses-fonctions\/\" \/>\n<meta property=\"og:locale\" content=\"fr_FR\" \/>\n<meta property=\"og:type\" content=\"article\" \/>\n<meta property=\"og:title\" content=\"D\u00e9claration de l\u2019ACEPNUCI, suite \u00e0 la s\u00e9questration du journaliste, Alex Yao Hallan, dans l\u2019exercice de ses fonctions - Amanien| L&#039;actualit\u00e9 Ivoirienne et Internationale\" \/>\n<meta property=\"og:description\" content=\"L\u2019Association de Chefs d\u2019entreprises de Presse Num\u00e9rique de C\u00f4te d\u2019Ivoire (ACEPNUCI) a appris avec consternation et grande tristesse, l\u2019arrestation du journaliste Alex Yao Hallan du m\u00e9dia PDCI 24 TV, le mardi 3 novembre 2020, au domicile du pr\u00e9sident Henri Konan B\u00e9di\u00e9, en m\u00eame temps que certains cadres de l\u2019opposition ivoirienne. Notre camarade \u00e9tait dans l\u2019exercice [&hellip;]\" \/>\n<meta property=\"og:url\" content=\"https:\/\/www.amanien.info\/news\/declaration-de-lacepnuci-suite-a-la-sequestration-du-journaliste-alex-yao-hallan-dans-lexercice-de-ses-fonctions\/\" \/>\n<meta property=\"og:site_name\" content=\"Amanien| L&#039;actualit\u00e9 Ivoirienne et Internationale\" \/>\n<meta property=\"article:published_time\" content=\"2020-11-09T15:16:47+00:00\" \/>\n<meta property=\"article:modified_time\" content=\"2020-11-09T15:17:26+00:00\" \/>\n<meta property=\"og:image\" content=\"https:\/\/www.amanien.info\/news\/wp-content\/uploads\/2020\/11\/Sans-titre-1.jpg\" \/>\n\t<meta property=\"og:image:width\" content=\"115\" \/>\n\t<meta property=\"og:image:height\" content=\"125\" \/>\n\t<meta property=\"og:image:type\" content=\"image\/jpeg\" \/>\n<meta name=\"author\" content=\"Germain Ndri\" \/>\n<meta name=\"twitter:card\" content=\"summary_large_image\" \/>\n<meta name=\"twitter:label1\" content=\"\u00c9crit par\" \/>\n\t<meta name=\"twitter:data1\" content=\"Germain Ndri\" \/>\n\t<meta name=\"twitter:label2\" content=\"Dur\u00e9e de lecture estim\u00e9e\" \/>\n\t<meta name=\"twitter:data2\" content=\"2 minutes\" \/>\n<script type=\"application\/ld+json\" class=\"yoast-schema-graph\">{\"@context\":\"https:\\\/\\\/schema.org\",\"@graph\":[{\"@type\":\"Article\",\"@id\":\"https:\\\/\\\/www.amanien.info\\\/news\\\/declaration-de-lacepnuci-suite-a-la-sequestration-du-journaliste-alex-yao-hallan-dans-lexercice-de-ses-fonctions\\\/#article\",\"isPartOf\":{\"@id\":\"https:\\\/\\\/www.amanien.info\\\/news\\\/declaration-de-lacepnuci-suite-a-la-sequestration-du-journaliste-alex-yao-hallan-dans-lexercice-de-ses-fonctions\\\/\"},\"author\":{\"name\":\"Germain Ndri\",\"@id\":\"https:\\\/\\\/www.amanien.info\\\/news\\\/#\\\/schema\\\/person\\\/b21093345753a1a98242d505bd894f42\"},\"headline\":\"D\u00e9claration de l\u2019ACEPNUCI, suite \u00e0 la s\u00e9questration du journaliste, Alex Yao Hallan, dans l\u2019exercice de ses fonctions\",\"datePublished\":\"2020-11-09T15:16:47+00:00\",\"dateModified\":\"2020-11-09T15:17:26+00:00\",\"mainEntityOfPage\":{\"@id\":\"https:\\\/\\\/www.amanien.info\\\/news\\\/declaration-de-lacepnuci-suite-a-la-sequestration-du-journaliste-alex-yao-hallan-dans-lexercice-de-ses-fonctions\\\/\"},\"wordCount\":415,\"commentCount\":0,\"image\":{\"@id\":\"https:\\\/\\\/www.amanien.info\\\/news\\\/declaration-de-lacepnuci-suite-a-la-sequestration-du-journaliste-alex-yao-hallan-dans-lexercice-de-ses-fonctions\\\/#primaryimage\"},\"thumbnailUrl\":\"https:\\\/\\\/www.amanien.info\\\/news\\\/wp-content\\\/uploads\\\/2020\\\/11\\\/Sans-titre-1.jpg\",\"inLanguage\":\"fr-FR\"},{\"@type\":\"WebPage\",\"@id\":\"https:\\\/\\\/www.amanien.info\\\/news\\\/declaration-de-lacepnuci-suite-a-la-sequestration-du-journaliste-alex-yao-hallan-dans-lexercice-de-ses-fonctions\\\/\",\"url\":\"https:\\\/\\\/www.amanien.info\\\/news\\\/declaration-de-lacepnuci-suite-a-la-sequestration-du-journaliste-alex-yao-hallan-dans-lexercice-de-ses-fonctions\\\/\",\"name\":\"D\u00e9claration de l\u2019ACEPNUCI, suite \u00e0 la s\u00e9questration du journaliste, Alex Yao Hallan, dans l\u2019exercice de ses fonctions - Amanien| L&#039;actualit\u00e9 Ivoirienne et Internationale\",\"isPartOf\":{\"@id\":\"https:\\\/\\\/www.amanien.info\\\/news\\\/#website\"},\"primaryImageOfPage\":{\"@id\":\"https:\\\/\\\/www.amanien.info\\\/news\\\/declaration-de-lacepnuci-suite-a-la-sequestration-du-journaliste-alex-yao-hallan-dans-lexercice-de-ses-fonctions\\\/#primaryimage\"},\"image\":{\"@id\":\"https:\\\/\\\/www.amanien.info\\\/news\\\/declaration-de-lacepnuci-suite-a-la-sequestration-du-journaliste-alex-yao-hallan-dans-lexercice-de-ses-fonctions\\\/#primaryimage\"},\"thumbnailUrl\":\"https:\\\/\\\/www.amanien.info\\\/news\\\/wp-content\\\/uploads\\\/2020\\\/11\\\/Sans-titre-1.jpg\",\"datePublished\":\"2020-11-09T15:16:47+00:00\",\"dateModified\":\"2020-11-09T15:17:26+00:00\",\"author\":{\"@id\":\"https:\\\/\\\/www.amanien.info\\\/news\\\/#\\\/schema\\\/person\\\/b21093345753a1a98242d505bd894f42\"},\"breadcrumb\":{\"@id\":\"https:\\\/\\\/www.amanien.info\\\/news\\\/declaration-de-lacepnuci-suite-a-la-sequestration-du-journaliste-alex-yao-hallan-dans-lexercice-de-ses-fonctions\\\/#breadcrumb\"},\"inLanguage\":\"fr-FR\",\"potentialAction\":[{\"@type\":\"ReadAction\",\"target\":[\"https:\\\/\\\/www.amanien.info\\\/news\\\/declaration-de-lacepnuci-suite-a-la-sequestration-du-journaliste-alex-yao-hallan-dans-lexercice-de-ses-fonctions\\\/\"]}]},{\"@type\":\"ImageObject\",\"inLanguage\":\"fr-FR\",\"@id\":\"https:\\\/\\\/www.amanien.info\\\/news\\\/declaration-de-lacepnuci-suite-a-la-sequestration-du-journaliste-alex-yao-hallan-dans-lexercice-de-ses-fonctions\\\/#primaryimage\",\"url\":\"https:\\\/\\\/www.amanien.info\\\/news\\\/wp-content\\\/uploads\\\/2020\\\/11\\\/Sans-titre-1.jpg\",\"contentUrl\":\"https:\\\/\\\/www.amanien.info\\\/news\\\/wp-content\\\/uploads\\\/2020\\\/11\\\/Sans-titre-1.jpg\",\"width\":115,\"height\":125},{\"@type\":\"BreadcrumbList\",\"@id\":\"https:\\\/\\\/www.amanien.info\\\/news\\\/declaration-de-lacepnuci-suite-a-la-sequestration-du-journaliste-alex-yao-hallan-dans-lexercice-de-ses-fonctions\\\/#breadcrumb\",\"itemListElement\":[{\"@type\":\"ListItem\",\"position\":1,\"name\":\"Accueil\",\"item\":\"https:\\\/\\\/www.amanien.info\\\/news\\\/\"},{\"@type\":\"ListItem\",\"position\":2,\"name\":\"D\u00e9claration de l\u2019ACEPNUCI, suite \u00e0 la s\u00e9questration du journaliste, Alex Yao Hallan, dans l\u2019exercice de ses fonctions\"}]},{\"@type\":\"WebSite\",\"@id\":\"https:\\\/\\\/www.amanien.info\\\/news\\\/#website\",\"url\":\"https:\\\/\\\/www.amanien.info\\\/news\\\/\",\"name\":\"Amanien| L&#039;actualit\u00e9 Ivoirienne et Internationale\",\"description\":\"L&#039;actualit\u00e9 Ivoirienne et Internationale\",\"potentialAction\":[{\"@type\":\"SearchAction\",\"target\":{\"@type\":\"EntryPoint\",\"urlTemplate\":\"https:\\\/\\\/www.amanien.info\\\/news\\\/?s={search_term_string}\"},\"query-input\":{\"@type\":\"PropertyValueSpecification\",\"valueRequired\":true,\"valueName\":\"search_term_string\"}}],\"inLanguage\":\"fr-FR\"},{\"@type\":\"Person\",\"@id\":\"https:\\\/\\\/www.amanien.info\\\/news\\\/#\\\/schema\\\/person\\\/b21093345753a1a98242d505bd894f42\",\"name\":\"Germain Ndri\",\"url\":\"https:\\\/\\\/www.amanien.info\\\/news\\\/author\\\/amanien-infos\\\/\"}]}<\/script>\n<!-- \/ Yoast SEO plugin. -->","yoast_head_json":{"title":"D\u00e9claration de l\u2019ACEPNUCI, suite \u00e0 la s\u00e9questration du journaliste, Alex Yao Hallan, dans l\u2019exercice de ses fonctions - Amanien| L&#039;actualit\u00e9 Ivoirienne et Internationale","robots":{"index":"index","follow":"follow","max-snippet":"max-snippet:-1","max-image-preview":"max-image-preview:large","max-video-preview":"max-video-preview:-1"},"canonical":"https:\/\/www.amanien.info\/news\/declaration-de-lacepnuci-suite-a-la-sequestration-du-journaliste-alex-yao-hallan-dans-lexercice-de-ses-fonctions\/","og_locale":"fr_FR","og_type":"article","og_title":"D\u00e9claration de l\u2019ACEPNUCI, suite \u00e0 la s\u00e9questration du journaliste, Alex Yao Hallan, dans l\u2019exercice de ses fonctions - Amanien| L&#039;actualit\u00e9 Ivoirienne et Internationale","og_description":"L\u2019Association de Chefs d\u2019entreprises de Presse Num\u00e9rique de C\u00f4te d\u2019Ivoire (ACEPNUCI) a appris avec consternation et grande tristesse, l\u2019arrestation du journaliste Alex Yao Hallan du m\u00e9dia PDCI 24 TV, le mardi 3 novembre 2020, au domicile du pr\u00e9sident Henri Konan B\u00e9di\u00e9, en m\u00eame temps que certains cadres de l\u2019opposition ivoirienne. Notre camarade \u00e9tait dans l\u2019exercice [&hellip;]","og_url":"https:\/\/www.amanien.info\/news\/declaration-de-lacepnuci-suite-a-la-sequestration-du-journaliste-alex-yao-hallan-dans-lexercice-de-ses-fonctions\/","og_site_name":"Amanien| L&#039;actualit\u00e9 Ivoirienne et Internationale","article_published_time":"2020-11-09T15:16:47+00:00","article_modified_time":"2020-11-09T15:17:26+00:00","og_image":[{"width":115,"height":125,"url":"https:\/\/www.amanien.info\/news\/wp-content\/uploads\/2020\/11\/Sans-titre-1.jpg","type":"image\/jpeg"}],"author":"Germain Ndri","twitter_card":"summary_large_image","twitter_misc":{"\u00c9crit par":"Germain Ndri","Dur\u00e9e de lecture estim\u00e9e":"2 minutes"},"schema":{"@context":"https:\/\/schema.org","@graph":[{"@type":"Article","@id":"https:\/\/www.amanien.info\/news\/declaration-de-lacepnuci-suite-a-la-sequestration-du-journaliste-alex-yao-hallan-dans-lexercice-de-ses-fonctions\/#article","isPartOf":{"@id":"https:\/\/www.amanien.info\/news\/declaration-de-lacepnuci-suite-a-la-sequestration-du-journaliste-alex-yao-hallan-dans-lexercice-de-ses-fonctions\/"},"author":{"name":"Germain Ndri","@id":"https:\/\/www.amanien.info\/news\/#\/schema\/person\/b21093345753a1a98242d505bd894f42"},"headline":"D\u00e9claration de l\u2019ACEPNUCI, suite \u00e0 la s\u00e9questration du journaliste, Alex Yao Hallan, dans l\u2019exercice de ses fonctions","datePublished":"2020-11-09T15:16:47+00:00","dateModified":"2020-11-09T15:17:26+00:00","mainEntityOfPage":{"@id":"https:\/\/www.amanien.info\/news\/declaration-de-lacepnuci-suite-a-la-sequestration-du-journaliste-alex-yao-hallan-dans-lexercice-de-ses-fonctions\/"},"wordCount":415,"commentCount":0,"image":{"@id":"https:\/\/www.amanien.info\/news\/declaration-de-lacepnuci-suite-a-la-sequestration-du-journaliste-alex-yao-hallan-dans-lexercice-de-ses-fonctions\/#primaryimage"},"thumbnailUrl":"https:\/\/www.amanien.info\/news\/wp-content\/uploads\/2020\/11\/Sans-titre-1.jpg","inLanguage":"fr-FR"},{"@type":"WebPage","@id":"https:\/\/www.amanien.info\/news\/declaration-de-lacepnuci-suite-a-la-sequestration-du-journaliste-alex-yao-hallan-dans-lexercice-de-ses-fonctions\/","url":"https:\/\/www.amanien.info\/news\/declaration-de-lacepnuci-suite-a-la-sequestration-du-journaliste-alex-yao-hallan-dans-lexercice-de-ses-fonctions\/","name":"D\u00e9claration de l\u2019ACEPNUCI, suite \u00e0 la s\u00e9questration du journaliste, Alex Yao Hallan, dans l\u2019exercice de ses fonctions - Amanien| L&#039;actualit\u00e9 Ivoirienne et Internationale","isPartOf":{"@id":"https:\/\/www.amanien.info\/news\/#website"},"primaryImageOfPage":{"@id":"https:\/\/www.amanien.info\/news\/declaration-de-lacepnuci-suite-a-la-sequestration-du-journaliste-alex-yao-hallan-dans-lexercice-de-ses-fonctions\/#primaryimage"},"image":{"@id":"https:\/\/www.amanien.info\/news\/declaration-de-lacepnuci-suite-a-la-sequestration-du-journaliste-alex-yao-hallan-dans-lexercice-de-ses-fonctions\/#primaryimage"},"thumbnailUrl":"https:\/\/www.amanien.info\/news\/wp-content\/uploads\/2020\/11\/Sans-titre-1.jpg","datePublished":"2020-11-09T15:16:47+00:00","dateModified":"2020-11-09T15:17:26+00:00","author":{"@id":"https:\/\/www.amanien.info\/news\/#\/schema\/person\/b21093345753a1a98242d505bd894f42"},"breadcrumb":{"@id":"https:\/\/www.amanien.info\/news\/declaration-de-lacepnuci-suite-a-la-sequestration-du-journaliste-alex-yao-hallan-dans-lexercice-de-ses-fonctions\/#breadcrumb"},"inLanguage":"fr-FR","potentialAction":[{"@type":"ReadAction","target":["https:\/\/www.amanien.info\/news\/declaration-de-lacepnuci-suite-a-la-sequestration-du-journaliste-alex-yao-hallan-dans-lexercice-de-ses-fonctions\/"]}]},{"@type":"ImageObject","inLanguage":"fr-FR","@id":"https:\/\/www.amanien.info\/news\/declaration-de-lacepnuci-suite-a-la-sequestration-du-journaliste-alex-yao-hallan-dans-lexercice-de-ses-fonctions\/#primaryimage","url":"https:\/\/www.amanien.info\/news\/wp-content\/uploads\/2020\/11\/Sans-titre-1.jpg","contentUrl":"https:\/\/www.amanien.info\/news\/wp-content\/uploads\/2020\/11\/Sans-titre-1.jpg","width":115,"height":125},{"@type":"BreadcrumbList","@id":"https:\/\/www.amanien.info\/news\/declaration-de-lacepnuci-suite-a-la-sequestration-du-journaliste-alex-yao-hallan-dans-lexercice-de-ses-fonctions\/#breadcrumb","itemListElement":[{"@type":"ListItem","position":1,"name":"Accueil","item":"https:\/\/www.amanien.info\/news\/"},{"@type":"ListItem","position":2,"name":"D\u00e9claration de l\u2019ACEPNUCI, suite \u00e0 la s\u00e9questration du journaliste, Alex Yao Hallan, dans l\u2019exercice de ses fonctions"}]},{"@type":"WebSite","@id":"https:\/\/www.amanien.info\/news\/#website","url":"https:\/\/www.amanien.info\/news\/","name":"Amanien| L&#039;actualit\u00e9 Ivoirienne et Internationale","description":"L&#039;actualit\u00e9 Ivoirienne et Internationale","potentialAction":[{"@type":"SearchAction","target":{"@type":"EntryPoint","urlTemplate":"https:\/\/www.amanien.info\/news\/?s={search_term_string}"},"query-input":{"@type":"PropertyValueSpecification","valueRequired":true,"valueName":"search_term_string"}}],"inLanguage":"fr-FR"},{"@type":"Person","@id":"https:\/\/www.amanien.info\/news\/#\/schema\/person\/b21093345753a1a98242d505bd894f42","name":"Germain Ndri","url":"https:\/\/www.amanien.info\/news\/author\/amanien-infos\/"}]}},"_links":{"self":[{"href":"https:\/\/www.amanien.info\/news\/wp-json\/wp\/v2\/posts\/2082","targetHints":{"allow":["GET"]}}],"collection":[{"href":"https:\/\/www.amanien.info\/news\/wp-json\/wp\/v2\/posts"}],"about":[{"href":"https:\/\/www.amanien.info\/news\/wp-json\/wp\/v2\/types\/post"}],"author":[{"embeddable":true,"href":"https:\/\/www.amanien.info\/news\/wp-json\/wp\/v2\/users\/2"}],"replies":[{"embeddable":true,"href":"https:\/\/www.amanien.info\/news\/wp-json\/wp\/v2\/comments?post=2082"}],"version-history":[{"count":0,"href":"https:\/\/www.amanien.info\/news\/wp-json\/wp\/v2\/posts\/2082\/revisions"}],"wp:featuredmedia":[{"embeddable":true,"href":"https:\/\/www.amanien.info\/news\/wp-json\/wp\/v2\/media\/2083"}],"wp:attachment":[{"href":"https:\/\/www.amanien.info\/news\/wp-json\/wp\/v2\/media?parent=2082"}],"wp:term":[{"taxonomy":"category","embeddable":true,"href":"https:\/\/www.amanien.info\/news\/wp-json\/wp\/v2\/categories?post=2082"},{"taxonomy":"post_tag","embeddable":true,"href":"https:\/\/www.amanien.info\/news\/wp-json\/wp\/v2\/tags?post=2082"}],"curies":[{"name":"wp","href":"https:\/\/api.w.org\/{rel}","templated":true}]}}