{"id":2060,"date":"2020-11-07T16:21:08","date_gmt":"2020-11-07T15:21:08","guid":{"rendered":"http:\/\/https:\/\/zozo.buyee.jp\/\/news\/?p=2060"},"modified":"2020-11-07T16:21:08","modified_gmt":"2020-11-07T15:21:08","slug":"live-au-retro-de-grand-bassam-bella-mondo-en-exclusivite","status":"publish","type":"post","link":"https:\/\/www.amanien.info\/news\/live-au-retro-de-grand-bassam-bella-mondo-en-exclusivite\/","title":{"rendered":"Live au Retro de Grand Bassam :  Bella Mondo en exclusivit\u00e9"},"content":{"rendered":"<p><strong>Dans le cadre de la relance de ses festivit\u00e9s et pour donner une f\u00e9\u00e9rie \u00e0 cette fin d\u2019ann\u00e9e, l\u2019espace \u00e9v\u00e8nementiel le \u2019\u2019Retro\u2019\u2019 de l\u2019International H\u00f4tel organise une grande soir\u00e9e live le samedi 21 septembre \u00e0 Grand-Bassam. En exclusivit\u00e9, un show musical du groupe Bella Mondo, apr\u00e8s une tourn\u00e9e internationale. Un orchestre 100% f\u00e9minin pour le plus grand bonheur des m\u00e9lomanes.<\/strong><\/p>\n<p><strong>Ne vous faites surtout pas compter l\u2019\u00e9v\u00e9nement\u00a0! <\/strong><\/p>\n<p><strong>\u00a0<\/strong><\/p>\n<p><strong>Infoline : (+225) 98 40 06 99 \u00a0\u00a0\/\u00a0\u00a0 21 30 15 33 <\/strong><\/p>\n<p><strong>Email : info@wharfhotelbassam.com<\/strong><img loading=\"lazy\" decoding=\"async\" class=\"alignnone size-medium wp-image-2061\" src=\"http:\/\/amanien.info\/news\/wp-content\/uploads\/2020\/11\/IMG-20201031-WA0001-300x141.jpg\" alt=\"\" width=\"300\" height=\"141\" srcset=\"https:\/\/www.amanien.info\/news\/wp-content\/uploads\/2020\/11\/IMG-20201031-WA0001-300x141.jpg 300w, https:\/\/www.amanien.info\/news\/wp-content\/uploads\/2020\/11\/IMG-20201031-WA0001-768x360.jpg 768w, https:\/\/www.amanien.info\/news\/wp-content\/uploads\/2020\/11\/IMG-20201031-WA0001-1000x470.jpg 1000w, https:\/\/www.amanien.info\/news\/wp-content\/uploads\/2020\/11\/IMG-20201031-WA0001-400x188.jpg 400w, https:\/\/www.amanien.info\/news\/wp-content\/uploads\/2020\/11\/IMG-20201031-WA0001.jpg 1002w\" sizes=\"auto, (max-width: 300px) 100vw, 300px\" \/><\/p>\n","protected":false},"excerpt":{"rendered":"<p>Dans le cadre de la relance de ses festivit\u00e9s et pour donner une f\u00e9\u00e9rie \u00e0 cette fin d\u2019ann\u00e9e, l\u2019espace \u00e9v\u00e8nementiel le \u2019\u2019Retro\u2019\u2019 de l\u2019International H\u00f4tel organise une grande soir\u00e9e live le samedi 21 septembre \u00e0 Grand-Bassam. En exclusivit\u00e9, un show musical du groupe Bella Mondo, apr\u00e8s une tourn\u00e9e internationale. Un orchestre 100% f\u00e9minin pour le [&hellip;]<\/p>\n","protected":false},"author":2,"featured_media":2061,"comment_status":"open","ping_status":"open","sticky":false,"template":"","format":"standard","meta":{"_acf_changed":false,"footnotes":""},"categories":[],"tags":[],"class_list":["post-2060","post","type-post","status-publish","format-standard","has-post-thumbnail","hentry"],"acf":[],"yoast_head":"<!-- This site is optimized with the Yoast SEO plugin v27.5 - https:\/\/yoast.com\/product\/yoast-seo-wordpress\/ -->\n<title>Live au Retro de Grand Bassam : Bella Mondo en exclusivit\u00e9 - Amanien| L&#039;actualit\u00e9 Ivoirienne et Internationale<\/title>\n<meta name=\"robots\" content=\"index, follow, max-snippet:-1, max-image-preview:large, max-video-preview:-1\" \/>\n<link rel=\"canonical\" href=\"https:\/\/www.amanien.info\/news\/live-au-retro-de-grand-bassam-bella-mondo-en-exclusivite\/\" \/>\n<meta property=\"og:locale\" content=\"fr_FR\" \/>\n<meta property=\"og:type\" content=\"article\" \/>\n<meta property=\"og:title\" content=\"Live au Retro de Grand Bassam : Bella Mondo en exclusivit\u00e9 - Amanien| L&#039;actualit\u00e9 Ivoirienne et Internationale\" \/>\n<meta property=\"og:description\" content=\"Dans le cadre de la relance de ses festivit\u00e9s et pour donner une f\u00e9\u00e9rie \u00e0 cette fin d\u2019ann\u00e9e, l\u2019espace \u00e9v\u00e8nementiel le \u2019\u2019Retro\u2019\u2019 de l\u2019International H\u00f4tel organise une grande soir\u00e9e live le samedi 21 septembre \u00e0 Grand-Bassam. En exclusivit\u00e9, un show musical du groupe Bella Mondo, apr\u00e8s une tourn\u00e9e internationale. Un orchestre 100% f\u00e9minin pour le [&hellip;]\" \/>\n<meta property=\"og:url\" content=\"https:\/\/www.amanien.info\/news\/live-au-retro-de-grand-bassam-bella-mondo-en-exclusivite\/\" \/>\n<meta property=\"og:site_name\" content=\"Amanien| L&#039;actualit\u00e9 Ivoirienne et Internationale\" \/>\n<meta property=\"article:published_time\" content=\"2020-11-07T15:21:08+00:00\" \/>\n<meta property=\"og:image\" content=\"https:\/\/www.amanien.info\/news\/wp-content\/uploads\/2020\/11\/IMG-20201031-WA0001.jpg\" \/>\n\t<meta property=\"og:image:width\" content=\"1002\" \/>\n\t<meta property=\"og:image:height\" content=\"470\" \/>\n\t<meta property=\"og:image:type\" content=\"image\/jpeg\" \/>\n<meta name=\"author\" content=\"Germain Ndri\" \/>\n<meta name=\"twitter:card\" content=\"summary_large_image\" \/>\n<meta name=\"twitter:label1\" content=\"\u00c9crit par\" \/>\n\t<meta name=\"twitter:data1\" content=\"Germain Ndri\" \/>\n<script type=\"application\/ld+json\" class=\"yoast-schema-graph\">{\"@context\":\"https:\\\/\\\/schema.org\",\"@graph\":[{\"@type\":\"Article\",\"@id\":\"https:\\\/\\\/www.amanien.info\\\/news\\\/live-au-retro-de-grand-bassam-bella-mondo-en-exclusivite\\\/#article\",\"isPartOf\":{\"@id\":\"https:\\\/\\\/www.amanien.info\\\/news\\\/live-au-retro-de-grand-bassam-bella-mondo-en-exclusivite\\\/\"},\"author\":{\"name\":\"Germain Ndri\",\"@id\":\"https:\\\/\\\/www.amanien.info\\\/news\\\/#\\\/schema\\\/person\\\/b21093345753a1a98242d505bd894f42\"},\"headline\":\"Live au Retro de Grand Bassam : Bella Mondo en exclusivit\u00e9\",\"datePublished\":\"2020-11-07T15:21:08+00:00\",\"mainEntityOfPage\":{\"@id\":\"https:\\\/\\\/www.amanien.info\\\/news\\\/live-au-retro-de-grand-bassam-bella-mondo-en-exclusivite\\\/\"},\"wordCount\":93,\"commentCount\":0,\"image\":{\"@id\":\"https:\\\/\\\/www.amanien.info\\\/news\\\/live-au-retro-de-grand-bassam-bella-mondo-en-exclusivite\\\/#primaryimage\"},\"thumbnailUrl\":\"https:\\\/\\\/www.amanien.info\\\/news\\\/wp-content\\\/uploads\\\/2020\\\/11\\\/IMG-20201031-WA0001.jpg\",\"inLanguage\":\"fr-FR\"},{\"@type\":\"WebPage\",\"@id\":\"https:\\\/\\\/www.amanien.info\\\/news\\\/live-au-retro-de-grand-bassam-bella-mondo-en-exclusivite\\\/\",\"url\":\"https:\\\/\\\/www.amanien.info\\\/news\\\/live-au-retro-de-grand-bassam-bella-mondo-en-exclusivite\\\/\",\"name\":\"Live au Retro de Grand Bassam : Bella Mondo en exclusivit\u00e9 - Amanien| L&#039;actualit\u00e9 Ivoirienne et Internationale\",\"isPartOf\":{\"@id\":\"https:\\\/\\\/www.amanien.info\\\/news\\\/#website\"},\"primaryImageOfPage\":{\"@id\":\"https:\\\/\\\/www.amanien.info\\\/news\\\/live-au-retro-de-grand-bassam-bella-mondo-en-exclusivite\\\/#primaryimage\"},\"image\":{\"@id\":\"https:\\\/\\\/www.amanien.info\\\/news\\\/live-au-retro-de-grand-bassam-bella-mondo-en-exclusivite\\\/#primaryimage\"},\"thumbnailUrl\":\"https:\\\/\\\/www.amanien.info\\\/news\\\/wp-content\\\/uploads\\\/2020\\\/11\\\/IMG-20201031-WA0001.jpg\",\"datePublished\":\"2020-11-07T15:21:08+00:00\",\"author\":{\"@id\":\"https:\\\/\\\/www.amanien.info\\\/news\\\/#\\\/schema\\\/person\\\/b21093345753a1a98242d505bd894f42\"},\"breadcrumb\":{\"@id\":\"https:\\\/\\\/www.amanien.info\\\/news\\\/live-au-retro-de-grand-bassam-bella-mondo-en-exclusivite\\\/#breadcrumb\"},\"inLanguage\":\"fr-FR\",\"potentialAction\":[{\"@type\":\"ReadAction\",\"target\":[\"https:\\\/\\\/www.amanien.info\\\/news\\\/live-au-retro-de-grand-bassam-bella-mondo-en-exclusivite\\\/\"]}]},{\"@type\":\"ImageObject\",\"inLanguage\":\"fr-FR\",\"@id\":\"https:\\\/\\\/www.amanien.info\\\/news\\\/live-au-retro-de-grand-bassam-bella-mondo-en-exclusivite\\\/#primaryimage\",\"url\":\"https:\\\/\\\/www.amanien.info\\\/news\\\/wp-content\\\/uploads\\\/2020\\\/11\\\/IMG-20201031-WA0001.jpg\",\"contentUrl\":\"https:\\\/\\\/www.amanien.info\\\/news\\\/wp-content\\\/uploads\\\/2020\\\/11\\\/IMG-20201031-WA0001.jpg\",\"width\":1002,\"height\":470},{\"@type\":\"BreadcrumbList\",\"@id\":\"https:\\\/\\\/www.amanien.info\\\/news\\\/live-au-retro-de-grand-bassam-bella-mondo-en-exclusivite\\\/#breadcrumb\",\"itemListElement\":[{\"@type\":\"ListItem\",\"position\":1,\"name\":\"Accueil\",\"item\":\"https:\\\/\\\/www.amanien.info\\\/news\\\/\"},{\"@type\":\"ListItem\",\"position\":2,\"name\":\"Live au Retro de Grand Bassam : Bella Mondo en exclusivit\u00e9\"}]},{\"@type\":\"WebSite\",\"@id\":\"https:\\\/\\\/www.amanien.info\\\/news\\\/#website\",\"url\":\"https:\\\/\\\/www.amanien.info\\\/news\\\/\",\"name\":\"Amanien| L&#039;actualit\u00e9 Ivoirienne et Internationale\",\"description\":\"L&#039;actualit\u00e9 Ivoirienne et Internationale\",\"potentialAction\":[{\"@type\":\"SearchAction\",\"target\":{\"@type\":\"EntryPoint\",\"urlTemplate\":\"https:\\\/\\\/www.amanien.info\\\/news\\\/?s={search_term_string}\"},\"query-input\":{\"@type\":\"PropertyValueSpecification\",\"valueRequired\":true,\"valueName\":\"search_term_string\"}}],\"inLanguage\":\"fr-FR\"},{\"@type\":\"Person\",\"@id\":\"https:\\\/\\\/www.amanien.info\\\/news\\\/#\\\/schema\\\/person\\\/b21093345753a1a98242d505bd894f42\",\"name\":\"Germain Ndri\",\"url\":\"https:\\\/\\\/www.amanien.info\\\/news\\\/author\\\/amanien-infos\\\/\"}]}<\/script>\n<!-- \/ Yoast SEO plugin. -->","yoast_head_json":{"title":"Live au Retro de Grand Bassam : Bella Mondo en exclusivit\u00e9 - Amanien| L&#039;actualit\u00e9 Ivoirienne et Internationale","robots":{"index":"index","follow":"follow","max-snippet":"max-snippet:-1","max-image-preview":"max-image-preview:large","max-video-preview":"max-video-preview:-1"},"canonical":"https:\/\/www.amanien.info\/news\/live-au-retro-de-grand-bassam-bella-mondo-en-exclusivite\/","og_locale":"fr_FR","og_type":"article","og_title":"Live au Retro de Grand Bassam : Bella Mondo en exclusivit\u00e9 - Amanien| L&#039;actualit\u00e9 Ivoirienne et Internationale","og_description":"Dans le cadre de la relance de ses festivit\u00e9s et pour donner une f\u00e9\u00e9rie \u00e0 cette fin d\u2019ann\u00e9e, l\u2019espace \u00e9v\u00e8nementiel le \u2019\u2019Retro\u2019\u2019 de l\u2019International H\u00f4tel organise une grande soir\u00e9e live le samedi 21 septembre \u00e0 Grand-Bassam. En exclusivit\u00e9, un show musical du groupe Bella Mondo, apr\u00e8s une tourn\u00e9e internationale. Un orchestre 100% f\u00e9minin pour le [&hellip;]","og_url":"https:\/\/www.amanien.info\/news\/live-au-retro-de-grand-bassam-bella-mondo-en-exclusivite\/","og_site_name":"Amanien| L&#039;actualit\u00e9 Ivoirienne et Internationale","article_published_time":"2020-11-07T15:21:08+00:00","og_image":[{"width":1002,"height":470,"url":"https:\/\/www.amanien.info\/news\/wp-content\/uploads\/2020\/11\/IMG-20201031-WA0001.jpg","type":"image\/jpeg"}],"author":"Germain Ndri","twitter_card":"summary_large_image","twitter_misc":{"\u00c9crit par":"Germain Ndri"},"schema":{"@context":"https:\/\/schema.org","@graph":[{"@type":"Article","@id":"https:\/\/www.amanien.info\/news\/live-au-retro-de-grand-bassam-bella-mondo-en-exclusivite\/#article","isPartOf":{"@id":"https:\/\/www.amanien.info\/news\/live-au-retro-de-grand-bassam-bella-mondo-en-exclusivite\/"},"author":{"name":"Germain Ndri","@id":"https:\/\/www.amanien.info\/news\/#\/schema\/person\/b21093345753a1a98242d505bd894f42"},"headline":"Live au Retro de Grand Bassam : Bella Mondo en exclusivit\u00e9","datePublished":"2020-11-07T15:21:08+00:00","mainEntityOfPage":{"@id":"https:\/\/www.amanien.info\/news\/live-au-retro-de-grand-bassam-bella-mondo-en-exclusivite\/"},"wordCount":93,"commentCount":0,"image":{"@id":"https:\/\/www.amanien.info\/news\/live-au-retro-de-grand-bassam-bella-mondo-en-exclusivite\/#primaryimage"},"thumbnailUrl":"https:\/\/www.amanien.info\/news\/wp-content\/uploads\/2020\/11\/IMG-20201031-WA0001.jpg","inLanguage":"fr-FR"},{"@type":"WebPage","@id":"https:\/\/www.amanien.info\/news\/live-au-retro-de-grand-bassam-bella-mondo-en-exclusivite\/","url":"https:\/\/www.amanien.info\/news\/live-au-retro-de-grand-bassam-bella-mondo-en-exclusivite\/","name":"Live au Retro de Grand Bassam : Bella Mondo en exclusivit\u00e9 - Amanien| L&#039;actualit\u00e9 Ivoirienne et Internationale","isPartOf":{"@id":"https:\/\/www.amanien.info\/news\/#website"},"primaryImageOfPage":{"@id":"https:\/\/www.amanien.info\/news\/live-au-retro-de-grand-bassam-bella-mondo-en-exclusivite\/#primaryimage"},"image":{"@id":"https:\/\/www.amanien.info\/news\/live-au-retro-de-grand-bassam-bella-mondo-en-exclusivite\/#primaryimage"},"thumbnailUrl":"https:\/\/www.amanien.info\/news\/wp-content\/uploads\/2020\/11\/IMG-20201031-WA0001.jpg","datePublished":"2020-11-07T15:21:08+00:00","author":{"@id":"https:\/\/www.amanien.info\/news\/#\/schema\/person\/b21093345753a1a98242d505bd894f42"},"breadcrumb":{"@id":"https:\/\/www.amanien.info\/news\/live-au-retro-de-grand-bassam-bella-mondo-en-exclusivite\/#breadcrumb"},"inLanguage":"fr-FR","potentialAction":[{"@type":"ReadAction","target":["https:\/\/www.amanien.info\/news\/live-au-retro-de-grand-bassam-bella-mondo-en-exclusivite\/"]}]},{"@type":"ImageObject","inLanguage":"fr-FR","@id":"https:\/\/www.amanien.info\/news\/live-au-retro-de-grand-bassam-bella-mondo-en-exclusivite\/#primaryimage","url":"https:\/\/www.amanien.info\/news\/wp-content\/uploads\/2020\/11\/IMG-20201031-WA0001.jpg","contentUrl":"https:\/\/www.amanien.info\/news\/wp-content\/uploads\/2020\/11\/IMG-20201031-WA0001.jpg","width":1002,"height":470},{"@type":"BreadcrumbList","@id":"https:\/\/www.amanien.info\/news\/live-au-retro-de-grand-bassam-bella-mondo-en-exclusivite\/#breadcrumb","itemListElement":[{"@type":"ListItem","position":1,"name":"Accueil","item":"https:\/\/www.amanien.info\/news\/"},{"@type":"ListItem","position":2,"name":"Live au Retro de Grand Bassam : Bella Mondo en exclusivit\u00e9"}]},{"@type":"WebSite","@id":"https:\/\/www.amanien.info\/news\/#website","url":"https:\/\/www.amanien.info\/news\/","name":"Amanien| L&#039;actualit\u00e9 Ivoirienne et Internationale","description":"L&#039;actualit\u00e9 Ivoirienne et Internationale","potentialAction":[{"@type":"SearchAction","target":{"@type":"EntryPoint","urlTemplate":"https:\/\/www.amanien.info\/news\/?s={search_term_string}"},"query-input":{"@type":"PropertyValueSpecification","valueRequired":true,"valueName":"search_term_string"}}],"inLanguage":"fr-FR"},{"@type":"Person","@id":"https:\/\/www.amanien.info\/news\/#\/schema\/person\/b21093345753a1a98242d505bd894f42","name":"Germain Ndri","url":"https:\/\/www.amanien.info\/news\/author\/amanien-infos\/"}]}},"_links":{"self":[{"href":"https:\/\/www.amanien.info\/news\/wp-json\/wp\/v2\/posts\/2060","targetHints":{"allow":["GET"]}}],"collection":[{"href":"https:\/\/www.amanien.info\/news\/wp-json\/wp\/v2\/posts"}],"about":[{"href":"https:\/\/www.amanien.info\/news\/wp-json\/wp\/v2\/types\/post"}],"author":[{"embeddable":true,"href":"https:\/\/www.amanien.info\/news\/wp-json\/wp\/v2\/users\/2"}],"replies":[{"embeddable":true,"href":"https:\/\/www.amanien.info\/news\/wp-json\/wp\/v2\/comments?post=2060"}],"version-history":[{"count":0,"href":"https:\/\/www.amanien.info\/news\/wp-json\/wp\/v2\/posts\/2060\/revisions"}],"wp:featuredmedia":[{"embeddable":true,"href":"https:\/\/www.amanien.info\/news\/wp-json\/wp\/v2\/media\/2061"}],"wp:attachment":[{"href":"https:\/\/www.amanien.info\/news\/wp-json\/wp\/v2\/media?parent=2060"}],"wp:term":[{"taxonomy":"category","embeddable":true,"href":"https:\/\/www.amanien.info\/news\/wp-json\/wp\/v2\/categories?post=2060"},{"taxonomy":"post_tag","embeddable":true,"href":"https:\/\/www.amanien.info\/news\/wp-json\/wp\/v2\/tags?post=2060"}],"curies":[{"name":"wp","href":"https:\/\/api.w.org\/{rel}","templated":true}]}}