{"id":2023,"date":"2020-11-02T22:59:35","date_gmt":"2020-11-02T21:59:35","guid":{"rendered":"http:\/\/https:\/\/zozo.buyee.jp\/\/news\/?p=2023"},"modified":"2020-11-02T23:00:12","modified_gmt":"2020-11-02T22:00:12","slug":"le-conseil-national-de-transition-cnt-preside-par-henri-konan-bedie-annonce-la-formation-dun-gouvernement-de-transition-dans-les-toutes-prochaines-heures","status":"publish","type":"post","link":"https:\/\/www.amanien.info\/news\/le-conseil-national-de-transition-cnt-preside-par-henri-konan-bedie-annonce-la-formation-dun-gouvernement-de-transition-dans-les-toutes-prochaines-heures\/","title":{"rendered":"Le conseil national de transition (CNT) pr\u00e9sid\u00e9 par Henri Konan B\u00e9di\u00e9 annonce la formation d&rsquo;un gouvernement de transition dans les toutes prochaines heures"},"content":{"rendered":"<p>Communiqu\u00e9 des partis et groupements politiques de l\u2019opposition ivoirienne relatif \u00e0 la situation socio-politique apr\u00e8s le 31 Octobre 2020.<\/p>\n<p>Faisant suite \u00e0 la pr\u00e9c\u00e9dente d\u00e9claration de l\u2019opposition en date du 1er novembre 2020, les partis et groupements politiques de l\u2019opposition, apr\u00e8s la parodie d\u2019\u00e9lection pr\u00e9sidentielle du 31 Octobre 2020, constatent la vacance de la pr\u00e9sidence de la r\u00e9publique de C\u00f4te d\u2019Ivoire.<\/p>\n<p>Le peuple de C\u00f4te d\u2019Ivoire, dans sa majorit\u00e9, a suivi le mot d\u2019ordre de d\u00e9sob\u00e9issance civile lanc\u00e9 le 20 septembre 2020 et celui relatif au boycott de l\u2019\u00e9lection pr\u00e9sidentielle du 31 Octobre 2020.<\/p>\n<p>En effet, le pouvoir en place et l\u2019organe \u00e9lectoral ill\u00e9gal n\u2019ont r\u00e9ussi \u00e0 faire voter que 8% de l\u2019\u00e9lectorat, malgr\u00e9 les bourrages d\u2019urnes, toutes autres formes de tricherie, d\u2019agressions et d\u2019assassinats perp\u00e9tr\u00e9s contre les partisans de l\u2019opposition.<\/p>\n<p>En cons\u00e9quence, les partis politiques de l\u2019opposition notent que 90% de l\u2019\u00e9lectorat de ce scrutin, soit la majorit\u00e9 des Ivoiriennes et Ivoiriens, a rejet\u00e9 :<\/p>\n<p>la candidature ill\u00e9gale et anticonstitutionnelle du Pr\u00e9sident sortant, Alassane OUATTARA ;<br \/>\nle caract\u00e8re partisan de l\u2019organe en charge des \u00e9lections ;<\/p>\n<p>la liste \u00e9lectorale truff\u00e9e d\u2019irr\u00e9gularit\u00e9s ;<br \/>\nles d\u00e9cisions iniques du conseil constitutionnel du 14 septembre 2020, invalidant certaines candidatures.<\/p>\n<p>Au regard de ce qui pr\u00e9c\u00e8de,<\/p>\n<p>Tirant les cons\u00e9quences de la vacance du pouvoir ex\u00e9cutif, avec la fin du mandat pr\u00e9sidentiel de Monsieur Alassane OUATTARA et la non tenue d\u2019une \u00e9lection cr\u00e9dible ;<\/p>\n<p>Consid\u00e9rant que le maintien de Monsieur Alassane OUATTARA en qualit\u00e9 de chef de l\u2019\u00e9tat est susceptible d\u2019entra\u00eener la guerre civile,<br \/>\nLes partis et groupements politiques de l\u2019opposition annoncent la cr\u00e9ation, ce jour, du Conseil National de Transition.<\/p>\n<p>Le Conseil National de Transition est pr\u00e9sid\u00e9 par Monsieur Henri Konan BEDIE, Pr\u00e9sident du PDCI-RDA et de la plateforme CDRP.<\/p>\n<p>Le Conseil National de Transition a pour missions de :<\/p>\n<p>pr\u00e9parer le cadre de l\u2019organisation de l\u2019\u00e9lection pr\u00e9sidentielle juste, transparente et inclusive ;<br \/>\nmettre en place, dans les prochaines heures, un gouvernement de transition ;<\/p>\n<p>convoquer les assises nationales pour la r\u00e9conciliation nationale en vue du retour \u00e0 une paix d\u00e9finitive en C\u00f4te d\u2019ivoire.<\/p>\n<p>Les partis et groupements politiques de l\u2019opposition f\u00e9licitent les Ivoiriennes et Ivoiriens pour leur victoire face \u00e0 la forfaiture de Monsieur Alassane OUATTARA et les appellent \u00e0 exprimer leur joie par des manifestations populaires.<\/p>\n<p>Les partis et groupements politiques de l\u2019opposition affirment que le mot d\u2019ordre de d\u00e9sob\u00e9issance civile est maintenu et demandent au peuple ivoirien de rester mobilis\u00e9 jusqu\u2019\u00e0 la victoire finale.<\/p>\n<p>Fait \u00e0 Abidjan 02 novembre 2020<br \/>\nP. Les Partis et Groupements politiques de l\u2019opposition<br \/>\nLe Porte-Parole<br \/>\nPascal AFFI N\u2019GUESSAN<\/p>\n","protected":false},"excerpt":{"rendered":"<p>Communiqu\u00e9 des partis et groupements politiques de l\u2019opposition ivoirienne relatif \u00e0 la situation socio-politique apr\u00e8s le 31 Octobre 2020. Faisant suite \u00e0 la pr\u00e9c\u00e9dente d\u00e9claration de l\u2019opposition en date du 1er novembre 2020, les partis et groupements politiques de l\u2019opposition, apr\u00e8s la parodie d\u2019\u00e9lection pr\u00e9sidentielle du 31 Octobre 2020, constatent la vacance de la pr\u00e9sidence [&hellip;]<\/p>\n","protected":false},"author":2,"featured_media":2024,"comment_status":"open","ping_status":"open","sticky":true,"template":"","format":"standard","meta":{"_acf_changed":false,"footnotes":""},"categories":[],"tags":[],"class_list":["post-2023","post","type-post","status-publish","format-standard","has-post-thumbnail","hentry"],"acf":[],"yoast_head":"<!-- This site is optimized with the Yoast SEO plugin v27.5 - https:\/\/yoast.com\/product\/yoast-seo-wordpress\/ -->\n<title>Le conseil national de transition (CNT) pr\u00e9sid\u00e9 par Henri Konan B\u00e9di\u00e9 annonce la formation d&#039;un gouvernement de transition dans les toutes prochaines heures - Amanien| L&#039;actualit\u00e9 Ivoirienne et Internationale<\/title>\n<meta name=\"robots\" content=\"index, follow, max-snippet:-1, max-image-preview:large, max-video-preview:-1\" \/>\n<link rel=\"canonical\" href=\"https:\/\/www.amanien.info\/news\/le-conseil-national-de-transition-cnt-preside-par-henri-konan-bedie-annonce-la-formation-dun-gouvernement-de-transition-dans-les-toutes-prochaines-heures\/\" \/>\n<meta property=\"og:locale\" content=\"fr_FR\" \/>\n<meta property=\"og:type\" content=\"article\" \/>\n<meta property=\"og:title\" content=\"Le conseil national de transition (CNT) pr\u00e9sid\u00e9 par Henri Konan B\u00e9di\u00e9 annonce la formation d&#039;un gouvernement de transition dans les toutes prochaines heures - Amanien| L&#039;actualit\u00e9 Ivoirienne et Internationale\" \/>\n<meta property=\"og:description\" content=\"Communiqu\u00e9 des partis et groupements politiques de l\u2019opposition ivoirienne relatif \u00e0 la situation socio-politique apr\u00e8s le 31 Octobre 2020. Faisant suite \u00e0 la pr\u00e9c\u00e9dente d\u00e9claration de l\u2019opposition en date du 1er novembre 2020, les partis et groupements politiques de l\u2019opposition, apr\u00e8s la parodie d\u2019\u00e9lection pr\u00e9sidentielle du 31 Octobre 2020, constatent la vacance de la pr\u00e9sidence [&hellip;]\" \/>\n<meta property=\"og:url\" content=\"https:\/\/www.amanien.info\/news\/le-conseil-national-de-transition-cnt-preside-par-henri-konan-bedie-annonce-la-formation-dun-gouvernement-de-transition-dans-les-toutes-prochaines-heures\/\" \/>\n<meta property=\"og:site_name\" content=\"Amanien| L&#039;actualit\u00e9 Ivoirienne et Internationale\" \/>\n<meta property=\"article:published_time\" content=\"2020-11-02T21:59:35+00:00\" \/>\n<meta property=\"article:modified_time\" content=\"2020-11-02T22:00:12+00:00\" \/>\n<meta property=\"og:image\" content=\"https:\/\/www.amanien.info\/news\/wp-content\/uploads\/2020\/11\/123658274_4553503394720180_4433615860864831952_n.jpg\" \/>\n\t<meta property=\"og:image:width\" content=\"750\" \/>\n\t<meta property=\"og:image:height\" content=\"500\" \/>\n\t<meta property=\"og:image:type\" content=\"image\/jpeg\" \/>\n<meta name=\"author\" content=\"Germain Ndri\" \/>\n<meta name=\"twitter:card\" content=\"summary_large_image\" \/>\n<meta name=\"twitter:label1\" content=\"\u00c9crit par\" \/>\n\t<meta name=\"twitter:data1\" content=\"Germain Ndri\" \/>\n\t<meta name=\"twitter:label2\" content=\"Dur\u00e9e de lecture estim\u00e9e\" \/>\n\t<meta name=\"twitter:data2\" content=\"2 minutes\" \/>\n<script type=\"application\/ld+json\" class=\"yoast-schema-graph\">{\"@context\":\"https:\\\/\\\/schema.org\",\"@graph\":[{\"@type\":\"Article\",\"@id\":\"https:\\\/\\\/www.amanien.info\\\/news\\\/le-conseil-national-de-transition-cnt-preside-par-henri-konan-bedie-annonce-la-formation-dun-gouvernement-de-transition-dans-les-toutes-prochaines-heures\\\/#article\",\"isPartOf\":{\"@id\":\"https:\\\/\\\/www.amanien.info\\\/news\\\/le-conseil-national-de-transition-cnt-preside-par-henri-konan-bedie-annonce-la-formation-dun-gouvernement-de-transition-dans-les-toutes-prochaines-heures\\\/\"},\"author\":{\"name\":\"Germain Ndri\",\"@id\":\"https:\\\/\\\/www.amanien.info\\\/news\\\/#\\\/schema\\\/person\\\/b21093345753a1a98242d505bd894f42\"},\"headline\":\"Le conseil national de transition (CNT) pr\u00e9sid\u00e9 par Henri Konan B\u00e9di\u00e9 annonce la formation d&rsquo;un gouvernement de transition dans les toutes prochaines heures\",\"datePublished\":\"2020-11-02T21:59:35+00:00\",\"dateModified\":\"2020-11-02T22:00:12+00:00\",\"mainEntityOfPage\":{\"@id\":\"https:\\\/\\\/www.amanien.info\\\/news\\\/le-conseil-national-de-transition-cnt-preside-par-henri-konan-bedie-annonce-la-formation-dun-gouvernement-de-transition-dans-les-toutes-prochaines-heures\\\/\"},\"wordCount\":493,\"commentCount\":0,\"image\":{\"@id\":\"https:\\\/\\\/www.amanien.info\\\/news\\\/le-conseil-national-de-transition-cnt-preside-par-henri-konan-bedie-annonce-la-formation-dun-gouvernement-de-transition-dans-les-toutes-prochaines-heures\\\/#primaryimage\"},\"thumbnailUrl\":\"https:\\\/\\\/www.amanien.info\\\/news\\\/wp-content\\\/uploads\\\/2020\\\/11\\\/123658274_4553503394720180_4433615860864831952_n.jpg\",\"inLanguage\":\"fr-FR\"},{\"@type\":\"WebPage\",\"@id\":\"https:\\\/\\\/www.amanien.info\\\/news\\\/le-conseil-national-de-transition-cnt-preside-par-henri-konan-bedie-annonce-la-formation-dun-gouvernement-de-transition-dans-les-toutes-prochaines-heures\\\/\",\"url\":\"https:\\\/\\\/www.amanien.info\\\/news\\\/le-conseil-national-de-transition-cnt-preside-par-henri-konan-bedie-annonce-la-formation-dun-gouvernement-de-transition-dans-les-toutes-prochaines-heures\\\/\",\"name\":\"Le conseil national de transition (CNT) pr\u00e9sid\u00e9 par Henri Konan B\u00e9di\u00e9 annonce la formation d'un gouvernement de transition dans les toutes prochaines heures - Amanien| L&#039;actualit\u00e9 Ivoirienne et Internationale\",\"isPartOf\":{\"@id\":\"https:\\\/\\\/www.amanien.info\\\/news\\\/#website\"},\"primaryImageOfPage\":{\"@id\":\"https:\\\/\\\/www.amanien.info\\\/news\\\/le-conseil-national-de-transition-cnt-preside-par-henri-konan-bedie-annonce-la-formation-dun-gouvernement-de-transition-dans-les-toutes-prochaines-heures\\\/#primaryimage\"},\"image\":{\"@id\":\"https:\\\/\\\/www.amanien.info\\\/news\\\/le-conseil-national-de-transition-cnt-preside-par-henri-konan-bedie-annonce-la-formation-dun-gouvernement-de-transition-dans-les-toutes-prochaines-heures\\\/#primaryimage\"},\"thumbnailUrl\":\"https:\\\/\\\/www.amanien.info\\\/news\\\/wp-content\\\/uploads\\\/2020\\\/11\\\/123658274_4553503394720180_4433615860864831952_n.jpg\",\"datePublished\":\"2020-11-02T21:59:35+00:00\",\"dateModified\":\"2020-11-02T22:00:12+00:00\",\"author\":{\"@id\":\"https:\\\/\\\/www.amanien.info\\\/news\\\/#\\\/schema\\\/person\\\/b21093345753a1a98242d505bd894f42\"},\"breadcrumb\":{\"@id\":\"https:\\\/\\\/www.amanien.info\\\/news\\\/le-conseil-national-de-transition-cnt-preside-par-henri-konan-bedie-annonce-la-formation-dun-gouvernement-de-transition-dans-les-toutes-prochaines-heures\\\/#breadcrumb\"},\"inLanguage\":\"fr-FR\",\"potentialAction\":[{\"@type\":\"ReadAction\",\"target\":[\"https:\\\/\\\/www.amanien.info\\\/news\\\/le-conseil-national-de-transition-cnt-preside-par-henri-konan-bedie-annonce-la-formation-dun-gouvernement-de-transition-dans-les-toutes-prochaines-heures\\\/\"]}]},{\"@type\":\"ImageObject\",\"inLanguage\":\"fr-FR\",\"@id\":\"https:\\\/\\\/www.amanien.info\\\/news\\\/le-conseil-national-de-transition-cnt-preside-par-henri-konan-bedie-annonce-la-formation-dun-gouvernement-de-transition-dans-les-toutes-prochaines-heures\\\/#primaryimage\",\"url\":\"https:\\\/\\\/www.amanien.info\\\/news\\\/wp-content\\\/uploads\\\/2020\\\/11\\\/123658274_4553503394720180_4433615860864831952_n.jpg\",\"contentUrl\":\"https:\\\/\\\/www.amanien.info\\\/news\\\/wp-content\\\/uploads\\\/2020\\\/11\\\/123658274_4553503394720180_4433615860864831952_n.jpg\",\"width\":750,\"height\":500},{\"@type\":\"BreadcrumbList\",\"@id\":\"https:\\\/\\\/www.amanien.info\\\/news\\\/le-conseil-national-de-transition-cnt-preside-par-henri-konan-bedie-annonce-la-formation-dun-gouvernement-de-transition-dans-les-toutes-prochaines-heures\\\/#breadcrumb\",\"itemListElement\":[{\"@type\":\"ListItem\",\"position\":1,\"name\":\"Accueil\",\"item\":\"https:\\\/\\\/www.amanien.info\\\/news\\\/\"},{\"@type\":\"ListItem\",\"position\":2,\"name\":\"Le conseil national de transition (CNT) pr\u00e9sid\u00e9 par Henri Konan B\u00e9di\u00e9 annonce la formation d&rsquo;un gouvernement de transition dans les toutes prochaines heures\"}]},{\"@type\":\"WebSite\",\"@id\":\"https:\\\/\\\/www.amanien.info\\\/news\\\/#website\",\"url\":\"https:\\\/\\\/www.amanien.info\\\/news\\\/\",\"name\":\"Amanien| L&#039;actualit\u00e9 Ivoirienne et Internationale\",\"description\":\"L&#039;actualit\u00e9 Ivoirienne et Internationale\",\"potentialAction\":[{\"@type\":\"SearchAction\",\"target\":{\"@type\":\"EntryPoint\",\"urlTemplate\":\"https:\\\/\\\/www.amanien.info\\\/news\\\/?s={search_term_string}\"},\"query-input\":{\"@type\":\"PropertyValueSpecification\",\"valueRequired\":true,\"valueName\":\"search_term_string\"}}],\"inLanguage\":\"fr-FR\"},{\"@type\":\"Person\",\"@id\":\"https:\\\/\\\/www.amanien.info\\\/news\\\/#\\\/schema\\\/person\\\/b21093345753a1a98242d505bd894f42\",\"name\":\"Germain Ndri\",\"url\":\"https:\\\/\\\/www.amanien.info\\\/news\\\/author\\\/amanien-infos\\\/\"}]}<\/script>\n<!-- \/ Yoast SEO plugin. -->","yoast_head_json":{"title":"Le conseil national de transition (CNT) pr\u00e9sid\u00e9 par Henri Konan B\u00e9di\u00e9 annonce la formation d'un gouvernement de transition dans les toutes prochaines heures - Amanien| L&#039;actualit\u00e9 Ivoirienne et Internationale","robots":{"index":"index","follow":"follow","max-snippet":"max-snippet:-1","max-image-preview":"max-image-preview:large","max-video-preview":"max-video-preview:-1"},"canonical":"https:\/\/www.amanien.info\/news\/le-conseil-national-de-transition-cnt-preside-par-henri-konan-bedie-annonce-la-formation-dun-gouvernement-de-transition-dans-les-toutes-prochaines-heures\/","og_locale":"fr_FR","og_type":"article","og_title":"Le conseil national de transition (CNT) pr\u00e9sid\u00e9 par Henri Konan B\u00e9di\u00e9 annonce la formation d'un gouvernement de transition dans les toutes prochaines heures - Amanien| L&#039;actualit\u00e9 Ivoirienne et Internationale","og_description":"Communiqu\u00e9 des partis et groupements politiques de l\u2019opposition ivoirienne relatif \u00e0 la situation socio-politique apr\u00e8s le 31 Octobre 2020. Faisant suite \u00e0 la pr\u00e9c\u00e9dente d\u00e9claration de l\u2019opposition en date du 1er novembre 2020, les partis et groupements politiques de l\u2019opposition, apr\u00e8s la parodie d\u2019\u00e9lection pr\u00e9sidentielle du 31 Octobre 2020, constatent la vacance de la pr\u00e9sidence [&hellip;]","og_url":"https:\/\/www.amanien.info\/news\/le-conseil-national-de-transition-cnt-preside-par-henri-konan-bedie-annonce-la-formation-dun-gouvernement-de-transition-dans-les-toutes-prochaines-heures\/","og_site_name":"Amanien| L&#039;actualit\u00e9 Ivoirienne et Internationale","article_published_time":"2020-11-02T21:59:35+00:00","article_modified_time":"2020-11-02T22:00:12+00:00","og_image":[{"width":750,"height":500,"url":"https:\/\/www.amanien.info\/news\/wp-content\/uploads\/2020\/11\/123658274_4553503394720180_4433615860864831952_n.jpg","type":"image\/jpeg"}],"author":"Germain Ndri","twitter_card":"summary_large_image","twitter_misc":{"\u00c9crit par":"Germain Ndri","Dur\u00e9e de lecture estim\u00e9e":"2 minutes"},"schema":{"@context":"https:\/\/schema.org","@graph":[{"@type":"Article","@id":"https:\/\/www.amanien.info\/news\/le-conseil-national-de-transition-cnt-preside-par-henri-konan-bedie-annonce-la-formation-dun-gouvernement-de-transition-dans-les-toutes-prochaines-heures\/#article","isPartOf":{"@id":"https:\/\/www.amanien.info\/news\/le-conseil-national-de-transition-cnt-preside-par-henri-konan-bedie-annonce-la-formation-dun-gouvernement-de-transition-dans-les-toutes-prochaines-heures\/"},"author":{"name":"Germain Ndri","@id":"https:\/\/www.amanien.info\/news\/#\/schema\/person\/b21093345753a1a98242d505bd894f42"},"headline":"Le conseil national de transition (CNT) pr\u00e9sid\u00e9 par Henri Konan B\u00e9di\u00e9 annonce la formation d&rsquo;un gouvernement de transition dans les toutes prochaines heures","datePublished":"2020-11-02T21:59:35+00:00","dateModified":"2020-11-02T22:00:12+00:00","mainEntityOfPage":{"@id":"https:\/\/www.amanien.info\/news\/le-conseil-national-de-transition-cnt-preside-par-henri-konan-bedie-annonce-la-formation-dun-gouvernement-de-transition-dans-les-toutes-prochaines-heures\/"},"wordCount":493,"commentCount":0,"image":{"@id":"https:\/\/www.amanien.info\/news\/le-conseil-national-de-transition-cnt-preside-par-henri-konan-bedie-annonce-la-formation-dun-gouvernement-de-transition-dans-les-toutes-prochaines-heures\/#primaryimage"},"thumbnailUrl":"https:\/\/www.amanien.info\/news\/wp-content\/uploads\/2020\/11\/123658274_4553503394720180_4433615860864831952_n.jpg","inLanguage":"fr-FR"},{"@type":"WebPage","@id":"https:\/\/www.amanien.info\/news\/le-conseil-national-de-transition-cnt-preside-par-henri-konan-bedie-annonce-la-formation-dun-gouvernement-de-transition-dans-les-toutes-prochaines-heures\/","url":"https:\/\/www.amanien.info\/news\/le-conseil-national-de-transition-cnt-preside-par-henri-konan-bedie-annonce-la-formation-dun-gouvernement-de-transition-dans-les-toutes-prochaines-heures\/","name":"Le conseil national de transition (CNT) pr\u00e9sid\u00e9 par Henri Konan B\u00e9di\u00e9 annonce la formation d'un gouvernement de transition dans les toutes prochaines heures - Amanien| L&#039;actualit\u00e9 Ivoirienne et Internationale","isPartOf":{"@id":"https:\/\/www.amanien.info\/news\/#website"},"primaryImageOfPage":{"@id":"https:\/\/www.amanien.info\/news\/le-conseil-national-de-transition-cnt-preside-par-henri-konan-bedie-annonce-la-formation-dun-gouvernement-de-transition-dans-les-toutes-prochaines-heures\/#primaryimage"},"image":{"@id":"https:\/\/www.amanien.info\/news\/le-conseil-national-de-transition-cnt-preside-par-henri-konan-bedie-annonce-la-formation-dun-gouvernement-de-transition-dans-les-toutes-prochaines-heures\/#primaryimage"},"thumbnailUrl":"https:\/\/www.amanien.info\/news\/wp-content\/uploads\/2020\/11\/123658274_4553503394720180_4433615860864831952_n.jpg","datePublished":"2020-11-02T21:59:35+00:00","dateModified":"2020-11-02T22:00:12+00:00","author":{"@id":"https:\/\/www.amanien.info\/news\/#\/schema\/person\/b21093345753a1a98242d505bd894f42"},"breadcrumb":{"@id":"https:\/\/www.amanien.info\/news\/le-conseil-national-de-transition-cnt-preside-par-henri-konan-bedie-annonce-la-formation-dun-gouvernement-de-transition-dans-les-toutes-prochaines-heures\/#breadcrumb"},"inLanguage":"fr-FR","potentialAction":[{"@type":"ReadAction","target":["https:\/\/www.amanien.info\/news\/le-conseil-national-de-transition-cnt-preside-par-henri-konan-bedie-annonce-la-formation-dun-gouvernement-de-transition-dans-les-toutes-prochaines-heures\/"]}]},{"@type":"ImageObject","inLanguage":"fr-FR","@id":"https:\/\/www.amanien.info\/news\/le-conseil-national-de-transition-cnt-preside-par-henri-konan-bedie-annonce-la-formation-dun-gouvernement-de-transition-dans-les-toutes-prochaines-heures\/#primaryimage","url":"https:\/\/www.amanien.info\/news\/wp-content\/uploads\/2020\/11\/123658274_4553503394720180_4433615860864831952_n.jpg","contentUrl":"https:\/\/www.amanien.info\/news\/wp-content\/uploads\/2020\/11\/123658274_4553503394720180_4433615860864831952_n.jpg","width":750,"height":500},{"@type":"BreadcrumbList","@id":"https:\/\/www.amanien.info\/news\/le-conseil-national-de-transition-cnt-preside-par-henri-konan-bedie-annonce-la-formation-dun-gouvernement-de-transition-dans-les-toutes-prochaines-heures\/#breadcrumb","itemListElement":[{"@type":"ListItem","position":1,"name":"Accueil","item":"https:\/\/www.amanien.info\/news\/"},{"@type":"ListItem","position":2,"name":"Le conseil national de transition (CNT) pr\u00e9sid\u00e9 par Henri Konan B\u00e9di\u00e9 annonce la formation d&rsquo;un gouvernement de transition dans les toutes prochaines heures"}]},{"@type":"WebSite","@id":"https:\/\/www.amanien.info\/news\/#website","url":"https:\/\/www.amanien.info\/news\/","name":"Amanien| L&#039;actualit\u00e9 Ivoirienne et Internationale","description":"L&#039;actualit\u00e9 Ivoirienne et Internationale","potentialAction":[{"@type":"SearchAction","target":{"@type":"EntryPoint","urlTemplate":"https:\/\/www.amanien.info\/news\/?s={search_term_string}"},"query-input":{"@type":"PropertyValueSpecification","valueRequired":true,"valueName":"search_term_string"}}],"inLanguage":"fr-FR"},{"@type":"Person","@id":"https:\/\/www.amanien.info\/news\/#\/schema\/person\/b21093345753a1a98242d505bd894f42","name":"Germain Ndri","url":"https:\/\/www.amanien.info\/news\/author\/amanien-infos\/"}]}},"_links":{"self":[{"href":"https:\/\/www.amanien.info\/news\/wp-json\/wp\/v2\/posts\/2023","targetHints":{"allow":["GET"]}}],"collection":[{"href":"https:\/\/www.amanien.info\/news\/wp-json\/wp\/v2\/posts"}],"about":[{"href":"https:\/\/www.amanien.info\/news\/wp-json\/wp\/v2\/types\/post"}],"author":[{"embeddable":true,"href":"https:\/\/www.amanien.info\/news\/wp-json\/wp\/v2\/users\/2"}],"replies":[{"embeddable":true,"href":"https:\/\/www.amanien.info\/news\/wp-json\/wp\/v2\/comments?post=2023"}],"version-history":[{"count":0,"href":"https:\/\/www.amanien.info\/news\/wp-json\/wp\/v2\/posts\/2023\/revisions"}],"wp:featuredmedia":[{"embeddable":true,"href":"https:\/\/www.amanien.info\/news\/wp-json\/wp\/v2\/media\/2024"}],"wp:attachment":[{"href":"https:\/\/www.amanien.info\/news\/wp-json\/wp\/v2\/media?parent=2023"}],"wp:term":[{"taxonomy":"category","embeddable":true,"href":"https:\/\/www.amanien.info\/news\/wp-json\/wp\/v2\/categories?post=2023"},{"taxonomy":"post_tag","embeddable":true,"href":"https:\/\/www.amanien.info\/news\/wp-json\/wp\/v2\/tags?post=2023"}],"curies":[{"name":"wp","href":"https:\/\/api.w.org\/{rel}","templated":true}]}}