{"id":2020,"date":"2020-11-01T17:36:03","date_gmt":"2020-11-01T16:36:03","guid":{"rendered":"http:\/\/https:\/\/zozo.buyee.jp\/\/news\/?p=2020"},"modified":"2020-11-01T17:36:31","modified_gmt":"2020-11-01T16:36:31","slug":"point-de-presse-des-partis-de-lopposition-lu-par-le-president-affi-nguessan","status":"publish","type":"post","link":"https:\/\/www.amanien.info\/news\/point-de-presse-des-partis-de-lopposition-lu-par-le-president-affi-nguessan\/","title":{"rendered":"POINT DE PRESSE DES PARTIS DE L&rsquo;OPPOSITION, LU PAR LE PR\u00c9SIDENT AFFI N&rsquo;GUESSAN"},"content":{"rendered":"<div class=\"kvgmc6g5 cxmmr5t8 oygrvhab hcukyx3x c1et5uql ii04i59q\">\n<div dir=\"auto\"><\/div>\n<\/div>\n<div class=\"o9v6fnle cxmmr5t8 oygrvhab hcukyx3x c1et5uql ii04i59q\">\n<div dir=\"auto\">Les partis et groupements politiques de l&rsquo;Opposition ivoirienne ont assist\u00e9, le 31 octobre 2020, \u00e0 un simulacre d&rsquo;\u00e9lection en violation flagrante de la Constitution du code \u00e9lectoral et de la loi portant composition de la commission \u00e9lectorale avec la participation de Monsieur Alassane Ouattara dont la candidature est anticonstitutionnelle et ill\u00e9gale.<\/div>\n<\/div>\n<div class=\"o9v6fnle cxmmr5t8 oygrvhab hcukyx3x c1et5uql ii04i59q\">\n<div dir=\"auto\">Cette \u00e9lection a \u00e9t\u00e9 organis\u00e9e par la Commission \u00e9lectorale ind\u00e9pendante actuelle, organe jug\u00e9 non \u00e9quilibr\u00e9e par la Cour Africaine des Droits de l&rsquo;Homme et des Peuples (CADHP).<\/div>\n<\/div>\n<div class=\"o9v6fnle cxmmr5t8 oygrvhab hcukyx3x c1et5uql ii04i59q\">\n<div dir=\"auto\">Le d\u00e9roulement du scrutin pr\u00e9sidentiel du 31 octobre 2020 a \u00e9t\u00e9 entach\u00e9e de nombreuses irr\u00e9gularit\u00e9s notamment : la non op\u00e9rationnalit\u00e9 de nombreuses commissions locales et de bureaux de vote, la suppression irr\u00e9guli\u00e8re de nombreux lieux de vote, la non participation de plus de 90 % des \u00e9lecteurs au scrutin, le faible taux de participation \u00e0 moins de 10 % de l&rsquo;\u00e9lectorat rendant ainsi erron\u00e9es les statistiques avanc\u00e9s par la Commission \u00e9lectorale jug\u00e9e ill\u00e9gale. Les morts d&rsquo;hommes, au moins une trentaine de personnes soit au total pr\u00e8s de 110 morts depuis l&rsquo;annonce de la candidature anticonstitutionnelle et l\u00e9gale du pr\u00e9sident sortant Alassane Ouattara.<\/div>\n<div dir=\"auto\">Au regard de ce qui pr\u00e9c\u00e8de, les partis politiques de l&rsquo;opposition :<\/div>\n<\/div>\n<div class=\"o9v6fnle cxmmr5t8 oygrvhab hcukyx3x c1et5uql ii04i59q\">\n<div dir=\"auto\">1- F\u00e9licitent les Ivoiriens et les Ivoiriennes particuli\u00e8rement les militants de l&rsquo;opposition. pour avoir respect\u00e9 le mot d&rsquo;ordre de d\u00e9sob\u00e9issance civile<\/div>\n<\/div>\n<div class=\"o9v6fnle cxmmr5t8 oygrvhab hcukyx3x c1et5uql ii04i59q\">\n<div dir=\"auto\">2- S&rsquo;incline devant la m\u00e9moire de tous les morts<\/div>\n<\/div>\n<div class=\"o9v6fnle cxmmr5t8 oygrvhab hcukyx3x c1et5uql ii04i59q\">\n<div dir=\"auto\">3- Pr\u00e9sente leurs condol\u00e9ances aux flammes au famille \u00e9plor\u00e9e<\/div>\n<\/div>\n<div class=\"o9v6fnle cxmmr5t8 oygrvhab hcukyx3x c1et5uql ii04i59q\">\n<div dir=\"auto\">4 &#8211; Exprime la compassion aux bless\u00e9s et leur solidarit\u00e9 \u00e0 tous les d\u00e9tenus<\/div>\n<\/div>\n<div class=\"o9v6fnle cxmmr5t8 oygrvhab hcukyx3x c1et5uql ii04i59q\">\n<div dir=\"auto\">5 &#8211; D\u00e9nonce le simulacre de l&rsquo;\u00e9lection pr\u00e9sidentielle organiser le 31 octobre 2020, dans un climat d&rsquo;ins\u00e9curit\u00e9 g\u00e9n\u00e9ralis\u00e9e<\/div>\n<\/div>\n<div class=\"o9v6fnle cxmmr5t8 oygrvhab hcukyx3x c1et5uql ii04i59q\">\n<div dir=\"auto\">6 &#8211; Condamne toutes les destructions de biens, les tueries et blessures perp\u00e9tr\u00e9es par les miliciens du RHDP unifi\u00e9 sur les manifestants aux mains nues<\/div>\n<\/div>\n<div class=\"o9v6fnle cxmmr5t8 oygrvhab hcukyx3x c1et5uql ii04i59q\">\n<div dir=\"auto\">7 &#8211; D\u00e9nonce \u00e9galement toutes les exactions extrajudiciaires caract\u00e9ris\u00e9es par les enl\u00e8vements des militant et personnalit\u00e9s politiques de l&rsquo;Opposition<\/div>\n<\/div>\n<div class=\"o9v6fnle cxmmr5t8 oygrvhab hcukyx3x c1et5uql ii04i59q\">\n<div dir=\"auto\">8- Ne reconnaissent pas l&rsquo;\u00e9lection pr\u00e9sidentielle du 31 octobre 2020<\/div>\n<\/div>\n<div class=\"o9v6fnle cxmmr5t8 oygrvhab hcukyx3x c1et5uql ii04i59q\">\n<div dir=\"auto\">9- Constate la fin du mandat du pr\u00e9sident d<\/div>\n<div dir=\"auto\">Alassane Ouattara depuis le 31 octobre 2020 et invite la communaut\u00e9 internationale \u00e0 en prendre acte.<\/div>\n<\/div>\n<div class=\"o9v6fnle cxmmr5t8 oygrvhab hcukyx3x c1et5uql ii04i59q\">\n<div dir=\"auto\">En cons\u00e9quence, les partis et groupements politiques de l&rsquo;opposition appellent \u00e0 l&rsquo;ouverture d&rsquo;une transition civile afin de cr\u00e9er les conditions d&rsquo;une \u00e9lection pr\u00e9sidentielle juste, transparente et inclusive.<\/div>\n<\/div>\n<div class=\"o9v6fnle cxmmr5t8 oygrvhab hcukyx3x c1et5uql ii04i59q\">\n<div dir=\"auto\">Les partis et groupements politiques de l&rsquo;Opposition appellent d\u00e8s cet instant \u00e0 la mobilisation g\u00e9n\u00e9rale des Ivoiriens et Ivoiriennes et particuli\u00e8rement toutes les forces vives de la Nation, les d\u00e9mocrates \u00e9pris de justice et de paix, pour faire barrage \u00e0 la dictature et \u00e0 la forfaiture du pr\u00e9sident sortant Alassane Ouattara.<\/div>\n<\/div>\n<div class=\"o9v6fnle cxmmr5t8 oygrvhab hcukyx3x c1et5uql ii04i59q\">\n<div dir=\"auto\">Fait \u00e0 Abidjan, le 1er novembre 2020<\/div>\n<div dir=\"auto\">Les partis et groupements politiques de l&rsquo;Opposition<\/div>\n<\/div>\n<div class=\"o9v6fnle cxmmr5t8 oygrvhab hcukyx3x c1et5uql ii04i59q\">\n<div dir=\"auto\">Je vous remercie.<\/div>\n<\/div>\n<p>&nbsp;<\/p>\n","protected":false},"excerpt":{"rendered":"<p>Les partis et groupements politiques de l&rsquo;Opposition ivoirienne ont assist\u00e9, le 31 octobre 2020, \u00e0 un simulacre d&rsquo;\u00e9lection en violation flagrante de la Constitution du code \u00e9lectoral et de la loi portant composition de la commission \u00e9lectorale avec la participation de Monsieur Alassane Ouattara dont la candidature est anticonstitutionnelle et ill\u00e9gale. Cette \u00e9lection a \u00e9t\u00e9 [&hellip;]<\/p>\n","protected":false},"author":2,"featured_media":2021,"comment_status":"open","ping_status":"open","sticky":true,"template":"","format":"standard","meta":{"_acf_changed":false,"footnotes":""},"categories":[],"tags":[],"class_list":["post-2020","post","type-post","status-publish","format-standard","has-post-thumbnail","hentry"],"acf":[],"yoast_head":"<!-- This site is optimized with the Yoast SEO plugin v27.5 - https:\/\/yoast.com\/product\/yoast-seo-wordpress\/ -->\n<title>POINT DE PRESSE DES PARTIS DE L&#039;OPPOSITION, LU PAR LE PR\u00c9SIDENT AFFI N&#039;GUESSAN - Amanien| L&#039;actualit\u00e9 Ivoirienne et Internationale<\/title>\n<meta name=\"robots\" content=\"index, follow, max-snippet:-1, max-image-preview:large, max-video-preview:-1\" \/>\n<link rel=\"canonical\" href=\"https:\/\/www.amanien.info\/news\/point-de-presse-des-partis-de-lopposition-lu-par-le-president-affi-nguessan\/\" \/>\n<meta property=\"og:locale\" content=\"fr_FR\" \/>\n<meta property=\"og:type\" content=\"article\" \/>\n<meta property=\"og:title\" content=\"POINT DE PRESSE DES PARTIS DE L&#039;OPPOSITION, LU PAR LE PR\u00c9SIDENT AFFI N&#039;GUESSAN - Amanien| L&#039;actualit\u00e9 Ivoirienne et Internationale\" \/>\n<meta property=\"og:description\" content=\"Les partis et groupements politiques de l&rsquo;Opposition ivoirienne ont assist\u00e9, le 31 octobre 2020, \u00e0 un simulacre d&rsquo;\u00e9lection en violation flagrante de la Constitution du code \u00e9lectoral et de la loi portant composition de la commission \u00e9lectorale avec la participation de Monsieur Alassane Ouattara dont la candidature est anticonstitutionnelle et ill\u00e9gale. Cette \u00e9lection a \u00e9t\u00e9 [&hellip;]\" \/>\n<meta property=\"og:url\" content=\"https:\/\/www.amanien.info\/news\/point-de-presse-des-partis-de-lopposition-lu-par-le-president-affi-nguessan\/\" \/>\n<meta property=\"og:site_name\" content=\"Amanien| L&#039;actualit\u00e9 Ivoirienne et Internationale\" \/>\n<meta property=\"article:published_time\" content=\"2020-11-01T16:36:03+00:00\" \/>\n<meta property=\"article:modified_time\" content=\"2020-11-01T16:36:31+00:00\" \/>\n<meta property=\"og:image\" content=\"https:\/\/www.amanien.info\/news\/wp-content\/uploads\/2020\/11\/thumbnail-2.png\" \/>\n\t<meta property=\"og:image:width\" content=\"720\" \/>\n\t<meta property=\"og:image:height\" content=\"480\" \/>\n\t<meta property=\"og:image:type\" content=\"image\/png\" \/>\n<meta name=\"author\" content=\"Germain Ndri\" \/>\n<meta name=\"twitter:card\" content=\"summary_large_image\" \/>\n<meta name=\"twitter:label1\" content=\"\u00c9crit par\" \/>\n\t<meta name=\"twitter:data1\" content=\"Germain Ndri\" \/>\n\t<meta name=\"twitter:label2\" content=\"Dur\u00e9e de lecture estim\u00e9e\" \/>\n\t<meta name=\"twitter:data2\" content=\"2 minutes\" \/>\n<script type=\"application\/ld+json\" class=\"yoast-schema-graph\">{\"@context\":\"https:\\\/\\\/schema.org\",\"@graph\":[{\"@type\":\"Article\",\"@id\":\"https:\\\/\\\/www.amanien.info\\\/news\\\/point-de-presse-des-partis-de-lopposition-lu-par-le-president-affi-nguessan\\\/#article\",\"isPartOf\":{\"@id\":\"https:\\\/\\\/www.amanien.info\\\/news\\\/point-de-presse-des-partis-de-lopposition-lu-par-le-president-affi-nguessan\\\/\"},\"author\":{\"name\":\"Germain Ndri\",\"@id\":\"https:\\\/\\\/www.amanien.info\\\/news\\\/#\\\/schema\\\/person\\\/b21093345753a1a98242d505bd894f42\"},\"headline\":\"POINT DE PRESSE DES PARTIS DE L&rsquo;OPPOSITION, LU PAR LE PR\u00c9SIDENT AFFI N&rsquo;GUESSAN\",\"datePublished\":\"2020-11-01T16:36:03+00:00\",\"dateModified\":\"2020-11-01T16:36:31+00:00\",\"mainEntityOfPage\":{\"@id\":\"https:\\\/\\\/www.amanien.info\\\/news\\\/point-de-presse-des-partis-de-lopposition-lu-par-le-president-affi-nguessan\\\/\"},\"wordCount\":498,\"commentCount\":0,\"image\":{\"@id\":\"https:\\\/\\\/www.amanien.info\\\/news\\\/point-de-presse-des-partis-de-lopposition-lu-par-le-president-affi-nguessan\\\/#primaryimage\"},\"thumbnailUrl\":\"https:\\\/\\\/www.amanien.info\\\/news\\\/wp-content\\\/uploads\\\/2020\\\/11\\\/thumbnail-2.png\",\"inLanguage\":\"fr-FR\"},{\"@type\":\"WebPage\",\"@id\":\"https:\\\/\\\/www.amanien.info\\\/news\\\/point-de-presse-des-partis-de-lopposition-lu-par-le-president-affi-nguessan\\\/\",\"url\":\"https:\\\/\\\/www.amanien.info\\\/news\\\/point-de-presse-des-partis-de-lopposition-lu-par-le-president-affi-nguessan\\\/\",\"name\":\"POINT DE PRESSE DES PARTIS DE L'OPPOSITION, LU PAR LE PR\u00c9SIDENT AFFI N'GUESSAN - Amanien| L&#039;actualit\u00e9 Ivoirienne et Internationale\",\"isPartOf\":{\"@id\":\"https:\\\/\\\/www.amanien.info\\\/news\\\/#website\"},\"primaryImageOfPage\":{\"@id\":\"https:\\\/\\\/www.amanien.info\\\/news\\\/point-de-presse-des-partis-de-lopposition-lu-par-le-president-affi-nguessan\\\/#primaryimage\"},\"image\":{\"@id\":\"https:\\\/\\\/www.amanien.info\\\/news\\\/point-de-presse-des-partis-de-lopposition-lu-par-le-president-affi-nguessan\\\/#primaryimage\"},\"thumbnailUrl\":\"https:\\\/\\\/www.amanien.info\\\/news\\\/wp-content\\\/uploads\\\/2020\\\/11\\\/thumbnail-2.png\",\"datePublished\":\"2020-11-01T16:36:03+00:00\",\"dateModified\":\"2020-11-01T16:36:31+00:00\",\"author\":{\"@id\":\"https:\\\/\\\/www.amanien.info\\\/news\\\/#\\\/schema\\\/person\\\/b21093345753a1a98242d505bd894f42\"},\"breadcrumb\":{\"@id\":\"https:\\\/\\\/www.amanien.info\\\/news\\\/point-de-presse-des-partis-de-lopposition-lu-par-le-president-affi-nguessan\\\/#breadcrumb\"},\"inLanguage\":\"fr-FR\",\"potentialAction\":[{\"@type\":\"ReadAction\",\"target\":[\"https:\\\/\\\/www.amanien.info\\\/news\\\/point-de-presse-des-partis-de-lopposition-lu-par-le-president-affi-nguessan\\\/\"]}]},{\"@type\":\"ImageObject\",\"inLanguage\":\"fr-FR\",\"@id\":\"https:\\\/\\\/www.amanien.info\\\/news\\\/point-de-presse-des-partis-de-lopposition-lu-par-le-president-affi-nguessan\\\/#primaryimage\",\"url\":\"https:\\\/\\\/www.amanien.info\\\/news\\\/wp-content\\\/uploads\\\/2020\\\/11\\\/thumbnail-2.png\",\"contentUrl\":\"https:\\\/\\\/www.amanien.info\\\/news\\\/wp-content\\\/uploads\\\/2020\\\/11\\\/thumbnail-2.png\",\"width\":720,\"height\":480},{\"@type\":\"BreadcrumbList\",\"@id\":\"https:\\\/\\\/www.amanien.info\\\/news\\\/point-de-presse-des-partis-de-lopposition-lu-par-le-president-affi-nguessan\\\/#breadcrumb\",\"itemListElement\":[{\"@type\":\"ListItem\",\"position\":1,\"name\":\"Accueil\",\"item\":\"https:\\\/\\\/www.amanien.info\\\/news\\\/\"},{\"@type\":\"ListItem\",\"position\":2,\"name\":\"POINT DE PRESSE DES PARTIS DE L&rsquo;OPPOSITION, LU PAR LE PR\u00c9SIDENT AFFI N&rsquo;GUESSAN\"}]},{\"@type\":\"WebSite\",\"@id\":\"https:\\\/\\\/www.amanien.info\\\/news\\\/#website\",\"url\":\"https:\\\/\\\/www.amanien.info\\\/news\\\/\",\"name\":\"Amanien| L&#039;actualit\u00e9 Ivoirienne et Internationale\",\"description\":\"L&#039;actualit\u00e9 Ivoirienne et Internationale\",\"potentialAction\":[{\"@type\":\"SearchAction\",\"target\":{\"@type\":\"EntryPoint\",\"urlTemplate\":\"https:\\\/\\\/www.amanien.info\\\/news\\\/?s={search_term_string}\"},\"query-input\":{\"@type\":\"PropertyValueSpecification\",\"valueRequired\":true,\"valueName\":\"search_term_string\"}}],\"inLanguage\":\"fr-FR\"},{\"@type\":\"Person\",\"@id\":\"https:\\\/\\\/www.amanien.info\\\/news\\\/#\\\/schema\\\/person\\\/b21093345753a1a98242d505bd894f42\",\"name\":\"Germain Ndri\",\"url\":\"https:\\\/\\\/www.amanien.info\\\/news\\\/author\\\/amanien-infos\\\/\"}]}<\/script>\n<!-- \/ Yoast SEO plugin. -->","yoast_head_json":{"title":"POINT DE PRESSE DES PARTIS DE L'OPPOSITION, LU PAR LE PR\u00c9SIDENT AFFI N'GUESSAN - Amanien| L&#039;actualit\u00e9 Ivoirienne et Internationale","robots":{"index":"index","follow":"follow","max-snippet":"max-snippet:-1","max-image-preview":"max-image-preview:large","max-video-preview":"max-video-preview:-1"},"canonical":"https:\/\/www.amanien.info\/news\/point-de-presse-des-partis-de-lopposition-lu-par-le-president-affi-nguessan\/","og_locale":"fr_FR","og_type":"article","og_title":"POINT DE PRESSE DES PARTIS DE L'OPPOSITION, LU PAR LE PR\u00c9SIDENT AFFI N'GUESSAN - Amanien| L&#039;actualit\u00e9 Ivoirienne et Internationale","og_description":"Les partis et groupements politiques de l&rsquo;Opposition ivoirienne ont assist\u00e9, le 31 octobre 2020, \u00e0 un simulacre d&rsquo;\u00e9lection en violation flagrante de la Constitution du code \u00e9lectoral et de la loi portant composition de la commission \u00e9lectorale avec la participation de Monsieur Alassane Ouattara dont la candidature est anticonstitutionnelle et ill\u00e9gale. Cette \u00e9lection a \u00e9t\u00e9 [&hellip;]","og_url":"https:\/\/www.amanien.info\/news\/point-de-presse-des-partis-de-lopposition-lu-par-le-president-affi-nguessan\/","og_site_name":"Amanien| L&#039;actualit\u00e9 Ivoirienne et Internationale","article_published_time":"2020-11-01T16:36:03+00:00","article_modified_time":"2020-11-01T16:36:31+00:00","og_image":[{"width":720,"height":480,"url":"https:\/\/www.amanien.info\/news\/wp-content\/uploads\/2020\/11\/thumbnail-2.png","type":"image\/png"}],"author":"Germain Ndri","twitter_card":"summary_large_image","twitter_misc":{"\u00c9crit par":"Germain Ndri","Dur\u00e9e de lecture estim\u00e9e":"2 minutes"},"schema":{"@context":"https:\/\/schema.org","@graph":[{"@type":"Article","@id":"https:\/\/www.amanien.info\/news\/point-de-presse-des-partis-de-lopposition-lu-par-le-president-affi-nguessan\/#article","isPartOf":{"@id":"https:\/\/www.amanien.info\/news\/point-de-presse-des-partis-de-lopposition-lu-par-le-president-affi-nguessan\/"},"author":{"name":"Germain Ndri","@id":"https:\/\/www.amanien.info\/news\/#\/schema\/person\/b21093345753a1a98242d505bd894f42"},"headline":"POINT DE PRESSE DES PARTIS DE L&rsquo;OPPOSITION, LU PAR LE PR\u00c9SIDENT AFFI N&rsquo;GUESSAN","datePublished":"2020-11-01T16:36:03+00:00","dateModified":"2020-11-01T16:36:31+00:00","mainEntityOfPage":{"@id":"https:\/\/www.amanien.info\/news\/point-de-presse-des-partis-de-lopposition-lu-par-le-president-affi-nguessan\/"},"wordCount":498,"commentCount":0,"image":{"@id":"https:\/\/www.amanien.info\/news\/point-de-presse-des-partis-de-lopposition-lu-par-le-president-affi-nguessan\/#primaryimage"},"thumbnailUrl":"https:\/\/www.amanien.info\/news\/wp-content\/uploads\/2020\/11\/thumbnail-2.png","inLanguage":"fr-FR"},{"@type":"WebPage","@id":"https:\/\/www.amanien.info\/news\/point-de-presse-des-partis-de-lopposition-lu-par-le-president-affi-nguessan\/","url":"https:\/\/www.amanien.info\/news\/point-de-presse-des-partis-de-lopposition-lu-par-le-president-affi-nguessan\/","name":"POINT DE PRESSE DES PARTIS DE L'OPPOSITION, LU PAR LE PR\u00c9SIDENT AFFI N'GUESSAN - Amanien| L&#039;actualit\u00e9 Ivoirienne et Internationale","isPartOf":{"@id":"https:\/\/www.amanien.info\/news\/#website"},"primaryImageOfPage":{"@id":"https:\/\/www.amanien.info\/news\/point-de-presse-des-partis-de-lopposition-lu-par-le-president-affi-nguessan\/#primaryimage"},"image":{"@id":"https:\/\/www.amanien.info\/news\/point-de-presse-des-partis-de-lopposition-lu-par-le-president-affi-nguessan\/#primaryimage"},"thumbnailUrl":"https:\/\/www.amanien.info\/news\/wp-content\/uploads\/2020\/11\/thumbnail-2.png","datePublished":"2020-11-01T16:36:03+00:00","dateModified":"2020-11-01T16:36:31+00:00","author":{"@id":"https:\/\/www.amanien.info\/news\/#\/schema\/person\/b21093345753a1a98242d505bd894f42"},"breadcrumb":{"@id":"https:\/\/www.amanien.info\/news\/point-de-presse-des-partis-de-lopposition-lu-par-le-president-affi-nguessan\/#breadcrumb"},"inLanguage":"fr-FR","potentialAction":[{"@type":"ReadAction","target":["https:\/\/www.amanien.info\/news\/point-de-presse-des-partis-de-lopposition-lu-par-le-president-affi-nguessan\/"]}]},{"@type":"ImageObject","inLanguage":"fr-FR","@id":"https:\/\/www.amanien.info\/news\/point-de-presse-des-partis-de-lopposition-lu-par-le-president-affi-nguessan\/#primaryimage","url":"https:\/\/www.amanien.info\/news\/wp-content\/uploads\/2020\/11\/thumbnail-2.png","contentUrl":"https:\/\/www.amanien.info\/news\/wp-content\/uploads\/2020\/11\/thumbnail-2.png","width":720,"height":480},{"@type":"BreadcrumbList","@id":"https:\/\/www.amanien.info\/news\/point-de-presse-des-partis-de-lopposition-lu-par-le-president-affi-nguessan\/#breadcrumb","itemListElement":[{"@type":"ListItem","position":1,"name":"Accueil","item":"https:\/\/www.amanien.info\/news\/"},{"@type":"ListItem","position":2,"name":"POINT DE PRESSE DES PARTIS DE L&rsquo;OPPOSITION, LU PAR LE PR\u00c9SIDENT AFFI N&rsquo;GUESSAN"}]},{"@type":"WebSite","@id":"https:\/\/www.amanien.info\/news\/#website","url":"https:\/\/www.amanien.info\/news\/","name":"Amanien| L&#039;actualit\u00e9 Ivoirienne et Internationale","description":"L&#039;actualit\u00e9 Ivoirienne et Internationale","potentialAction":[{"@type":"SearchAction","target":{"@type":"EntryPoint","urlTemplate":"https:\/\/www.amanien.info\/news\/?s={search_term_string}"},"query-input":{"@type":"PropertyValueSpecification","valueRequired":true,"valueName":"search_term_string"}}],"inLanguage":"fr-FR"},{"@type":"Person","@id":"https:\/\/www.amanien.info\/news\/#\/schema\/person\/b21093345753a1a98242d505bd894f42","name":"Germain Ndri","url":"https:\/\/www.amanien.info\/news\/author\/amanien-infos\/"}]}},"_links":{"self":[{"href":"https:\/\/www.amanien.info\/news\/wp-json\/wp\/v2\/posts\/2020","targetHints":{"allow":["GET"]}}],"collection":[{"href":"https:\/\/www.amanien.info\/news\/wp-json\/wp\/v2\/posts"}],"about":[{"href":"https:\/\/www.amanien.info\/news\/wp-json\/wp\/v2\/types\/post"}],"author":[{"embeddable":true,"href":"https:\/\/www.amanien.info\/news\/wp-json\/wp\/v2\/users\/2"}],"replies":[{"embeddable":true,"href":"https:\/\/www.amanien.info\/news\/wp-json\/wp\/v2\/comments?post=2020"}],"version-history":[{"count":0,"href":"https:\/\/www.amanien.info\/news\/wp-json\/wp\/v2\/posts\/2020\/revisions"}],"wp:featuredmedia":[{"embeddable":true,"href":"https:\/\/www.amanien.info\/news\/wp-json\/wp\/v2\/media\/2021"}],"wp:attachment":[{"href":"https:\/\/www.amanien.info\/news\/wp-json\/wp\/v2\/media?parent=2020"}],"wp:term":[{"taxonomy":"category","embeddable":true,"href":"https:\/\/www.amanien.info\/news\/wp-json\/wp\/v2\/categories?post=2020"},{"taxonomy":"post_tag","embeddable":true,"href":"https:\/\/www.amanien.info\/news\/wp-json\/wp\/v2\/tags?post=2020"}],"curies":[{"name":"wp","href":"https:\/\/api.w.org\/{rel}","templated":true}]}}