{"id":2004,"date":"2020-10-29T12:23:09","date_gmt":"2020-10-29T11:23:09","guid":{"rendered":"http:\/\/https:\/\/zozo.buyee.jp\/\/news\/?p=2004"},"modified":"2020-10-29T12:23:31","modified_gmt":"2020-10-29T11:23:31","slug":"a-3-jours-de-la-presidentielle-lex-pro-guillaume-soro-soro-kanigui-appelle-ses-partisans-et-sympathisants-a-soutenir-ouattara","status":"publish","type":"post","link":"https:\/\/www.amanien.info\/news\/a-3-jours-de-la-presidentielle-lex-pro-guillaume-soro-soro-kanigui-appelle-ses-partisans-et-sympathisants-a-soutenir-ouattara\/","title":{"rendered":"A 3 jours de la pr\u00e9sidentielle, L&rsquo;ex-pro Guillaume Soro, Soro Kanigui appelle ses partisans et sympathisants  \u00e0 soutenir Ouattara"},"content":{"rendered":"<div><span style=\"font-size: large;\"><i>\u00ab\u00a0Je sors de prison et c&rsquo;est de la prison que je sors pour dire qu&rsquo;il faut soutenir Alassane Ouattara (&#8230;). Dites au pr\u00e9sident que le Raci soutient son mandat<\/i>\u00ab\u00a0a d\u00e9clar\u00e9 le d\u00e9put\u00e9 Soro Kanigui, P<\/span>r\u00e9sident de Rassemblement pour la C\u00f4te d&rsquo;Ivoire (RACI). C&rsquo;\u00e9tait au cours d&rsquo;une conf\u00e9rence de presse qu&rsquo;il a anim\u00e9e ce mardi, 27 octobre \u00e0 Cocody.<\/div>\n<div><span style=\"font-size: large;\">\u00a0<\/span><\/div>\n<div><span style=\"font-size: large;\">Le d\u00e9put\u00e9 ivoirien a dit au Directeur ex\u00e9cutif du Rassemblement des Houphou\u00ebtistes pour la d\u00e9mocratie et la paix (Rhdp, parti au pouvoir), Adama Bictogo que \u00ab\u00a0le RACI est venu ici pour dire tout haut devant la nation ivoirienne que le RACI veut une plateforme avec le Rhdp\u00a0\u00bb.\u00a0<\/span><\/div>\n<div><span style=\"font-size: large;\">\u00a0<\/span><\/div>\n<div><span style=\"font-size: large;\">Incarc\u00e9r\u00e9 avec d&rsquo;autres proches de Guillaume Soro, puis rel\u00e2ch\u00e9 le 24 septembre 2020, l&rsquo;ex-collaborateur de Guillaume Soro,\u00a0 S. Kanigui\u00a0 Mamadou a, depuis lors, fait volteface tout en appelant les partisans et sympathisants de son mouvement \u00e0 soutenir le Pr\u00e9sident-Candidat, Alassane\u00a0 \u00a0Ouattara.<\/span><\/div>\n<div><span style=\"font-size: large;\">\u00a0<\/span><\/div>\n<div><span style=\"font-size: large;\">Aussi, a-t-il expliqu\u00e9 sa posture, faisant savoir que \u00ab\u00a0le Raci est n\u00e9 de la volont\u00e9 de rassembler les Ivoiriens pour discuter\u00a0\u00bb.\u00a0 <\/span><span style=\"font-size: large;\"><i>\u00ab\u00a0Le Raci va prendre toute sa place dans la campagne \u00e9lectorale (pour la pr\u00e9sidentielle du 31 octobre 2020 qui s&rsquo;ach\u00e8ve le 29 octobre prochain)\u00a0\u00bb<\/i> a-t-il assur\u00e9, tout en appelant ses partisans \u00e0 \u00ab\u00a0un vote massif et s\u00e9curis\u00e9\u00a0\u00bb.<\/span><\/div>\n<div>\n<div><span style=\"color: #333333; font-size: large;\">\u00a0<\/span><\/div>\n<div><span style=\"font-size: large;\">L&rsquo;honorable Soro Kanigui a, apr\u00e8s quoi, demand\u00e9 aux acteurs politiques de privil\u00e9gier le dialogue politique constructif.<\/span><\/div>\n<div><span style=\"font-size: large;\">\u00a0<\/span><\/div>\n<div><span style=\"font-size: large;\">Ayons en commun, ajoute-t-il, quelque chose, la promotion de l&rsquo;int\u00e9r\u00eat g\u00e9n\u00e9ral.<\/span><\/div>\n<div>\n<div><span style=\"font-size: large;\">\u00a0<\/span><\/div>\n<p><span style=\"font-size: large;\">Le Directeur ex\u00e9cutif du Rhdp, Adama Bictoogo a, pour sa part, salu\u00e9 son adh\u00e9sion \u00e0 la candidature de Alassane Ouattara, laissant entendre que c&rsquo;est pour le Rhdp \u00ab\u00a0un engagement de grande importance\u00a0\u00bb, mais \u00ab\u00a0le defi qui nous attend, c&rsquo;est le d\u00e9fi du 31 octobre 2020\u00a0\u00bb.<\/span><\/p>\n<div><\/div>\n<div><\/div>\n<div>Sunday ALAIN<\/div>\n<\/div>\n<\/div>\n","protected":false},"excerpt":{"rendered":"<p>\u00ab\u00a0Je sors de prison et c&rsquo;est de la prison que je sors pour dire qu&rsquo;il faut soutenir Alassane Ouattara (&#8230;). Dites au pr\u00e9sident que le Raci soutient son mandat\u00ab\u00a0a d\u00e9clar\u00e9 le d\u00e9put\u00e9 Soro Kanigui, Pr\u00e9sident de Rassemblement pour la C\u00f4te d&rsquo;Ivoire (RACI). C&rsquo;\u00e9tait au cours d&rsquo;une conf\u00e9rence de presse qu&rsquo;il a anim\u00e9e ce mardi, 27 [&hellip;]<\/p>\n","protected":false},"author":2,"featured_media":2005,"comment_status":"open","ping_status":"open","sticky":true,"template":"","format":"standard","meta":{"_acf_changed":false,"footnotes":""},"categories":[],"tags":[],"class_list":["post-2004","post","type-post","status-publish","format-standard","has-post-thumbnail","hentry"],"acf":[],"yoast_head":"<!-- This site is optimized with the Yoast SEO plugin v27.5 - https:\/\/yoast.com\/product\/yoast-seo-wordpress\/ -->\n<title>A 3 jours de la pr\u00e9sidentielle, L&#039;ex-pro Guillaume Soro, Soro Kanigui appelle ses partisans et sympathisants \u00e0 soutenir Ouattara - Amanien| L&#039;actualit\u00e9 Ivoirienne et Internationale<\/title>\n<meta name=\"robots\" content=\"index, follow, max-snippet:-1, max-image-preview:large, max-video-preview:-1\" \/>\n<link rel=\"canonical\" href=\"https:\/\/www.amanien.info\/news\/a-3-jours-de-la-presidentielle-lex-pro-guillaume-soro-soro-kanigui-appelle-ses-partisans-et-sympathisants-a-soutenir-ouattara\/\" \/>\n<meta property=\"og:locale\" content=\"fr_FR\" \/>\n<meta property=\"og:type\" content=\"article\" \/>\n<meta property=\"og:title\" content=\"A 3 jours de la pr\u00e9sidentielle, L&#039;ex-pro Guillaume Soro, Soro Kanigui appelle ses partisans et sympathisants \u00e0 soutenir Ouattara - Amanien| L&#039;actualit\u00e9 Ivoirienne et Internationale\" \/>\n<meta property=\"og:description\" content=\"\u00ab\u00a0Je sors de prison et c&rsquo;est de la prison que je sors pour dire qu&rsquo;il faut soutenir Alassane Ouattara (&#8230;). Dites au pr\u00e9sident que le Raci soutient son mandat\u00ab\u00a0a d\u00e9clar\u00e9 le d\u00e9put\u00e9 Soro Kanigui, Pr\u00e9sident de Rassemblement pour la C\u00f4te d&rsquo;Ivoire (RACI). C&rsquo;\u00e9tait au cours d&rsquo;une conf\u00e9rence de presse qu&rsquo;il a anim\u00e9e ce mardi, 27 [&hellip;]\" \/>\n<meta property=\"og:url\" content=\"https:\/\/www.amanien.info\/news\/a-3-jours-de-la-presidentielle-lex-pro-guillaume-soro-soro-kanigui-appelle-ses-partisans-et-sympathisants-a-soutenir-ouattara\/\" \/>\n<meta property=\"og:site_name\" content=\"Amanien| L&#039;actualit\u00e9 Ivoirienne et Internationale\" \/>\n<meta property=\"article:published_time\" content=\"2020-10-29T11:23:09+00:00\" \/>\n<meta property=\"article:modified_time\" content=\"2020-10-29T11:23:31+00:00\" \/>\n<meta property=\"og:image\" content=\"https:\/\/www.amanien.info\/news\/wp-content\/uploads\/2020\/10\/thumbnail-7.png\" \/>\n\t<meta property=\"og:image:width\" content=\"720\" \/>\n\t<meta property=\"og:image:height\" content=\"480\" \/>\n\t<meta property=\"og:image:type\" content=\"image\/png\" \/>\n<meta name=\"author\" content=\"Germain Ndri\" \/>\n<meta name=\"twitter:card\" content=\"summary_large_image\" \/>\n<meta name=\"twitter:label1\" content=\"\u00c9crit par\" \/>\n\t<meta name=\"twitter:data1\" content=\"Germain Ndri\" \/>\n\t<meta name=\"twitter:label2\" content=\"Dur\u00e9e de lecture estim\u00e9e\" \/>\n\t<meta name=\"twitter:data2\" content=\"1 minute\" \/>\n<script type=\"application\/ld+json\" class=\"yoast-schema-graph\">{\"@context\":\"https:\\\/\\\/schema.org\",\"@graph\":[{\"@type\":\"Article\",\"@id\":\"https:\\\/\\\/www.amanien.info\\\/news\\\/a-3-jours-de-la-presidentielle-lex-pro-guillaume-soro-soro-kanigui-appelle-ses-partisans-et-sympathisants-a-soutenir-ouattara\\\/#article\",\"isPartOf\":{\"@id\":\"https:\\\/\\\/www.amanien.info\\\/news\\\/a-3-jours-de-la-presidentielle-lex-pro-guillaume-soro-soro-kanigui-appelle-ses-partisans-et-sympathisants-a-soutenir-ouattara\\\/\"},\"author\":{\"name\":\"Germain Ndri\",\"@id\":\"https:\\\/\\\/www.amanien.info\\\/news\\\/#\\\/schema\\\/person\\\/b21093345753a1a98242d505bd894f42\"},\"headline\":\"A 3 jours de la pr\u00e9sidentielle, L&rsquo;ex-pro Guillaume Soro, Soro Kanigui appelle ses partisans et sympathisants \u00e0 soutenir Ouattara\",\"datePublished\":\"2020-10-29T11:23:09+00:00\",\"dateModified\":\"2020-10-29T11:23:31+00:00\",\"mainEntityOfPage\":{\"@id\":\"https:\\\/\\\/www.amanien.info\\\/news\\\/a-3-jours-de-la-presidentielle-lex-pro-guillaume-soro-soro-kanigui-appelle-ses-partisans-et-sympathisants-a-soutenir-ouattara\\\/\"},\"wordCount\":324,\"commentCount\":0,\"image\":{\"@id\":\"https:\\\/\\\/www.amanien.info\\\/news\\\/a-3-jours-de-la-presidentielle-lex-pro-guillaume-soro-soro-kanigui-appelle-ses-partisans-et-sympathisants-a-soutenir-ouattara\\\/#primaryimage\"},\"thumbnailUrl\":\"https:\\\/\\\/www.amanien.info\\\/news\\\/wp-content\\\/uploads\\\/2020\\\/10\\\/thumbnail-7.png\",\"inLanguage\":\"fr-FR\"},{\"@type\":\"WebPage\",\"@id\":\"https:\\\/\\\/www.amanien.info\\\/news\\\/a-3-jours-de-la-presidentielle-lex-pro-guillaume-soro-soro-kanigui-appelle-ses-partisans-et-sympathisants-a-soutenir-ouattara\\\/\",\"url\":\"https:\\\/\\\/www.amanien.info\\\/news\\\/a-3-jours-de-la-presidentielle-lex-pro-guillaume-soro-soro-kanigui-appelle-ses-partisans-et-sympathisants-a-soutenir-ouattara\\\/\",\"name\":\"A 3 jours de la pr\u00e9sidentielle, L'ex-pro Guillaume Soro, Soro Kanigui appelle ses partisans et sympathisants \u00e0 soutenir Ouattara - Amanien| L&#039;actualit\u00e9 Ivoirienne et Internationale\",\"isPartOf\":{\"@id\":\"https:\\\/\\\/www.amanien.info\\\/news\\\/#website\"},\"primaryImageOfPage\":{\"@id\":\"https:\\\/\\\/www.amanien.info\\\/news\\\/a-3-jours-de-la-presidentielle-lex-pro-guillaume-soro-soro-kanigui-appelle-ses-partisans-et-sympathisants-a-soutenir-ouattara\\\/#primaryimage\"},\"image\":{\"@id\":\"https:\\\/\\\/www.amanien.info\\\/news\\\/a-3-jours-de-la-presidentielle-lex-pro-guillaume-soro-soro-kanigui-appelle-ses-partisans-et-sympathisants-a-soutenir-ouattara\\\/#primaryimage\"},\"thumbnailUrl\":\"https:\\\/\\\/www.amanien.info\\\/news\\\/wp-content\\\/uploads\\\/2020\\\/10\\\/thumbnail-7.png\",\"datePublished\":\"2020-10-29T11:23:09+00:00\",\"dateModified\":\"2020-10-29T11:23:31+00:00\",\"author\":{\"@id\":\"https:\\\/\\\/www.amanien.info\\\/news\\\/#\\\/schema\\\/person\\\/b21093345753a1a98242d505bd894f42\"},\"breadcrumb\":{\"@id\":\"https:\\\/\\\/www.amanien.info\\\/news\\\/a-3-jours-de-la-presidentielle-lex-pro-guillaume-soro-soro-kanigui-appelle-ses-partisans-et-sympathisants-a-soutenir-ouattara\\\/#breadcrumb\"},\"inLanguage\":\"fr-FR\",\"potentialAction\":[{\"@type\":\"ReadAction\",\"target\":[\"https:\\\/\\\/www.amanien.info\\\/news\\\/a-3-jours-de-la-presidentielle-lex-pro-guillaume-soro-soro-kanigui-appelle-ses-partisans-et-sympathisants-a-soutenir-ouattara\\\/\"]}]},{\"@type\":\"ImageObject\",\"inLanguage\":\"fr-FR\",\"@id\":\"https:\\\/\\\/www.amanien.info\\\/news\\\/a-3-jours-de-la-presidentielle-lex-pro-guillaume-soro-soro-kanigui-appelle-ses-partisans-et-sympathisants-a-soutenir-ouattara\\\/#primaryimage\",\"url\":\"https:\\\/\\\/www.amanien.info\\\/news\\\/wp-content\\\/uploads\\\/2020\\\/10\\\/thumbnail-7.png\",\"contentUrl\":\"https:\\\/\\\/www.amanien.info\\\/news\\\/wp-content\\\/uploads\\\/2020\\\/10\\\/thumbnail-7.png\",\"width\":720,\"height\":480},{\"@type\":\"BreadcrumbList\",\"@id\":\"https:\\\/\\\/www.amanien.info\\\/news\\\/a-3-jours-de-la-presidentielle-lex-pro-guillaume-soro-soro-kanigui-appelle-ses-partisans-et-sympathisants-a-soutenir-ouattara\\\/#breadcrumb\",\"itemListElement\":[{\"@type\":\"ListItem\",\"position\":1,\"name\":\"Accueil\",\"item\":\"https:\\\/\\\/www.amanien.info\\\/news\\\/\"},{\"@type\":\"ListItem\",\"position\":2,\"name\":\"A 3 jours de la pr\u00e9sidentielle, L&rsquo;ex-pro Guillaume Soro, Soro Kanigui appelle ses partisans et sympathisants \u00e0 soutenir Ouattara\"}]},{\"@type\":\"WebSite\",\"@id\":\"https:\\\/\\\/www.amanien.info\\\/news\\\/#website\",\"url\":\"https:\\\/\\\/www.amanien.info\\\/news\\\/\",\"name\":\"Amanien| L&#039;actualit\u00e9 Ivoirienne et Internationale\",\"description\":\"L&#039;actualit\u00e9 Ivoirienne et Internationale\",\"potentialAction\":[{\"@type\":\"SearchAction\",\"target\":{\"@type\":\"EntryPoint\",\"urlTemplate\":\"https:\\\/\\\/www.amanien.info\\\/news\\\/?s={search_term_string}\"},\"query-input\":{\"@type\":\"PropertyValueSpecification\",\"valueRequired\":true,\"valueName\":\"search_term_string\"}}],\"inLanguage\":\"fr-FR\"},{\"@type\":\"Person\",\"@id\":\"https:\\\/\\\/www.amanien.info\\\/news\\\/#\\\/schema\\\/person\\\/b21093345753a1a98242d505bd894f42\",\"name\":\"Germain Ndri\",\"url\":\"https:\\\/\\\/www.amanien.info\\\/news\\\/author\\\/amanien-infos\\\/\"}]}<\/script>\n<!-- \/ Yoast SEO plugin. -->","yoast_head_json":{"title":"A 3 jours de la pr\u00e9sidentielle, L'ex-pro Guillaume Soro, Soro Kanigui appelle ses partisans et sympathisants \u00e0 soutenir Ouattara - Amanien| L&#039;actualit\u00e9 Ivoirienne et Internationale","robots":{"index":"index","follow":"follow","max-snippet":"max-snippet:-1","max-image-preview":"max-image-preview:large","max-video-preview":"max-video-preview:-1"},"canonical":"https:\/\/www.amanien.info\/news\/a-3-jours-de-la-presidentielle-lex-pro-guillaume-soro-soro-kanigui-appelle-ses-partisans-et-sympathisants-a-soutenir-ouattara\/","og_locale":"fr_FR","og_type":"article","og_title":"A 3 jours de la pr\u00e9sidentielle, L'ex-pro Guillaume Soro, Soro Kanigui appelle ses partisans et sympathisants \u00e0 soutenir Ouattara - Amanien| L&#039;actualit\u00e9 Ivoirienne et Internationale","og_description":"\u00ab\u00a0Je sors de prison et c&rsquo;est de la prison que je sors pour dire qu&rsquo;il faut soutenir Alassane Ouattara (&#8230;). Dites au pr\u00e9sident que le Raci soutient son mandat\u00ab\u00a0a d\u00e9clar\u00e9 le d\u00e9put\u00e9 Soro Kanigui, Pr\u00e9sident de Rassemblement pour la C\u00f4te d&rsquo;Ivoire (RACI). C&rsquo;\u00e9tait au cours d&rsquo;une conf\u00e9rence de presse qu&rsquo;il a anim\u00e9e ce mardi, 27 [&hellip;]","og_url":"https:\/\/www.amanien.info\/news\/a-3-jours-de-la-presidentielle-lex-pro-guillaume-soro-soro-kanigui-appelle-ses-partisans-et-sympathisants-a-soutenir-ouattara\/","og_site_name":"Amanien| L&#039;actualit\u00e9 Ivoirienne et Internationale","article_published_time":"2020-10-29T11:23:09+00:00","article_modified_time":"2020-10-29T11:23:31+00:00","og_image":[{"width":720,"height":480,"url":"https:\/\/www.amanien.info\/news\/wp-content\/uploads\/2020\/10\/thumbnail-7.png","type":"image\/png"}],"author":"Germain Ndri","twitter_card":"summary_large_image","twitter_misc":{"\u00c9crit par":"Germain Ndri","Dur\u00e9e de lecture estim\u00e9e":"1 minute"},"schema":{"@context":"https:\/\/schema.org","@graph":[{"@type":"Article","@id":"https:\/\/www.amanien.info\/news\/a-3-jours-de-la-presidentielle-lex-pro-guillaume-soro-soro-kanigui-appelle-ses-partisans-et-sympathisants-a-soutenir-ouattara\/#article","isPartOf":{"@id":"https:\/\/www.amanien.info\/news\/a-3-jours-de-la-presidentielle-lex-pro-guillaume-soro-soro-kanigui-appelle-ses-partisans-et-sympathisants-a-soutenir-ouattara\/"},"author":{"name":"Germain Ndri","@id":"https:\/\/www.amanien.info\/news\/#\/schema\/person\/b21093345753a1a98242d505bd894f42"},"headline":"A 3 jours de la pr\u00e9sidentielle, L&rsquo;ex-pro Guillaume Soro, Soro Kanigui appelle ses partisans et sympathisants \u00e0 soutenir Ouattara","datePublished":"2020-10-29T11:23:09+00:00","dateModified":"2020-10-29T11:23:31+00:00","mainEntityOfPage":{"@id":"https:\/\/www.amanien.info\/news\/a-3-jours-de-la-presidentielle-lex-pro-guillaume-soro-soro-kanigui-appelle-ses-partisans-et-sympathisants-a-soutenir-ouattara\/"},"wordCount":324,"commentCount":0,"image":{"@id":"https:\/\/www.amanien.info\/news\/a-3-jours-de-la-presidentielle-lex-pro-guillaume-soro-soro-kanigui-appelle-ses-partisans-et-sympathisants-a-soutenir-ouattara\/#primaryimage"},"thumbnailUrl":"https:\/\/www.amanien.info\/news\/wp-content\/uploads\/2020\/10\/thumbnail-7.png","inLanguage":"fr-FR"},{"@type":"WebPage","@id":"https:\/\/www.amanien.info\/news\/a-3-jours-de-la-presidentielle-lex-pro-guillaume-soro-soro-kanigui-appelle-ses-partisans-et-sympathisants-a-soutenir-ouattara\/","url":"https:\/\/www.amanien.info\/news\/a-3-jours-de-la-presidentielle-lex-pro-guillaume-soro-soro-kanigui-appelle-ses-partisans-et-sympathisants-a-soutenir-ouattara\/","name":"A 3 jours de la pr\u00e9sidentielle, L'ex-pro Guillaume Soro, Soro Kanigui appelle ses partisans et sympathisants \u00e0 soutenir Ouattara - Amanien| L&#039;actualit\u00e9 Ivoirienne et Internationale","isPartOf":{"@id":"https:\/\/www.amanien.info\/news\/#website"},"primaryImageOfPage":{"@id":"https:\/\/www.amanien.info\/news\/a-3-jours-de-la-presidentielle-lex-pro-guillaume-soro-soro-kanigui-appelle-ses-partisans-et-sympathisants-a-soutenir-ouattara\/#primaryimage"},"image":{"@id":"https:\/\/www.amanien.info\/news\/a-3-jours-de-la-presidentielle-lex-pro-guillaume-soro-soro-kanigui-appelle-ses-partisans-et-sympathisants-a-soutenir-ouattara\/#primaryimage"},"thumbnailUrl":"https:\/\/www.amanien.info\/news\/wp-content\/uploads\/2020\/10\/thumbnail-7.png","datePublished":"2020-10-29T11:23:09+00:00","dateModified":"2020-10-29T11:23:31+00:00","author":{"@id":"https:\/\/www.amanien.info\/news\/#\/schema\/person\/b21093345753a1a98242d505bd894f42"},"breadcrumb":{"@id":"https:\/\/www.amanien.info\/news\/a-3-jours-de-la-presidentielle-lex-pro-guillaume-soro-soro-kanigui-appelle-ses-partisans-et-sympathisants-a-soutenir-ouattara\/#breadcrumb"},"inLanguage":"fr-FR","potentialAction":[{"@type":"ReadAction","target":["https:\/\/www.amanien.info\/news\/a-3-jours-de-la-presidentielle-lex-pro-guillaume-soro-soro-kanigui-appelle-ses-partisans-et-sympathisants-a-soutenir-ouattara\/"]}]},{"@type":"ImageObject","inLanguage":"fr-FR","@id":"https:\/\/www.amanien.info\/news\/a-3-jours-de-la-presidentielle-lex-pro-guillaume-soro-soro-kanigui-appelle-ses-partisans-et-sympathisants-a-soutenir-ouattara\/#primaryimage","url":"https:\/\/www.amanien.info\/news\/wp-content\/uploads\/2020\/10\/thumbnail-7.png","contentUrl":"https:\/\/www.amanien.info\/news\/wp-content\/uploads\/2020\/10\/thumbnail-7.png","width":720,"height":480},{"@type":"BreadcrumbList","@id":"https:\/\/www.amanien.info\/news\/a-3-jours-de-la-presidentielle-lex-pro-guillaume-soro-soro-kanigui-appelle-ses-partisans-et-sympathisants-a-soutenir-ouattara\/#breadcrumb","itemListElement":[{"@type":"ListItem","position":1,"name":"Accueil","item":"https:\/\/www.amanien.info\/news\/"},{"@type":"ListItem","position":2,"name":"A 3 jours de la pr\u00e9sidentielle, L&rsquo;ex-pro Guillaume Soro, Soro Kanigui appelle ses partisans et sympathisants \u00e0 soutenir Ouattara"}]},{"@type":"WebSite","@id":"https:\/\/www.amanien.info\/news\/#website","url":"https:\/\/www.amanien.info\/news\/","name":"Amanien| L&#039;actualit\u00e9 Ivoirienne et Internationale","description":"L&#039;actualit\u00e9 Ivoirienne et Internationale","potentialAction":[{"@type":"SearchAction","target":{"@type":"EntryPoint","urlTemplate":"https:\/\/www.amanien.info\/news\/?s={search_term_string}"},"query-input":{"@type":"PropertyValueSpecification","valueRequired":true,"valueName":"search_term_string"}}],"inLanguage":"fr-FR"},{"@type":"Person","@id":"https:\/\/www.amanien.info\/news\/#\/schema\/person\/b21093345753a1a98242d505bd894f42","name":"Germain Ndri","url":"https:\/\/www.amanien.info\/news\/author\/amanien-infos\/"}]}},"_links":{"self":[{"href":"https:\/\/www.amanien.info\/news\/wp-json\/wp\/v2\/posts\/2004","targetHints":{"allow":["GET"]}}],"collection":[{"href":"https:\/\/www.amanien.info\/news\/wp-json\/wp\/v2\/posts"}],"about":[{"href":"https:\/\/www.amanien.info\/news\/wp-json\/wp\/v2\/types\/post"}],"author":[{"embeddable":true,"href":"https:\/\/www.amanien.info\/news\/wp-json\/wp\/v2\/users\/2"}],"replies":[{"embeddable":true,"href":"https:\/\/www.amanien.info\/news\/wp-json\/wp\/v2\/comments?post=2004"}],"version-history":[{"count":0,"href":"https:\/\/www.amanien.info\/news\/wp-json\/wp\/v2\/posts\/2004\/revisions"}],"wp:featuredmedia":[{"embeddable":true,"href":"https:\/\/www.amanien.info\/news\/wp-json\/wp\/v2\/media\/2005"}],"wp:attachment":[{"href":"https:\/\/www.amanien.info\/news\/wp-json\/wp\/v2\/media?parent=2004"}],"wp:term":[{"taxonomy":"category","embeddable":true,"href":"https:\/\/www.amanien.info\/news\/wp-json\/wp\/v2\/categories?post=2004"},{"taxonomy":"post_tag","embeddable":true,"href":"https:\/\/www.amanien.info\/news\/wp-json\/wp\/v2\/tags?post=2004"}],"curies":[{"name":"wp","href":"https:\/\/api.w.org\/{rel}","templated":true}]}}