{"id":1970,"date":"2020-10-23T09:55:35","date_gmt":"2020-10-23T07:55:35","guid":{"rendered":"http:\/\/https:\/\/zozo.buyee.jp\/\/news\/?p=1970"},"modified":"2020-10-23T09:55:58","modified_gmt":"2020-10-23T07:55:58","slug":"interview-avec-pr-adoubi-innocent-chef-de-service-cancerologie-au-chu-de-treichville-et-directeur-coordonnateur-du-programme-national-de-lutte-contre-le-cancer-pnlca","status":"publish","type":"post","link":"https:\/\/www.amanien.info\/news\/interview-avec-pr-adoubi-innocent-chef-de-service-cancerologie-au-chu-de-treichville-et-directeur-coordonnateur-du-programme-national-de-lutte-contre-le-cancer-pnlca\/","title":{"rendered":"Interview avec Pr ADOUBI INNOCENT (Chef de service canc\u00e9rologie au CHU de Treichville et Directeur-coordonnateur du Programme National de Lutte contre le Cancer (PNLCa)"},"content":{"rendered":"<div class=\"I_52qC D_FY W_6D6F\" data-test-id=\"message-view-body\">\n<div class=\"msg-body P_wpofO mq_AS\" data-test-id=\"message-view-body-content\">\n<div class=\"jb_0 X_6MGW N_6Fd5\">\n<div>\n<div id=\"yiv4005411758\">\n<div dir=\"ltr\">\n<div dir=\"ltr\">\n<div dir=\"ltr\">\n<div dir=\"ltr\">\n<div dir=\"ltr\">\n<div dir=\"ltr\">\n<div dir=\"ltr\">\n<div dir=\"ltr\">\n<div dir=\"ltr\">\n<div dir=\"ltr\">\n<div dir=\"ltr\">\n<p class=\"yiv4005411758MsoNormal\"><b>Pr ADOUBI INNOCENT (Chef de service canc\u00e9rologie au CHU de Treichville et Directeur-coordonnateur du Programme National de Lutte contre le Cancer (PNLCa)\u00a0: \u00ab\u00a0Les moyens de traitement du cancer se d\u00e9veloppent. Il n\u2019y a vraiment aucun souci dans les ann\u00e9es \u00e0 venir. Avec des Ressources Humaines qualifi\u00e9es, avec une meilleure \u00a0compr\u00e9hension \u00a0de \u00a0\u00a0la maladie\u00a0 au niveau\u00a0 diagnostic \u00a0et \u00a0th\u00e9rapeutique, on peut arriver \u00e0 gu\u00e9rir le cancer\u00a0\u00bb.\u00a0\u00a0\u00a0 <\/b><\/p>\n<p class=\"yiv4005411758MsoNormal\">\n<p class=\"yiv4005411758MsoNormal\"><i>\u00a0\u00a0\u00a0\u00a0\u00a0\u00a0\u00a0 Dans cet entretien, le sp\u00e9cialiste de la canc\u00e9rologie, Pr ADOUBI Innocent, donne les signes annonceurs, les diff\u00e9rents facteurs de risque, les cons\u00e9quences \u00a0\u00a0des cancers du col de l\u2019ut\u00e9rus et du sein. Il pr\u00e9conise \u00e9galement le d\u00e9pistage pr\u00e9coce du cancer et sensibilise les populations sur cette pathologie.<\/i><\/p>\n<p class=\"yiv4005411758MsoNormal\"><b><i>\u00a0<\/i><\/b><\/p>\n<p class=\"yiv4005411758MsoNormal\"><b>\u00a0Q : Pouvez-vous nous dire ce qu\u2019est le cancer, en g\u00e9n\u00e9ral\u00a0?<\/b><\/p>\n<p class=\"yiv4005411758MsoNormal\"><b>Pr ADOUBI:<\/b> Le cancer c\u2019est une maladie de la cellule c\u2019est-\u00e0-dire une maladie qui se caract\u00e9rise par la multiplication des cellules de mani\u00e8re anarchique, ne respectant plus les r\u00e8gles de l\u2019\u00e9quilibre de l\u2019organisme et qui ont cette capacit\u00e9 d\u2019agresser l\u2019organe o\u00f9 naissent ces cellules. Elles ont surtout cette capacit\u00e9 d\u2019envahir tout l\u2019organisme \u00e0 travers les vaisseaux sanguins. Le cancer touche pr\u00e8s de 12 millions de nouveaux cas par an avec 6 \u00e0 7 millions de d\u00e9c\u00e8s.<\/p>\n<p class=\"yiv4005411758MsoNormal\">\u00a0Q\u00a0<b>: Pouvez-vous nous d\u00e9finir particuli\u00e8rement le cancer du col de l\u2019ut\u00e9rus et celui du sein?<\/b><\/p>\n<p class=\"yiv4005411758MsoNormal\"><b>\u00a0Pr ADOUBI\u00a0: <\/b>Vous savez que l\u2019ut\u00e9rus c\u2019est un organe f\u00e9minin qui se pr\u00e9sente plus ou moins comme une poire renvers\u00e9e. Le col de l\u2019ut\u00e9rus constitue la grande partie qui tombe dans le vagin. Le cancer du col de l\u2019ut\u00e9rus est la multiplication des cellules de fa\u00e7on anarchique au niveau du col de l\u2019ut\u00e9rus. Ce ph\u00e9nom\u00e8ne de multiplication se caract\u00e9rise souvent par des saignements vaginaux, des pertes naus\u00e9abondes, etc. Donc c\u2019est un cancer qui est facilement d\u00e9tectable parce qu\u2019il suffit de mettre un \u00ab\u00a0speculum\u00a0\u00bb pour s\u2019en rendre compte. Et le cancer du col de l\u2019ut\u00e9rus, c\u2019est le deuxi\u00e8me<sup>\u00a0 <\/sup>cas de cancer en C\u00f4te d\u2019Ivoire.<\/p>\n<p class=\"yiv4005411758MsoNormal\">\n<p class=\"yiv4005411758MsoNormal\"><b>Q : Maintenant, qu\u2019en est-il du le cancer du sein\u00a0?<\/b><\/p>\n<p class=\"yiv4005411758MsoNormal\"><b>Pr ADOUBI\u00a0: <\/b>Le cancer du sein quant \u00e0\u00a0 lui, est un cancer qu\u2019on voit souvent chez les femmes qui cumulent un \u00e2ge qui tourne autour de 40 \u00e0 45 ans. C\u2019est un cancer qui est tr\u00e8s redoutable parce qu\u2019il est capable de donner des \u00ab\u00a0m\u00e9tastases\u00bb s\u2019il n\u2019est pas diagnostiqu\u00e9\u00a0\u00a0 t\u00f4t. Ces m\u00e9tastases se caract\u00e9risent bien s\u00fbr par la prolif\u00e9ration des cellules au sein du sang, capables de donner des tumeurs qui vont finir par envahir l\u2019organisme.<\/p>\n<p class=\"yiv4005411758MsoNormal\"><b>Q : Combien de types de cancer existe-t-il\u00a0?<\/b><\/p>\n<p class=\"yiv4005411758MsoNormal\">\u00a0<b>Pr ADOUBI\u00a0:<\/b> Il existe une centaine de type de cancer. Tous les organes peuvent \u00eatre atteints par le cancer. Le cancer du col de l\u2019ut\u00e9rus\u00a0 et le cancer du sein font partie des cancers les plus fr\u00e9quents chez la femme. Sinon, de mani\u00e8re g\u00e9n\u00e9rale, le cancer peut atteindre tous les organes. On distingue plusieurs types de cancer. Alors, il faut savoir que les cancers les plus fr\u00e9quents, \u00e0 part le cancer du col de l\u2019ut\u00e9rus et le cancer du sein chez la\u00a0 femme, il y a le cancer du poumon, le cancer de la prostate, le cancer du foie, le cancer de l\u2019estomac, le cancer de la vessie. Ce sont les cancers les plus vus dans le monde.<\/p>\n<p class=\"yiv4005411758MsoNormal\">\u00a0<b>Q\u00a0<\/b>:<b> Le kyste est-il un signe du cancer\u00a0?\u00a0<\/b><\/p>\n<p class=\"yiv4005411758MsoNormal\"><b>Pr ADOUBI\u00a0:<\/b> Non, le kyste n\u2019est\u00a0 pas forc\u00e9ment un signe du cancer. Bien vrai qu\u2019il peut avoir des kystes canc\u00e9reux. Mais le kyste, en fait, c\u2019est la formation d\u2019une boule avec \u00e0 l\u2019int\u00e9rieur un liquide. C\u2019est\u00a0 souvent des structures qui sont\u00a0 b\u00e9nignes.<\/p>\n<p class=\"yiv4005411758MsoNormal\"><b>Q\u00a0<\/b>: <b>Quelles sont les causes du cancer\u00a0?<\/b><\/p>\n<p class=\"yiv4005411758MsoNormal\"><b>Pr ADOUBI\u00a0: <\/b>Les causes du cancer sont multiples. D\u2019abord, il y a le vieillissement. Parce que, plus on prend de l\u2019\u00e2ge, plus le contr\u00f4le des m\u00e9canismes de r\u00e9gulation de l\u2019organisme ne\u00a0 fonctionne pas comme il le faut. Donc les cellules peuvent se mettre \u00e0 devenir assez folles pour constituer des groupements de cellules anormales. Mais il y aussi des facteurs qui peuvent influencer n\u00e9gativement notre organisme, \u00e0 savoir le tabagisme, l\u2019alcool, une alimentation d\u00e9s\u00e9quilibr\u00e9e (trop riche en calorie), la s\u00e9dentarit\u00e9 qui est \u00e9galement l\u2019une des causes du cancer. Par ailleurs, il faut ajouter\u00a0 l\u2019exposition aux produits chimiques\u00a0 ou \u00e0 un environnement pollu\u00e9. Donc, tous ces \u00e9l\u00e9ments\u00a0 peuvent \u00a0\u00eatre consid\u00e9r\u00e9s comme des facteurs de risques du cancer, en g\u00e9n\u00e9ral.<\/p>\n<p class=\"yiv4005411758MsoNormal\"><b>Q<\/b> :<b> Vous venez de donner les causes du cancer en g\u00e9n\u00e9ral. Mais prenons le cas du cancer du col de l\u2019ut\u00e9rus en particulier. Quelles en sont les causes\u00a0? <\/b><\/p>\n<p class=\"yiv4005411758MsoNormal\"><b>Pr ADOUBI\u00a0:<\/b> Le cancer du col de l\u2019ut\u00e9rus est caus\u00e9 par un agent viral qu\u2019on appelle le Papillomavirus Humain (PVH). C\u2019est un virus qui est transmis sexuellement comme le VIH et qui est capable de transformer le col de l\u2019ut\u00e9rus de mani\u00e8re n\u00e9gative et entra\u00eener une prolif\u00e9ration \u00e0 son niveau avec possibilit\u00e9 de transformation en tumeur. Donc\u00a0 c\u2019est l\u2019agent causal du cancer du col de l\u2019ut\u00e9rus. C\u2019est un virus qui est transmis par voie sexuelle.<\/p>\n<p class=\"yiv4005411758MsoNormal\"><b>Q :<\/b> <b>Est-ce qu\u2019il est recommand\u00e9 aux femmes\u00a0 de faire des toilettes r\u00e9p\u00e9t\u00e9es ou de laver plusieurs fois la partie intime\u00a0?<\/b><\/p>\n<p class=\"yiv4005411758MsoNormal\"><b>\u00a0Pr ADOUBI\u00a0:<\/b> Disons\u00a0 que les toilettes r\u00e9p\u00e9t\u00e9es favorisent plut\u00f4t les infections bact\u00e9rielles. Mais, Les toilettes r\u00e9p\u00e9t\u00e9es ne sont pas directement li\u00e9es\u00a0 au cancer du col.\u00a0 Le cancer du col de l\u2019ut\u00e9rus, c\u2019est un virus qui agit sur le col de l\u2019ut\u00e9rus et qui est transmis sexuellement. Les toilettes\u00a0 vaginales n\u2019ont aucune influence sur le virus.<\/p>\n<p class=\"yiv4005411758MsoNormal\"><b>\u00a0Q<\/b>\u00a0:<b> Quelles sont les cons\u00e9quences du cancer de fa\u00e7on g\u00e9n\u00e9rale ?<\/b><\/p>\n<p class=\"yiv4005411758MsoNormal\"><b>Pr ADOUBI\u00a0:<\/b> Le cancer c\u2019est une maladie insidieuse qui \u00e9volue lentement.\u00a0 Il peut\u00a0 mettre 10 \u00e0 15 ans avant\u00a0 de para\u00eetre. Le probl\u00e8me du cancer c\u2019est son diagnostic pr\u00e9coce. Et ce diagnostic pr\u00e9coce, nous l\u2019avons gr\u00e2ce \u00e0 la technologie. Les moyens de traitement se d\u00e9veloppent. Il n\u2019y aura vraiment aucun souci dans les ann\u00e9es \u00e0 venir. Avec des ressources humaines\u00a0 qualifi\u00e9es, une meilleure compr\u00e9hension de la maladie, surtout au niveau diagnostic et th\u00e9rapeutique, l\u2019on peut arriver \u00e0 gu\u00e9rir totalement le cancer.<\/p>\n<p class=\"yiv4005411758MsoNormal\"><b>Q<\/b> :<b> Pouvez-vous nous donner quelques chiffres au niveau du cancer du col de l\u2019ut\u00e9rus et du cancer du sein?<\/b><\/p>\n<p class=\"yiv4005411758MsoNormal\"><b>\u00a0Pr ADOUBI:<\/b> Au niveau du registre du cancer d\u2019Abidjan qui donne les statistiques \u00e9pid\u00e9miologiques, le cancer du sein repr\u00e9sente environ 38% pour 100.000 habitants en terme d\u2019incidence et le cancer du col\u00a0 de l\u2019ut\u00e9rus est autour de 30 \u00e0 31 % pour 100.000 habitants. On observe de plus en plus des cancers du col de l\u2019ut\u00e9rus \u00e0\u00a0 des stades de d\u00e9but. Et une am\u00e9lioration de la prise en charge du cancer du col de l\u2019ut\u00e9rus fera qu\u2019on verra\u00a0 de moins en moins de cancer du col de l\u2019ut\u00e9rus dans les ann\u00e9es \u00e0 venir si bien s\u00fbr des projets de mise en place des sites et d\u2019activit\u00e9s de sites\u00a0 continuent d\u2019\u00eatre aussi performants. Donc, si ces actions sont bien coordonn\u00e9es nous pouvons \u00eatre s\u00fbr que \u00a0le cancer du col de l\u2019ut\u00e9rus va continuer de baisser.<\/p>\n<p class=\"yiv4005411758MsoNormal\"><b>Q : Vous avez parl\u00e9 tout \u00e0 l\u2019heure du d\u00e9pistage pr\u00e9coce du cancer du sein. Les jeunes filles de moins de\u00a0 18 ou 20 ans \u00a0doivent-elles aussi faire le d\u00e9pistage pr\u00e9coce? <\/b><\/p>\n<p class=\"yiv4005411758MsoNormal\"><b>Pr ADOUBI:<\/b> Il s\u2019agit d\u2019un certain nombre de cas tr\u00e8s limit\u00e9s.\u00a0 Les filles de moins de 20 ans qui ont ce cancer ont une proportion tr\u00e8s faible.\u00a0 Ce sont des choses qui arrivent mais ce n\u2019est pas la grande fr\u00e9quence. La grande fr\u00e9quence c\u2019est autour de 45 ans.<\/p>\n<p class=\"yiv4005411758MsoNormal\"><b>Q : Qu\u2019en est-il du cancer du col de l\u2019ut\u00e9rus?<\/b><\/p>\n<p class=\"yiv4005411758MsoNormal\"><b>Pr ADOUBI:<\/b> Le cancer du col de l\u2019ut\u00e9rus est une maladie sexuellement transmissible. Donc les rapports sexuels pr\u00e9coces avant l\u2019\u00e2ge de 13 ans constituent aussi les facteurs de risque du cancer du col de l\u2019ut\u00e9rus surtout s\u2019il y a eu une infection virale qui est en dessous. C\u2019est pourquoi on pr\u00e9conise l\u2019information et la sensibilisation des jeunes filles sur l\u2019abstinence sexuelle parce que les rapports sexuels pr\u00e9coces fragilisent le col de l\u2019ut\u00e9rus.\u00a0 Et le cancer du col de l\u2019ut\u00e9rus peut survenir plus tard, surtout s\u2019il y a une infection\u00a0 associ\u00e9e.<\/p>\n<p class=\"yiv4005411758MsoNormal\"><b>Q : A quel moment parle-t-on de rapports sexuels pr\u00e9coces\u00a0? <\/b><\/p>\n<p class=\"yiv4005411758MsoNormal\"><b>Pr ADOUBI:<\/b> On parle de rapports sexuels pr\u00e9coces lorsqu\u2019ils sont faits avant l\u2019\u00e2ge de 16 ans. Quand on regarde les femmes qui ont eu le cancer du col de l\u2019ut\u00e9rus, il y\u00a0 a certaines qui ont eu leurs premiers rapports sexuels \u00e0 l\u2019\u00e2ge de 12 ans. Donc toutes les \u00e9tudes ont montr\u00e9 que les rapports sexuels pr\u00e9coces sont aussi des facteurs de risque du cancer du col de l\u2019ut\u00e9rus.<\/p>\n<p class=\"yiv4005411758MsoNormal\"><b>Q : Comment peut-on pr\u00e9venir le cancer du col de l\u2019ut\u00e9rus en\u00a0 particulier? <\/b><\/p>\n<p class=\"yiv4005411758MsoNormal\"><b>Pr ADOUBI:<\/b> La pr\u00e9vention du cancer du col de l\u2019ut\u00e9rus, passe par le port du pr\u00e9servatif et\/ou la vaccination. Aujourd\u2019hui, une jeune fille de neuf ans peut se faire vacciner contre le cancer du col de l\u2019ut\u00e9rus c\u2019est-\u00e0-dire \u00a0se faire vacciner contre le virus qui est responsable du cancer du col de l\u2019ut\u00e9rus qu\u2019on appelle le papillomavirus. Le deuxi\u00e8me \u00e9l\u00e9ment important est que toute femme qui est d\u00e9j\u00e0 en activit\u00e9 sexuelle, \u00e0 partir de 18 ans ou 20 ans, doit pouvoir consulter un m\u00e9decin (gyn\u00e9cologue) chaque ann\u00e9e pour examiner le col de l\u2019ut\u00e9rus. C\u2019est en ce moment-l\u00e0 qu\u2019on pourra d\u00e9couvrir des l\u00e9sions qui peuvent \u00eatre suspectes et les traiter avant que le cancer n\u2019apparaisse. Il est bien de savoir que toute femme qui est en activit\u00e9 sexuelle peut \u00eatre une femme qui a un risque de d\u00e9velopper un cancer du col. Donc il faut qu\u2019elle puisse consulter r\u00e9guli\u00e8rement son gyn\u00e9cologue pour pouvoir faire l\u2019\u00e9tat des lieux par rapport au col de l\u2019ut\u00e9rus.<\/p>\n<p class=\"yiv4005411758MsoNormal\"><b>Q : Comment peut-on pr\u00e9venir le cancer de fa\u00e7on g\u00e9n\u00e9rale?<\/b><\/p>\n<p class=\"yiv4005411758MsoNormal\"><b>Pr ADOUBI:<\/b> Il y a des cancers qui sont \u00e9vitables. Mais il y a des cancers aussi qu\u2019on ne peut pas \u00e9viter parce qu\u2019on ne conna\u00eet pas les origines et autres. La pr\u00e9vention est d\u2019abord primaire c\u2019est-\u00e0-dire qu\u2019il y a des actes \u00a0\u00e0 supprimer pour \u00a0\u00e9viter le cancer. C\u2019est le cas du tabagisme, \u00a0de l\u2019alcoolisme ou d\u2019une alimentation mal \u00a0\u00e9quilibr\u00e9e. Il faut surtout pratiquer une activit\u00e9\u00a0sportive. Tout \u00e7a peut nous permettre de r\u00e9duire les risques. Mais malheureusement il y a des cancers qu\u2019on ne peut pas \u00e9viter. Ce sont les cancers d\u2019origine g\u00e9n\u00e9tique, qu\u2019on ne peut pas \u00e9viter en tant que tel. L\u2019important, c\u2019est de pouvoir faire des consultations r\u00e9guli\u00e8res. L\u2019esprit de faire un\u00a0\u00ab\u00a0 check off\u00a0\u00bb tous les deux ans ou chaque ann\u00e9e par rapport \u00e0 soi-m\u00eame et surtout faire attention \u00e0 son corps. Il faut voir s&rsquo;il n&rsquo;y a pas de tumeur, des h\u00e9morragies,\u00a0 des troubles qui persistent au niveau digestif ou au niveau urinaire. Tous ces signes doivent nous conduire \u00a0\u00e0 consulter un m\u00e9decin. M\u00eame, en absence de ces signes, il faut se consulter souvent. Donc c\u2019est pour vous dire qu\u2019il n\u2019y a pas de signe particulier. Seul le d\u00e9pistage peut permettre de d\u00e9couvrir un cancer pendant que le diagnostic ne pr\u00e9sente \u00a0pas de signe particulier. En fait, c\u2019est une fa\u00e7on de d\u00e9tecter\u00a0 pr\u00e9cocement\u00a0 la maladie. Le diagnostic pr\u00e9coce consiste \u00e0 d\u00e9tecter des signes d\u00e8s le d\u00e9but. C&rsquo;est-\u00e0-dire au moins deux mois avant que le patient ne parte \u00e0 la\u00a0 consultation. La plupart du temps, ce sont des cancers qui ne sont pas avanc\u00e9s. On peut proposer donc des traitements efficaces.<\/p>\n<p class=\"yiv4005411758MsoNormal\">En d\u00e9finitif, il faut dire que si 50 % des cancers peuvent \u00eatre \u00e9vit\u00e9s, 80 %\u00a0 des cancers peuvent \u00eatre trait\u00e9s correctement s\u2019ils sont diagnostiqu\u00e9s t\u00f4t.<\/p>\n<p class=\"yiv4005411758MsoNormal\">\n<p class=\"yiv4005411758MsoNormal\">R\u00e9alis\u00e9e par\u00a0Sunday ALAIN<\/p>\n<\/div>\n<\/div>\n<\/div>\n<\/div>\n<\/div>\n<\/div>\n<\/div>\n<\/div>\n<\/div>\n<\/div>\n<\/div>\n<\/div>\n<\/div>\n<\/div>\n<\/div>\n<div class=\"jb_0 X_6MGW N_6Fd5\"><\/div>\n<\/div>\n<div class=\"H_7jIs D_F ab_C Q_69H5 E_36RhU\" data-test-id=\"toolbar-hover-area\">\n<div class=\"D_F W_6D6F r_BN gl_C\" data-test-id=\"card-toolbar\"><\/div>\n<\/div>\n","protected":false},"excerpt":{"rendered":"<p>Pr ADOUBI INNOCENT (Chef de service canc\u00e9rologie au CHU de Treichville et Directeur-coordonnateur du Programme National de Lutte contre le Cancer (PNLCa)\u00a0: \u00ab\u00a0Les moyens de traitement du cancer se d\u00e9veloppent. Il n\u2019y a vraiment aucun souci dans les ann\u00e9es \u00e0 venir. Avec des Ressources Humaines qualifi\u00e9es, avec une meilleure \u00a0compr\u00e9hension \u00a0de \u00a0\u00a0la maladie\u00a0 au niveau\u00a0 [&hellip;]<\/p>\n","protected":false},"author":2,"featured_media":1972,"comment_status":"open","ping_status":"open","sticky":true,"template":"","format":"standard","meta":{"_acf_changed":false,"footnotes":""},"categories":[],"tags":[],"class_list":["post-1970","post","type-post","status-publish","format-standard","has-post-thumbnail","hentry"],"acf":[],"yoast_head":"<!-- This site is optimized with the Yoast SEO plugin v27.5 - https:\/\/yoast.com\/product\/yoast-seo-wordpress\/ -->\n<title>Interview avec Pr ADOUBI INNOCENT (Chef de service canc\u00e9rologie au CHU de Treichville et Directeur-coordonnateur du Programme National de Lutte contre le Cancer (PNLCa) - Amanien| L&#039;actualit\u00e9 Ivoirienne et Internationale<\/title>\n<meta name=\"robots\" content=\"index, follow, max-snippet:-1, max-image-preview:large, max-video-preview:-1\" \/>\n<link rel=\"canonical\" href=\"https:\/\/www.amanien.info\/news\/interview-avec-pr-adoubi-innocent-chef-de-service-cancerologie-au-chu-de-treichville-et-directeur-coordonnateur-du-programme-national-de-lutte-contre-le-cancer-pnlca\/\" \/>\n<meta property=\"og:locale\" content=\"fr_FR\" \/>\n<meta property=\"og:type\" content=\"article\" \/>\n<meta property=\"og:title\" content=\"Interview avec Pr ADOUBI INNOCENT (Chef de service canc\u00e9rologie au CHU de Treichville et Directeur-coordonnateur du Programme National de Lutte contre le Cancer (PNLCa) - Amanien| L&#039;actualit\u00e9 Ivoirienne et Internationale\" \/>\n<meta property=\"og:description\" content=\"Pr ADOUBI INNOCENT (Chef de service canc\u00e9rologie au CHU de Treichville et Directeur-coordonnateur du Programme National de Lutte contre le Cancer (PNLCa)\u00a0: \u00ab\u00a0Les moyens de traitement du cancer se d\u00e9veloppent. Il n\u2019y a vraiment aucun souci dans les ann\u00e9es \u00e0 venir. Avec des Ressources Humaines qualifi\u00e9es, avec une meilleure \u00a0compr\u00e9hension \u00a0de \u00a0\u00a0la maladie\u00a0 au niveau\u00a0 [&hellip;]\" \/>\n<meta property=\"og:url\" content=\"https:\/\/www.amanien.info\/news\/interview-avec-pr-adoubi-innocent-chef-de-service-cancerologie-au-chu-de-treichville-et-directeur-coordonnateur-du-programme-national-de-lutte-contre-le-cancer-pnlca\/\" \/>\n<meta property=\"og:site_name\" content=\"Amanien| L&#039;actualit\u00e9 Ivoirienne et Internationale\" \/>\n<meta property=\"article:published_time\" content=\"2020-10-23T07:55:35+00:00\" \/>\n<meta property=\"article:modified_time\" content=\"2020-10-23T07:55:58+00:00\" \/>\n<meta property=\"og:image\" content=\"https:\/\/www.amanien.info\/news\/wp-content\/uploads\/2020\/10\/thumbnail1-1.jpg\" \/>\n\t<meta property=\"og:image:width\" content=\"720\" \/>\n\t<meta property=\"og:image:height\" content=\"480\" \/>\n\t<meta property=\"og:image:type\" content=\"image\/jpeg\" \/>\n<meta name=\"author\" content=\"Germain Ndri\" \/>\n<meta name=\"twitter:card\" content=\"summary_large_image\" \/>\n<meta name=\"twitter:label1\" content=\"\u00c9crit par\" \/>\n\t<meta name=\"twitter:data1\" content=\"Germain Ndri\" \/>\n\t<meta name=\"twitter:label2\" content=\"Dur\u00e9e de lecture estim\u00e9e\" \/>\n\t<meta name=\"twitter:data2\" content=\"11 minutes\" \/>\n<script type=\"application\/ld+json\" class=\"yoast-schema-graph\">{\"@context\":\"https:\\\/\\\/schema.org\",\"@graph\":[{\"@type\":\"Article\",\"@id\":\"https:\\\/\\\/www.amanien.info\\\/news\\\/interview-avec-pr-adoubi-innocent-chef-de-service-cancerologie-au-chu-de-treichville-et-directeur-coordonnateur-du-programme-national-de-lutte-contre-le-cancer-pnlca\\\/#article\",\"isPartOf\":{\"@id\":\"https:\\\/\\\/www.amanien.info\\\/news\\\/interview-avec-pr-adoubi-innocent-chef-de-service-cancerologie-au-chu-de-treichville-et-directeur-coordonnateur-du-programme-national-de-lutte-contre-le-cancer-pnlca\\\/\"},\"author\":{\"name\":\"Germain Ndri\",\"@id\":\"https:\\\/\\\/www.amanien.info\\\/news\\\/#\\\/schema\\\/person\\\/b21093345753a1a98242d505bd894f42\"},\"headline\":\"Interview avec Pr ADOUBI INNOCENT (Chef de service canc\u00e9rologie au CHU de Treichville et Directeur-coordonnateur du Programme National de Lutte contre le Cancer (PNLCa)\",\"datePublished\":\"2020-10-23T07:55:35+00:00\",\"dateModified\":\"2020-10-23T07:55:58+00:00\",\"mainEntityOfPage\":{\"@id\":\"https:\\\/\\\/www.amanien.info\\\/news\\\/interview-avec-pr-adoubi-innocent-chef-de-service-cancerologie-au-chu-de-treichville-et-directeur-coordonnateur-du-programme-national-de-lutte-contre-le-cancer-pnlca\\\/\"},\"wordCount\":2169,\"commentCount\":0,\"image\":{\"@id\":\"https:\\\/\\\/www.amanien.info\\\/news\\\/interview-avec-pr-adoubi-innocent-chef-de-service-cancerologie-au-chu-de-treichville-et-directeur-coordonnateur-du-programme-national-de-lutte-contre-le-cancer-pnlca\\\/#primaryimage\"},\"thumbnailUrl\":\"https:\\\/\\\/www.amanien.info\\\/news\\\/wp-content\\\/uploads\\\/2020\\\/10\\\/thumbnail1-1.jpg\",\"inLanguage\":\"fr-FR\"},{\"@type\":\"WebPage\",\"@id\":\"https:\\\/\\\/www.amanien.info\\\/news\\\/interview-avec-pr-adoubi-innocent-chef-de-service-cancerologie-au-chu-de-treichville-et-directeur-coordonnateur-du-programme-national-de-lutte-contre-le-cancer-pnlca\\\/\",\"url\":\"https:\\\/\\\/www.amanien.info\\\/news\\\/interview-avec-pr-adoubi-innocent-chef-de-service-cancerologie-au-chu-de-treichville-et-directeur-coordonnateur-du-programme-national-de-lutte-contre-le-cancer-pnlca\\\/\",\"name\":\"Interview avec Pr ADOUBI INNOCENT (Chef de service canc\u00e9rologie au CHU de Treichville et Directeur-coordonnateur du Programme National de Lutte contre le Cancer (PNLCa) - Amanien| L&#039;actualit\u00e9 Ivoirienne et Internationale\",\"isPartOf\":{\"@id\":\"https:\\\/\\\/www.amanien.info\\\/news\\\/#website\"},\"primaryImageOfPage\":{\"@id\":\"https:\\\/\\\/www.amanien.info\\\/news\\\/interview-avec-pr-adoubi-innocent-chef-de-service-cancerologie-au-chu-de-treichville-et-directeur-coordonnateur-du-programme-national-de-lutte-contre-le-cancer-pnlca\\\/#primaryimage\"},\"image\":{\"@id\":\"https:\\\/\\\/www.amanien.info\\\/news\\\/interview-avec-pr-adoubi-innocent-chef-de-service-cancerologie-au-chu-de-treichville-et-directeur-coordonnateur-du-programme-national-de-lutte-contre-le-cancer-pnlca\\\/#primaryimage\"},\"thumbnailUrl\":\"https:\\\/\\\/www.amanien.info\\\/news\\\/wp-content\\\/uploads\\\/2020\\\/10\\\/thumbnail1-1.jpg\",\"datePublished\":\"2020-10-23T07:55:35+00:00\",\"dateModified\":\"2020-10-23T07:55:58+00:00\",\"author\":{\"@id\":\"https:\\\/\\\/www.amanien.info\\\/news\\\/#\\\/schema\\\/person\\\/b21093345753a1a98242d505bd894f42\"},\"breadcrumb\":{\"@id\":\"https:\\\/\\\/www.amanien.info\\\/news\\\/interview-avec-pr-adoubi-innocent-chef-de-service-cancerologie-au-chu-de-treichville-et-directeur-coordonnateur-du-programme-national-de-lutte-contre-le-cancer-pnlca\\\/#breadcrumb\"},\"inLanguage\":\"fr-FR\",\"potentialAction\":[{\"@type\":\"ReadAction\",\"target\":[\"https:\\\/\\\/www.amanien.info\\\/news\\\/interview-avec-pr-adoubi-innocent-chef-de-service-cancerologie-au-chu-de-treichville-et-directeur-coordonnateur-du-programme-national-de-lutte-contre-le-cancer-pnlca\\\/\"]}]},{\"@type\":\"ImageObject\",\"inLanguage\":\"fr-FR\",\"@id\":\"https:\\\/\\\/www.amanien.info\\\/news\\\/interview-avec-pr-adoubi-innocent-chef-de-service-cancerologie-au-chu-de-treichville-et-directeur-coordonnateur-du-programme-national-de-lutte-contre-le-cancer-pnlca\\\/#primaryimage\",\"url\":\"https:\\\/\\\/www.amanien.info\\\/news\\\/wp-content\\\/uploads\\\/2020\\\/10\\\/thumbnail1-1.jpg\",\"contentUrl\":\"https:\\\/\\\/www.amanien.info\\\/news\\\/wp-content\\\/uploads\\\/2020\\\/10\\\/thumbnail1-1.jpg\",\"width\":720,\"height\":480},{\"@type\":\"BreadcrumbList\",\"@id\":\"https:\\\/\\\/www.amanien.info\\\/news\\\/interview-avec-pr-adoubi-innocent-chef-de-service-cancerologie-au-chu-de-treichville-et-directeur-coordonnateur-du-programme-national-de-lutte-contre-le-cancer-pnlca\\\/#breadcrumb\",\"itemListElement\":[{\"@type\":\"ListItem\",\"position\":1,\"name\":\"Accueil\",\"item\":\"https:\\\/\\\/www.amanien.info\\\/news\\\/\"},{\"@type\":\"ListItem\",\"position\":2,\"name\":\"Interview avec Pr ADOUBI INNOCENT (Chef de service canc\u00e9rologie au CHU de Treichville et Directeur-coordonnateur du Programme National de Lutte contre le Cancer (PNLCa)\"}]},{\"@type\":\"WebSite\",\"@id\":\"https:\\\/\\\/www.amanien.info\\\/news\\\/#website\",\"url\":\"https:\\\/\\\/www.amanien.info\\\/news\\\/\",\"name\":\"Amanien| L&#039;actualit\u00e9 Ivoirienne et Internationale\",\"description\":\"L&#039;actualit\u00e9 Ivoirienne et Internationale\",\"potentialAction\":[{\"@type\":\"SearchAction\",\"target\":{\"@type\":\"EntryPoint\",\"urlTemplate\":\"https:\\\/\\\/www.amanien.info\\\/news\\\/?s={search_term_string}\"},\"query-input\":{\"@type\":\"PropertyValueSpecification\",\"valueRequired\":true,\"valueName\":\"search_term_string\"}}],\"inLanguage\":\"fr-FR\"},{\"@type\":\"Person\",\"@id\":\"https:\\\/\\\/www.amanien.info\\\/news\\\/#\\\/schema\\\/person\\\/b21093345753a1a98242d505bd894f42\",\"name\":\"Germain Ndri\",\"url\":\"https:\\\/\\\/www.amanien.info\\\/news\\\/author\\\/amanien-infos\\\/\"}]}<\/script>\n<!-- \/ Yoast SEO plugin. -->","yoast_head_json":{"title":"Interview avec Pr ADOUBI INNOCENT (Chef de service canc\u00e9rologie au CHU de Treichville et Directeur-coordonnateur du Programme National de Lutte contre le Cancer (PNLCa) - Amanien| L&#039;actualit\u00e9 Ivoirienne et Internationale","robots":{"index":"index","follow":"follow","max-snippet":"max-snippet:-1","max-image-preview":"max-image-preview:large","max-video-preview":"max-video-preview:-1"},"canonical":"https:\/\/www.amanien.info\/news\/interview-avec-pr-adoubi-innocent-chef-de-service-cancerologie-au-chu-de-treichville-et-directeur-coordonnateur-du-programme-national-de-lutte-contre-le-cancer-pnlca\/","og_locale":"fr_FR","og_type":"article","og_title":"Interview avec Pr ADOUBI INNOCENT (Chef de service canc\u00e9rologie au CHU de Treichville et Directeur-coordonnateur du Programme National de Lutte contre le Cancer (PNLCa) - Amanien| L&#039;actualit\u00e9 Ivoirienne et Internationale","og_description":"Pr ADOUBI INNOCENT (Chef de service canc\u00e9rologie au CHU de Treichville et Directeur-coordonnateur du Programme National de Lutte contre le Cancer (PNLCa)\u00a0: \u00ab\u00a0Les moyens de traitement du cancer se d\u00e9veloppent. Il n\u2019y a vraiment aucun souci dans les ann\u00e9es \u00e0 venir. Avec des Ressources Humaines qualifi\u00e9es, avec une meilleure \u00a0compr\u00e9hension \u00a0de \u00a0\u00a0la maladie\u00a0 au niveau\u00a0 [&hellip;]","og_url":"https:\/\/www.amanien.info\/news\/interview-avec-pr-adoubi-innocent-chef-de-service-cancerologie-au-chu-de-treichville-et-directeur-coordonnateur-du-programme-national-de-lutte-contre-le-cancer-pnlca\/","og_site_name":"Amanien| L&#039;actualit\u00e9 Ivoirienne et Internationale","article_published_time":"2020-10-23T07:55:35+00:00","article_modified_time":"2020-10-23T07:55:58+00:00","og_image":[{"width":720,"height":480,"url":"https:\/\/www.amanien.info\/news\/wp-content\/uploads\/2020\/10\/thumbnail1-1.jpg","type":"image\/jpeg"}],"author":"Germain Ndri","twitter_card":"summary_large_image","twitter_misc":{"\u00c9crit par":"Germain Ndri","Dur\u00e9e de lecture estim\u00e9e":"11 minutes"},"schema":{"@context":"https:\/\/schema.org","@graph":[{"@type":"Article","@id":"https:\/\/www.amanien.info\/news\/interview-avec-pr-adoubi-innocent-chef-de-service-cancerologie-au-chu-de-treichville-et-directeur-coordonnateur-du-programme-national-de-lutte-contre-le-cancer-pnlca\/#article","isPartOf":{"@id":"https:\/\/www.amanien.info\/news\/interview-avec-pr-adoubi-innocent-chef-de-service-cancerologie-au-chu-de-treichville-et-directeur-coordonnateur-du-programme-national-de-lutte-contre-le-cancer-pnlca\/"},"author":{"name":"Germain Ndri","@id":"https:\/\/www.amanien.info\/news\/#\/schema\/person\/b21093345753a1a98242d505bd894f42"},"headline":"Interview avec Pr ADOUBI INNOCENT (Chef de service canc\u00e9rologie au CHU de Treichville et Directeur-coordonnateur du Programme National de Lutte contre le Cancer (PNLCa)","datePublished":"2020-10-23T07:55:35+00:00","dateModified":"2020-10-23T07:55:58+00:00","mainEntityOfPage":{"@id":"https:\/\/www.amanien.info\/news\/interview-avec-pr-adoubi-innocent-chef-de-service-cancerologie-au-chu-de-treichville-et-directeur-coordonnateur-du-programme-national-de-lutte-contre-le-cancer-pnlca\/"},"wordCount":2169,"commentCount":0,"image":{"@id":"https:\/\/www.amanien.info\/news\/interview-avec-pr-adoubi-innocent-chef-de-service-cancerologie-au-chu-de-treichville-et-directeur-coordonnateur-du-programme-national-de-lutte-contre-le-cancer-pnlca\/#primaryimage"},"thumbnailUrl":"https:\/\/www.amanien.info\/news\/wp-content\/uploads\/2020\/10\/thumbnail1-1.jpg","inLanguage":"fr-FR"},{"@type":"WebPage","@id":"https:\/\/www.amanien.info\/news\/interview-avec-pr-adoubi-innocent-chef-de-service-cancerologie-au-chu-de-treichville-et-directeur-coordonnateur-du-programme-national-de-lutte-contre-le-cancer-pnlca\/","url":"https:\/\/www.amanien.info\/news\/interview-avec-pr-adoubi-innocent-chef-de-service-cancerologie-au-chu-de-treichville-et-directeur-coordonnateur-du-programme-national-de-lutte-contre-le-cancer-pnlca\/","name":"Interview avec Pr ADOUBI INNOCENT (Chef de service canc\u00e9rologie au CHU de Treichville et Directeur-coordonnateur du Programme National de Lutte contre le Cancer (PNLCa) - Amanien| L&#039;actualit\u00e9 Ivoirienne et Internationale","isPartOf":{"@id":"https:\/\/www.amanien.info\/news\/#website"},"primaryImageOfPage":{"@id":"https:\/\/www.amanien.info\/news\/interview-avec-pr-adoubi-innocent-chef-de-service-cancerologie-au-chu-de-treichville-et-directeur-coordonnateur-du-programme-national-de-lutte-contre-le-cancer-pnlca\/#primaryimage"},"image":{"@id":"https:\/\/www.amanien.info\/news\/interview-avec-pr-adoubi-innocent-chef-de-service-cancerologie-au-chu-de-treichville-et-directeur-coordonnateur-du-programme-national-de-lutte-contre-le-cancer-pnlca\/#primaryimage"},"thumbnailUrl":"https:\/\/www.amanien.info\/news\/wp-content\/uploads\/2020\/10\/thumbnail1-1.jpg","datePublished":"2020-10-23T07:55:35+00:00","dateModified":"2020-10-23T07:55:58+00:00","author":{"@id":"https:\/\/www.amanien.info\/news\/#\/schema\/person\/b21093345753a1a98242d505bd894f42"},"breadcrumb":{"@id":"https:\/\/www.amanien.info\/news\/interview-avec-pr-adoubi-innocent-chef-de-service-cancerologie-au-chu-de-treichville-et-directeur-coordonnateur-du-programme-national-de-lutte-contre-le-cancer-pnlca\/#breadcrumb"},"inLanguage":"fr-FR","potentialAction":[{"@type":"ReadAction","target":["https:\/\/www.amanien.info\/news\/interview-avec-pr-adoubi-innocent-chef-de-service-cancerologie-au-chu-de-treichville-et-directeur-coordonnateur-du-programme-national-de-lutte-contre-le-cancer-pnlca\/"]}]},{"@type":"ImageObject","inLanguage":"fr-FR","@id":"https:\/\/www.amanien.info\/news\/interview-avec-pr-adoubi-innocent-chef-de-service-cancerologie-au-chu-de-treichville-et-directeur-coordonnateur-du-programme-national-de-lutte-contre-le-cancer-pnlca\/#primaryimage","url":"https:\/\/www.amanien.info\/news\/wp-content\/uploads\/2020\/10\/thumbnail1-1.jpg","contentUrl":"https:\/\/www.amanien.info\/news\/wp-content\/uploads\/2020\/10\/thumbnail1-1.jpg","width":720,"height":480},{"@type":"BreadcrumbList","@id":"https:\/\/www.amanien.info\/news\/interview-avec-pr-adoubi-innocent-chef-de-service-cancerologie-au-chu-de-treichville-et-directeur-coordonnateur-du-programme-national-de-lutte-contre-le-cancer-pnlca\/#breadcrumb","itemListElement":[{"@type":"ListItem","position":1,"name":"Accueil","item":"https:\/\/www.amanien.info\/news\/"},{"@type":"ListItem","position":2,"name":"Interview avec Pr ADOUBI INNOCENT (Chef de service canc\u00e9rologie au CHU de Treichville et Directeur-coordonnateur du Programme National de Lutte contre le Cancer (PNLCa)"}]},{"@type":"WebSite","@id":"https:\/\/www.amanien.info\/news\/#website","url":"https:\/\/www.amanien.info\/news\/","name":"Amanien| L&#039;actualit\u00e9 Ivoirienne et Internationale","description":"L&#039;actualit\u00e9 Ivoirienne et Internationale","potentialAction":[{"@type":"SearchAction","target":{"@type":"EntryPoint","urlTemplate":"https:\/\/www.amanien.info\/news\/?s={search_term_string}"},"query-input":{"@type":"PropertyValueSpecification","valueRequired":true,"valueName":"search_term_string"}}],"inLanguage":"fr-FR"},{"@type":"Person","@id":"https:\/\/www.amanien.info\/news\/#\/schema\/person\/b21093345753a1a98242d505bd894f42","name":"Germain Ndri","url":"https:\/\/www.amanien.info\/news\/author\/amanien-infos\/"}]}},"_links":{"self":[{"href":"https:\/\/www.amanien.info\/news\/wp-json\/wp\/v2\/posts\/1970","targetHints":{"allow":["GET"]}}],"collection":[{"href":"https:\/\/www.amanien.info\/news\/wp-json\/wp\/v2\/posts"}],"about":[{"href":"https:\/\/www.amanien.info\/news\/wp-json\/wp\/v2\/types\/post"}],"author":[{"embeddable":true,"href":"https:\/\/www.amanien.info\/news\/wp-json\/wp\/v2\/users\/2"}],"replies":[{"embeddable":true,"href":"https:\/\/www.amanien.info\/news\/wp-json\/wp\/v2\/comments?post=1970"}],"version-history":[{"count":0,"href":"https:\/\/www.amanien.info\/news\/wp-json\/wp\/v2\/posts\/1970\/revisions"}],"wp:featuredmedia":[{"embeddable":true,"href":"https:\/\/www.amanien.info\/news\/wp-json\/wp\/v2\/media\/1972"}],"wp:attachment":[{"href":"https:\/\/www.amanien.info\/news\/wp-json\/wp\/v2\/media?parent=1970"}],"wp:term":[{"taxonomy":"category","embeddable":true,"href":"https:\/\/www.amanien.info\/news\/wp-json\/wp\/v2\/categories?post=1970"},{"taxonomy":"post_tag","embeddable":true,"href":"https:\/\/www.amanien.info\/news\/wp-json\/wp\/v2\/tags?post=1970"}],"curies":[{"name":"wp","href":"https:\/\/api.w.org\/{rel}","templated":true}]}}