{"id":1967,"date":"2020-10-22T10:17:15","date_gmt":"2020-10-22T08:17:15","guid":{"rendered":"http:\/\/https:\/\/zozo.buyee.jp\/\/news\/?p=1967"},"modified":"2020-10-22T10:17:39","modified_gmt":"2020-10-22T08:17:39","slug":"election-presidentielle-en-cote-divoire-voici-la-note-qui-decline-les-propositions-faites-a-lopposition","status":"publish","type":"post","link":"https:\/\/www.amanien.info\/news\/election-presidentielle-en-cote-divoire-voici-la-note-qui-decline-les-propositions-faites-a-lopposition\/","title":{"rendered":"\u00c9lection Pr\u00e9sidentielle en C\u00f4te d&rsquo;ivoire: Voici la note qui d\u00e9cline les propositions faites \u00e0 l&rsquo;opposition"},"content":{"rendered":"<div class=\"kvgmc6g5 cxmmr5t8 oygrvhab hcukyx3x c1et5uql ii04i59q\">\n<div dir=\"auto\">Abidjan, le 21 octobre 2020<\/div>\n<div dir=\"auto\">Cote d&rsquo;Ivoire<\/div>\n<div dir=\"auto\">Le Secr\u00e9taire Executif<\/div>\n<\/div>\n<div class=\"o9v6fnle cxmmr5t8 oygrvhab hcukyx3x c1et5uql ii04i59q\">\n<div dir=\"auto\">A Monsieur le Ministre de l&rsquo;Administration<\/div>\n<div dir=\"auto\">du Territoire et de la D\u00e9centralisation D&rsquo;ABIDJAN<\/div>\n<\/div>\n<div class=\"o9v6fnle cxmmr5t8 oygrvhab hcukyx3x c1et5uql ii04i59q\">\n<div dir=\"auto\">Objet: Rencontre avec les partis politiques<\/div>\n<\/div>\n<div class=\"o9v6fnle cxmmr5t8 oygrvhab hcukyx3x c1et5uql ii04i59q\">\n<div dir=\"auto\">Monsieur le Ministre,<\/div>\n<div dir=\"auto\">Nous accusons r\u00e9ception de votre correspondance<\/div>\n<div dir=\"auto\">N\u00b01180\/MATED\/CAB, relative \u00e0 une rencontre avec les partis politiques dans le cadre de l&rsquo;\u00e9lection pr\u00e9sidentielle du 31 octobre 2020.<\/div>\n<div dir=\"auto\">Dans l&rsquo;attente de la m\u00e9diation engag\u00e9e par la CEDEAO et dont le cadre de discussion est en finalisation, nous d\u00e9clinons notre participation \u00e0 toute rencontre avec le gouvernement se rapportant \u00e0 r&rsquo;\u00e9lection pr\u00e9sidentielle du 31 octobre 2020.<\/div>\n<div dir=\"auto\">Veuillez croire, Monsieur le Ministre, \u00e0 l&rsquo;assurance de ma consid\u00e9ration<\/div>\n<\/div>\n<div class=\"o9v6fnle cxmmr5t8 oygrvhab hcukyx3x c1et5uql ii04i59q\">\n<div dir=\"auto\">Pr. Maurice KAKOU GUIKAHU\u00c9\u00c9<\/div>\n<div dir=\"auto\">Secr\u00e9taire Ex\u00e9cutif du PDCI-RDA<\/div>\n<\/div>\n<p>&nbsp;<\/p>\n","protected":false},"excerpt":{"rendered":"<p>Abidjan, le 21 octobre 2020 Cote d&rsquo;Ivoire Le Secr\u00e9taire Executif A Monsieur le Ministre de l&rsquo;Administration du Territoire et de la D\u00e9centralisation D&rsquo;ABIDJAN Objet: Rencontre avec les partis politiques Monsieur le Ministre, Nous accusons r\u00e9ception de votre correspondance N\u00b01180\/MATED\/CAB, relative \u00e0 une rencontre avec les partis politiques dans le cadre de l&rsquo;\u00e9lection pr\u00e9sidentielle du 31 [&hellip;]<\/p>\n","protected":false},"author":2,"featured_media":1968,"comment_status":"open","ping_status":"open","sticky":true,"template":"","format":"standard","meta":{"_acf_changed":false,"footnotes":""},"categories":[],"tags":[],"class_list":["post-1967","post","type-post","status-publish","format-standard","has-post-thumbnail","hentry"],"acf":[],"yoast_head":"<!-- This site is optimized with the Yoast SEO plugin v27.5 - https:\/\/yoast.com\/product\/yoast-seo-wordpress\/ -->\n<title>\u00c9lection Pr\u00e9sidentielle en C\u00f4te d&#039;ivoire: Voici la note qui d\u00e9cline les propositions faites \u00e0 l&#039;opposition - Amanien| L&#039;actualit\u00e9 Ivoirienne et Internationale<\/title>\n<meta name=\"robots\" content=\"index, follow, max-snippet:-1, max-image-preview:large, max-video-preview:-1\" \/>\n<link rel=\"canonical\" href=\"https:\/\/www.amanien.info\/news\/election-presidentielle-en-cote-divoire-voici-la-note-qui-decline-les-propositions-faites-a-lopposition\/\" \/>\n<meta property=\"og:locale\" content=\"fr_FR\" \/>\n<meta property=\"og:type\" content=\"article\" \/>\n<meta property=\"og:title\" content=\"\u00c9lection Pr\u00e9sidentielle en C\u00f4te d&#039;ivoire: Voici la note qui d\u00e9cline les propositions faites \u00e0 l&#039;opposition - Amanien| L&#039;actualit\u00e9 Ivoirienne et Internationale\" \/>\n<meta property=\"og:description\" content=\"Abidjan, le 21 octobre 2020 Cote d&rsquo;Ivoire Le Secr\u00e9taire Executif A Monsieur le Ministre de l&rsquo;Administration du Territoire et de la D\u00e9centralisation D&rsquo;ABIDJAN Objet: Rencontre avec les partis politiques Monsieur le Ministre, Nous accusons r\u00e9ception de votre correspondance N\u00b01180\/MATED\/CAB, relative \u00e0 une rencontre avec les partis politiques dans le cadre de l&rsquo;\u00e9lection pr\u00e9sidentielle du 31 [&hellip;]\" \/>\n<meta property=\"og:url\" content=\"https:\/\/www.amanien.info\/news\/election-presidentielle-en-cote-divoire-voici-la-note-qui-decline-les-propositions-faites-a-lopposition\/\" \/>\n<meta property=\"og:site_name\" content=\"Amanien| L&#039;actualit\u00e9 Ivoirienne et Internationale\" \/>\n<meta property=\"article:published_time\" content=\"2020-10-22T08:17:15+00:00\" \/>\n<meta property=\"article:modified_time\" content=\"2020-10-22T08:17:39+00:00\" \/>\n<meta property=\"og:image\" content=\"https:\/\/www.amanien.info\/news\/wp-content\/uploads\/2020\/10\/122173841_144454054052070_2387471805214074886_n.jpg\" \/>\n\t<meta property=\"og:image:width\" content=\"595\" \/>\n\t<meta property=\"og:image:height\" content=\"395\" \/>\n\t<meta property=\"og:image:type\" content=\"image\/jpeg\" \/>\n<meta name=\"author\" content=\"Germain Ndri\" \/>\n<meta name=\"twitter:card\" content=\"summary_large_image\" \/>\n<meta name=\"twitter:label1\" content=\"\u00c9crit par\" \/>\n\t<meta name=\"twitter:data1\" content=\"Germain Ndri\" \/>\n\t<meta name=\"twitter:label2\" content=\"Dur\u00e9e de lecture estim\u00e9e\" \/>\n\t<meta name=\"twitter:data2\" content=\"1 minute\" \/>\n<script type=\"application\/ld+json\" class=\"yoast-schema-graph\">{\"@context\":\"https:\\\/\\\/schema.org\",\"@graph\":[{\"@type\":\"Article\",\"@id\":\"https:\\\/\\\/www.amanien.info\\\/news\\\/election-presidentielle-en-cote-divoire-voici-la-note-qui-decline-les-propositions-faites-a-lopposition\\\/#article\",\"isPartOf\":{\"@id\":\"https:\\\/\\\/www.amanien.info\\\/news\\\/election-presidentielle-en-cote-divoire-voici-la-note-qui-decline-les-propositions-faites-a-lopposition\\\/\"},\"author\":{\"name\":\"Germain Ndri\",\"@id\":\"https:\\\/\\\/www.amanien.info\\\/news\\\/#\\\/schema\\\/person\\\/b21093345753a1a98242d505bd894f42\"},\"headline\":\"\u00c9lection Pr\u00e9sidentielle en C\u00f4te d&rsquo;ivoire: Voici la note qui d\u00e9cline les propositions faites \u00e0 l&rsquo;opposition\",\"datePublished\":\"2020-10-22T08:17:15+00:00\",\"dateModified\":\"2020-10-22T08:17:39+00:00\",\"mainEntityOfPage\":{\"@id\":\"https:\\\/\\\/www.amanien.info\\\/news\\\/election-presidentielle-en-cote-divoire-voici-la-note-qui-decline-les-propositions-faites-a-lopposition\\\/\"},\"wordCount\":142,\"commentCount\":0,\"image\":{\"@id\":\"https:\\\/\\\/www.amanien.info\\\/news\\\/election-presidentielle-en-cote-divoire-voici-la-note-qui-decline-les-propositions-faites-a-lopposition\\\/#primaryimage\"},\"thumbnailUrl\":\"https:\\\/\\\/www.amanien.info\\\/news\\\/wp-content\\\/uploads\\\/2020\\\/10\\\/122173841_144454054052070_2387471805214074886_n.jpg\",\"inLanguage\":\"fr-FR\"},{\"@type\":\"WebPage\",\"@id\":\"https:\\\/\\\/www.amanien.info\\\/news\\\/election-presidentielle-en-cote-divoire-voici-la-note-qui-decline-les-propositions-faites-a-lopposition\\\/\",\"url\":\"https:\\\/\\\/www.amanien.info\\\/news\\\/election-presidentielle-en-cote-divoire-voici-la-note-qui-decline-les-propositions-faites-a-lopposition\\\/\",\"name\":\"\u00c9lection Pr\u00e9sidentielle en C\u00f4te d'ivoire: Voici la note qui d\u00e9cline les propositions faites \u00e0 l'opposition - Amanien| L&#039;actualit\u00e9 Ivoirienne et Internationale\",\"isPartOf\":{\"@id\":\"https:\\\/\\\/www.amanien.info\\\/news\\\/#website\"},\"primaryImageOfPage\":{\"@id\":\"https:\\\/\\\/www.amanien.info\\\/news\\\/election-presidentielle-en-cote-divoire-voici-la-note-qui-decline-les-propositions-faites-a-lopposition\\\/#primaryimage\"},\"image\":{\"@id\":\"https:\\\/\\\/www.amanien.info\\\/news\\\/election-presidentielle-en-cote-divoire-voici-la-note-qui-decline-les-propositions-faites-a-lopposition\\\/#primaryimage\"},\"thumbnailUrl\":\"https:\\\/\\\/www.amanien.info\\\/news\\\/wp-content\\\/uploads\\\/2020\\\/10\\\/122173841_144454054052070_2387471805214074886_n.jpg\",\"datePublished\":\"2020-10-22T08:17:15+00:00\",\"dateModified\":\"2020-10-22T08:17:39+00:00\",\"author\":{\"@id\":\"https:\\\/\\\/www.amanien.info\\\/news\\\/#\\\/schema\\\/person\\\/b21093345753a1a98242d505bd894f42\"},\"breadcrumb\":{\"@id\":\"https:\\\/\\\/www.amanien.info\\\/news\\\/election-presidentielle-en-cote-divoire-voici-la-note-qui-decline-les-propositions-faites-a-lopposition\\\/#breadcrumb\"},\"inLanguage\":\"fr-FR\",\"potentialAction\":[{\"@type\":\"ReadAction\",\"target\":[\"https:\\\/\\\/www.amanien.info\\\/news\\\/election-presidentielle-en-cote-divoire-voici-la-note-qui-decline-les-propositions-faites-a-lopposition\\\/\"]}]},{\"@type\":\"ImageObject\",\"inLanguage\":\"fr-FR\",\"@id\":\"https:\\\/\\\/www.amanien.info\\\/news\\\/election-presidentielle-en-cote-divoire-voici-la-note-qui-decline-les-propositions-faites-a-lopposition\\\/#primaryimage\",\"url\":\"https:\\\/\\\/www.amanien.info\\\/news\\\/wp-content\\\/uploads\\\/2020\\\/10\\\/122173841_144454054052070_2387471805214074886_n.jpg\",\"contentUrl\":\"https:\\\/\\\/www.amanien.info\\\/news\\\/wp-content\\\/uploads\\\/2020\\\/10\\\/122173841_144454054052070_2387471805214074886_n.jpg\",\"width\":595,\"height\":395},{\"@type\":\"BreadcrumbList\",\"@id\":\"https:\\\/\\\/www.amanien.info\\\/news\\\/election-presidentielle-en-cote-divoire-voici-la-note-qui-decline-les-propositions-faites-a-lopposition\\\/#breadcrumb\",\"itemListElement\":[{\"@type\":\"ListItem\",\"position\":1,\"name\":\"Accueil\",\"item\":\"https:\\\/\\\/www.amanien.info\\\/news\\\/\"},{\"@type\":\"ListItem\",\"position\":2,\"name\":\"\u00c9lection Pr\u00e9sidentielle en C\u00f4te d&rsquo;ivoire: Voici la note qui d\u00e9cline les propositions faites \u00e0 l&rsquo;opposition\"}]},{\"@type\":\"WebSite\",\"@id\":\"https:\\\/\\\/www.amanien.info\\\/news\\\/#website\",\"url\":\"https:\\\/\\\/www.amanien.info\\\/news\\\/\",\"name\":\"Amanien| L&#039;actualit\u00e9 Ivoirienne et Internationale\",\"description\":\"L&#039;actualit\u00e9 Ivoirienne et Internationale\",\"potentialAction\":[{\"@type\":\"SearchAction\",\"target\":{\"@type\":\"EntryPoint\",\"urlTemplate\":\"https:\\\/\\\/www.amanien.info\\\/news\\\/?s={search_term_string}\"},\"query-input\":{\"@type\":\"PropertyValueSpecification\",\"valueRequired\":true,\"valueName\":\"search_term_string\"}}],\"inLanguage\":\"fr-FR\"},{\"@type\":\"Person\",\"@id\":\"https:\\\/\\\/www.amanien.info\\\/news\\\/#\\\/schema\\\/person\\\/b21093345753a1a98242d505bd894f42\",\"name\":\"Germain Ndri\",\"url\":\"https:\\\/\\\/www.amanien.info\\\/news\\\/author\\\/amanien-infos\\\/\"}]}<\/script>\n<!-- \/ Yoast SEO plugin. -->","yoast_head_json":{"title":"\u00c9lection Pr\u00e9sidentielle en C\u00f4te d'ivoire: Voici la note qui d\u00e9cline les propositions faites \u00e0 l'opposition - Amanien| L&#039;actualit\u00e9 Ivoirienne et Internationale","robots":{"index":"index","follow":"follow","max-snippet":"max-snippet:-1","max-image-preview":"max-image-preview:large","max-video-preview":"max-video-preview:-1"},"canonical":"https:\/\/www.amanien.info\/news\/election-presidentielle-en-cote-divoire-voici-la-note-qui-decline-les-propositions-faites-a-lopposition\/","og_locale":"fr_FR","og_type":"article","og_title":"\u00c9lection Pr\u00e9sidentielle en C\u00f4te d'ivoire: Voici la note qui d\u00e9cline les propositions faites \u00e0 l'opposition - Amanien| L&#039;actualit\u00e9 Ivoirienne et Internationale","og_description":"Abidjan, le 21 octobre 2020 Cote d&rsquo;Ivoire Le Secr\u00e9taire Executif A Monsieur le Ministre de l&rsquo;Administration du Territoire et de la D\u00e9centralisation D&rsquo;ABIDJAN Objet: Rencontre avec les partis politiques Monsieur le Ministre, Nous accusons r\u00e9ception de votre correspondance N\u00b01180\/MATED\/CAB, relative \u00e0 une rencontre avec les partis politiques dans le cadre de l&rsquo;\u00e9lection pr\u00e9sidentielle du 31 [&hellip;]","og_url":"https:\/\/www.amanien.info\/news\/election-presidentielle-en-cote-divoire-voici-la-note-qui-decline-les-propositions-faites-a-lopposition\/","og_site_name":"Amanien| L&#039;actualit\u00e9 Ivoirienne et Internationale","article_published_time":"2020-10-22T08:17:15+00:00","article_modified_time":"2020-10-22T08:17:39+00:00","og_image":[{"width":595,"height":395,"url":"https:\/\/www.amanien.info\/news\/wp-content\/uploads\/2020\/10\/122173841_144454054052070_2387471805214074886_n.jpg","type":"image\/jpeg"}],"author":"Germain Ndri","twitter_card":"summary_large_image","twitter_misc":{"\u00c9crit par":"Germain Ndri","Dur\u00e9e de lecture estim\u00e9e":"1 minute"},"schema":{"@context":"https:\/\/schema.org","@graph":[{"@type":"Article","@id":"https:\/\/www.amanien.info\/news\/election-presidentielle-en-cote-divoire-voici-la-note-qui-decline-les-propositions-faites-a-lopposition\/#article","isPartOf":{"@id":"https:\/\/www.amanien.info\/news\/election-presidentielle-en-cote-divoire-voici-la-note-qui-decline-les-propositions-faites-a-lopposition\/"},"author":{"name":"Germain Ndri","@id":"https:\/\/www.amanien.info\/news\/#\/schema\/person\/b21093345753a1a98242d505bd894f42"},"headline":"\u00c9lection Pr\u00e9sidentielle en C\u00f4te d&rsquo;ivoire: Voici la note qui d\u00e9cline les propositions faites \u00e0 l&rsquo;opposition","datePublished":"2020-10-22T08:17:15+00:00","dateModified":"2020-10-22T08:17:39+00:00","mainEntityOfPage":{"@id":"https:\/\/www.amanien.info\/news\/election-presidentielle-en-cote-divoire-voici-la-note-qui-decline-les-propositions-faites-a-lopposition\/"},"wordCount":142,"commentCount":0,"image":{"@id":"https:\/\/www.amanien.info\/news\/election-presidentielle-en-cote-divoire-voici-la-note-qui-decline-les-propositions-faites-a-lopposition\/#primaryimage"},"thumbnailUrl":"https:\/\/www.amanien.info\/news\/wp-content\/uploads\/2020\/10\/122173841_144454054052070_2387471805214074886_n.jpg","inLanguage":"fr-FR"},{"@type":"WebPage","@id":"https:\/\/www.amanien.info\/news\/election-presidentielle-en-cote-divoire-voici-la-note-qui-decline-les-propositions-faites-a-lopposition\/","url":"https:\/\/www.amanien.info\/news\/election-presidentielle-en-cote-divoire-voici-la-note-qui-decline-les-propositions-faites-a-lopposition\/","name":"\u00c9lection Pr\u00e9sidentielle en C\u00f4te d'ivoire: Voici la note qui d\u00e9cline les propositions faites \u00e0 l'opposition - Amanien| L&#039;actualit\u00e9 Ivoirienne et Internationale","isPartOf":{"@id":"https:\/\/www.amanien.info\/news\/#website"},"primaryImageOfPage":{"@id":"https:\/\/www.amanien.info\/news\/election-presidentielle-en-cote-divoire-voici-la-note-qui-decline-les-propositions-faites-a-lopposition\/#primaryimage"},"image":{"@id":"https:\/\/www.amanien.info\/news\/election-presidentielle-en-cote-divoire-voici-la-note-qui-decline-les-propositions-faites-a-lopposition\/#primaryimage"},"thumbnailUrl":"https:\/\/www.amanien.info\/news\/wp-content\/uploads\/2020\/10\/122173841_144454054052070_2387471805214074886_n.jpg","datePublished":"2020-10-22T08:17:15+00:00","dateModified":"2020-10-22T08:17:39+00:00","author":{"@id":"https:\/\/www.amanien.info\/news\/#\/schema\/person\/b21093345753a1a98242d505bd894f42"},"breadcrumb":{"@id":"https:\/\/www.amanien.info\/news\/election-presidentielle-en-cote-divoire-voici-la-note-qui-decline-les-propositions-faites-a-lopposition\/#breadcrumb"},"inLanguage":"fr-FR","potentialAction":[{"@type":"ReadAction","target":["https:\/\/www.amanien.info\/news\/election-presidentielle-en-cote-divoire-voici-la-note-qui-decline-les-propositions-faites-a-lopposition\/"]}]},{"@type":"ImageObject","inLanguage":"fr-FR","@id":"https:\/\/www.amanien.info\/news\/election-presidentielle-en-cote-divoire-voici-la-note-qui-decline-les-propositions-faites-a-lopposition\/#primaryimage","url":"https:\/\/www.amanien.info\/news\/wp-content\/uploads\/2020\/10\/122173841_144454054052070_2387471805214074886_n.jpg","contentUrl":"https:\/\/www.amanien.info\/news\/wp-content\/uploads\/2020\/10\/122173841_144454054052070_2387471805214074886_n.jpg","width":595,"height":395},{"@type":"BreadcrumbList","@id":"https:\/\/www.amanien.info\/news\/election-presidentielle-en-cote-divoire-voici-la-note-qui-decline-les-propositions-faites-a-lopposition\/#breadcrumb","itemListElement":[{"@type":"ListItem","position":1,"name":"Accueil","item":"https:\/\/www.amanien.info\/news\/"},{"@type":"ListItem","position":2,"name":"\u00c9lection Pr\u00e9sidentielle en C\u00f4te d&rsquo;ivoire: Voici la note qui d\u00e9cline les propositions faites \u00e0 l&rsquo;opposition"}]},{"@type":"WebSite","@id":"https:\/\/www.amanien.info\/news\/#website","url":"https:\/\/www.amanien.info\/news\/","name":"Amanien| L&#039;actualit\u00e9 Ivoirienne et Internationale","description":"L&#039;actualit\u00e9 Ivoirienne et Internationale","potentialAction":[{"@type":"SearchAction","target":{"@type":"EntryPoint","urlTemplate":"https:\/\/www.amanien.info\/news\/?s={search_term_string}"},"query-input":{"@type":"PropertyValueSpecification","valueRequired":true,"valueName":"search_term_string"}}],"inLanguage":"fr-FR"},{"@type":"Person","@id":"https:\/\/www.amanien.info\/news\/#\/schema\/person\/b21093345753a1a98242d505bd894f42","name":"Germain Ndri","url":"https:\/\/www.amanien.info\/news\/author\/amanien-infos\/"}]}},"_links":{"self":[{"href":"https:\/\/www.amanien.info\/news\/wp-json\/wp\/v2\/posts\/1967","targetHints":{"allow":["GET"]}}],"collection":[{"href":"https:\/\/www.amanien.info\/news\/wp-json\/wp\/v2\/posts"}],"about":[{"href":"https:\/\/www.amanien.info\/news\/wp-json\/wp\/v2\/types\/post"}],"author":[{"embeddable":true,"href":"https:\/\/www.amanien.info\/news\/wp-json\/wp\/v2\/users\/2"}],"replies":[{"embeddable":true,"href":"https:\/\/www.amanien.info\/news\/wp-json\/wp\/v2\/comments?post=1967"}],"version-history":[{"count":0,"href":"https:\/\/www.amanien.info\/news\/wp-json\/wp\/v2\/posts\/1967\/revisions"}],"wp:featuredmedia":[{"embeddable":true,"href":"https:\/\/www.amanien.info\/news\/wp-json\/wp\/v2\/media\/1968"}],"wp:attachment":[{"href":"https:\/\/www.amanien.info\/news\/wp-json\/wp\/v2\/media?parent=1967"}],"wp:term":[{"taxonomy":"category","embeddable":true,"href":"https:\/\/www.amanien.info\/news\/wp-json\/wp\/v2\/categories?post=1967"},{"taxonomy":"post_tag","embeddable":true,"href":"https:\/\/www.amanien.info\/news\/wp-json\/wp\/v2\/tags?post=1967"}],"curies":[{"name":"wp","href":"https:\/\/api.w.org\/{rel}","templated":true}]}}