{"id":1964,"date":"2020-10-22T10:00:49","date_gmt":"2020-10-22T08:00:49","guid":{"rendered":"http:\/\/https:\/\/zozo.buyee.jp\/\/news\/?p=1964"},"modified":"2020-10-22T10:01:18","modified_gmt":"2020-10-22T08:01:18","slug":"on-sachemine-vers-le-report-de-la-presidentielle","status":"publish","type":"post","link":"https:\/\/www.amanien.info\/news\/on-sachemine-vers-le-report-de-la-presidentielle\/","title":{"rendered":"On s\u2019achemine vers le report de la pr\u00e9sidentielle ?"},"content":{"rendered":"<p>Le pr\u00e9sident Henri Konan B\u00e9di\u00e9, t\u00eate de file de l&rsquo;opposition ivoirienne<\/p>\n<p>A l&rsquo;issue d\u2019une r\u00e9union qui a enregistr\u00e9 la pr\u00e9sence du Premier ministre Hamed Bakayoko et des partis politiques, \u00e0 l\u2019exception des leaders de la CDRP, Henri Konan B\u00e9di\u00e9, et l\u2019AFD, Pascal Affi N\u2019Guessan, le Ministre de l\u2019Int\u00e9rieur et de la D\u00e9centralisation, Sidiki Diakit\u00e9, a r\u00e9v\u00e9l\u00e9 que le pr\u00e9sident Alassane Ouattara serait dispos\u00e9 \u00e0 faciliter entre autres, l\u2019octroi d\u2019un poste de vice-pr\u00e9sident au PDCI-RDA au sein de la Commission \u00e9lectorale ind\u00e9pendante (CEI), le r\u00e9\u00e9quilibrage de ses repr\u00e9sentations locales, etc. Mieux, il serait ouvert \u00e0 une rencontre avec son ex-alli\u00e9 pour renouer le dialogue.<\/p>\n<p>Ce d\u00e9marche du pr\u00e9sident sortant de la R\u00e9publique, \u00e0 moins de dix jours de l\u2019\u00e9lection pr\u00e9sidentielle, intervient longtemps apr\u00e8s que plusieurs organisations internationales ont tir\u00e9 la sonnette d\u2019alarme apr\u00e8s avoir constat\u00e9 la d\u00e9gradation de la situation sociopolitique en C\u00f4te d\u2019Ivoire, marqu\u00e9e par de violents affrontements. Les Nations-Unies, l\u2019UE, l\u2019UA, la CEDEAO, International Crisis Group, etc., tous ont not\u00e9 la n\u00e9cessit\u00e9 d\u2019aller au dialogue en vue d\u2019une \u00ab\u00a0\u00e9lection pr\u00e9sidentielle inclusive, cr\u00e9dible et transparente.\u00a0\u00bb<\/p>\n<p>La Cour africaine des droits de l\u2019homme et des peuples (CADHP) a, quant \u00e0 elle, mis les pieds dans le plat en exigeant une reforme de la CEI, la r\u00e9introduction sur la liste \u00e9lectorale des noms du pr\u00e9sident Laurent Gbagbo et de l\u2019ex-Premier ministre Guillaume Soro, ainsi que la possibilit\u00e9 pour eux d\u2019\u00eatre candidat. A ces diff\u00e9rents points qui s\u2019inscrivent dans les attentes de l\u2019opposition qui a en son sein deux candidats retenus par le Conseil constitutionnel, il faut noter le retrait de la candidature d\u2019Alassane Ouattara jug\u00e9e inconstitutionnelle, l\u2019audit de la liste \u00e9lectorale, la reforme du Conseil constitutionnel, la lib\u00e9ration des prisonniers politiques, le retour des exil\u00e9s, etc.<\/p>\n<p>De deux choses l\u2019une, en cherchant \u00e0 rencontrer la t\u00eate de file de l\u2019opposition, soit le pr\u00e9sident Alassane Ouattara, face \u00e0 l\u2019atmosph\u00e8re sociopolitique qui pr\u00e9vaut, cherche \u00e0 gagner du temps en faisant baisser le mercure. Il faut rappeler que, s\u2019exprimant devant ses militants et les chefs traditionnels, lors du lancement de sa campagne le 17 octobre dernier, il n\u2019avait pas laiss\u00e9 de porte ouverte au dialogue. \u00ab (\u2026) A quelques semaines des \u00e9lections, j\u2019entends des gens dire, il faut un dialogue. Un dialogue pour faire quoi ?\u00a0Nous avons des Institutions, ces Institutions ont d\u00e9cid\u00e9 que nous serons quatre candidats\u00a0\u00bb, avait-il d\u00e9clar\u00e9. Soit il ouvre ainsi les chantiers du report de l\u2019\u00e9lection pr\u00e9sidentielle.<\/p>\n","protected":false},"excerpt":{"rendered":"<p>Le pr\u00e9sident Henri Konan B\u00e9di\u00e9, t\u00eate de file de l&rsquo;opposition ivoirienne A l&rsquo;issue d\u2019une r\u00e9union qui a enregistr\u00e9 la pr\u00e9sence du Premier ministre Hamed Bakayoko et des partis politiques, \u00e0 l\u2019exception des leaders de la CDRP, Henri Konan B\u00e9di\u00e9, et l\u2019AFD, Pascal Affi N\u2019Guessan, le Ministre de l\u2019Int\u00e9rieur et de la D\u00e9centralisation, Sidiki Diakit\u00e9, a [&hellip;]<\/p>\n","protected":false},"author":2,"featured_media":1965,"comment_status":"open","ping_status":"open","sticky":true,"template":"","format":"standard","meta":{"_acf_changed":false,"footnotes":""},"categories":[],"tags":[],"class_list":["post-1964","post","type-post","status-publish","format-standard","has-post-thumbnail","hentry"],"acf":[],"yoast_head":"<!-- This site is optimized with the Yoast SEO plugin v27.5 - https:\/\/yoast.com\/product\/yoast-seo-wordpress\/ -->\n<title>On s\u2019achemine vers le report de la pr\u00e9sidentielle ? - Amanien| L&#039;actualit\u00e9 Ivoirienne et Internationale<\/title>\n<meta name=\"robots\" content=\"index, follow, max-snippet:-1, max-image-preview:large, max-video-preview:-1\" \/>\n<link rel=\"canonical\" href=\"https:\/\/www.amanien.info\/news\/on-sachemine-vers-le-report-de-la-presidentielle\/\" \/>\n<meta property=\"og:locale\" content=\"fr_FR\" \/>\n<meta property=\"og:type\" content=\"article\" \/>\n<meta property=\"og:title\" content=\"On s\u2019achemine vers le report de la pr\u00e9sidentielle ? - Amanien| L&#039;actualit\u00e9 Ivoirienne et Internationale\" \/>\n<meta property=\"og:description\" content=\"Le pr\u00e9sident Henri Konan B\u00e9di\u00e9, t\u00eate de file de l&rsquo;opposition ivoirienne A l&rsquo;issue d\u2019une r\u00e9union qui a enregistr\u00e9 la pr\u00e9sence du Premier ministre Hamed Bakayoko et des partis politiques, \u00e0 l\u2019exception des leaders de la CDRP, Henri Konan B\u00e9di\u00e9, et l\u2019AFD, Pascal Affi N\u2019Guessan, le Ministre de l\u2019Int\u00e9rieur et de la D\u00e9centralisation, Sidiki Diakit\u00e9, a [&hellip;]\" \/>\n<meta property=\"og:url\" content=\"https:\/\/www.amanien.info\/news\/on-sachemine-vers-le-report-de-la-presidentielle\/\" \/>\n<meta property=\"og:site_name\" content=\"Amanien| L&#039;actualit\u00e9 Ivoirienne et Internationale\" \/>\n<meta property=\"article:published_time\" content=\"2020-10-22T08:00:49+00:00\" \/>\n<meta property=\"article:modified_time\" content=\"2020-10-22T08:01:18+00:00\" \/>\n<meta property=\"og:image\" content=\"https:\/\/www.amanien.info\/news\/wp-content\/uploads\/2020\/10\/index-1.jpg\" \/>\n\t<meta property=\"og:image:width\" content=\"259\" \/>\n\t<meta property=\"og:image:height\" content=\"194\" \/>\n\t<meta property=\"og:image:type\" content=\"image\/jpeg\" \/>\n<meta name=\"author\" content=\"Germain Ndri\" \/>\n<meta name=\"twitter:card\" content=\"summary_large_image\" \/>\n<meta name=\"twitter:label1\" content=\"\u00c9crit par\" \/>\n\t<meta name=\"twitter:data1\" content=\"Germain Ndri\" \/>\n\t<meta name=\"twitter:label2\" content=\"Dur\u00e9e de lecture estim\u00e9e\" \/>\n\t<meta name=\"twitter:data2\" content=\"2 minutes\" \/>\n<script type=\"application\/ld+json\" class=\"yoast-schema-graph\">{\"@context\":\"https:\\\/\\\/schema.org\",\"@graph\":[{\"@type\":\"Article\",\"@id\":\"https:\\\/\\\/www.amanien.info\\\/news\\\/on-sachemine-vers-le-report-de-la-presidentielle\\\/#article\",\"isPartOf\":{\"@id\":\"https:\\\/\\\/www.amanien.info\\\/news\\\/on-sachemine-vers-le-report-de-la-presidentielle\\\/\"},\"author\":{\"name\":\"Germain Ndri\",\"@id\":\"https:\\\/\\\/www.amanien.info\\\/news\\\/#\\\/schema\\\/person\\\/b21093345753a1a98242d505bd894f42\"},\"headline\":\"On s\u2019achemine vers le report de la pr\u00e9sidentielle ?\",\"datePublished\":\"2020-10-22T08:00:49+00:00\",\"dateModified\":\"2020-10-22T08:01:18+00:00\",\"mainEntityOfPage\":{\"@id\":\"https:\\\/\\\/www.amanien.info\\\/news\\\/on-sachemine-vers-le-report-de-la-presidentielle\\\/\"},\"wordCount\":465,\"commentCount\":0,\"image\":{\"@id\":\"https:\\\/\\\/www.amanien.info\\\/news\\\/on-sachemine-vers-le-report-de-la-presidentielle\\\/#primaryimage\"},\"thumbnailUrl\":\"https:\\\/\\\/www.amanien.info\\\/news\\\/wp-content\\\/uploads\\\/2020\\\/10\\\/index-1.jpg\",\"inLanguage\":\"fr-FR\"},{\"@type\":\"WebPage\",\"@id\":\"https:\\\/\\\/www.amanien.info\\\/news\\\/on-sachemine-vers-le-report-de-la-presidentielle\\\/\",\"url\":\"https:\\\/\\\/www.amanien.info\\\/news\\\/on-sachemine-vers-le-report-de-la-presidentielle\\\/\",\"name\":\"On s\u2019achemine vers le report de la pr\u00e9sidentielle ? - Amanien| L&#039;actualit\u00e9 Ivoirienne et Internationale\",\"isPartOf\":{\"@id\":\"https:\\\/\\\/www.amanien.info\\\/news\\\/#website\"},\"primaryImageOfPage\":{\"@id\":\"https:\\\/\\\/www.amanien.info\\\/news\\\/on-sachemine-vers-le-report-de-la-presidentielle\\\/#primaryimage\"},\"image\":{\"@id\":\"https:\\\/\\\/www.amanien.info\\\/news\\\/on-sachemine-vers-le-report-de-la-presidentielle\\\/#primaryimage\"},\"thumbnailUrl\":\"https:\\\/\\\/www.amanien.info\\\/news\\\/wp-content\\\/uploads\\\/2020\\\/10\\\/index-1.jpg\",\"datePublished\":\"2020-10-22T08:00:49+00:00\",\"dateModified\":\"2020-10-22T08:01:18+00:00\",\"author\":{\"@id\":\"https:\\\/\\\/www.amanien.info\\\/news\\\/#\\\/schema\\\/person\\\/b21093345753a1a98242d505bd894f42\"},\"breadcrumb\":{\"@id\":\"https:\\\/\\\/www.amanien.info\\\/news\\\/on-sachemine-vers-le-report-de-la-presidentielle\\\/#breadcrumb\"},\"inLanguage\":\"fr-FR\",\"potentialAction\":[{\"@type\":\"ReadAction\",\"target\":[\"https:\\\/\\\/www.amanien.info\\\/news\\\/on-sachemine-vers-le-report-de-la-presidentielle\\\/\"]}]},{\"@type\":\"ImageObject\",\"inLanguage\":\"fr-FR\",\"@id\":\"https:\\\/\\\/www.amanien.info\\\/news\\\/on-sachemine-vers-le-report-de-la-presidentielle\\\/#primaryimage\",\"url\":\"https:\\\/\\\/www.amanien.info\\\/news\\\/wp-content\\\/uploads\\\/2020\\\/10\\\/index-1.jpg\",\"contentUrl\":\"https:\\\/\\\/www.amanien.info\\\/news\\\/wp-content\\\/uploads\\\/2020\\\/10\\\/index-1.jpg\",\"width\":259,\"height\":194},{\"@type\":\"BreadcrumbList\",\"@id\":\"https:\\\/\\\/www.amanien.info\\\/news\\\/on-sachemine-vers-le-report-de-la-presidentielle\\\/#breadcrumb\",\"itemListElement\":[{\"@type\":\"ListItem\",\"position\":1,\"name\":\"Accueil\",\"item\":\"https:\\\/\\\/www.amanien.info\\\/news\\\/\"},{\"@type\":\"ListItem\",\"position\":2,\"name\":\"On s\u2019achemine vers le report de la pr\u00e9sidentielle ?\"}]},{\"@type\":\"WebSite\",\"@id\":\"https:\\\/\\\/www.amanien.info\\\/news\\\/#website\",\"url\":\"https:\\\/\\\/www.amanien.info\\\/news\\\/\",\"name\":\"Amanien| L&#039;actualit\u00e9 Ivoirienne et Internationale\",\"description\":\"L&#039;actualit\u00e9 Ivoirienne et Internationale\",\"potentialAction\":[{\"@type\":\"SearchAction\",\"target\":{\"@type\":\"EntryPoint\",\"urlTemplate\":\"https:\\\/\\\/www.amanien.info\\\/news\\\/?s={search_term_string}\"},\"query-input\":{\"@type\":\"PropertyValueSpecification\",\"valueRequired\":true,\"valueName\":\"search_term_string\"}}],\"inLanguage\":\"fr-FR\"},{\"@type\":\"Person\",\"@id\":\"https:\\\/\\\/www.amanien.info\\\/news\\\/#\\\/schema\\\/person\\\/b21093345753a1a98242d505bd894f42\",\"name\":\"Germain Ndri\",\"url\":\"https:\\\/\\\/www.amanien.info\\\/news\\\/author\\\/amanien-infos\\\/\"}]}<\/script>\n<!-- \/ Yoast SEO plugin. -->","yoast_head_json":{"title":"On s\u2019achemine vers le report de la pr\u00e9sidentielle ? - Amanien| L&#039;actualit\u00e9 Ivoirienne et Internationale","robots":{"index":"index","follow":"follow","max-snippet":"max-snippet:-1","max-image-preview":"max-image-preview:large","max-video-preview":"max-video-preview:-1"},"canonical":"https:\/\/www.amanien.info\/news\/on-sachemine-vers-le-report-de-la-presidentielle\/","og_locale":"fr_FR","og_type":"article","og_title":"On s\u2019achemine vers le report de la pr\u00e9sidentielle ? - Amanien| L&#039;actualit\u00e9 Ivoirienne et Internationale","og_description":"Le pr\u00e9sident Henri Konan B\u00e9di\u00e9, t\u00eate de file de l&rsquo;opposition ivoirienne A l&rsquo;issue d\u2019une r\u00e9union qui a enregistr\u00e9 la pr\u00e9sence du Premier ministre Hamed Bakayoko et des partis politiques, \u00e0 l\u2019exception des leaders de la CDRP, Henri Konan B\u00e9di\u00e9, et l\u2019AFD, Pascal Affi N\u2019Guessan, le Ministre de l\u2019Int\u00e9rieur et de la D\u00e9centralisation, Sidiki Diakit\u00e9, a [&hellip;]","og_url":"https:\/\/www.amanien.info\/news\/on-sachemine-vers-le-report-de-la-presidentielle\/","og_site_name":"Amanien| L&#039;actualit\u00e9 Ivoirienne et Internationale","article_published_time":"2020-10-22T08:00:49+00:00","article_modified_time":"2020-10-22T08:01:18+00:00","og_image":[{"width":259,"height":194,"url":"https:\/\/www.amanien.info\/news\/wp-content\/uploads\/2020\/10\/index-1.jpg","type":"image\/jpeg"}],"author":"Germain Ndri","twitter_card":"summary_large_image","twitter_misc":{"\u00c9crit par":"Germain Ndri","Dur\u00e9e de lecture estim\u00e9e":"2 minutes"},"schema":{"@context":"https:\/\/schema.org","@graph":[{"@type":"Article","@id":"https:\/\/www.amanien.info\/news\/on-sachemine-vers-le-report-de-la-presidentielle\/#article","isPartOf":{"@id":"https:\/\/www.amanien.info\/news\/on-sachemine-vers-le-report-de-la-presidentielle\/"},"author":{"name":"Germain Ndri","@id":"https:\/\/www.amanien.info\/news\/#\/schema\/person\/b21093345753a1a98242d505bd894f42"},"headline":"On s\u2019achemine vers le report de la pr\u00e9sidentielle ?","datePublished":"2020-10-22T08:00:49+00:00","dateModified":"2020-10-22T08:01:18+00:00","mainEntityOfPage":{"@id":"https:\/\/www.amanien.info\/news\/on-sachemine-vers-le-report-de-la-presidentielle\/"},"wordCount":465,"commentCount":0,"image":{"@id":"https:\/\/www.amanien.info\/news\/on-sachemine-vers-le-report-de-la-presidentielle\/#primaryimage"},"thumbnailUrl":"https:\/\/www.amanien.info\/news\/wp-content\/uploads\/2020\/10\/index-1.jpg","inLanguage":"fr-FR"},{"@type":"WebPage","@id":"https:\/\/www.amanien.info\/news\/on-sachemine-vers-le-report-de-la-presidentielle\/","url":"https:\/\/www.amanien.info\/news\/on-sachemine-vers-le-report-de-la-presidentielle\/","name":"On s\u2019achemine vers le report de la pr\u00e9sidentielle ? - Amanien| L&#039;actualit\u00e9 Ivoirienne et Internationale","isPartOf":{"@id":"https:\/\/www.amanien.info\/news\/#website"},"primaryImageOfPage":{"@id":"https:\/\/www.amanien.info\/news\/on-sachemine-vers-le-report-de-la-presidentielle\/#primaryimage"},"image":{"@id":"https:\/\/www.amanien.info\/news\/on-sachemine-vers-le-report-de-la-presidentielle\/#primaryimage"},"thumbnailUrl":"https:\/\/www.amanien.info\/news\/wp-content\/uploads\/2020\/10\/index-1.jpg","datePublished":"2020-10-22T08:00:49+00:00","dateModified":"2020-10-22T08:01:18+00:00","author":{"@id":"https:\/\/www.amanien.info\/news\/#\/schema\/person\/b21093345753a1a98242d505bd894f42"},"breadcrumb":{"@id":"https:\/\/www.amanien.info\/news\/on-sachemine-vers-le-report-de-la-presidentielle\/#breadcrumb"},"inLanguage":"fr-FR","potentialAction":[{"@type":"ReadAction","target":["https:\/\/www.amanien.info\/news\/on-sachemine-vers-le-report-de-la-presidentielle\/"]}]},{"@type":"ImageObject","inLanguage":"fr-FR","@id":"https:\/\/www.amanien.info\/news\/on-sachemine-vers-le-report-de-la-presidentielle\/#primaryimage","url":"https:\/\/www.amanien.info\/news\/wp-content\/uploads\/2020\/10\/index-1.jpg","contentUrl":"https:\/\/www.amanien.info\/news\/wp-content\/uploads\/2020\/10\/index-1.jpg","width":259,"height":194},{"@type":"BreadcrumbList","@id":"https:\/\/www.amanien.info\/news\/on-sachemine-vers-le-report-de-la-presidentielle\/#breadcrumb","itemListElement":[{"@type":"ListItem","position":1,"name":"Accueil","item":"https:\/\/www.amanien.info\/news\/"},{"@type":"ListItem","position":2,"name":"On s\u2019achemine vers le report de la pr\u00e9sidentielle ?"}]},{"@type":"WebSite","@id":"https:\/\/www.amanien.info\/news\/#website","url":"https:\/\/www.amanien.info\/news\/","name":"Amanien| L&#039;actualit\u00e9 Ivoirienne et Internationale","description":"L&#039;actualit\u00e9 Ivoirienne et Internationale","potentialAction":[{"@type":"SearchAction","target":{"@type":"EntryPoint","urlTemplate":"https:\/\/www.amanien.info\/news\/?s={search_term_string}"},"query-input":{"@type":"PropertyValueSpecification","valueRequired":true,"valueName":"search_term_string"}}],"inLanguage":"fr-FR"},{"@type":"Person","@id":"https:\/\/www.amanien.info\/news\/#\/schema\/person\/b21093345753a1a98242d505bd894f42","name":"Germain Ndri","url":"https:\/\/www.amanien.info\/news\/author\/amanien-infos\/"}]}},"_links":{"self":[{"href":"https:\/\/www.amanien.info\/news\/wp-json\/wp\/v2\/posts\/1964","targetHints":{"allow":["GET"]}}],"collection":[{"href":"https:\/\/www.amanien.info\/news\/wp-json\/wp\/v2\/posts"}],"about":[{"href":"https:\/\/www.amanien.info\/news\/wp-json\/wp\/v2\/types\/post"}],"author":[{"embeddable":true,"href":"https:\/\/www.amanien.info\/news\/wp-json\/wp\/v2\/users\/2"}],"replies":[{"embeddable":true,"href":"https:\/\/www.amanien.info\/news\/wp-json\/wp\/v2\/comments?post=1964"}],"version-history":[{"count":0,"href":"https:\/\/www.amanien.info\/news\/wp-json\/wp\/v2\/posts\/1964\/revisions"}],"wp:featuredmedia":[{"embeddable":true,"href":"https:\/\/www.amanien.info\/news\/wp-json\/wp\/v2\/media\/1965"}],"wp:attachment":[{"href":"https:\/\/www.amanien.info\/news\/wp-json\/wp\/v2\/media?parent=1964"}],"wp:term":[{"taxonomy":"category","embeddable":true,"href":"https:\/\/www.amanien.info\/news\/wp-json\/wp\/v2\/categories?post=1964"},{"taxonomy":"post_tag","embeddable":true,"href":"https:\/\/www.amanien.info\/news\/wp-json\/wp\/v2\/tags?post=1964"}],"curies":[{"name":"wp","href":"https:\/\/api.w.org\/{rel}","templated":true}]}}