{"id":1961,"date":"2020-10-21T22:21:11","date_gmt":"2020-10-21T20:21:11","guid":{"rendered":"http:\/\/https:\/\/zozo.buyee.jp\/\/news\/?p=1961"},"modified":"2020-10-21T22:21:11","modified_gmt":"2020-10-21T20:21:11","slug":"election-presidentielle-l-opposition-demande-a-l-onu-de-creer-un-cadre-propice-au-dialogue","status":"publish","type":"post","link":"https:\/\/www.amanien.info\/news\/election-presidentielle-l-opposition-demande-a-l-onu-de-creer-un-cadre-propice-au-dialogue\/","title":{"rendered":"\u00c9lection pr\u00e9sidentielle: L&rsquo; opposition demande \u00e0 l&rsquo; ONU de cr\u00e9er un cadre propice au dialogue"},"content":{"rendered":"<p>&nbsp;<\/p>\n<p>Lors d&rsquo; une conf\u00e9rence de presse anim\u00e9e le mercredi 21 octobre, le porte parole de la coalition de l&rsquo; opposition Pascal Affi N&rsquo; Guessan, a demand\u00e9 aux Nations unies et aux organisations sous r\u00e9gionales , de cr\u00e9er un cadre propice au dialogue avec le pouvoir. L&rsquo; opposition soutien que la r\u00e9solution de la crise pr\u00e9 \u00e9lectorale qui secoue le pays, doit passer in\u00e9luctablement par le dialogue.<br \/>\nSelon Pascal Affi N\u2019Guessan, porte-parole de la coalition de l\u2019opposition et candidat du Front Populaire Ivoirien ( FPI ) \u00e0 l&rsquo;\u00e9lection pr\u00e9sidentielle du 31 octobre 2020, aucune crise ne peut \u00eatre r\u00e9solue sans discussion des parties protagonistes. En attendant le dialogue entre le pouvoir et l&rsquo; opposition, les sc\u00e8nes de violences sont enregistr\u00e9es quotidiennement dans plusieurs r\u00e9gions du pays.<br \/>\nC.W<\/p>\n","protected":false},"excerpt":{"rendered":"<p>&nbsp; Lors d&rsquo; une conf\u00e9rence de presse anim\u00e9e le mercredi 21 octobre, le porte parole de la coalition de l&rsquo; opposition Pascal Affi N&rsquo; Guessan, a demand\u00e9 aux Nations unies et aux organisations sous r\u00e9gionales , de cr\u00e9er un cadre propice au dialogue avec le pouvoir. L&rsquo; opposition soutien que la r\u00e9solution de la crise [&hellip;]<\/p>\n","protected":false},"author":2,"featured_media":1962,"comment_status":"open","ping_status":"open","sticky":false,"template":"","format":"standard","meta":{"_acf_changed":false,"footnotes":""},"categories":[],"tags":[],"class_list":["post-1961","post","type-post","status-publish","format-standard","has-post-thumbnail","hentry"],"acf":[],"yoast_head":"<!-- This site is optimized with the Yoast SEO plugin v27.5 - https:\/\/yoast.com\/product\/yoast-seo-wordpress\/ -->\n<title>\u00c9lection pr\u00e9sidentielle: L&#039; opposition demande \u00e0 l&#039; ONU de cr\u00e9er un cadre propice au dialogue - Amanien| L&#039;actualit\u00e9 Ivoirienne et Internationale<\/title>\n<meta name=\"robots\" content=\"index, follow, max-snippet:-1, max-image-preview:large, max-video-preview:-1\" \/>\n<link rel=\"canonical\" href=\"https:\/\/www.amanien.info\/news\/election-presidentielle-l-opposition-demande-a-l-onu-de-creer-un-cadre-propice-au-dialogue\/\" \/>\n<meta property=\"og:locale\" content=\"fr_FR\" \/>\n<meta property=\"og:type\" content=\"article\" \/>\n<meta property=\"og:title\" content=\"\u00c9lection pr\u00e9sidentielle: L&#039; opposition demande \u00e0 l&#039; ONU de cr\u00e9er un cadre propice au dialogue - Amanien| L&#039;actualit\u00e9 Ivoirienne et Internationale\" \/>\n<meta property=\"og:description\" content=\"&nbsp; Lors d&rsquo; une conf\u00e9rence de presse anim\u00e9e le mercredi 21 octobre, le porte parole de la coalition de l&rsquo; opposition Pascal Affi N&rsquo; Guessan, a demand\u00e9 aux Nations unies et aux organisations sous r\u00e9gionales , de cr\u00e9er un cadre propice au dialogue avec le pouvoir. L&rsquo; opposition soutien que la r\u00e9solution de la crise [&hellip;]\" \/>\n<meta property=\"og:url\" content=\"https:\/\/www.amanien.info\/news\/election-presidentielle-l-opposition-demande-a-l-onu-de-creer-un-cadre-propice-au-dialogue\/\" \/>\n<meta property=\"og:site_name\" content=\"Amanien| L&#039;actualit\u00e9 Ivoirienne et Internationale\" \/>\n<meta property=\"article:published_time\" content=\"2020-10-21T20:21:11+00:00\" \/>\n<meta property=\"og:image\" content=\"https:\/\/www.amanien.info\/news\/wp-content\/uploads\/2020\/10\/thumbnail-5.png\" \/>\n\t<meta property=\"og:image:width\" content=\"720\" \/>\n\t<meta property=\"og:image:height\" content=\"480\" \/>\n\t<meta property=\"og:image:type\" content=\"image\/png\" \/>\n<meta name=\"author\" content=\"Germain Ndri\" \/>\n<meta name=\"twitter:card\" content=\"summary_large_image\" \/>\n<meta name=\"twitter:label1\" content=\"\u00c9crit par\" \/>\n\t<meta name=\"twitter:data1\" content=\"Germain Ndri\" \/>\n\t<meta name=\"twitter:label2\" content=\"Dur\u00e9e de lecture estim\u00e9e\" \/>\n\t<meta name=\"twitter:data2\" content=\"1 minute\" \/>\n<script type=\"application\/ld+json\" class=\"yoast-schema-graph\">{\"@context\":\"https:\\\/\\\/schema.org\",\"@graph\":[{\"@type\":\"Article\",\"@id\":\"https:\\\/\\\/www.amanien.info\\\/news\\\/election-presidentielle-l-opposition-demande-a-l-onu-de-creer-un-cadre-propice-au-dialogue\\\/#article\",\"isPartOf\":{\"@id\":\"https:\\\/\\\/www.amanien.info\\\/news\\\/election-presidentielle-l-opposition-demande-a-l-onu-de-creer-un-cadre-propice-au-dialogue\\\/\"},\"author\":{\"name\":\"Germain Ndri\",\"@id\":\"https:\\\/\\\/www.amanien.info\\\/news\\\/#\\\/schema\\\/person\\\/b21093345753a1a98242d505bd894f42\"},\"headline\":\"\u00c9lection pr\u00e9sidentielle: L&rsquo; opposition demande \u00e0 l&rsquo; ONU de cr\u00e9er un cadre propice au dialogue\",\"datePublished\":\"2020-10-21T20:21:11+00:00\",\"mainEntityOfPage\":{\"@id\":\"https:\\\/\\\/www.amanien.info\\\/news\\\/election-presidentielle-l-opposition-demande-a-l-onu-de-creer-un-cadre-propice-au-dialogue\\\/\"},\"wordCount\":151,\"commentCount\":0,\"image\":{\"@id\":\"https:\\\/\\\/www.amanien.info\\\/news\\\/election-presidentielle-l-opposition-demande-a-l-onu-de-creer-un-cadre-propice-au-dialogue\\\/#primaryimage\"},\"thumbnailUrl\":\"https:\\\/\\\/www.amanien.info\\\/news\\\/wp-content\\\/uploads\\\/2020\\\/10\\\/thumbnail-5.png\",\"inLanguage\":\"fr-FR\"},{\"@type\":\"WebPage\",\"@id\":\"https:\\\/\\\/www.amanien.info\\\/news\\\/election-presidentielle-l-opposition-demande-a-l-onu-de-creer-un-cadre-propice-au-dialogue\\\/\",\"url\":\"https:\\\/\\\/www.amanien.info\\\/news\\\/election-presidentielle-l-opposition-demande-a-l-onu-de-creer-un-cadre-propice-au-dialogue\\\/\",\"name\":\"\u00c9lection pr\u00e9sidentielle: L' opposition demande \u00e0 l' ONU de cr\u00e9er un cadre propice au dialogue - Amanien| L&#039;actualit\u00e9 Ivoirienne et Internationale\",\"isPartOf\":{\"@id\":\"https:\\\/\\\/www.amanien.info\\\/news\\\/#website\"},\"primaryImageOfPage\":{\"@id\":\"https:\\\/\\\/www.amanien.info\\\/news\\\/election-presidentielle-l-opposition-demande-a-l-onu-de-creer-un-cadre-propice-au-dialogue\\\/#primaryimage\"},\"image\":{\"@id\":\"https:\\\/\\\/www.amanien.info\\\/news\\\/election-presidentielle-l-opposition-demande-a-l-onu-de-creer-un-cadre-propice-au-dialogue\\\/#primaryimage\"},\"thumbnailUrl\":\"https:\\\/\\\/www.amanien.info\\\/news\\\/wp-content\\\/uploads\\\/2020\\\/10\\\/thumbnail-5.png\",\"datePublished\":\"2020-10-21T20:21:11+00:00\",\"author\":{\"@id\":\"https:\\\/\\\/www.amanien.info\\\/news\\\/#\\\/schema\\\/person\\\/b21093345753a1a98242d505bd894f42\"},\"breadcrumb\":{\"@id\":\"https:\\\/\\\/www.amanien.info\\\/news\\\/election-presidentielle-l-opposition-demande-a-l-onu-de-creer-un-cadre-propice-au-dialogue\\\/#breadcrumb\"},\"inLanguage\":\"fr-FR\",\"potentialAction\":[{\"@type\":\"ReadAction\",\"target\":[\"https:\\\/\\\/www.amanien.info\\\/news\\\/election-presidentielle-l-opposition-demande-a-l-onu-de-creer-un-cadre-propice-au-dialogue\\\/\"]}]},{\"@type\":\"ImageObject\",\"inLanguage\":\"fr-FR\",\"@id\":\"https:\\\/\\\/www.amanien.info\\\/news\\\/election-presidentielle-l-opposition-demande-a-l-onu-de-creer-un-cadre-propice-au-dialogue\\\/#primaryimage\",\"url\":\"https:\\\/\\\/www.amanien.info\\\/news\\\/wp-content\\\/uploads\\\/2020\\\/10\\\/thumbnail-5.png\",\"contentUrl\":\"https:\\\/\\\/www.amanien.info\\\/news\\\/wp-content\\\/uploads\\\/2020\\\/10\\\/thumbnail-5.png\",\"width\":720,\"height\":480},{\"@type\":\"BreadcrumbList\",\"@id\":\"https:\\\/\\\/www.amanien.info\\\/news\\\/election-presidentielle-l-opposition-demande-a-l-onu-de-creer-un-cadre-propice-au-dialogue\\\/#breadcrumb\",\"itemListElement\":[{\"@type\":\"ListItem\",\"position\":1,\"name\":\"Accueil\",\"item\":\"https:\\\/\\\/www.amanien.info\\\/news\\\/\"},{\"@type\":\"ListItem\",\"position\":2,\"name\":\"\u00c9lection pr\u00e9sidentielle: L&rsquo; opposition demande \u00e0 l&rsquo; ONU de cr\u00e9er un cadre propice au dialogue\"}]},{\"@type\":\"WebSite\",\"@id\":\"https:\\\/\\\/www.amanien.info\\\/news\\\/#website\",\"url\":\"https:\\\/\\\/www.amanien.info\\\/news\\\/\",\"name\":\"Amanien| L&#039;actualit\u00e9 Ivoirienne et Internationale\",\"description\":\"L&#039;actualit\u00e9 Ivoirienne et Internationale\",\"potentialAction\":[{\"@type\":\"SearchAction\",\"target\":{\"@type\":\"EntryPoint\",\"urlTemplate\":\"https:\\\/\\\/www.amanien.info\\\/news\\\/?s={search_term_string}\"},\"query-input\":{\"@type\":\"PropertyValueSpecification\",\"valueRequired\":true,\"valueName\":\"search_term_string\"}}],\"inLanguage\":\"fr-FR\"},{\"@type\":\"Person\",\"@id\":\"https:\\\/\\\/www.amanien.info\\\/news\\\/#\\\/schema\\\/person\\\/b21093345753a1a98242d505bd894f42\",\"name\":\"Germain Ndri\",\"url\":\"https:\\\/\\\/www.amanien.info\\\/news\\\/author\\\/amanien-infos\\\/\"}]}<\/script>\n<!-- \/ Yoast SEO plugin. -->","yoast_head_json":{"title":"\u00c9lection pr\u00e9sidentielle: L' opposition demande \u00e0 l' ONU de cr\u00e9er un cadre propice au dialogue - Amanien| L&#039;actualit\u00e9 Ivoirienne et Internationale","robots":{"index":"index","follow":"follow","max-snippet":"max-snippet:-1","max-image-preview":"max-image-preview:large","max-video-preview":"max-video-preview:-1"},"canonical":"https:\/\/www.amanien.info\/news\/election-presidentielle-l-opposition-demande-a-l-onu-de-creer-un-cadre-propice-au-dialogue\/","og_locale":"fr_FR","og_type":"article","og_title":"\u00c9lection pr\u00e9sidentielle: L' opposition demande \u00e0 l' ONU de cr\u00e9er un cadre propice au dialogue - Amanien| L&#039;actualit\u00e9 Ivoirienne et Internationale","og_description":"&nbsp; Lors d&rsquo; une conf\u00e9rence de presse anim\u00e9e le mercredi 21 octobre, le porte parole de la coalition de l&rsquo; opposition Pascal Affi N&rsquo; Guessan, a demand\u00e9 aux Nations unies et aux organisations sous r\u00e9gionales , de cr\u00e9er un cadre propice au dialogue avec le pouvoir. L&rsquo; opposition soutien que la r\u00e9solution de la crise [&hellip;]","og_url":"https:\/\/www.amanien.info\/news\/election-presidentielle-l-opposition-demande-a-l-onu-de-creer-un-cadre-propice-au-dialogue\/","og_site_name":"Amanien| L&#039;actualit\u00e9 Ivoirienne et Internationale","article_published_time":"2020-10-21T20:21:11+00:00","og_image":[{"width":720,"height":480,"url":"https:\/\/www.amanien.info\/news\/wp-content\/uploads\/2020\/10\/thumbnail-5.png","type":"image\/png"}],"author":"Germain Ndri","twitter_card":"summary_large_image","twitter_misc":{"\u00c9crit par":"Germain Ndri","Dur\u00e9e de lecture estim\u00e9e":"1 minute"},"schema":{"@context":"https:\/\/schema.org","@graph":[{"@type":"Article","@id":"https:\/\/www.amanien.info\/news\/election-presidentielle-l-opposition-demande-a-l-onu-de-creer-un-cadre-propice-au-dialogue\/#article","isPartOf":{"@id":"https:\/\/www.amanien.info\/news\/election-presidentielle-l-opposition-demande-a-l-onu-de-creer-un-cadre-propice-au-dialogue\/"},"author":{"name":"Germain Ndri","@id":"https:\/\/www.amanien.info\/news\/#\/schema\/person\/b21093345753a1a98242d505bd894f42"},"headline":"\u00c9lection pr\u00e9sidentielle: L&rsquo; opposition demande \u00e0 l&rsquo; ONU de cr\u00e9er un cadre propice au dialogue","datePublished":"2020-10-21T20:21:11+00:00","mainEntityOfPage":{"@id":"https:\/\/www.amanien.info\/news\/election-presidentielle-l-opposition-demande-a-l-onu-de-creer-un-cadre-propice-au-dialogue\/"},"wordCount":151,"commentCount":0,"image":{"@id":"https:\/\/www.amanien.info\/news\/election-presidentielle-l-opposition-demande-a-l-onu-de-creer-un-cadre-propice-au-dialogue\/#primaryimage"},"thumbnailUrl":"https:\/\/www.amanien.info\/news\/wp-content\/uploads\/2020\/10\/thumbnail-5.png","inLanguage":"fr-FR"},{"@type":"WebPage","@id":"https:\/\/www.amanien.info\/news\/election-presidentielle-l-opposition-demande-a-l-onu-de-creer-un-cadre-propice-au-dialogue\/","url":"https:\/\/www.amanien.info\/news\/election-presidentielle-l-opposition-demande-a-l-onu-de-creer-un-cadre-propice-au-dialogue\/","name":"\u00c9lection pr\u00e9sidentielle: L' opposition demande \u00e0 l' ONU de cr\u00e9er un cadre propice au dialogue - Amanien| L&#039;actualit\u00e9 Ivoirienne et Internationale","isPartOf":{"@id":"https:\/\/www.amanien.info\/news\/#website"},"primaryImageOfPage":{"@id":"https:\/\/www.amanien.info\/news\/election-presidentielle-l-opposition-demande-a-l-onu-de-creer-un-cadre-propice-au-dialogue\/#primaryimage"},"image":{"@id":"https:\/\/www.amanien.info\/news\/election-presidentielle-l-opposition-demande-a-l-onu-de-creer-un-cadre-propice-au-dialogue\/#primaryimage"},"thumbnailUrl":"https:\/\/www.amanien.info\/news\/wp-content\/uploads\/2020\/10\/thumbnail-5.png","datePublished":"2020-10-21T20:21:11+00:00","author":{"@id":"https:\/\/www.amanien.info\/news\/#\/schema\/person\/b21093345753a1a98242d505bd894f42"},"breadcrumb":{"@id":"https:\/\/www.amanien.info\/news\/election-presidentielle-l-opposition-demande-a-l-onu-de-creer-un-cadre-propice-au-dialogue\/#breadcrumb"},"inLanguage":"fr-FR","potentialAction":[{"@type":"ReadAction","target":["https:\/\/www.amanien.info\/news\/election-presidentielle-l-opposition-demande-a-l-onu-de-creer-un-cadre-propice-au-dialogue\/"]}]},{"@type":"ImageObject","inLanguage":"fr-FR","@id":"https:\/\/www.amanien.info\/news\/election-presidentielle-l-opposition-demande-a-l-onu-de-creer-un-cadre-propice-au-dialogue\/#primaryimage","url":"https:\/\/www.amanien.info\/news\/wp-content\/uploads\/2020\/10\/thumbnail-5.png","contentUrl":"https:\/\/www.amanien.info\/news\/wp-content\/uploads\/2020\/10\/thumbnail-5.png","width":720,"height":480},{"@type":"BreadcrumbList","@id":"https:\/\/www.amanien.info\/news\/election-presidentielle-l-opposition-demande-a-l-onu-de-creer-un-cadre-propice-au-dialogue\/#breadcrumb","itemListElement":[{"@type":"ListItem","position":1,"name":"Accueil","item":"https:\/\/www.amanien.info\/news\/"},{"@type":"ListItem","position":2,"name":"\u00c9lection pr\u00e9sidentielle: L&rsquo; opposition demande \u00e0 l&rsquo; ONU de cr\u00e9er un cadre propice au dialogue"}]},{"@type":"WebSite","@id":"https:\/\/www.amanien.info\/news\/#website","url":"https:\/\/www.amanien.info\/news\/","name":"Amanien| L&#039;actualit\u00e9 Ivoirienne et Internationale","description":"L&#039;actualit\u00e9 Ivoirienne et Internationale","potentialAction":[{"@type":"SearchAction","target":{"@type":"EntryPoint","urlTemplate":"https:\/\/www.amanien.info\/news\/?s={search_term_string}"},"query-input":{"@type":"PropertyValueSpecification","valueRequired":true,"valueName":"search_term_string"}}],"inLanguage":"fr-FR"},{"@type":"Person","@id":"https:\/\/www.amanien.info\/news\/#\/schema\/person\/b21093345753a1a98242d505bd894f42","name":"Germain Ndri","url":"https:\/\/www.amanien.info\/news\/author\/amanien-infos\/"}]}},"_links":{"self":[{"href":"https:\/\/www.amanien.info\/news\/wp-json\/wp\/v2\/posts\/1961","targetHints":{"allow":["GET"]}}],"collection":[{"href":"https:\/\/www.amanien.info\/news\/wp-json\/wp\/v2\/posts"}],"about":[{"href":"https:\/\/www.amanien.info\/news\/wp-json\/wp\/v2\/types\/post"}],"author":[{"embeddable":true,"href":"https:\/\/www.amanien.info\/news\/wp-json\/wp\/v2\/users\/2"}],"replies":[{"embeddable":true,"href":"https:\/\/www.amanien.info\/news\/wp-json\/wp\/v2\/comments?post=1961"}],"version-history":[{"count":0,"href":"https:\/\/www.amanien.info\/news\/wp-json\/wp\/v2\/posts\/1961\/revisions"}],"wp:featuredmedia":[{"embeddable":true,"href":"https:\/\/www.amanien.info\/news\/wp-json\/wp\/v2\/media\/1962"}],"wp:attachment":[{"href":"https:\/\/www.amanien.info\/news\/wp-json\/wp\/v2\/media?parent=1961"}],"wp:term":[{"taxonomy":"category","embeddable":true,"href":"https:\/\/www.amanien.info\/news\/wp-json\/wp\/v2\/categories?post=1961"},{"taxonomy":"post_tag","embeddable":true,"href":"https:\/\/www.amanien.info\/news\/wp-json\/wp\/v2\/tags?post=1961"}],"curies":[{"name":"wp","href":"https:\/\/api.w.org\/{rel}","templated":true}]}}