{"id":1934,"date":"2020-10-19T08:42:09","date_gmt":"2020-10-19T06:42:09","guid":{"rendered":"http:\/\/https:\/\/zozo.buyee.jp\/\/news\/?p=1934"},"modified":"2020-10-19T08:42:30","modified_gmt":"2020-10-19T06:42:30","slug":"campagne-electorale-2020-le-projet-de-societe-du-candidat-du-rhdp-presente","status":"publish","type":"post","link":"https:\/\/www.amanien.info\/news\/campagne-electorale-2020-le-projet-de-societe-du-candidat-du-rhdp-presente\/","title":{"rendered":"Campagne \u00e9lectorale 2020: Le projet de soci\u00e9t\u00e9 du candidat du RHDP pr\u00e9sent\u00e9"},"content":{"rendered":"<div class=\"I_52qC D_FY W_6D6F\" data-test-id=\"message-view-body\">\n<div class=\"msg-body P_wpofO mq_AS\" data-test-id=\"message-view-body-content\">\n<div class=\"jb_0 X_6MGW N_6Fd5\">\n<div>\n<div id=\"yiv8110525787\">\n<div>\n<div>\nLa c\u00e9r\u00e9monie de pr\u00e9sentation\u00a0 du projet de soci\u00e9t\u00e9 du candidat du Rhdp pour l&rsquo; \u00e9lection pr\u00e9sidentielle du 31 octobre\u00a0 Alassane Ouattara, s&rsquo; est d\u00e9roul\u00e9e le 14 octobre \u00e0 l&rsquo; h\u00f4tel Sofitel Ivoire. A cette occasion,\u00a0 le ministre d\u2019\u00c9tat Patrick Achi, directeur national de campagne\u00a0 en charge du projet de soci\u00e9t\u00e9 du candidat Alassane Ouattara, a pr\u00e9sent\u00e9 la nouvelle vision intitul\u00e9e \u00a0\u00bb plan strat\u00e9gique 2030 pour une C\u00f4te d&rsquo; Ivoire prosp\u00e8re et solidaire\u00a0\u00bb. Il a fait une \u00e9tude comparative entre la C\u00f4te d\u2019Ivoire des ann\u00e9es 1960 jusqu\u2019en\u00a0 2011. Selon lui, le taux de pauvret\u00e9 est pass\u00e9 de\u00a0 38%\u00a0 \u00e0 55% en 2011. \u00a0\u00bb De 2011 \u00e0 2015 le pr\u00e9sident a ax\u00e9 sa strat\u00e9gique sur la paix et la s\u00e9curit\u00e9, la reconstruction et la relance \u00e9conomique<\/div>\n<div>\u00a0, le red\u00e9marrage de l&rsquo; administration.\u00a0 En de 2016 \u00e0 2020 sur le renforcement des institutions, la transformation structurelle de l&rsquo; \u00e9conomie et l&rsquo; am\u00e9lioration des conditions de vie des populations\u00a0\u00bb a-t-il dit.<\/div>\n<div>Il a ajout\u00e9 que les efforts du pr\u00e9sident Ouattara ont permis de faire passer le pib de 1213 dollars en 2010 \u00e0 2288 dollars en 2019. \u00a0\u00bb Nous ne voulons plus retourner en arri\u00e8re. Entre 2020 et 2025 nous allons p\u00e9renniser les acquis du d\u00e9veloppement et acc\u00e9l\u00e9rer notre marche pour avoir une classe moyenne. Acc\u00e9l\u00e9rer la transformation de notre mod\u00e8le de d\u00e9veloppement.Mais aussi acc\u00e9l\u00e9rer la transformation structurelle au niveau culturel, de l&rsquo;administration et la gouvernance\u00a0\u00bb a-t-il soulign\u00e9.<\/div>\n<div>Calvin Wandji<\/div>\n<\/div>\n<\/div>\n<\/div>\n<\/div>\n<\/div>\n<div class=\"jb_0 X_6MGW N_6Fd5\"><\/div>\n<\/div>\n<div class=\"H_7jIs D_F ab_C Q_69H5 E_36RhU\" data-test-id=\"toolbar-hover-area\">\n<div class=\"D_F W_6D6F r_BN gl_C\" data-test-id=\"card-toolbar\">\n<div class=\"D_F ab_C en_0 b_Z14vXdP e_3mS2U I_52qC P_Z1otBpf\">\n<ul class=\"hd_n P_0 H_6D6F M_0 ir3_0 iy_h D_F ab_C\" tabindex=\"0\" role=\"menubar\" data-test-id=\"navigable-list\">\n<li class=\"G_e p_R\" role=\"menuitem\"><\/li>\n<\/ul>\n<\/div>\n<\/div>\n<\/div>\n","protected":false},"excerpt":{"rendered":"<p>La c\u00e9r\u00e9monie de pr\u00e9sentation\u00a0 du projet de soci\u00e9t\u00e9 du candidat du Rhdp pour l&rsquo; \u00e9lection pr\u00e9sidentielle du 31 octobre\u00a0 Alassane Ouattara, s&rsquo; est d\u00e9roul\u00e9e le 14 octobre \u00e0 l&rsquo; h\u00f4tel Sofitel Ivoire. A cette occasion,\u00a0 le ministre d\u2019\u00c9tat Patrick Achi, directeur national de campagne\u00a0 en charge du projet de soci\u00e9t\u00e9 du candidat Alassane Ouattara, a [&hellip;]<\/p>\n","protected":false},"author":2,"featured_media":1935,"comment_status":"open","ping_status":"open","sticky":true,"template":"","format":"standard","meta":{"_acf_changed":false,"footnotes":""},"categories":[],"tags":[],"class_list":["post-1934","post","type-post","status-publish","format-standard","has-post-thumbnail","hentry"],"acf":[],"yoast_head":"<!-- This site is optimized with the Yoast SEO plugin v27.5 - https:\/\/yoast.com\/product\/yoast-seo-wordpress\/ -->\n<title>Campagne \u00e9lectorale 2020: Le projet de soci\u00e9t\u00e9 du candidat du RHDP pr\u00e9sent\u00e9 - Amanien| L&#039;actualit\u00e9 Ivoirienne et Internationale<\/title>\n<meta name=\"robots\" content=\"index, follow, max-snippet:-1, max-image-preview:large, max-video-preview:-1\" \/>\n<link rel=\"canonical\" href=\"https:\/\/www.amanien.info\/news\/campagne-electorale-2020-le-projet-de-societe-du-candidat-du-rhdp-presente\/\" \/>\n<meta property=\"og:locale\" content=\"fr_FR\" \/>\n<meta property=\"og:type\" content=\"article\" \/>\n<meta property=\"og:title\" content=\"Campagne \u00e9lectorale 2020: Le projet de soci\u00e9t\u00e9 du candidat du RHDP pr\u00e9sent\u00e9 - Amanien| L&#039;actualit\u00e9 Ivoirienne et Internationale\" \/>\n<meta property=\"og:description\" content=\"La c\u00e9r\u00e9monie de pr\u00e9sentation\u00a0 du projet de soci\u00e9t\u00e9 du candidat du Rhdp pour l&rsquo; \u00e9lection pr\u00e9sidentielle du 31 octobre\u00a0 Alassane Ouattara, s&rsquo; est d\u00e9roul\u00e9e le 14 octobre \u00e0 l&rsquo; h\u00f4tel Sofitel Ivoire. A cette occasion,\u00a0 le ministre d\u2019\u00c9tat Patrick Achi, directeur national de campagne\u00a0 en charge du projet de soci\u00e9t\u00e9 du candidat Alassane Ouattara, a [&hellip;]\" \/>\n<meta property=\"og:url\" content=\"https:\/\/www.amanien.info\/news\/campagne-electorale-2020-le-projet-de-societe-du-candidat-du-rhdp-presente\/\" \/>\n<meta property=\"og:site_name\" content=\"Amanien| L&#039;actualit\u00e9 Ivoirienne et Internationale\" \/>\n<meta property=\"article:published_time\" content=\"2020-10-19T06:42:09+00:00\" \/>\n<meta property=\"article:modified_time\" content=\"2020-10-19T06:42:30+00:00\" \/>\n<meta property=\"og:image\" content=\"https:\/\/www.amanien.info\/news\/wp-content\/uploads\/2020\/10\/thumbnail-16.jpg\" \/>\n\t<meta property=\"og:image:width\" content=\"720\" \/>\n\t<meta property=\"og:image:height\" content=\"480\" \/>\n\t<meta property=\"og:image:type\" content=\"image\/jpeg\" \/>\n<meta name=\"author\" content=\"Germain Ndri\" \/>\n<meta name=\"twitter:card\" content=\"summary_large_image\" \/>\n<meta name=\"twitter:label1\" content=\"\u00c9crit par\" \/>\n\t<meta name=\"twitter:data1\" content=\"Germain Ndri\" \/>\n\t<meta name=\"twitter:label2\" content=\"Dur\u00e9e de lecture estim\u00e9e\" \/>\n\t<meta name=\"twitter:data2\" content=\"1 minute\" \/>\n<script type=\"application\/ld+json\" class=\"yoast-schema-graph\">{\"@context\":\"https:\\\/\\\/schema.org\",\"@graph\":[{\"@type\":\"Article\",\"@id\":\"https:\\\/\\\/www.amanien.info\\\/news\\\/campagne-electorale-2020-le-projet-de-societe-du-candidat-du-rhdp-presente\\\/#article\",\"isPartOf\":{\"@id\":\"https:\\\/\\\/www.amanien.info\\\/news\\\/campagne-electorale-2020-le-projet-de-societe-du-candidat-du-rhdp-presente\\\/\"},\"author\":{\"name\":\"Germain Ndri\",\"@id\":\"https:\\\/\\\/www.amanien.info\\\/news\\\/#\\\/schema\\\/person\\\/b21093345753a1a98242d505bd894f42\"},\"headline\":\"Campagne \u00e9lectorale 2020: Le projet de soci\u00e9t\u00e9 du candidat du RHDP pr\u00e9sent\u00e9\",\"datePublished\":\"2020-10-19T06:42:09+00:00\",\"dateModified\":\"2020-10-19T06:42:30+00:00\",\"mainEntityOfPage\":{\"@id\":\"https:\\\/\\\/www.amanien.info\\\/news\\\/campagne-electorale-2020-le-projet-de-societe-du-candidat-du-rhdp-presente\\\/\"},\"wordCount\":260,\"commentCount\":0,\"image\":{\"@id\":\"https:\\\/\\\/www.amanien.info\\\/news\\\/campagne-electorale-2020-le-projet-de-societe-du-candidat-du-rhdp-presente\\\/#primaryimage\"},\"thumbnailUrl\":\"https:\\\/\\\/www.amanien.info\\\/news\\\/wp-content\\\/uploads\\\/2020\\\/10\\\/thumbnail-16.jpg\",\"inLanguage\":\"fr-FR\"},{\"@type\":\"WebPage\",\"@id\":\"https:\\\/\\\/www.amanien.info\\\/news\\\/campagne-electorale-2020-le-projet-de-societe-du-candidat-du-rhdp-presente\\\/\",\"url\":\"https:\\\/\\\/www.amanien.info\\\/news\\\/campagne-electorale-2020-le-projet-de-societe-du-candidat-du-rhdp-presente\\\/\",\"name\":\"Campagne \u00e9lectorale 2020: Le projet de soci\u00e9t\u00e9 du candidat du RHDP pr\u00e9sent\u00e9 - Amanien| L&#039;actualit\u00e9 Ivoirienne et Internationale\",\"isPartOf\":{\"@id\":\"https:\\\/\\\/www.amanien.info\\\/news\\\/#website\"},\"primaryImageOfPage\":{\"@id\":\"https:\\\/\\\/www.amanien.info\\\/news\\\/campagne-electorale-2020-le-projet-de-societe-du-candidat-du-rhdp-presente\\\/#primaryimage\"},\"image\":{\"@id\":\"https:\\\/\\\/www.amanien.info\\\/news\\\/campagne-electorale-2020-le-projet-de-societe-du-candidat-du-rhdp-presente\\\/#primaryimage\"},\"thumbnailUrl\":\"https:\\\/\\\/www.amanien.info\\\/news\\\/wp-content\\\/uploads\\\/2020\\\/10\\\/thumbnail-16.jpg\",\"datePublished\":\"2020-10-19T06:42:09+00:00\",\"dateModified\":\"2020-10-19T06:42:30+00:00\",\"author\":{\"@id\":\"https:\\\/\\\/www.amanien.info\\\/news\\\/#\\\/schema\\\/person\\\/b21093345753a1a98242d505bd894f42\"},\"breadcrumb\":{\"@id\":\"https:\\\/\\\/www.amanien.info\\\/news\\\/campagne-electorale-2020-le-projet-de-societe-du-candidat-du-rhdp-presente\\\/#breadcrumb\"},\"inLanguage\":\"fr-FR\",\"potentialAction\":[{\"@type\":\"ReadAction\",\"target\":[\"https:\\\/\\\/www.amanien.info\\\/news\\\/campagne-electorale-2020-le-projet-de-societe-du-candidat-du-rhdp-presente\\\/\"]}]},{\"@type\":\"ImageObject\",\"inLanguage\":\"fr-FR\",\"@id\":\"https:\\\/\\\/www.amanien.info\\\/news\\\/campagne-electorale-2020-le-projet-de-societe-du-candidat-du-rhdp-presente\\\/#primaryimage\",\"url\":\"https:\\\/\\\/www.amanien.info\\\/news\\\/wp-content\\\/uploads\\\/2020\\\/10\\\/thumbnail-16.jpg\",\"contentUrl\":\"https:\\\/\\\/www.amanien.info\\\/news\\\/wp-content\\\/uploads\\\/2020\\\/10\\\/thumbnail-16.jpg\",\"width\":720,\"height\":480},{\"@type\":\"BreadcrumbList\",\"@id\":\"https:\\\/\\\/www.amanien.info\\\/news\\\/campagne-electorale-2020-le-projet-de-societe-du-candidat-du-rhdp-presente\\\/#breadcrumb\",\"itemListElement\":[{\"@type\":\"ListItem\",\"position\":1,\"name\":\"Accueil\",\"item\":\"https:\\\/\\\/www.amanien.info\\\/news\\\/\"},{\"@type\":\"ListItem\",\"position\":2,\"name\":\"Campagne \u00e9lectorale 2020: Le projet de soci\u00e9t\u00e9 du candidat du RHDP pr\u00e9sent\u00e9\"}]},{\"@type\":\"WebSite\",\"@id\":\"https:\\\/\\\/www.amanien.info\\\/news\\\/#website\",\"url\":\"https:\\\/\\\/www.amanien.info\\\/news\\\/\",\"name\":\"Amanien| L&#039;actualit\u00e9 Ivoirienne et Internationale\",\"description\":\"L&#039;actualit\u00e9 Ivoirienne et Internationale\",\"potentialAction\":[{\"@type\":\"SearchAction\",\"target\":{\"@type\":\"EntryPoint\",\"urlTemplate\":\"https:\\\/\\\/www.amanien.info\\\/news\\\/?s={search_term_string}\"},\"query-input\":{\"@type\":\"PropertyValueSpecification\",\"valueRequired\":true,\"valueName\":\"search_term_string\"}}],\"inLanguage\":\"fr-FR\"},{\"@type\":\"Person\",\"@id\":\"https:\\\/\\\/www.amanien.info\\\/news\\\/#\\\/schema\\\/person\\\/b21093345753a1a98242d505bd894f42\",\"name\":\"Germain Ndri\",\"url\":\"https:\\\/\\\/www.amanien.info\\\/news\\\/author\\\/amanien-infos\\\/\"}]}<\/script>\n<!-- \/ Yoast SEO plugin. -->","yoast_head_json":{"title":"Campagne \u00e9lectorale 2020: Le projet de soci\u00e9t\u00e9 du candidat du RHDP pr\u00e9sent\u00e9 - Amanien| L&#039;actualit\u00e9 Ivoirienne et Internationale","robots":{"index":"index","follow":"follow","max-snippet":"max-snippet:-1","max-image-preview":"max-image-preview:large","max-video-preview":"max-video-preview:-1"},"canonical":"https:\/\/www.amanien.info\/news\/campagne-electorale-2020-le-projet-de-societe-du-candidat-du-rhdp-presente\/","og_locale":"fr_FR","og_type":"article","og_title":"Campagne \u00e9lectorale 2020: Le projet de soci\u00e9t\u00e9 du candidat du RHDP pr\u00e9sent\u00e9 - Amanien| L&#039;actualit\u00e9 Ivoirienne et Internationale","og_description":"La c\u00e9r\u00e9monie de pr\u00e9sentation\u00a0 du projet de soci\u00e9t\u00e9 du candidat du Rhdp pour l&rsquo; \u00e9lection pr\u00e9sidentielle du 31 octobre\u00a0 Alassane Ouattara, s&rsquo; est d\u00e9roul\u00e9e le 14 octobre \u00e0 l&rsquo; h\u00f4tel Sofitel Ivoire. A cette occasion,\u00a0 le ministre d\u2019\u00c9tat Patrick Achi, directeur national de campagne\u00a0 en charge du projet de soci\u00e9t\u00e9 du candidat Alassane Ouattara, a [&hellip;]","og_url":"https:\/\/www.amanien.info\/news\/campagne-electorale-2020-le-projet-de-societe-du-candidat-du-rhdp-presente\/","og_site_name":"Amanien| L&#039;actualit\u00e9 Ivoirienne et Internationale","article_published_time":"2020-10-19T06:42:09+00:00","article_modified_time":"2020-10-19T06:42:30+00:00","og_image":[{"width":720,"height":480,"url":"https:\/\/www.amanien.info\/news\/wp-content\/uploads\/2020\/10\/thumbnail-16.jpg","type":"image\/jpeg"}],"author":"Germain Ndri","twitter_card":"summary_large_image","twitter_misc":{"\u00c9crit par":"Germain Ndri","Dur\u00e9e de lecture estim\u00e9e":"1 minute"},"schema":{"@context":"https:\/\/schema.org","@graph":[{"@type":"Article","@id":"https:\/\/www.amanien.info\/news\/campagne-electorale-2020-le-projet-de-societe-du-candidat-du-rhdp-presente\/#article","isPartOf":{"@id":"https:\/\/www.amanien.info\/news\/campagne-electorale-2020-le-projet-de-societe-du-candidat-du-rhdp-presente\/"},"author":{"name":"Germain Ndri","@id":"https:\/\/www.amanien.info\/news\/#\/schema\/person\/b21093345753a1a98242d505bd894f42"},"headline":"Campagne \u00e9lectorale 2020: Le projet de soci\u00e9t\u00e9 du candidat du RHDP pr\u00e9sent\u00e9","datePublished":"2020-10-19T06:42:09+00:00","dateModified":"2020-10-19T06:42:30+00:00","mainEntityOfPage":{"@id":"https:\/\/www.amanien.info\/news\/campagne-electorale-2020-le-projet-de-societe-du-candidat-du-rhdp-presente\/"},"wordCount":260,"commentCount":0,"image":{"@id":"https:\/\/www.amanien.info\/news\/campagne-electorale-2020-le-projet-de-societe-du-candidat-du-rhdp-presente\/#primaryimage"},"thumbnailUrl":"https:\/\/www.amanien.info\/news\/wp-content\/uploads\/2020\/10\/thumbnail-16.jpg","inLanguage":"fr-FR"},{"@type":"WebPage","@id":"https:\/\/www.amanien.info\/news\/campagne-electorale-2020-le-projet-de-societe-du-candidat-du-rhdp-presente\/","url":"https:\/\/www.amanien.info\/news\/campagne-electorale-2020-le-projet-de-societe-du-candidat-du-rhdp-presente\/","name":"Campagne \u00e9lectorale 2020: Le projet de soci\u00e9t\u00e9 du candidat du RHDP pr\u00e9sent\u00e9 - Amanien| L&#039;actualit\u00e9 Ivoirienne et Internationale","isPartOf":{"@id":"https:\/\/www.amanien.info\/news\/#website"},"primaryImageOfPage":{"@id":"https:\/\/www.amanien.info\/news\/campagne-electorale-2020-le-projet-de-societe-du-candidat-du-rhdp-presente\/#primaryimage"},"image":{"@id":"https:\/\/www.amanien.info\/news\/campagne-electorale-2020-le-projet-de-societe-du-candidat-du-rhdp-presente\/#primaryimage"},"thumbnailUrl":"https:\/\/www.amanien.info\/news\/wp-content\/uploads\/2020\/10\/thumbnail-16.jpg","datePublished":"2020-10-19T06:42:09+00:00","dateModified":"2020-10-19T06:42:30+00:00","author":{"@id":"https:\/\/www.amanien.info\/news\/#\/schema\/person\/b21093345753a1a98242d505bd894f42"},"breadcrumb":{"@id":"https:\/\/www.amanien.info\/news\/campagne-electorale-2020-le-projet-de-societe-du-candidat-du-rhdp-presente\/#breadcrumb"},"inLanguage":"fr-FR","potentialAction":[{"@type":"ReadAction","target":["https:\/\/www.amanien.info\/news\/campagne-electorale-2020-le-projet-de-societe-du-candidat-du-rhdp-presente\/"]}]},{"@type":"ImageObject","inLanguage":"fr-FR","@id":"https:\/\/www.amanien.info\/news\/campagne-electorale-2020-le-projet-de-societe-du-candidat-du-rhdp-presente\/#primaryimage","url":"https:\/\/www.amanien.info\/news\/wp-content\/uploads\/2020\/10\/thumbnail-16.jpg","contentUrl":"https:\/\/www.amanien.info\/news\/wp-content\/uploads\/2020\/10\/thumbnail-16.jpg","width":720,"height":480},{"@type":"BreadcrumbList","@id":"https:\/\/www.amanien.info\/news\/campagne-electorale-2020-le-projet-de-societe-du-candidat-du-rhdp-presente\/#breadcrumb","itemListElement":[{"@type":"ListItem","position":1,"name":"Accueil","item":"https:\/\/www.amanien.info\/news\/"},{"@type":"ListItem","position":2,"name":"Campagne \u00e9lectorale 2020: Le projet de soci\u00e9t\u00e9 du candidat du RHDP pr\u00e9sent\u00e9"}]},{"@type":"WebSite","@id":"https:\/\/www.amanien.info\/news\/#website","url":"https:\/\/www.amanien.info\/news\/","name":"Amanien| L&#039;actualit\u00e9 Ivoirienne et Internationale","description":"L&#039;actualit\u00e9 Ivoirienne et Internationale","potentialAction":[{"@type":"SearchAction","target":{"@type":"EntryPoint","urlTemplate":"https:\/\/www.amanien.info\/news\/?s={search_term_string}"},"query-input":{"@type":"PropertyValueSpecification","valueRequired":true,"valueName":"search_term_string"}}],"inLanguage":"fr-FR"},{"@type":"Person","@id":"https:\/\/www.amanien.info\/news\/#\/schema\/person\/b21093345753a1a98242d505bd894f42","name":"Germain Ndri","url":"https:\/\/www.amanien.info\/news\/author\/amanien-infos\/"}]}},"_links":{"self":[{"href":"https:\/\/www.amanien.info\/news\/wp-json\/wp\/v2\/posts\/1934","targetHints":{"allow":["GET"]}}],"collection":[{"href":"https:\/\/www.amanien.info\/news\/wp-json\/wp\/v2\/posts"}],"about":[{"href":"https:\/\/www.amanien.info\/news\/wp-json\/wp\/v2\/types\/post"}],"author":[{"embeddable":true,"href":"https:\/\/www.amanien.info\/news\/wp-json\/wp\/v2\/users\/2"}],"replies":[{"embeddable":true,"href":"https:\/\/www.amanien.info\/news\/wp-json\/wp\/v2\/comments?post=1934"}],"version-history":[{"count":0,"href":"https:\/\/www.amanien.info\/news\/wp-json\/wp\/v2\/posts\/1934\/revisions"}],"wp:featuredmedia":[{"embeddable":true,"href":"https:\/\/www.amanien.info\/news\/wp-json\/wp\/v2\/media\/1935"}],"wp:attachment":[{"href":"https:\/\/www.amanien.info\/news\/wp-json\/wp\/v2\/media?parent=1934"}],"wp:term":[{"taxonomy":"category","embeddable":true,"href":"https:\/\/www.amanien.info\/news\/wp-json\/wp\/v2\/categories?post=1934"},{"taxonomy":"post_tag","embeddable":true,"href":"https:\/\/www.amanien.info\/news\/wp-json\/wp\/v2\/tags?post=1934"}],"curies":[{"name":"wp","href":"https:\/\/api.w.org\/{rel}","templated":true}]}}