{"id":1931,"date":"2020-10-19T08:38:26","date_gmt":"2020-10-19T06:38:26","guid":{"rendered":"http:\/\/https:\/\/zozo.buyee.jp\/\/news\/?p=1931"},"modified":"2020-10-19T08:38:52","modified_gmt":"2020-10-19T06:38:52","slug":"une-ivoiro-americaine-invite-ses-soeurs-a-une-marche-pour-preserver-la-paix-et-la-cohesion-sociale","status":"publish","type":"post","link":"https:\/\/www.amanien.info\/news\/une-ivoiro-americaine-invite-ses-soeurs-a-une-marche-pour-preserver-la-paix-et-la-cohesion-sociale\/","title":{"rendered":"UNE IVOIRO-am\u00e9ricaine INVITE SES S\u0152URS A UNE MARCHE\u00a0POUR PR\u00c9SERVER LA PAIX ET LA COH\u00c9SION SOCIALE"},"content":{"rendered":"<p>La pr\u00e9sidentielle en C\u00f4te d\u2019Ivoire, c\u2019est le 31 octobre prochain, dans deux semaines pr\u00e9cis\u00e9ment.<\/p>\n<p>Le climat politique est brusquement crisp\u00e9 depuis que le pr\u00e9sident de la R\u00e9publique, Alassane Ouattara \u00a0a annonc\u00e9 son intention de briguer un autre mandat\u00a0 pour le compte du RHDP.<\/p>\n<p>Ce qui n\u2019est pas du go\u00fbt de l\u2019opposition. Une vague de protestation s\u2019en est suivi.<\/p>\n<p>Au quotidien, nous assistons, \u00e0 de nombreux avis. Ce n\u2019est pas le cas de docteur Breant Mariam, une dame de nationalit\u00e9 ivoirienne qui r\u00e9side aux Etats-Unis.<\/p>\n<p>Elle est venue des Etats-Unis, dit-elle, pour inviter ses s\u0153urs et ses mamans \u00e0 une marche pacifique \u00e0 l\u2019image de la marche sur Bassam en 1949. Pour dire non aux colons. On peut dire aussi non \u00e0 nos politiciens afin d\u2019aider nos fils et nos maris. Partant, elle lance un appel aux politiciens, surtout \u00e0 l\u2019opposition pour ne pas faire violenter nos enfants et sauver notre nation.<\/p>\n<p><strong>Elle milite donc pour la non-violence aux fins de sensibiliser nos enfants et sauver leur vie. <\/strong>Dans cette veine, elle fait appel \u00e0 toutes les femmes sans exclusion aucune de religion, d\u2019ethnie \u00e0 apaiser leurs et leurs enfants. Participent \u00e0 cette marche en vue de convaincre, les candidats retenus officiellement par la Commission \u00e9lectorale ind\u00e9pendante (Cei) pour l\u2019\u00e9lection pr\u00e9sidentielle. Cela pourra \u00e9viter un \u00e9ventuel embrasement.<\/p>\n<p>Elle envisage parcourir avec son \u00e9quipe toutes les r\u00e9gions de la C\u00f4te d\u2019Ivoire pour v\u00e9hiculer le message de paix et d\u2019amour. On peut certes avoir des origines diff\u00e9rentes, mais on peut arriver s\u2019entendre.<\/p>\n<p>Renforcer la Culture de la paix et de l\u2019amour. Avoir notre mot \u00e0 dire dans la politique de notre pays. Plus de 400 femmes sur le terrain. Il ne faut pas sous-estimer l\u2019intelligence du peuple, parlant des politiciens.<\/p>\n<p><strong>David KOUAME<\/strong><\/p>\n","protected":false},"excerpt":{"rendered":"<p>La pr\u00e9sidentielle en C\u00f4te d\u2019Ivoire, c\u2019est le 31 octobre prochain, dans deux semaines pr\u00e9cis\u00e9ment. Le climat politique est brusquement crisp\u00e9 depuis que le pr\u00e9sident de la R\u00e9publique, Alassane Ouattara \u00a0a annonc\u00e9 son intention de briguer un autre mandat\u00a0 pour le compte du RHDP. Ce qui n\u2019est pas du go\u00fbt de l\u2019opposition. Une vague de protestation [&hellip;]<\/p>\n","protected":false},"author":2,"featured_media":1932,"comment_status":"open","ping_status":"open","sticky":true,"template":"","format":"standard","meta":{"_acf_changed":false,"footnotes":""},"categories":[],"tags":[],"class_list":["post-1931","post","type-post","status-publish","format-standard","has-post-thumbnail","hentry"],"acf":[],"yoast_head":"<!-- This site is optimized with the Yoast SEO plugin v27.5 - https:\/\/yoast.com\/product\/yoast-seo-wordpress\/ -->\n<title>UNE IVOIRO-am\u00e9ricaine INVITE SES S\u0152URS A UNE MARCHE\u00a0POUR PR\u00c9SERVER LA PAIX ET LA COH\u00c9SION SOCIALE - Amanien| L&#039;actualit\u00e9 Ivoirienne et Internationale<\/title>\n<meta name=\"robots\" content=\"index, follow, max-snippet:-1, max-image-preview:large, max-video-preview:-1\" \/>\n<link rel=\"canonical\" href=\"https:\/\/www.amanien.info\/news\/une-ivoiro-americaine-invite-ses-soeurs-a-une-marche-pour-preserver-la-paix-et-la-cohesion-sociale\/\" \/>\n<meta property=\"og:locale\" content=\"fr_FR\" \/>\n<meta property=\"og:type\" content=\"article\" \/>\n<meta property=\"og:title\" content=\"UNE IVOIRO-am\u00e9ricaine INVITE SES S\u0152URS A UNE MARCHE\u00a0POUR PR\u00c9SERVER LA PAIX ET LA COH\u00c9SION SOCIALE - Amanien| L&#039;actualit\u00e9 Ivoirienne et Internationale\" \/>\n<meta property=\"og:description\" content=\"La pr\u00e9sidentielle en C\u00f4te d\u2019Ivoire, c\u2019est le 31 octobre prochain, dans deux semaines pr\u00e9cis\u00e9ment. Le climat politique est brusquement crisp\u00e9 depuis que le pr\u00e9sident de la R\u00e9publique, Alassane Ouattara \u00a0a annonc\u00e9 son intention de briguer un autre mandat\u00a0 pour le compte du RHDP. Ce qui n\u2019est pas du go\u00fbt de l\u2019opposition. Une vague de protestation [&hellip;]\" \/>\n<meta property=\"og:url\" content=\"https:\/\/www.amanien.info\/news\/une-ivoiro-americaine-invite-ses-soeurs-a-une-marche-pour-preserver-la-paix-et-la-cohesion-sociale\/\" \/>\n<meta property=\"og:site_name\" content=\"Amanien| L&#039;actualit\u00e9 Ivoirienne et Internationale\" \/>\n<meta property=\"article:published_time\" content=\"2020-10-19T06:38:26+00:00\" \/>\n<meta property=\"article:modified_time\" content=\"2020-10-19T06:38:52+00:00\" \/>\n<meta property=\"og:image\" content=\"https:\/\/www.amanien.info\/news\/wp-content\/uploads\/2020\/10\/thumbnail-15.jpg\" \/>\n\t<meta property=\"og:image:width\" content=\"1080\" \/>\n\t<meta property=\"og:image:height\" content=\"810\" \/>\n\t<meta property=\"og:image:type\" content=\"image\/jpeg\" \/>\n<meta name=\"author\" content=\"Germain Ndri\" \/>\n<meta name=\"twitter:card\" content=\"summary_large_image\" \/>\n<meta name=\"twitter:label1\" content=\"\u00c9crit par\" \/>\n\t<meta name=\"twitter:data1\" content=\"Germain Ndri\" \/>\n\t<meta name=\"twitter:label2\" content=\"Dur\u00e9e de lecture estim\u00e9e\" \/>\n\t<meta name=\"twitter:data2\" content=\"2 minutes\" \/>\n<script type=\"application\/ld+json\" class=\"yoast-schema-graph\">{\"@context\":\"https:\\\/\\\/schema.org\",\"@graph\":[{\"@type\":\"Article\",\"@id\":\"https:\\\/\\\/www.amanien.info\\\/news\\\/une-ivoiro-americaine-invite-ses-soeurs-a-une-marche-pour-preserver-la-paix-et-la-cohesion-sociale\\\/#article\",\"isPartOf\":{\"@id\":\"https:\\\/\\\/www.amanien.info\\\/news\\\/une-ivoiro-americaine-invite-ses-soeurs-a-une-marche-pour-preserver-la-paix-et-la-cohesion-sociale\\\/\"},\"author\":{\"name\":\"Germain Ndri\",\"@id\":\"https:\\\/\\\/www.amanien.info\\\/news\\\/#\\\/schema\\\/person\\\/b21093345753a1a98242d505bd894f42\"},\"headline\":\"UNE IVOIRO-am\u00e9ricaine INVITE SES S\u0152URS A UNE MARCHE\u00a0POUR PR\u00c9SERVER LA PAIX ET LA COH\u00c9SION SOCIALE\",\"datePublished\":\"2020-10-19T06:38:26+00:00\",\"dateModified\":\"2020-10-19T06:38:52+00:00\",\"mainEntityOfPage\":{\"@id\":\"https:\\\/\\\/www.amanien.info\\\/news\\\/une-ivoiro-americaine-invite-ses-soeurs-a-une-marche-pour-preserver-la-paix-et-la-cohesion-sociale\\\/\"},\"wordCount\":328,\"commentCount\":0,\"image\":{\"@id\":\"https:\\\/\\\/www.amanien.info\\\/news\\\/une-ivoiro-americaine-invite-ses-soeurs-a-une-marche-pour-preserver-la-paix-et-la-cohesion-sociale\\\/#primaryimage\"},\"thumbnailUrl\":\"https:\\\/\\\/www.amanien.info\\\/news\\\/wp-content\\\/uploads\\\/2020\\\/10\\\/thumbnail-15.jpg\",\"inLanguage\":\"fr-FR\"},{\"@type\":\"WebPage\",\"@id\":\"https:\\\/\\\/www.amanien.info\\\/news\\\/une-ivoiro-americaine-invite-ses-soeurs-a-une-marche-pour-preserver-la-paix-et-la-cohesion-sociale\\\/\",\"url\":\"https:\\\/\\\/www.amanien.info\\\/news\\\/une-ivoiro-americaine-invite-ses-soeurs-a-une-marche-pour-preserver-la-paix-et-la-cohesion-sociale\\\/\",\"name\":\"UNE IVOIRO-am\u00e9ricaine INVITE SES S\u0152URS A UNE MARCHE\u00a0POUR PR\u00c9SERVER LA PAIX ET LA COH\u00c9SION SOCIALE - Amanien| L&#039;actualit\u00e9 Ivoirienne et Internationale\",\"isPartOf\":{\"@id\":\"https:\\\/\\\/www.amanien.info\\\/news\\\/#website\"},\"primaryImageOfPage\":{\"@id\":\"https:\\\/\\\/www.amanien.info\\\/news\\\/une-ivoiro-americaine-invite-ses-soeurs-a-une-marche-pour-preserver-la-paix-et-la-cohesion-sociale\\\/#primaryimage\"},\"image\":{\"@id\":\"https:\\\/\\\/www.amanien.info\\\/news\\\/une-ivoiro-americaine-invite-ses-soeurs-a-une-marche-pour-preserver-la-paix-et-la-cohesion-sociale\\\/#primaryimage\"},\"thumbnailUrl\":\"https:\\\/\\\/www.amanien.info\\\/news\\\/wp-content\\\/uploads\\\/2020\\\/10\\\/thumbnail-15.jpg\",\"datePublished\":\"2020-10-19T06:38:26+00:00\",\"dateModified\":\"2020-10-19T06:38:52+00:00\",\"author\":{\"@id\":\"https:\\\/\\\/www.amanien.info\\\/news\\\/#\\\/schema\\\/person\\\/b21093345753a1a98242d505bd894f42\"},\"breadcrumb\":{\"@id\":\"https:\\\/\\\/www.amanien.info\\\/news\\\/une-ivoiro-americaine-invite-ses-soeurs-a-une-marche-pour-preserver-la-paix-et-la-cohesion-sociale\\\/#breadcrumb\"},\"inLanguage\":\"fr-FR\",\"potentialAction\":[{\"@type\":\"ReadAction\",\"target\":[\"https:\\\/\\\/www.amanien.info\\\/news\\\/une-ivoiro-americaine-invite-ses-soeurs-a-une-marche-pour-preserver-la-paix-et-la-cohesion-sociale\\\/\"]}]},{\"@type\":\"ImageObject\",\"inLanguage\":\"fr-FR\",\"@id\":\"https:\\\/\\\/www.amanien.info\\\/news\\\/une-ivoiro-americaine-invite-ses-soeurs-a-une-marche-pour-preserver-la-paix-et-la-cohesion-sociale\\\/#primaryimage\",\"url\":\"https:\\\/\\\/www.amanien.info\\\/news\\\/wp-content\\\/uploads\\\/2020\\\/10\\\/thumbnail-15.jpg\",\"contentUrl\":\"https:\\\/\\\/www.amanien.info\\\/news\\\/wp-content\\\/uploads\\\/2020\\\/10\\\/thumbnail-15.jpg\",\"width\":1080,\"height\":810},{\"@type\":\"BreadcrumbList\",\"@id\":\"https:\\\/\\\/www.amanien.info\\\/news\\\/une-ivoiro-americaine-invite-ses-soeurs-a-une-marche-pour-preserver-la-paix-et-la-cohesion-sociale\\\/#breadcrumb\",\"itemListElement\":[{\"@type\":\"ListItem\",\"position\":1,\"name\":\"Accueil\",\"item\":\"https:\\\/\\\/www.amanien.info\\\/news\\\/\"},{\"@type\":\"ListItem\",\"position\":2,\"name\":\"UNE IVOIRO-am\u00e9ricaine INVITE SES S\u0152URS A UNE MARCHE\u00a0POUR PR\u00c9SERVER LA PAIX ET LA COH\u00c9SION SOCIALE\"}]},{\"@type\":\"WebSite\",\"@id\":\"https:\\\/\\\/www.amanien.info\\\/news\\\/#website\",\"url\":\"https:\\\/\\\/www.amanien.info\\\/news\\\/\",\"name\":\"Amanien| L&#039;actualit\u00e9 Ivoirienne et Internationale\",\"description\":\"L&#039;actualit\u00e9 Ivoirienne et Internationale\",\"potentialAction\":[{\"@type\":\"SearchAction\",\"target\":{\"@type\":\"EntryPoint\",\"urlTemplate\":\"https:\\\/\\\/www.amanien.info\\\/news\\\/?s={search_term_string}\"},\"query-input\":{\"@type\":\"PropertyValueSpecification\",\"valueRequired\":true,\"valueName\":\"search_term_string\"}}],\"inLanguage\":\"fr-FR\"},{\"@type\":\"Person\",\"@id\":\"https:\\\/\\\/www.amanien.info\\\/news\\\/#\\\/schema\\\/person\\\/b21093345753a1a98242d505bd894f42\",\"name\":\"Germain Ndri\",\"url\":\"https:\\\/\\\/www.amanien.info\\\/news\\\/author\\\/amanien-infos\\\/\"}]}<\/script>\n<!-- \/ Yoast SEO plugin. -->","yoast_head_json":{"title":"UNE IVOIRO-am\u00e9ricaine INVITE SES S\u0152URS A UNE MARCHE\u00a0POUR PR\u00c9SERVER LA PAIX ET LA COH\u00c9SION SOCIALE - Amanien| L&#039;actualit\u00e9 Ivoirienne et Internationale","robots":{"index":"index","follow":"follow","max-snippet":"max-snippet:-1","max-image-preview":"max-image-preview:large","max-video-preview":"max-video-preview:-1"},"canonical":"https:\/\/www.amanien.info\/news\/une-ivoiro-americaine-invite-ses-soeurs-a-une-marche-pour-preserver-la-paix-et-la-cohesion-sociale\/","og_locale":"fr_FR","og_type":"article","og_title":"UNE IVOIRO-am\u00e9ricaine INVITE SES S\u0152URS A UNE MARCHE\u00a0POUR PR\u00c9SERVER LA PAIX ET LA COH\u00c9SION SOCIALE - Amanien| L&#039;actualit\u00e9 Ivoirienne et Internationale","og_description":"La pr\u00e9sidentielle en C\u00f4te d\u2019Ivoire, c\u2019est le 31 octobre prochain, dans deux semaines pr\u00e9cis\u00e9ment. Le climat politique est brusquement crisp\u00e9 depuis que le pr\u00e9sident de la R\u00e9publique, Alassane Ouattara \u00a0a annonc\u00e9 son intention de briguer un autre mandat\u00a0 pour le compte du RHDP. Ce qui n\u2019est pas du go\u00fbt de l\u2019opposition. Une vague de protestation [&hellip;]","og_url":"https:\/\/www.amanien.info\/news\/une-ivoiro-americaine-invite-ses-soeurs-a-une-marche-pour-preserver-la-paix-et-la-cohesion-sociale\/","og_site_name":"Amanien| L&#039;actualit\u00e9 Ivoirienne et Internationale","article_published_time":"2020-10-19T06:38:26+00:00","article_modified_time":"2020-10-19T06:38:52+00:00","og_image":[{"width":1080,"height":810,"url":"https:\/\/www.amanien.info\/news\/wp-content\/uploads\/2020\/10\/thumbnail-15.jpg","type":"image\/jpeg"}],"author":"Germain Ndri","twitter_card":"summary_large_image","twitter_misc":{"\u00c9crit par":"Germain Ndri","Dur\u00e9e de lecture estim\u00e9e":"2 minutes"},"schema":{"@context":"https:\/\/schema.org","@graph":[{"@type":"Article","@id":"https:\/\/www.amanien.info\/news\/une-ivoiro-americaine-invite-ses-soeurs-a-une-marche-pour-preserver-la-paix-et-la-cohesion-sociale\/#article","isPartOf":{"@id":"https:\/\/www.amanien.info\/news\/une-ivoiro-americaine-invite-ses-soeurs-a-une-marche-pour-preserver-la-paix-et-la-cohesion-sociale\/"},"author":{"name":"Germain Ndri","@id":"https:\/\/www.amanien.info\/news\/#\/schema\/person\/b21093345753a1a98242d505bd894f42"},"headline":"UNE IVOIRO-am\u00e9ricaine INVITE SES S\u0152URS A UNE MARCHE\u00a0POUR PR\u00c9SERVER LA PAIX ET LA COH\u00c9SION SOCIALE","datePublished":"2020-10-19T06:38:26+00:00","dateModified":"2020-10-19T06:38:52+00:00","mainEntityOfPage":{"@id":"https:\/\/www.amanien.info\/news\/une-ivoiro-americaine-invite-ses-soeurs-a-une-marche-pour-preserver-la-paix-et-la-cohesion-sociale\/"},"wordCount":328,"commentCount":0,"image":{"@id":"https:\/\/www.amanien.info\/news\/une-ivoiro-americaine-invite-ses-soeurs-a-une-marche-pour-preserver-la-paix-et-la-cohesion-sociale\/#primaryimage"},"thumbnailUrl":"https:\/\/www.amanien.info\/news\/wp-content\/uploads\/2020\/10\/thumbnail-15.jpg","inLanguage":"fr-FR"},{"@type":"WebPage","@id":"https:\/\/www.amanien.info\/news\/une-ivoiro-americaine-invite-ses-soeurs-a-une-marche-pour-preserver-la-paix-et-la-cohesion-sociale\/","url":"https:\/\/www.amanien.info\/news\/une-ivoiro-americaine-invite-ses-soeurs-a-une-marche-pour-preserver-la-paix-et-la-cohesion-sociale\/","name":"UNE IVOIRO-am\u00e9ricaine INVITE SES S\u0152URS A UNE MARCHE\u00a0POUR PR\u00c9SERVER LA PAIX ET LA COH\u00c9SION SOCIALE - Amanien| L&#039;actualit\u00e9 Ivoirienne et Internationale","isPartOf":{"@id":"https:\/\/www.amanien.info\/news\/#website"},"primaryImageOfPage":{"@id":"https:\/\/www.amanien.info\/news\/une-ivoiro-americaine-invite-ses-soeurs-a-une-marche-pour-preserver-la-paix-et-la-cohesion-sociale\/#primaryimage"},"image":{"@id":"https:\/\/www.amanien.info\/news\/une-ivoiro-americaine-invite-ses-soeurs-a-une-marche-pour-preserver-la-paix-et-la-cohesion-sociale\/#primaryimage"},"thumbnailUrl":"https:\/\/www.amanien.info\/news\/wp-content\/uploads\/2020\/10\/thumbnail-15.jpg","datePublished":"2020-10-19T06:38:26+00:00","dateModified":"2020-10-19T06:38:52+00:00","author":{"@id":"https:\/\/www.amanien.info\/news\/#\/schema\/person\/b21093345753a1a98242d505bd894f42"},"breadcrumb":{"@id":"https:\/\/www.amanien.info\/news\/une-ivoiro-americaine-invite-ses-soeurs-a-une-marche-pour-preserver-la-paix-et-la-cohesion-sociale\/#breadcrumb"},"inLanguage":"fr-FR","potentialAction":[{"@type":"ReadAction","target":["https:\/\/www.amanien.info\/news\/une-ivoiro-americaine-invite-ses-soeurs-a-une-marche-pour-preserver-la-paix-et-la-cohesion-sociale\/"]}]},{"@type":"ImageObject","inLanguage":"fr-FR","@id":"https:\/\/www.amanien.info\/news\/une-ivoiro-americaine-invite-ses-soeurs-a-une-marche-pour-preserver-la-paix-et-la-cohesion-sociale\/#primaryimage","url":"https:\/\/www.amanien.info\/news\/wp-content\/uploads\/2020\/10\/thumbnail-15.jpg","contentUrl":"https:\/\/www.amanien.info\/news\/wp-content\/uploads\/2020\/10\/thumbnail-15.jpg","width":1080,"height":810},{"@type":"BreadcrumbList","@id":"https:\/\/www.amanien.info\/news\/une-ivoiro-americaine-invite-ses-soeurs-a-une-marche-pour-preserver-la-paix-et-la-cohesion-sociale\/#breadcrumb","itemListElement":[{"@type":"ListItem","position":1,"name":"Accueil","item":"https:\/\/www.amanien.info\/news\/"},{"@type":"ListItem","position":2,"name":"UNE IVOIRO-am\u00e9ricaine INVITE SES S\u0152URS A UNE MARCHE\u00a0POUR PR\u00c9SERVER LA PAIX ET LA COH\u00c9SION SOCIALE"}]},{"@type":"WebSite","@id":"https:\/\/www.amanien.info\/news\/#website","url":"https:\/\/www.amanien.info\/news\/","name":"Amanien| L&#039;actualit\u00e9 Ivoirienne et Internationale","description":"L&#039;actualit\u00e9 Ivoirienne et Internationale","potentialAction":[{"@type":"SearchAction","target":{"@type":"EntryPoint","urlTemplate":"https:\/\/www.amanien.info\/news\/?s={search_term_string}"},"query-input":{"@type":"PropertyValueSpecification","valueRequired":true,"valueName":"search_term_string"}}],"inLanguage":"fr-FR"},{"@type":"Person","@id":"https:\/\/www.amanien.info\/news\/#\/schema\/person\/b21093345753a1a98242d505bd894f42","name":"Germain Ndri","url":"https:\/\/www.amanien.info\/news\/author\/amanien-infos\/"}]}},"_links":{"self":[{"href":"https:\/\/www.amanien.info\/news\/wp-json\/wp\/v2\/posts\/1931","targetHints":{"allow":["GET"]}}],"collection":[{"href":"https:\/\/www.amanien.info\/news\/wp-json\/wp\/v2\/posts"}],"about":[{"href":"https:\/\/www.amanien.info\/news\/wp-json\/wp\/v2\/types\/post"}],"author":[{"embeddable":true,"href":"https:\/\/www.amanien.info\/news\/wp-json\/wp\/v2\/users\/2"}],"replies":[{"embeddable":true,"href":"https:\/\/www.amanien.info\/news\/wp-json\/wp\/v2\/comments?post=1931"}],"version-history":[{"count":0,"href":"https:\/\/www.amanien.info\/news\/wp-json\/wp\/v2\/posts\/1931\/revisions"}],"wp:featuredmedia":[{"embeddable":true,"href":"https:\/\/www.amanien.info\/news\/wp-json\/wp\/v2\/media\/1932"}],"wp:attachment":[{"href":"https:\/\/www.amanien.info\/news\/wp-json\/wp\/v2\/media?parent=1931"}],"wp:term":[{"taxonomy":"category","embeddable":true,"href":"https:\/\/www.amanien.info\/news\/wp-json\/wp\/v2\/categories?post=1931"},{"taxonomy":"post_tag","embeddable":true,"href":"https:\/\/www.amanien.info\/news\/wp-json\/wp\/v2\/tags?post=1931"}],"curies":[{"name":"wp","href":"https:\/\/api.w.org\/{rel}","templated":true}]}}