{"id":1928,"date":"2020-10-19T08:21:31","date_gmt":"2020-10-19T06:21:31","guid":{"rendered":"http:\/\/https:\/\/zozo.buyee.jp\/\/news\/?p=1928"},"modified":"2020-10-19T08:21:54","modified_gmt":"2020-10-19T06:21:54","slug":"le-premier-ministre-hamed-bakayoko-inaugure-les-tours-a-et-b-de-la-cite-administrative-apres-rehabilitation","status":"publish","type":"post","link":"https:\/\/www.amanien.info\/news\/le-premier-ministre-hamed-bakayoko-inaugure-les-tours-a-et-b-de-la-cite-administrative-apres-rehabilitation\/","title":{"rendered":"Le premier ministre Hamed Bakayoko inaugure les tours A et B de la cit\u00e9 administrative apr\u00e8s r\u00e9habilitation"},"content":{"rendered":"<div>\n<div>\n<div>\n<div>\n<div><span style=\"font-size: large;\">Le Premier Ministre, Hamed Bakayoko a proc\u00e9d\u00e9, ce jeudi 15 octobre 2020 au plateau, \u00e0 l&rsquo;inauguration des tours A et B ( de la cit\u00e9 administrative) apr\u00e8s r\u00e9habilitation.\u00a0<\/span><\/div>\n<div>\n<div><span style=\"font-size: large;\">D&rsquo;une dur\u00e9e de 25 mois et d&rsquo;un co\u00fbt global d&rsquo;environ 79 milliards de nos Francs, les travaux de r\u00e9habilitation, confi\u00e9s \u00e0 l&rsquo;entreprise PFO, ont consist\u00e9 en la d\u00e9molition des \u00e9quipements int\u00e9rieurs et en la mise \u00e0 nu compl\u00e8te des deux tours, \u00e0 leur d\u00e9samiantage, \u00e0 une mise aux normes\u00a0 selon la r\u00e9glementation des IGH( Immeubles\u00a0 de Grandes Hauteurs).\u00a0<\/span><\/div>\n<div><span style=\"font-size: large;\">\u00a0<\/span><\/div>\n<div><span style=\"font-size: large;\">La r\u00e9habilitation des deux tours a permis de disposer de 19.000 m2 de locaux techniques, de 6.000 m2 de circulations, de loger huit( 08) cabinets minist\u00e9riels et deux (02) secr\u00e9tariats d&rsquo;\u00c9tat \u00e0 la tour A. Cette r\u00e9habilitation a \u00e9galement permis de disposer de 10 ascenseurs neufs moins \u00e9nergivores, plus respectueux de l&rsquo;environnement, de cr\u00e9er 550 emplois directs et 1.200 emplois indirects pendant les travaux.<\/span><\/div>\n<div><span style=\"font-size: large;\">\u00a0<\/span><\/div>\n<div><span style=\"font-size: large;\">Le Premier Ministre, Hamed Bakayoko a, dans son intervention, f\u00e9licit\u00e9 l&rsquo;ensemble des fonctionnaires et agents de l&rsquo;\u00c9tat de ces tours pour leur patience et exprim\u00e9 sa satisfaction d&rsquo;avoir mis fin au calvaire des travailleurs.<\/span><\/div>\n<div><span style=\"font-size: large;\">A l&rsquo;en croire, la r\u00e9habilitation de ces deux tours offrira de meilleures conditions de travail aux travailleurs.<\/span><\/div>\n<div><span style=\"font-size: large;\">\u00a0Le Chef du Gouvernement, Hamed Bakayoko a \u00e9galement conseill\u00e9 les travailleurs d&rsquo;en prendre soin.\u00a0<\/span><\/div>\n<div><span style=\"font-size: large;\">\u00a0<\/span><\/div>\n<div><span style=\"font-size: large;\">Le Ministre de la construction, du logement et de l&rsquo;urbanisme, Bruno Nabagn\u00e9 Kon\u00e9 a, pour sa part, rassur\u00e9 le Premier Ministre de prendre soin des deux b\u00e2tis.\u00a0<\/span><\/div>\n<div><span style=\"font-size: large;\">Aussi a-t-il plaid\u00e9 aupr\u00e8s du Chef du Gouvernement, Hamed Bakayoko pour la r\u00e9habilitation des autres tours( C, E et D) afin d&rsquo;offrir aux occupants et usagers un niveau de confort et de s\u00e9curit\u00e9 similaire \u00e0 celui des tours A et B.\u00a0<\/span><\/div>\n<div><span style=\"font-size: large;\">&lt;&lt; <i>Le programme pr\u00e9visionnel pr\u00e9voit les r\u00e9habilitations successives des tours C,E et D. Cela n\u00e9cessitera la\u00a0 r\u00e9habilitation de l&rsquo;immeuble SEBROKO pour servir de locaux relais \u00e0 tous les occupants \u00e0 d\u00e9localiser &gt;&gt;<\/i> a affirm\u00e9 Bruno Kon\u00e9. Et d&rsquo;ajouter que, dans la continuit\u00e9 de la vision qui a inspir\u00e9 la construction des cinq(05) tours de la CITAD ( Cit\u00e9 Administrative), le Gouvernement a entrepris la construction de la tour F dont les travaux ont d\u00e9j\u00e0 d\u00e9marr\u00e9. Cette nouvelle tour est un ITGH( Immeuble de Tr\u00e8s Grande Hauteur) de 64 \u00e9tages qui culminera 283 m\u00e8tres de hauteur.\u00a0<\/span><\/div>\n<div><span style=\"font-size: large;\">\u00a0<\/span><\/div>\n<div><span style=\"font-size: large;\">Notons que la r\u00e9habilitation de la CITAD et la construction de la tour F s&rsquo;inscrivent dans un vaste programme de projets structurants dont la r\u00e9alisation permettra de r\u00e9sorber significativement le d\u00e9ficit-sans cesse croissant- de bureaux administratifs et d&rsquo;offrir un cadre de travail sain et d\u00e9cent aux usagers de l&rsquo;administration publique ivoirienne.\u00a0<\/span><\/div>\n<div><span style=\"font-size: large;\">\u00a0<\/span><\/div>\n<div><span style=\"font-size: large;\">Pour rappel, les tours de la Cit\u00e9 Administrative ont \u00e9t\u00e9 successivement mises en exploitation en 1978( tours A et B, avec 19 niveaux chacune), en 1982( tour D, avec 33 niveaux), en 1983 (tour E, avec 27 niveaux) et en 1985 ( tour C, avec 27 niveaux). Class\u00e9es dans la cat\u00e9gorie des immeubles \u00e0 grande hauteur ( IGH) et dans la cat\u00e9gorie des \u00e9tablissements recevant du public ( ERP), les tours de la Cit\u00e9 Administrative abritent aujourd&rsquo;hui 22 cabinets minist\u00e9riels, 10.000 fonctionnaires et agents de l&rsquo;\u00c9tat.\u00a0<\/span><\/div>\n<div><span style=\"font-size: large;\">\u00a0<\/span><\/div>\n<div><span style=\"font-size: large;\">\u00a0<\/span><\/div>\n<div><span style=\"font-size: large;\">\u00a0<\/span><\/div>\n<div><span style=\"font-size: large;\">\u00a0<\/span><\/div>\n<div><span style=\"font-size: large;\">Sunday Alain<\/span><\/div>\n<\/div>\n<div><span style=\"font-size: xx-large;\">\u00a0<\/span><\/div>\n<div><span style=\"font-size: xx-large;\">\u00a0<\/span><\/div>\n<div><span style=\"font-size: xx-large;\">\u00a0<\/span><\/div>\n<\/div>\n<\/div>\n<\/div>\n<\/div>\n<div><\/div>\n<div><\/div>\n<div><\/div>\n<div><\/div>\n","protected":false},"excerpt":{"rendered":"<p>Le Premier Ministre, Hamed Bakayoko a proc\u00e9d\u00e9, ce jeudi 15 octobre 2020 au plateau, \u00e0 l&rsquo;inauguration des tours A et B ( de la cit\u00e9 administrative) apr\u00e8s r\u00e9habilitation.\u00a0 D&rsquo;une dur\u00e9e de 25 mois et d&rsquo;un co\u00fbt global d&rsquo;environ 79 milliards de nos Francs, les travaux de r\u00e9habilitation, confi\u00e9s \u00e0 l&rsquo;entreprise PFO, ont consist\u00e9 en la [&hellip;]<\/p>\n","protected":false},"author":2,"featured_media":1929,"comment_status":"open","ping_status":"open","sticky":true,"template":"","format":"standard","meta":{"_acf_changed":false,"footnotes":""},"categories":[],"tags":[],"class_list":["post-1928","post","type-post","status-publish","format-standard","has-post-thumbnail","hentry"],"acf":[],"yoast_head":"<!-- This site is optimized with the Yoast SEO plugin v27.5 - https:\/\/yoast.com\/product\/yoast-seo-wordpress\/ -->\n<title>Le premier ministre Hamed Bakayoko inaugure les tours A et B de la cit\u00e9 administrative apr\u00e8s r\u00e9habilitation - Amanien| L&#039;actualit\u00e9 Ivoirienne et Internationale<\/title>\n<meta name=\"robots\" content=\"index, follow, max-snippet:-1, max-image-preview:large, max-video-preview:-1\" \/>\n<link rel=\"canonical\" href=\"https:\/\/www.amanien.info\/news\/le-premier-ministre-hamed-bakayoko-inaugure-les-tours-a-et-b-de-la-cite-administrative-apres-rehabilitation\/\" \/>\n<meta property=\"og:locale\" content=\"fr_FR\" \/>\n<meta property=\"og:type\" content=\"article\" \/>\n<meta property=\"og:title\" content=\"Le premier ministre Hamed Bakayoko inaugure les tours A et B de la cit\u00e9 administrative apr\u00e8s r\u00e9habilitation - Amanien| L&#039;actualit\u00e9 Ivoirienne et Internationale\" \/>\n<meta property=\"og:description\" content=\"Le Premier Ministre, Hamed Bakayoko a proc\u00e9d\u00e9, ce jeudi 15 octobre 2020 au plateau, \u00e0 l&rsquo;inauguration des tours A et B ( de la cit\u00e9 administrative) apr\u00e8s r\u00e9habilitation.\u00a0 D&rsquo;une dur\u00e9e de 25 mois et d&rsquo;un co\u00fbt global d&rsquo;environ 79 milliards de nos Francs, les travaux de r\u00e9habilitation, confi\u00e9s \u00e0 l&rsquo;entreprise PFO, ont consist\u00e9 en la [&hellip;]\" \/>\n<meta property=\"og:url\" content=\"https:\/\/www.amanien.info\/news\/le-premier-ministre-hamed-bakayoko-inaugure-les-tours-a-et-b-de-la-cite-administrative-apres-rehabilitation\/\" \/>\n<meta property=\"og:site_name\" content=\"Amanien| L&#039;actualit\u00e9 Ivoirienne et Internationale\" \/>\n<meta property=\"article:published_time\" content=\"2020-10-19T06:21:31+00:00\" \/>\n<meta property=\"article:modified_time\" content=\"2020-10-19T06:21:54+00:00\" \/>\n<meta property=\"og:image\" content=\"https:\/\/www.amanien.info\/news\/wp-content\/uploads\/2020\/10\/thumbnail-4.png\" \/>\n\t<meta property=\"og:image:width\" content=\"720\" \/>\n\t<meta property=\"og:image:height\" content=\"480\" \/>\n\t<meta property=\"og:image:type\" content=\"image\/png\" \/>\n<meta name=\"author\" content=\"Germain Ndri\" \/>\n<meta name=\"twitter:card\" content=\"summary_large_image\" \/>\n<meta name=\"twitter:label1\" content=\"\u00c9crit par\" \/>\n\t<meta name=\"twitter:data1\" content=\"Germain Ndri\" \/>\n\t<meta name=\"twitter:label2\" content=\"Dur\u00e9e de lecture estim\u00e9e\" \/>\n\t<meta name=\"twitter:data2\" content=\"3 minutes\" \/>\n<script type=\"application\/ld+json\" class=\"yoast-schema-graph\">{\"@context\":\"https:\\\/\\\/schema.org\",\"@graph\":[{\"@type\":\"Article\",\"@id\":\"https:\\\/\\\/www.amanien.info\\\/news\\\/le-premier-ministre-hamed-bakayoko-inaugure-les-tours-a-et-b-de-la-cite-administrative-apres-rehabilitation\\\/#article\",\"isPartOf\":{\"@id\":\"https:\\\/\\\/www.amanien.info\\\/news\\\/le-premier-ministre-hamed-bakayoko-inaugure-les-tours-a-et-b-de-la-cite-administrative-apres-rehabilitation\\\/\"},\"author\":{\"name\":\"Germain Ndri\",\"@id\":\"https:\\\/\\\/www.amanien.info\\\/news\\\/#\\\/schema\\\/person\\\/b21093345753a1a98242d505bd894f42\"},\"headline\":\"Le premier ministre Hamed Bakayoko inaugure les tours A et B de la cit\u00e9 administrative apr\u00e8s r\u00e9habilitation\",\"datePublished\":\"2020-10-19T06:21:31+00:00\",\"dateModified\":\"2020-10-19T06:21:54+00:00\",\"mainEntityOfPage\":{\"@id\":\"https:\\\/\\\/www.amanien.info\\\/news\\\/le-premier-ministre-hamed-bakayoko-inaugure-les-tours-a-et-b-de-la-cite-administrative-apres-rehabilitation\\\/\"},\"wordCount\":564,\"commentCount\":0,\"image\":{\"@id\":\"https:\\\/\\\/www.amanien.info\\\/news\\\/le-premier-ministre-hamed-bakayoko-inaugure-les-tours-a-et-b-de-la-cite-administrative-apres-rehabilitation\\\/#primaryimage\"},\"thumbnailUrl\":\"https:\\\/\\\/www.amanien.info\\\/news\\\/wp-content\\\/uploads\\\/2020\\\/10\\\/thumbnail-4.png\",\"inLanguage\":\"fr-FR\"},{\"@type\":\"WebPage\",\"@id\":\"https:\\\/\\\/www.amanien.info\\\/news\\\/le-premier-ministre-hamed-bakayoko-inaugure-les-tours-a-et-b-de-la-cite-administrative-apres-rehabilitation\\\/\",\"url\":\"https:\\\/\\\/www.amanien.info\\\/news\\\/le-premier-ministre-hamed-bakayoko-inaugure-les-tours-a-et-b-de-la-cite-administrative-apres-rehabilitation\\\/\",\"name\":\"Le premier ministre Hamed Bakayoko inaugure les tours A et B de la cit\u00e9 administrative apr\u00e8s r\u00e9habilitation - Amanien| L&#039;actualit\u00e9 Ivoirienne et Internationale\",\"isPartOf\":{\"@id\":\"https:\\\/\\\/www.amanien.info\\\/news\\\/#website\"},\"primaryImageOfPage\":{\"@id\":\"https:\\\/\\\/www.amanien.info\\\/news\\\/le-premier-ministre-hamed-bakayoko-inaugure-les-tours-a-et-b-de-la-cite-administrative-apres-rehabilitation\\\/#primaryimage\"},\"image\":{\"@id\":\"https:\\\/\\\/www.amanien.info\\\/news\\\/le-premier-ministre-hamed-bakayoko-inaugure-les-tours-a-et-b-de-la-cite-administrative-apres-rehabilitation\\\/#primaryimage\"},\"thumbnailUrl\":\"https:\\\/\\\/www.amanien.info\\\/news\\\/wp-content\\\/uploads\\\/2020\\\/10\\\/thumbnail-4.png\",\"datePublished\":\"2020-10-19T06:21:31+00:00\",\"dateModified\":\"2020-10-19T06:21:54+00:00\",\"author\":{\"@id\":\"https:\\\/\\\/www.amanien.info\\\/news\\\/#\\\/schema\\\/person\\\/b21093345753a1a98242d505bd894f42\"},\"breadcrumb\":{\"@id\":\"https:\\\/\\\/www.amanien.info\\\/news\\\/le-premier-ministre-hamed-bakayoko-inaugure-les-tours-a-et-b-de-la-cite-administrative-apres-rehabilitation\\\/#breadcrumb\"},\"inLanguage\":\"fr-FR\",\"potentialAction\":[{\"@type\":\"ReadAction\",\"target\":[\"https:\\\/\\\/www.amanien.info\\\/news\\\/le-premier-ministre-hamed-bakayoko-inaugure-les-tours-a-et-b-de-la-cite-administrative-apres-rehabilitation\\\/\"]}]},{\"@type\":\"ImageObject\",\"inLanguage\":\"fr-FR\",\"@id\":\"https:\\\/\\\/www.amanien.info\\\/news\\\/le-premier-ministre-hamed-bakayoko-inaugure-les-tours-a-et-b-de-la-cite-administrative-apres-rehabilitation\\\/#primaryimage\",\"url\":\"https:\\\/\\\/www.amanien.info\\\/news\\\/wp-content\\\/uploads\\\/2020\\\/10\\\/thumbnail-4.png\",\"contentUrl\":\"https:\\\/\\\/www.amanien.info\\\/news\\\/wp-content\\\/uploads\\\/2020\\\/10\\\/thumbnail-4.png\",\"width\":720,\"height\":480},{\"@type\":\"BreadcrumbList\",\"@id\":\"https:\\\/\\\/www.amanien.info\\\/news\\\/le-premier-ministre-hamed-bakayoko-inaugure-les-tours-a-et-b-de-la-cite-administrative-apres-rehabilitation\\\/#breadcrumb\",\"itemListElement\":[{\"@type\":\"ListItem\",\"position\":1,\"name\":\"Accueil\",\"item\":\"https:\\\/\\\/www.amanien.info\\\/news\\\/\"},{\"@type\":\"ListItem\",\"position\":2,\"name\":\"Le premier ministre Hamed Bakayoko inaugure les tours A et B de la cit\u00e9 administrative apr\u00e8s r\u00e9habilitation\"}]},{\"@type\":\"WebSite\",\"@id\":\"https:\\\/\\\/www.amanien.info\\\/news\\\/#website\",\"url\":\"https:\\\/\\\/www.amanien.info\\\/news\\\/\",\"name\":\"Amanien| L&#039;actualit\u00e9 Ivoirienne et Internationale\",\"description\":\"L&#039;actualit\u00e9 Ivoirienne et Internationale\",\"potentialAction\":[{\"@type\":\"SearchAction\",\"target\":{\"@type\":\"EntryPoint\",\"urlTemplate\":\"https:\\\/\\\/www.amanien.info\\\/news\\\/?s={search_term_string}\"},\"query-input\":{\"@type\":\"PropertyValueSpecification\",\"valueRequired\":true,\"valueName\":\"search_term_string\"}}],\"inLanguage\":\"fr-FR\"},{\"@type\":\"Person\",\"@id\":\"https:\\\/\\\/www.amanien.info\\\/news\\\/#\\\/schema\\\/person\\\/b21093345753a1a98242d505bd894f42\",\"name\":\"Germain Ndri\",\"url\":\"https:\\\/\\\/www.amanien.info\\\/news\\\/author\\\/amanien-infos\\\/\"}]}<\/script>\n<!-- \/ Yoast SEO plugin. -->","yoast_head_json":{"title":"Le premier ministre Hamed Bakayoko inaugure les tours A et B de la cit\u00e9 administrative apr\u00e8s r\u00e9habilitation - Amanien| L&#039;actualit\u00e9 Ivoirienne et Internationale","robots":{"index":"index","follow":"follow","max-snippet":"max-snippet:-1","max-image-preview":"max-image-preview:large","max-video-preview":"max-video-preview:-1"},"canonical":"https:\/\/www.amanien.info\/news\/le-premier-ministre-hamed-bakayoko-inaugure-les-tours-a-et-b-de-la-cite-administrative-apres-rehabilitation\/","og_locale":"fr_FR","og_type":"article","og_title":"Le premier ministre Hamed Bakayoko inaugure les tours A et B de la cit\u00e9 administrative apr\u00e8s r\u00e9habilitation - Amanien| L&#039;actualit\u00e9 Ivoirienne et Internationale","og_description":"Le Premier Ministre, Hamed Bakayoko a proc\u00e9d\u00e9, ce jeudi 15 octobre 2020 au plateau, \u00e0 l&rsquo;inauguration des tours A et B ( de la cit\u00e9 administrative) apr\u00e8s r\u00e9habilitation.\u00a0 D&rsquo;une dur\u00e9e de 25 mois et d&rsquo;un co\u00fbt global d&rsquo;environ 79 milliards de nos Francs, les travaux de r\u00e9habilitation, confi\u00e9s \u00e0 l&rsquo;entreprise PFO, ont consist\u00e9 en la [&hellip;]","og_url":"https:\/\/www.amanien.info\/news\/le-premier-ministre-hamed-bakayoko-inaugure-les-tours-a-et-b-de-la-cite-administrative-apres-rehabilitation\/","og_site_name":"Amanien| L&#039;actualit\u00e9 Ivoirienne et Internationale","article_published_time":"2020-10-19T06:21:31+00:00","article_modified_time":"2020-10-19T06:21:54+00:00","og_image":[{"width":720,"height":480,"url":"https:\/\/www.amanien.info\/news\/wp-content\/uploads\/2020\/10\/thumbnail-4.png","type":"image\/png"}],"author":"Germain Ndri","twitter_card":"summary_large_image","twitter_misc":{"\u00c9crit par":"Germain Ndri","Dur\u00e9e de lecture estim\u00e9e":"3 minutes"},"schema":{"@context":"https:\/\/schema.org","@graph":[{"@type":"Article","@id":"https:\/\/www.amanien.info\/news\/le-premier-ministre-hamed-bakayoko-inaugure-les-tours-a-et-b-de-la-cite-administrative-apres-rehabilitation\/#article","isPartOf":{"@id":"https:\/\/www.amanien.info\/news\/le-premier-ministre-hamed-bakayoko-inaugure-les-tours-a-et-b-de-la-cite-administrative-apres-rehabilitation\/"},"author":{"name":"Germain Ndri","@id":"https:\/\/www.amanien.info\/news\/#\/schema\/person\/b21093345753a1a98242d505bd894f42"},"headline":"Le premier ministre Hamed Bakayoko inaugure les tours A et B de la cit\u00e9 administrative apr\u00e8s r\u00e9habilitation","datePublished":"2020-10-19T06:21:31+00:00","dateModified":"2020-10-19T06:21:54+00:00","mainEntityOfPage":{"@id":"https:\/\/www.amanien.info\/news\/le-premier-ministre-hamed-bakayoko-inaugure-les-tours-a-et-b-de-la-cite-administrative-apres-rehabilitation\/"},"wordCount":564,"commentCount":0,"image":{"@id":"https:\/\/www.amanien.info\/news\/le-premier-ministre-hamed-bakayoko-inaugure-les-tours-a-et-b-de-la-cite-administrative-apres-rehabilitation\/#primaryimage"},"thumbnailUrl":"https:\/\/www.amanien.info\/news\/wp-content\/uploads\/2020\/10\/thumbnail-4.png","inLanguage":"fr-FR"},{"@type":"WebPage","@id":"https:\/\/www.amanien.info\/news\/le-premier-ministre-hamed-bakayoko-inaugure-les-tours-a-et-b-de-la-cite-administrative-apres-rehabilitation\/","url":"https:\/\/www.amanien.info\/news\/le-premier-ministre-hamed-bakayoko-inaugure-les-tours-a-et-b-de-la-cite-administrative-apres-rehabilitation\/","name":"Le premier ministre Hamed Bakayoko inaugure les tours A et B de la cit\u00e9 administrative apr\u00e8s r\u00e9habilitation - Amanien| L&#039;actualit\u00e9 Ivoirienne et Internationale","isPartOf":{"@id":"https:\/\/www.amanien.info\/news\/#website"},"primaryImageOfPage":{"@id":"https:\/\/www.amanien.info\/news\/le-premier-ministre-hamed-bakayoko-inaugure-les-tours-a-et-b-de-la-cite-administrative-apres-rehabilitation\/#primaryimage"},"image":{"@id":"https:\/\/www.amanien.info\/news\/le-premier-ministre-hamed-bakayoko-inaugure-les-tours-a-et-b-de-la-cite-administrative-apres-rehabilitation\/#primaryimage"},"thumbnailUrl":"https:\/\/www.amanien.info\/news\/wp-content\/uploads\/2020\/10\/thumbnail-4.png","datePublished":"2020-10-19T06:21:31+00:00","dateModified":"2020-10-19T06:21:54+00:00","author":{"@id":"https:\/\/www.amanien.info\/news\/#\/schema\/person\/b21093345753a1a98242d505bd894f42"},"breadcrumb":{"@id":"https:\/\/www.amanien.info\/news\/le-premier-ministre-hamed-bakayoko-inaugure-les-tours-a-et-b-de-la-cite-administrative-apres-rehabilitation\/#breadcrumb"},"inLanguage":"fr-FR","potentialAction":[{"@type":"ReadAction","target":["https:\/\/www.amanien.info\/news\/le-premier-ministre-hamed-bakayoko-inaugure-les-tours-a-et-b-de-la-cite-administrative-apres-rehabilitation\/"]}]},{"@type":"ImageObject","inLanguage":"fr-FR","@id":"https:\/\/www.amanien.info\/news\/le-premier-ministre-hamed-bakayoko-inaugure-les-tours-a-et-b-de-la-cite-administrative-apres-rehabilitation\/#primaryimage","url":"https:\/\/www.amanien.info\/news\/wp-content\/uploads\/2020\/10\/thumbnail-4.png","contentUrl":"https:\/\/www.amanien.info\/news\/wp-content\/uploads\/2020\/10\/thumbnail-4.png","width":720,"height":480},{"@type":"BreadcrumbList","@id":"https:\/\/www.amanien.info\/news\/le-premier-ministre-hamed-bakayoko-inaugure-les-tours-a-et-b-de-la-cite-administrative-apres-rehabilitation\/#breadcrumb","itemListElement":[{"@type":"ListItem","position":1,"name":"Accueil","item":"https:\/\/www.amanien.info\/news\/"},{"@type":"ListItem","position":2,"name":"Le premier ministre Hamed Bakayoko inaugure les tours A et B de la cit\u00e9 administrative apr\u00e8s r\u00e9habilitation"}]},{"@type":"WebSite","@id":"https:\/\/www.amanien.info\/news\/#website","url":"https:\/\/www.amanien.info\/news\/","name":"Amanien| L&#039;actualit\u00e9 Ivoirienne et Internationale","description":"L&#039;actualit\u00e9 Ivoirienne et Internationale","potentialAction":[{"@type":"SearchAction","target":{"@type":"EntryPoint","urlTemplate":"https:\/\/www.amanien.info\/news\/?s={search_term_string}"},"query-input":{"@type":"PropertyValueSpecification","valueRequired":true,"valueName":"search_term_string"}}],"inLanguage":"fr-FR"},{"@type":"Person","@id":"https:\/\/www.amanien.info\/news\/#\/schema\/person\/b21093345753a1a98242d505bd894f42","name":"Germain Ndri","url":"https:\/\/www.amanien.info\/news\/author\/amanien-infos\/"}]}},"_links":{"self":[{"href":"https:\/\/www.amanien.info\/news\/wp-json\/wp\/v2\/posts\/1928","targetHints":{"allow":["GET"]}}],"collection":[{"href":"https:\/\/www.amanien.info\/news\/wp-json\/wp\/v2\/posts"}],"about":[{"href":"https:\/\/www.amanien.info\/news\/wp-json\/wp\/v2\/types\/post"}],"author":[{"embeddable":true,"href":"https:\/\/www.amanien.info\/news\/wp-json\/wp\/v2\/users\/2"}],"replies":[{"embeddable":true,"href":"https:\/\/www.amanien.info\/news\/wp-json\/wp\/v2\/comments?post=1928"}],"version-history":[{"count":0,"href":"https:\/\/www.amanien.info\/news\/wp-json\/wp\/v2\/posts\/1928\/revisions"}],"wp:featuredmedia":[{"embeddable":true,"href":"https:\/\/www.amanien.info\/news\/wp-json\/wp\/v2\/media\/1929"}],"wp:attachment":[{"href":"https:\/\/www.amanien.info\/news\/wp-json\/wp\/v2\/media?parent=1928"}],"wp:term":[{"taxonomy":"category","embeddable":true,"href":"https:\/\/www.amanien.info\/news\/wp-json\/wp\/v2\/categories?post=1928"},{"taxonomy":"post_tag","embeddable":true,"href":"https:\/\/www.amanien.info\/news\/wp-json\/wp\/v2\/tags?post=1928"}],"curies":[{"name":"wp","href":"https:\/\/api.w.org\/{rel}","templated":true}]}}