{"id":1918,"date":"2020-10-16T09:25:57","date_gmt":"2020-10-16T07:25:57","guid":{"rendered":"http:\/\/https:\/\/zozo.buyee.jp\/\/news\/?p=1918"},"modified":"2020-10-16T09:26:15","modified_gmt":"2020-10-16T07:26:15","slug":"un-mouvement-de-soutien-a-la-canditature-dalassane-ouattara-est-ne-a-san-pedro","status":"publish","type":"post","link":"https:\/\/www.amanien.info\/news\/un-mouvement-de-soutien-a-la-canditature-dalassane-ouattara-est-ne-a-san-pedro\/","title":{"rendered":"Un mouvement de soutien \u00e0 la canditature d&rsquo;Alassane Ouattara est n\u00e9 \u00e0 San-Pedro."},"content":{"rendered":"<div>\n<div>\n<div>\n<div>La place de terre rouge, a abrit\u00e9, hier mercredi 14 octobre 2020, la c\u00e9r\u00e9monie de lancement du mouvement de soutien \u00e0 la candidature du Pr\u00e9sident sortant, Alassane Ouattara.<\/div>\n<div><\/div>\n<div>D\u00e9nomm\u00e9, \u2018\u2019Mouvement\u00a0 Alassane Ouattara notre boussole \u2018\u2019 en abr\u00e9g\u00e9 (ALONB),\u00a0 ce mouvement de soutien dans le d\u00e9partement de San-Pedro a \u00e9t\u00e9 mis en place\u00a0 par Bamba Brahima,\u00a0 membre de la direction de campagne du RHDP dans le departement de San-Pedro.<\/div>\n<div>\u00a0La principale mission\u00a0 \u00a0confi\u00e9e \u00e0 ce mouvement, c\u2019est de faire gagner le candidat du RHDP au soir du 31 octobre 2020. Bien entendu, cela passe par la formation des \u00e9lecteurs, l\u2019aide pour l\u2019acquisition des cartes d\u2019\u00e9lecteurs et enfin, r\u00e9ussir le d\u00e9fi de faire sortir les populations le jour de scrutin en faveur du candidat du RHDP.<\/div>\n<div><\/div>\n<div>\u00ab Dans cette inspiration, durant la campagne \u00e9lectorale, des \u00e9quipes seront d\u00e9ploy\u00e9es, dans les quartiers, des villages pour des meetings, et des s\u00e9ances de sensibilisation et de mobilisation \u00bb , a-t-il indiqu\u00e9.<\/div>\n<div><\/div>\n<div>Pour Bamba Brahima, l\u2019\u00e9lection pr\u00e9sidentielle du 31 octobre doit \u00eatre l\u2019occasion pour tous ceux qui aspirent au d\u00e9velopement de se mettre\u00a0 autour de la candidature d\u2019Alassane Ouattara.<\/div>\n<div><\/div>\n<div>\u00abEn effet, sous la guid\u00e9e de notre mentor(..), la C\u00f4te d&rsquo;Ivoire est hiss\u00e9e\u00a0 \u00e0 un niveau de D\u00e9veloppement\u00a0 jamais \u00e9gal\u00e9 dans l&rsquo;histoire de ce pays. Conscient de l\u2019enjeu capital que repr\u00e9sente la future \u00e9lection pr\u00e9sidentielle de la C\u00f4te d\u2019ivoire, nous avons d\u00e9cid\u00e9 de cr\u00e9er un mouvement d\u2019expression et de soutien\u00a0 au candidat du RHDP \u00bb, a, t-il soulign\u00e9, avant d\u2019inviter toute la population de San-Pedro \u00e0 adh\u00e9rer le mouvement pour la victoire d\u2019Alassane Ouattara d\u00e8s le premier tour .<\/div>\n<div><\/div>\n<div>\u00ab Notre slogan, \u2018\u2019ensemble, nous r\u00e9ussirons\u2019\u2019,\u00a0 nous nous engageons pour le \u2018\u2019un-coup ko\u2019\u2019 \u00bb, a-t-i promis.<\/div>\n<div>Thierry Lagognon<\/div>\n<div><\/div>\n<\/div>\n<\/div>\n<\/div>\n","protected":false},"excerpt":{"rendered":"<p>La place de terre rouge, a abrit\u00e9, hier mercredi 14 octobre 2020, la c\u00e9r\u00e9monie de lancement du mouvement de soutien \u00e0 la candidature du Pr\u00e9sident sortant, Alassane Ouattara. D\u00e9nomm\u00e9, \u2018\u2019Mouvement\u00a0 Alassane Ouattara notre boussole \u2018\u2019 en abr\u00e9g\u00e9 (ALONB),\u00a0 ce mouvement de soutien dans le d\u00e9partement de San-Pedro a \u00e9t\u00e9 mis en place\u00a0 par Bamba Brahima,\u00a0 [&hellip;]<\/p>\n","protected":false},"author":2,"featured_media":1919,"comment_status":"open","ping_status":"open","sticky":true,"template":"","format":"standard","meta":{"_acf_changed":false,"footnotes":""},"categories":[],"tags":[],"class_list":["post-1918","post","type-post","status-publish","format-standard","has-post-thumbnail","hentry"],"acf":[],"yoast_head":"<!-- This site is optimized with the Yoast SEO plugin v27.5 - https:\/\/yoast.com\/product\/yoast-seo-wordpress\/ -->\n<title>Un mouvement de soutien \u00e0 la canditature d&#039;Alassane Ouattara est n\u00e9 \u00e0 San-Pedro. - Amanien| L&#039;actualit\u00e9 Ivoirienne et Internationale<\/title>\n<meta name=\"robots\" content=\"index, follow, max-snippet:-1, max-image-preview:large, max-video-preview:-1\" \/>\n<link rel=\"canonical\" href=\"https:\/\/www.amanien.info\/news\/un-mouvement-de-soutien-a-la-canditature-dalassane-ouattara-est-ne-a-san-pedro\/\" \/>\n<meta property=\"og:locale\" content=\"fr_FR\" \/>\n<meta property=\"og:type\" content=\"article\" \/>\n<meta property=\"og:title\" content=\"Un mouvement de soutien \u00e0 la canditature d&#039;Alassane Ouattara est n\u00e9 \u00e0 San-Pedro. - Amanien| L&#039;actualit\u00e9 Ivoirienne et Internationale\" \/>\n<meta property=\"og:description\" content=\"La place de terre rouge, a abrit\u00e9, hier mercredi 14 octobre 2020, la c\u00e9r\u00e9monie de lancement du mouvement de soutien \u00e0 la candidature du Pr\u00e9sident sortant, Alassane Ouattara. D\u00e9nomm\u00e9, \u2018\u2019Mouvement\u00a0 Alassane Ouattara notre boussole \u2018\u2019 en abr\u00e9g\u00e9 (ALONB),\u00a0 ce mouvement de soutien dans le d\u00e9partement de San-Pedro a \u00e9t\u00e9 mis en place\u00a0 par Bamba Brahima,\u00a0 [&hellip;]\" \/>\n<meta property=\"og:url\" content=\"https:\/\/www.amanien.info\/news\/un-mouvement-de-soutien-a-la-canditature-dalassane-ouattara-est-ne-a-san-pedro\/\" \/>\n<meta property=\"og:site_name\" content=\"Amanien| L&#039;actualit\u00e9 Ivoirienne et Internationale\" \/>\n<meta property=\"article:published_time\" content=\"2020-10-16T07:25:57+00:00\" \/>\n<meta property=\"article:modified_time\" content=\"2020-10-16T07:26:15+00:00\" \/>\n<meta property=\"og:image\" content=\"https:\/\/www.amanien.info\/news\/wp-content\/uploads\/2020\/10\/thumbnail-12.jpg\" \/>\n\t<meta property=\"og:image:width\" content=\"1080\" \/>\n\t<meta property=\"og:image:height\" content=\"608\" \/>\n\t<meta property=\"og:image:type\" content=\"image\/jpeg\" \/>\n<meta name=\"author\" content=\"Germain Ndri\" \/>\n<meta name=\"twitter:card\" content=\"summary_large_image\" \/>\n<meta name=\"twitter:label1\" content=\"\u00c9crit par\" \/>\n\t<meta name=\"twitter:data1\" content=\"Germain Ndri\" \/>\n\t<meta name=\"twitter:label2\" content=\"Dur\u00e9e de lecture estim\u00e9e\" \/>\n\t<meta name=\"twitter:data2\" content=\"2 minutes\" \/>\n<script type=\"application\/ld+json\" class=\"yoast-schema-graph\">{\"@context\":\"https:\\\/\\\/schema.org\",\"@graph\":[{\"@type\":\"Article\",\"@id\":\"https:\\\/\\\/www.amanien.info\\\/news\\\/un-mouvement-de-soutien-a-la-canditature-dalassane-ouattara-est-ne-a-san-pedro\\\/#article\",\"isPartOf\":{\"@id\":\"https:\\\/\\\/www.amanien.info\\\/news\\\/un-mouvement-de-soutien-a-la-canditature-dalassane-ouattara-est-ne-a-san-pedro\\\/\"},\"author\":{\"name\":\"Germain Ndri\",\"@id\":\"https:\\\/\\\/www.amanien.info\\\/news\\\/#\\\/schema\\\/person\\\/b21093345753a1a98242d505bd894f42\"},\"headline\":\"Un mouvement de soutien \u00e0 la canditature d&rsquo;Alassane Ouattara est n\u00e9 \u00e0 San-Pedro.\",\"datePublished\":\"2020-10-16T07:25:57+00:00\",\"dateModified\":\"2020-10-16T07:26:15+00:00\",\"mainEntityOfPage\":{\"@id\":\"https:\\\/\\\/www.amanien.info\\\/news\\\/un-mouvement-de-soutien-a-la-canditature-dalassane-ouattara-est-ne-a-san-pedro\\\/\"},\"wordCount\":315,\"commentCount\":0,\"image\":{\"@id\":\"https:\\\/\\\/www.amanien.info\\\/news\\\/un-mouvement-de-soutien-a-la-canditature-dalassane-ouattara-est-ne-a-san-pedro\\\/#primaryimage\"},\"thumbnailUrl\":\"https:\\\/\\\/www.amanien.info\\\/news\\\/wp-content\\\/uploads\\\/2020\\\/10\\\/thumbnail-12.jpg\",\"inLanguage\":\"fr-FR\"},{\"@type\":\"WebPage\",\"@id\":\"https:\\\/\\\/www.amanien.info\\\/news\\\/un-mouvement-de-soutien-a-la-canditature-dalassane-ouattara-est-ne-a-san-pedro\\\/\",\"url\":\"https:\\\/\\\/www.amanien.info\\\/news\\\/un-mouvement-de-soutien-a-la-canditature-dalassane-ouattara-est-ne-a-san-pedro\\\/\",\"name\":\"Un mouvement de soutien \u00e0 la canditature d'Alassane Ouattara est n\u00e9 \u00e0 San-Pedro. - Amanien| L&#039;actualit\u00e9 Ivoirienne et Internationale\",\"isPartOf\":{\"@id\":\"https:\\\/\\\/www.amanien.info\\\/news\\\/#website\"},\"primaryImageOfPage\":{\"@id\":\"https:\\\/\\\/www.amanien.info\\\/news\\\/un-mouvement-de-soutien-a-la-canditature-dalassane-ouattara-est-ne-a-san-pedro\\\/#primaryimage\"},\"image\":{\"@id\":\"https:\\\/\\\/www.amanien.info\\\/news\\\/un-mouvement-de-soutien-a-la-canditature-dalassane-ouattara-est-ne-a-san-pedro\\\/#primaryimage\"},\"thumbnailUrl\":\"https:\\\/\\\/www.amanien.info\\\/news\\\/wp-content\\\/uploads\\\/2020\\\/10\\\/thumbnail-12.jpg\",\"datePublished\":\"2020-10-16T07:25:57+00:00\",\"dateModified\":\"2020-10-16T07:26:15+00:00\",\"author\":{\"@id\":\"https:\\\/\\\/www.amanien.info\\\/news\\\/#\\\/schema\\\/person\\\/b21093345753a1a98242d505bd894f42\"},\"breadcrumb\":{\"@id\":\"https:\\\/\\\/www.amanien.info\\\/news\\\/un-mouvement-de-soutien-a-la-canditature-dalassane-ouattara-est-ne-a-san-pedro\\\/#breadcrumb\"},\"inLanguage\":\"fr-FR\",\"potentialAction\":[{\"@type\":\"ReadAction\",\"target\":[\"https:\\\/\\\/www.amanien.info\\\/news\\\/un-mouvement-de-soutien-a-la-canditature-dalassane-ouattara-est-ne-a-san-pedro\\\/\"]}]},{\"@type\":\"ImageObject\",\"inLanguage\":\"fr-FR\",\"@id\":\"https:\\\/\\\/www.amanien.info\\\/news\\\/un-mouvement-de-soutien-a-la-canditature-dalassane-ouattara-est-ne-a-san-pedro\\\/#primaryimage\",\"url\":\"https:\\\/\\\/www.amanien.info\\\/news\\\/wp-content\\\/uploads\\\/2020\\\/10\\\/thumbnail-12.jpg\",\"contentUrl\":\"https:\\\/\\\/www.amanien.info\\\/news\\\/wp-content\\\/uploads\\\/2020\\\/10\\\/thumbnail-12.jpg\",\"width\":1080,\"height\":608},{\"@type\":\"BreadcrumbList\",\"@id\":\"https:\\\/\\\/www.amanien.info\\\/news\\\/un-mouvement-de-soutien-a-la-canditature-dalassane-ouattara-est-ne-a-san-pedro\\\/#breadcrumb\",\"itemListElement\":[{\"@type\":\"ListItem\",\"position\":1,\"name\":\"Accueil\",\"item\":\"https:\\\/\\\/www.amanien.info\\\/news\\\/\"},{\"@type\":\"ListItem\",\"position\":2,\"name\":\"Un mouvement de soutien \u00e0 la canditature d&rsquo;Alassane Ouattara est n\u00e9 \u00e0 San-Pedro.\"}]},{\"@type\":\"WebSite\",\"@id\":\"https:\\\/\\\/www.amanien.info\\\/news\\\/#website\",\"url\":\"https:\\\/\\\/www.amanien.info\\\/news\\\/\",\"name\":\"Amanien| L&#039;actualit\u00e9 Ivoirienne et Internationale\",\"description\":\"L&#039;actualit\u00e9 Ivoirienne et Internationale\",\"potentialAction\":[{\"@type\":\"SearchAction\",\"target\":{\"@type\":\"EntryPoint\",\"urlTemplate\":\"https:\\\/\\\/www.amanien.info\\\/news\\\/?s={search_term_string}\"},\"query-input\":{\"@type\":\"PropertyValueSpecification\",\"valueRequired\":true,\"valueName\":\"search_term_string\"}}],\"inLanguage\":\"fr-FR\"},{\"@type\":\"Person\",\"@id\":\"https:\\\/\\\/www.amanien.info\\\/news\\\/#\\\/schema\\\/person\\\/b21093345753a1a98242d505bd894f42\",\"name\":\"Germain Ndri\",\"url\":\"https:\\\/\\\/www.amanien.info\\\/news\\\/author\\\/amanien-infos\\\/\"}]}<\/script>\n<!-- \/ Yoast SEO plugin. -->","yoast_head_json":{"title":"Un mouvement de soutien \u00e0 la canditature d'Alassane Ouattara est n\u00e9 \u00e0 San-Pedro. - Amanien| L&#039;actualit\u00e9 Ivoirienne et Internationale","robots":{"index":"index","follow":"follow","max-snippet":"max-snippet:-1","max-image-preview":"max-image-preview:large","max-video-preview":"max-video-preview:-1"},"canonical":"https:\/\/www.amanien.info\/news\/un-mouvement-de-soutien-a-la-canditature-dalassane-ouattara-est-ne-a-san-pedro\/","og_locale":"fr_FR","og_type":"article","og_title":"Un mouvement de soutien \u00e0 la canditature d'Alassane Ouattara est n\u00e9 \u00e0 San-Pedro. - Amanien| L&#039;actualit\u00e9 Ivoirienne et Internationale","og_description":"La place de terre rouge, a abrit\u00e9, hier mercredi 14 octobre 2020, la c\u00e9r\u00e9monie de lancement du mouvement de soutien \u00e0 la candidature du Pr\u00e9sident sortant, Alassane Ouattara. D\u00e9nomm\u00e9, \u2018\u2019Mouvement\u00a0 Alassane Ouattara notre boussole \u2018\u2019 en abr\u00e9g\u00e9 (ALONB),\u00a0 ce mouvement de soutien dans le d\u00e9partement de San-Pedro a \u00e9t\u00e9 mis en place\u00a0 par Bamba Brahima,\u00a0 [&hellip;]","og_url":"https:\/\/www.amanien.info\/news\/un-mouvement-de-soutien-a-la-canditature-dalassane-ouattara-est-ne-a-san-pedro\/","og_site_name":"Amanien| L&#039;actualit\u00e9 Ivoirienne et Internationale","article_published_time":"2020-10-16T07:25:57+00:00","article_modified_time":"2020-10-16T07:26:15+00:00","og_image":[{"width":1080,"height":608,"url":"https:\/\/www.amanien.info\/news\/wp-content\/uploads\/2020\/10\/thumbnail-12.jpg","type":"image\/jpeg"}],"author":"Germain Ndri","twitter_card":"summary_large_image","twitter_misc":{"\u00c9crit par":"Germain Ndri","Dur\u00e9e de lecture estim\u00e9e":"2 minutes"},"schema":{"@context":"https:\/\/schema.org","@graph":[{"@type":"Article","@id":"https:\/\/www.amanien.info\/news\/un-mouvement-de-soutien-a-la-canditature-dalassane-ouattara-est-ne-a-san-pedro\/#article","isPartOf":{"@id":"https:\/\/www.amanien.info\/news\/un-mouvement-de-soutien-a-la-canditature-dalassane-ouattara-est-ne-a-san-pedro\/"},"author":{"name":"Germain Ndri","@id":"https:\/\/www.amanien.info\/news\/#\/schema\/person\/b21093345753a1a98242d505bd894f42"},"headline":"Un mouvement de soutien \u00e0 la canditature d&rsquo;Alassane Ouattara est n\u00e9 \u00e0 San-Pedro.","datePublished":"2020-10-16T07:25:57+00:00","dateModified":"2020-10-16T07:26:15+00:00","mainEntityOfPage":{"@id":"https:\/\/www.amanien.info\/news\/un-mouvement-de-soutien-a-la-canditature-dalassane-ouattara-est-ne-a-san-pedro\/"},"wordCount":315,"commentCount":0,"image":{"@id":"https:\/\/www.amanien.info\/news\/un-mouvement-de-soutien-a-la-canditature-dalassane-ouattara-est-ne-a-san-pedro\/#primaryimage"},"thumbnailUrl":"https:\/\/www.amanien.info\/news\/wp-content\/uploads\/2020\/10\/thumbnail-12.jpg","inLanguage":"fr-FR"},{"@type":"WebPage","@id":"https:\/\/www.amanien.info\/news\/un-mouvement-de-soutien-a-la-canditature-dalassane-ouattara-est-ne-a-san-pedro\/","url":"https:\/\/www.amanien.info\/news\/un-mouvement-de-soutien-a-la-canditature-dalassane-ouattara-est-ne-a-san-pedro\/","name":"Un mouvement de soutien \u00e0 la canditature d'Alassane Ouattara est n\u00e9 \u00e0 San-Pedro. - Amanien| L&#039;actualit\u00e9 Ivoirienne et Internationale","isPartOf":{"@id":"https:\/\/www.amanien.info\/news\/#website"},"primaryImageOfPage":{"@id":"https:\/\/www.amanien.info\/news\/un-mouvement-de-soutien-a-la-canditature-dalassane-ouattara-est-ne-a-san-pedro\/#primaryimage"},"image":{"@id":"https:\/\/www.amanien.info\/news\/un-mouvement-de-soutien-a-la-canditature-dalassane-ouattara-est-ne-a-san-pedro\/#primaryimage"},"thumbnailUrl":"https:\/\/www.amanien.info\/news\/wp-content\/uploads\/2020\/10\/thumbnail-12.jpg","datePublished":"2020-10-16T07:25:57+00:00","dateModified":"2020-10-16T07:26:15+00:00","author":{"@id":"https:\/\/www.amanien.info\/news\/#\/schema\/person\/b21093345753a1a98242d505bd894f42"},"breadcrumb":{"@id":"https:\/\/www.amanien.info\/news\/un-mouvement-de-soutien-a-la-canditature-dalassane-ouattara-est-ne-a-san-pedro\/#breadcrumb"},"inLanguage":"fr-FR","potentialAction":[{"@type":"ReadAction","target":["https:\/\/www.amanien.info\/news\/un-mouvement-de-soutien-a-la-canditature-dalassane-ouattara-est-ne-a-san-pedro\/"]}]},{"@type":"ImageObject","inLanguage":"fr-FR","@id":"https:\/\/www.amanien.info\/news\/un-mouvement-de-soutien-a-la-canditature-dalassane-ouattara-est-ne-a-san-pedro\/#primaryimage","url":"https:\/\/www.amanien.info\/news\/wp-content\/uploads\/2020\/10\/thumbnail-12.jpg","contentUrl":"https:\/\/www.amanien.info\/news\/wp-content\/uploads\/2020\/10\/thumbnail-12.jpg","width":1080,"height":608},{"@type":"BreadcrumbList","@id":"https:\/\/www.amanien.info\/news\/un-mouvement-de-soutien-a-la-canditature-dalassane-ouattara-est-ne-a-san-pedro\/#breadcrumb","itemListElement":[{"@type":"ListItem","position":1,"name":"Accueil","item":"https:\/\/www.amanien.info\/news\/"},{"@type":"ListItem","position":2,"name":"Un mouvement de soutien \u00e0 la canditature d&rsquo;Alassane Ouattara est n\u00e9 \u00e0 San-Pedro."}]},{"@type":"WebSite","@id":"https:\/\/www.amanien.info\/news\/#website","url":"https:\/\/www.amanien.info\/news\/","name":"Amanien| L&#039;actualit\u00e9 Ivoirienne et Internationale","description":"L&#039;actualit\u00e9 Ivoirienne et Internationale","potentialAction":[{"@type":"SearchAction","target":{"@type":"EntryPoint","urlTemplate":"https:\/\/www.amanien.info\/news\/?s={search_term_string}"},"query-input":{"@type":"PropertyValueSpecification","valueRequired":true,"valueName":"search_term_string"}}],"inLanguage":"fr-FR"},{"@type":"Person","@id":"https:\/\/www.amanien.info\/news\/#\/schema\/person\/b21093345753a1a98242d505bd894f42","name":"Germain Ndri","url":"https:\/\/www.amanien.info\/news\/author\/amanien-infos\/"}]}},"_links":{"self":[{"href":"https:\/\/www.amanien.info\/news\/wp-json\/wp\/v2\/posts\/1918","targetHints":{"allow":["GET"]}}],"collection":[{"href":"https:\/\/www.amanien.info\/news\/wp-json\/wp\/v2\/posts"}],"about":[{"href":"https:\/\/www.amanien.info\/news\/wp-json\/wp\/v2\/types\/post"}],"author":[{"embeddable":true,"href":"https:\/\/www.amanien.info\/news\/wp-json\/wp\/v2\/users\/2"}],"replies":[{"embeddable":true,"href":"https:\/\/www.amanien.info\/news\/wp-json\/wp\/v2\/comments?post=1918"}],"version-history":[{"count":0,"href":"https:\/\/www.amanien.info\/news\/wp-json\/wp\/v2\/posts\/1918\/revisions"}],"wp:featuredmedia":[{"embeddable":true,"href":"https:\/\/www.amanien.info\/news\/wp-json\/wp\/v2\/media\/1919"}],"wp:attachment":[{"href":"https:\/\/www.amanien.info\/news\/wp-json\/wp\/v2\/media?parent=1918"}],"wp:term":[{"taxonomy":"category","embeddable":true,"href":"https:\/\/www.amanien.info\/news\/wp-json\/wp\/v2\/categories?post=1918"},{"taxonomy":"post_tag","embeddable":true,"href":"https:\/\/www.amanien.info\/news\/wp-json\/wp\/v2\/tags?post=1918"}],"curies":[{"name":"wp","href":"https:\/\/api.w.org\/{rel}","templated":true}]}}