{"id":1908,"date":"2020-10-13T18:28:29","date_gmt":"2020-10-13T16:28:29","guid":{"rendered":"http:\/\/https:\/\/zozo.buyee.jp\/\/news\/?p=1908"},"modified":"2020-10-13T18:35:01","modified_gmt":"2020-10-13T16:35:01","slug":"koumassi-inauguration-du-marche-dje-konan-le-maire-cisse-bacongo-avec-la-volonte-tout-est-possible","status":"publish","type":"post","link":"https:\/\/www.amanien.info\/news\/koumassi-inauguration-du-marche-dje-konan-le-maire-cisse-bacongo-avec-la-volonte-tout-est-possible\/","title":{"rendered":"Koumassi\/ inauguration du march\u00e9 Dj\u00ea Konan: Le Maire Ciss\u00e9 Bacongo \u00a0\u00bb Avec la volont\u00e9 tout est possible\u00a0\u00bb"},"content":{"rendered":"<p>La c\u00e9r\u00e9monie d&rsquo; inauguration du march\u00e9 Dj\u00ea Konan, enti\u00e8rement r\u00e9nov\u00e9 par le Maire de la commune Ibrahim Ciss\u00e9 Bacongo, s&rsquo; est d\u00e9roul\u00e9e le samedi 10 octobre. Ce sont des commer\u00e7ants heureux de recevoir un cadre de travail moderne et commode, qui sont venus nombreux pour traduire leur reconnaissance au premier magistrat de la commune de Koumassi. Le repr\u00e9sentant des commer\u00e7ants yves Marcel Kodjane, a remerci\u00e9 le Maire, au nom de ses coll\u00e8gues. \u00a0\u00bb Nous sommes fiers de vous, fiers de notre nouveau cadre de travail. Merci pour cette vision que vous avez pour Koumassi\u00a0\u00bb a-t-il dit. Abo Oscar, directeur de cabinet de la Maire, s&rsquo; est dit quant \u00e0 lui fier d&rsquo; \u00eatre habitant de la commune de Koumassi.Il soulign\u00e9 que le march\u00e9 r\u00e9nov\u00e9 est un cadre o\u00f9 il fait bon vivre et permet de travailler dans bonnes conditions.<\/p>\n<p>Le d\u00e9put\u00e9 de Koumassi l&rsquo; honorable Sangar\u00e9 , a rappel\u00e9 que le march\u00e9 est li\u00e9 au d\u00e9veloppement \u00e9conomique d&rsquo; une commune et fait d\u00e9couvrir la vie sociale des populations. \u00a0\u00bb Mr le Maire vous \u00eates un travailleur passionn\u00e9 et nous sommes fiers de vous. Nous avons foi en l&rsquo; avenir. Avec vous Koumassi fait sa mue\u00a0\u00bb a-t-il soulign\u00e9. \u00a0\u00bb le march\u00e9 Dje Konan \u00e9tait devenu une zone de non droit. Aujourd&rsquo;hui il est restaur\u00e9 et nous avons un march\u00e9 moderne\u00a0\u00bb a-t-il ajout\u00e9. Le Maire de Koumassi Ibrahim Ciss\u00e9 dit Bacongo, a pris la parole pour remercier tous ceux qui ont fait le d\u00e9placement \u00e0 l&rsquo; occasion de cette inauguration. \u00a0\u00bb On sait o\u00f9 on va.Rien n&rsquo; est impossible \u00e0 celui qui a la volont\u00e9. Avec le cerveau et le c\u0153ur on peut tout faire. Transformer Koumassi c&rsquo; est possible comme je l&rsquo; ai dit lors de la campagne pour les municipales\u00a0\u00bb a dit le premier magistrat de la commune. Le march\u00e9 Dj\u00ea Konan r\u00e9nov\u00e9 comprend plusieurs secteurs allant du vivrier, du textile, du cosm\u00e9tique, en passant par le num\u00e9rique et la librairie. Diff\u00e9rents escaliers permettent d&rsquo; avoir acc\u00e8s \u00e0 ces secteurs. Un comit\u00e9 de gestion \u00e0 \u00e9t\u00e9 mis en place pour assurer la bonne marche de cet espace.<br \/>\nCalvin Wandji<\/p>\n","protected":false},"excerpt":{"rendered":"<p>La c\u00e9r\u00e9monie d&rsquo; inauguration du march\u00e9 Dj\u00ea Konan, enti\u00e8rement r\u00e9nov\u00e9 par le Maire de la commune Ibrahim Ciss\u00e9 Bacongo, s&rsquo; est d\u00e9roul\u00e9e le samedi 10 octobre. Ce sont des commer\u00e7ants heureux de recevoir un cadre de travail moderne et commode, qui sont venus nombreux pour traduire leur reconnaissance au premier magistrat de la commune de [&hellip;]<\/p>\n","protected":false},"author":2,"featured_media":1915,"comment_status":"open","ping_status":"open","sticky":true,"template":"","format":"standard","meta":{"_acf_changed":false,"footnotes":""},"categories":[],"tags":[],"class_list":["post-1908","post","type-post","status-publish","format-standard","has-post-thumbnail","hentry"],"acf":[],"yoast_head":"<!-- This site is optimized with the Yoast SEO plugin v27.5 - https:\/\/yoast.com\/product\/yoast-seo-wordpress\/ -->\n<title>Koumassi\/ inauguration du march\u00e9 Dj\u00ea Konan: Le Maire Ciss\u00e9 Bacongo &quot; Avec la volont\u00e9 tout est possible&quot; - Amanien| L&#039;actualit\u00e9 Ivoirienne et Internationale<\/title>\n<meta name=\"robots\" content=\"index, follow, max-snippet:-1, max-image-preview:large, max-video-preview:-1\" \/>\n<link rel=\"canonical\" href=\"https:\/\/www.amanien.info\/news\/koumassi-inauguration-du-marche-dje-konan-le-maire-cisse-bacongo-avec-la-volonte-tout-est-possible\/\" \/>\n<meta property=\"og:locale\" content=\"fr_FR\" \/>\n<meta property=\"og:type\" content=\"article\" \/>\n<meta property=\"og:title\" content=\"Koumassi\/ inauguration du march\u00e9 Dj\u00ea Konan: Le Maire Ciss\u00e9 Bacongo &quot; Avec la volont\u00e9 tout est possible&quot; - Amanien| L&#039;actualit\u00e9 Ivoirienne et Internationale\" \/>\n<meta property=\"og:description\" content=\"La c\u00e9r\u00e9monie d&rsquo; inauguration du march\u00e9 Dj\u00ea Konan, enti\u00e8rement r\u00e9nov\u00e9 par le Maire de la commune Ibrahim Ciss\u00e9 Bacongo, s&rsquo; est d\u00e9roul\u00e9e le samedi 10 octobre. Ce sont des commer\u00e7ants heureux de recevoir un cadre de travail moderne et commode, qui sont venus nombreux pour traduire leur reconnaissance au premier magistrat de la commune de [&hellip;]\" \/>\n<meta property=\"og:url\" content=\"https:\/\/www.amanien.info\/news\/koumassi-inauguration-du-marche-dje-konan-le-maire-cisse-bacongo-avec-la-volonte-tout-est-possible\/\" \/>\n<meta property=\"og:site_name\" content=\"Amanien| L&#039;actualit\u00e9 Ivoirienne et Internationale\" \/>\n<meta property=\"article:published_time\" content=\"2020-10-13T16:28:29+00:00\" \/>\n<meta property=\"article:modified_time\" content=\"2020-10-13T16:35:01+00:00\" \/>\n<meta property=\"og:image\" content=\"https:\/\/www.amanien.info\/news\/wp-content\/uploads\/2020\/10\/thumbnail-11.jpg\" \/>\n\t<meta property=\"og:image:width\" content=\"960\" \/>\n\t<meta property=\"og:image:height\" content=\"640\" \/>\n\t<meta property=\"og:image:type\" content=\"image\/jpeg\" \/>\n<meta name=\"author\" content=\"Germain Ndri\" \/>\n<meta name=\"twitter:card\" content=\"summary_large_image\" \/>\n<meta name=\"twitter:label1\" content=\"\u00c9crit par\" \/>\n\t<meta name=\"twitter:data1\" content=\"Germain Ndri\" \/>\n\t<meta name=\"twitter:label2\" content=\"Dur\u00e9e de lecture estim\u00e9e\" \/>\n\t<meta name=\"twitter:data2\" content=\"2 minutes\" \/>\n<script type=\"application\/ld+json\" class=\"yoast-schema-graph\">{\"@context\":\"https:\\\/\\\/schema.org\",\"@graph\":[{\"@type\":\"Article\",\"@id\":\"https:\\\/\\\/www.amanien.info\\\/news\\\/koumassi-inauguration-du-marche-dje-konan-le-maire-cisse-bacongo-avec-la-volonte-tout-est-possible\\\/#article\",\"isPartOf\":{\"@id\":\"https:\\\/\\\/www.amanien.info\\\/news\\\/koumassi-inauguration-du-marche-dje-konan-le-maire-cisse-bacongo-avec-la-volonte-tout-est-possible\\\/\"},\"author\":{\"name\":\"Germain Ndri\",\"@id\":\"https:\\\/\\\/www.amanien.info\\\/news\\\/#\\\/schema\\\/person\\\/b21093345753a1a98242d505bd894f42\"},\"headline\":\"Koumassi\\\/ inauguration du march\u00e9 Dj\u00ea Konan: Le Maire Ciss\u00e9 Bacongo \u00a0\u00bb Avec la volont\u00e9 tout est possible\u00a0\u00bb\",\"datePublished\":\"2020-10-13T16:28:29+00:00\",\"dateModified\":\"2020-10-13T16:35:01+00:00\",\"mainEntityOfPage\":{\"@id\":\"https:\\\/\\\/www.amanien.info\\\/news\\\/koumassi-inauguration-du-marche-dje-konan-le-maire-cisse-bacongo-avec-la-volonte-tout-est-possible\\\/\"},\"wordCount\":378,\"commentCount\":0,\"image\":{\"@id\":\"https:\\\/\\\/www.amanien.info\\\/news\\\/koumassi-inauguration-du-marche-dje-konan-le-maire-cisse-bacongo-avec-la-volonte-tout-est-possible\\\/#primaryimage\"},\"thumbnailUrl\":\"https:\\\/\\\/www.amanien.info\\\/news\\\/wp-content\\\/uploads\\\/2020\\\/10\\\/thumbnail-11.jpg\",\"inLanguage\":\"fr-FR\"},{\"@type\":\"WebPage\",\"@id\":\"https:\\\/\\\/www.amanien.info\\\/news\\\/koumassi-inauguration-du-marche-dje-konan-le-maire-cisse-bacongo-avec-la-volonte-tout-est-possible\\\/\",\"url\":\"https:\\\/\\\/www.amanien.info\\\/news\\\/koumassi-inauguration-du-marche-dje-konan-le-maire-cisse-bacongo-avec-la-volonte-tout-est-possible\\\/\",\"name\":\"Koumassi\\\/ inauguration du march\u00e9 Dj\u00ea Konan: Le Maire Ciss\u00e9 Bacongo \\\" Avec la volont\u00e9 tout est possible\\\" - Amanien| L&#039;actualit\u00e9 Ivoirienne et Internationale\",\"isPartOf\":{\"@id\":\"https:\\\/\\\/www.amanien.info\\\/news\\\/#website\"},\"primaryImageOfPage\":{\"@id\":\"https:\\\/\\\/www.amanien.info\\\/news\\\/koumassi-inauguration-du-marche-dje-konan-le-maire-cisse-bacongo-avec-la-volonte-tout-est-possible\\\/#primaryimage\"},\"image\":{\"@id\":\"https:\\\/\\\/www.amanien.info\\\/news\\\/koumassi-inauguration-du-marche-dje-konan-le-maire-cisse-bacongo-avec-la-volonte-tout-est-possible\\\/#primaryimage\"},\"thumbnailUrl\":\"https:\\\/\\\/www.amanien.info\\\/news\\\/wp-content\\\/uploads\\\/2020\\\/10\\\/thumbnail-11.jpg\",\"datePublished\":\"2020-10-13T16:28:29+00:00\",\"dateModified\":\"2020-10-13T16:35:01+00:00\",\"author\":{\"@id\":\"https:\\\/\\\/www.amanien.info\\\/news\\\/#\\\/schema\\\/person\\\/b21093345753a1a98242d505bd894f42\"},\"breadcrumb\":{\"@id\":\"https:\\\/\\\/www.amanien.info\\\/news\\\/koumassi-inauguration-du-marche-dje-konan-le-maire-cisse-bacongo-avec-la-volonte-tout-est-possible\\\/#breadcrumb\"},\"inLanguage\":\"fr-FR\",\"potentialAction\":[{\"@type\":\"ReadAction\",\"target\":[\"https:\\\/\\\/www.amanien.info\\\/news\\\/koumassi-inauguration-du-marche-dje-konan-le-maire-cisse-bacongo-avec-la-volonte-tout-est-possible\\\/\"]}]},{\"@type\":\"ImageObject\",\"inLanguage\":\"fr-FR\",\"@id\":\"https:\\\/\\\/www.amanien.info\\\/news\\\/koumassi-inauguration-du-marche-dje-konan-le-maire-cisse-bacongo-avec-la-volonte-tout-est-possible\\\/#primaryimage\",\"url\":\"https:\\\/\\\/www.amanien.info\\\/news\\\/wp-content\\\/uploads\\\/2020\\\/10\\\/thumbnail-11.jpg\",\"contentUrl\":\"https:\\\/\\\/www.amanien.info\\\/news\\\/wp-content\\\/uploads\\\/2020\\\/10\\\/thumbnail-11.jpg\",\"width\":960,\"height\":640},{\"@type\":\"BreadcrumbList\",\"@id\":\"https:\\\/\\\/www.amanien.info\\\/news\\\/koumassi-inauguration-du-marche-dje-konan-le-maire-cisse-bacongo-avec-la-volonte-tout-est-possible\\\/#breadcrumb\",\"itemListElement\":[{\"@type\":\"ListItem\",\"position\":1,\"name\":\"Accueil\",\"item\":\"https:\\\/\\\/www.amanien.info\\\/news\\\/\"},{\"@type\":\"ListItem\",\"position\":2,\"name\":\"Koumassi\\\/ inauguration du march\u00e9 Dj\u00ea Konan: Le Maire Ciss\u00e9 Bacongo \u00a0\u00bb Avec la volont\u00e9 tout est possible\u00a0\u00bb\"}]},{\"@type\":\"WebSite\",\"@id\":\"https:\\\/\\\/www.amanien.info\\\/news\\\/#website\",\"url\":\"https:\\\/\\\/www.amanien.info\\\/news\\\/\",\"name\":\"Amanien| L&#039;actualit\u00e9 Ivoirienne et Internationale\",\"description\":\"L&#039;actualit\u00e9 Ivoirienne et Internationale\",\"potentialAction\":[{\"@type\":\"SearchAction\",\"target\":{\"@type\":\"EntryPoint\",\"urlTemplate\":\"https:\\\/\\\/www.amanien.info\\\/news\\\/?s={search_term_string}\"},\"query-input\":{\"@type\":\"PropertyValueSpecification\",\"valueRequired\":true,\"valueName\":\"search_term_string\"}}],\"inLanguage\":\"fr-FR\"},{\"@type\":\"Person\",\"@id\":\"https:\\\/\\\/www.amanien.info\\\/news\\\/#\\\/schema\\\/person\\\/b21093345753a1a98242d505bd894f42\",\"name\":\"Germain Ndri\",\"url\":\"https:\\\/\\\/www.amanien.info\\\/news\\\/author\\\/amanien-infos\\\/\"}]}<\/script>\n<!-- \/ Yoast SEO plugin. -->","yoast_head_json":{"title":"Koumassi\/ inauguration du march\u00e9 Dj\u00ea Konan: Le Maire Ciss\u00e9 Bacongo \" Avec la volont\u00e9 tout est possible\" - Amanien| L&#039;actualit\u00e9 Ivoirienne et Internationale","robots":{"index":"index","follow":"follow","max-snippet":"max-snippet:-1","max-image-preview":"max-image-preview:large","max-video-preview":"max-video-preview:-1"},"canonical":"https:\/\/www.amanien.info\/news\/koumassi-inauguration-du-marche-dje-konan-le-maire-cisse-bacongo-avec-la-volonte-tout-est-possible\/","og_locale":"fr_FR","og_type":"article","og_title":"Koumassi\/ inauguration du march\u00e9 Dj\u00ea Konan: Le Maire Ciss\u00e9 Bacongo \" Avec la volont\u00e9 tout est possible\" - Amanien| L&#039;actualit\u00e9 Ivoirienne et Internationale","og_description":"La c\u00e9r\u00e9monie d&rsquo; inauguration du march\u00e9 Dj\u00ea Konan, enti\u00e8rement r\u00e9nov\u00e9 par le Maire de la commune Ibrahim Ciss\u00e9 Bacongo, s&rsquo; est d\u00e9roul\u00e9e le samedi 10 octobre. Ce sont des commer\u00e7ants heureux de recevoir un cadre de travail moderne et commode, qui sont venus nombreux pour traduire leur reconnaissance au premier magistrat de la commune de [&hellip;]","og_url":"https:\/\/www.amanien.info\/news\/koumassi-inauguration-du-marche-dje-konan-le-maire-cisse-bacongo-avec-la-volonte-tout-est-possible\/","og_site_name":"Amanien| L&#039;actualit\u00e9 Ivoirienne et Internationale","article_published_time":"2020-10-13T16:28:29+00:00","article_modified_time":"2020-10-13T16:35:01+00:00","og_image":[{"width":960,"height":640,"url":"https:\/\/www.amanien.info\/news\/wp-content\/uploads\/2020\/10\/thumbnail-11.jpg","type":"image\/jpeg"}],"author":"Germain Ndri","twitter_card":"summary_large_image","twitter_misc":{"\u00c9crit par":"Germain Ndri","Dur\u00e9e de lecture estim\u00e9e":"2 minutes"},"schema":{"@context":"https:\/\/schema.org","@graph":[{"@type":"Article","@id":"https:\/\/www.amanien.info\/news\/koumassi-inauguration-du-marche-dje-konan-le-maire-cisse-bacongo-avec-la-volonte-tout-est-possible\/#article","isPartOf":{"@id":"https:\/\/www.amanien.info\/news\/koumassi-inauguration-du-marche-dje-konan-le-maire-cisse-bacongo-avec-la-volonte-tout-est-possible\/"},"author":{"name":"Germain Ndri","@id":"https:\/\/www.amanien.info\/news\/#\/schema\/person\/b21093345753a1a98242d505bd894f42"},"headline":"Koumassi\/ inauguration du march\u00e9 Dj\u00ea Konan: Le Maire Ciss\u00e9 Bacongo \u00a0\u00bb Avec la volont\u00e9 tout est possible\u00a0\u00bb","datePublished":"2020-10-13T16:28:29+00:00","dateModified":"2020-10-13T16:35:01+00:00","mainEntityOfPage":{"@id":"https:\/\/www.amanien.info\/news\/koumassi-inauguration-du-marche-dje-konan-le-maire-cisse-bacongo-avec-la-volonte-tout-est-possible\/"},"wordCount":378,"commentCount":0,"image":{"@id":"https:\/\/www.amanien.info\/news\/koumassi-inauguration-du-marche-dje-konan-le-maire-cisse-bacongo-avec-la-volonte-tout-est-possible\/#primaryimage"},"thumbnailUrl":"https:\/\/www.amanien.info\/news\/wp-content\/uploads\/2020\/10\/thumbnail-11.jpg","inLanguage":"fr-FR"},{"@type":"WebPage","@id":"https:\/\/www.amanien.info\/news\/koumassi-inauguration-du-marche-dje-konan-le-maire-cisse-bacongo-avec-la-volonte-tout-est-possible\/","url":"https:\/\/www.amanien.info\/news\/koumassi-inauguration-du-marche-dje-konan-le-maire-cisse-bacongo-avec-la-volonte-tout-est-possible\/","name":"Koumassi\/ inauguration du march\u00e9 Dj\u00ea Konan: Le Maire Ciss\u00e9 Bacongo \" Avec la volont\u00e9 tout est possible\" - Amanien| L&#039;actualit\u00e9 Ivoirienne et Internationale","isPartOf":{"@id":"https:\/\/www.amanien.info\/news\/#website"},"primaryImageOfPage":{"@id":"https:\/\/www.amanien.info\/news\/koumassi-inauguration-du-marche-dje-konan-le-maire-cisse-bacongo-avec-la-volonte-tout-est-possible\/#primaryimage"},"image":{"@id":"https:\/\/www.amanien.info\/news\/koumassi-inauguration-du-marche-dje-konan-le-maire-cisse-bacongo-avec-la-volonte-tout-est-possible\/#primaryimage"},"thumbnailUrl":"https:\/\/www.amanien.info\/news\/wp-content\/uploads\/2020\/10\/thumbnail-11.jpg","datePublished":"2020-10-13T16:28:29+00:00","dateModified":"2020-10-13T16:35:01+00:00","author":{"@id":"https:\/\/www.amanien.info\/news\/#\/schema\/person\/b21093345753a1a98242d505bd894f42"},"breadcrumb":{"@id":"https:\/\/www.amanien.info\/news\/koumassi-inauguration-du-marche-dje-konan-le-maire-cisse-bacongo-avec-la-volonte-tout-est-possible\/#breadcrumb"},"inLanguage":"fr-FR","potentialAction":[{"@type":"ReadAction","target":["https:\/\/www.amanien.info\/news\/koumassi-inauguration-du-marche-dje-konan-le-maire-cisse-bacongo-avec-la-volonte-tout-est-possible\/"]}]},{"@type":"ImageObject","inLanguage":"fr-FR","@id":"https:\/\/www.amanien.info\/news\/koumassi-inauguration-du-marche-dje-konan-le-maire-cisse-bacongo-avec-la-volonte-tout-est-possible\/#primaryimage","url":"https:\/\/www.amanien.info\/news\/wp-content\/uploads\/2020\/10\/thumbnail-11.jpg","contentUrl":"https:\/\/www.amanien.info\/news\/wp-content\/uploads\/2020\/10\/thumbnail-11.jpg","width":960,"height":640},{"@type":"BreadcrumbList","@id":"https:\/\/www.amanien.info\/news\/koumassi-inauguration-du-marche-dje-konan-le-maire-cisse-bacongo-avec-la-volonte-tout-est-possible\/#breadcrumb","itemListElement":[{"@type":"ListItem","position":1,"name":"Accueil","item":"https:\/\/www.amanien.info\/news\/"},{"@type":"ListItem","position":2,"name":"Koumassi\/ inauguration du march\u00e9 Dj\u00ea Konan: Le Maire Ciss\u00e9 Bacongo \u00a0\u00bb Avec la volont\u00e9 tout est possible\u00a0\u00bb"}]},{"@type":"WebSite","@id":"https:\/\/www.amanien.info\/news\/#website","url":"https:\/\/www.amanien.info\/news\/","name":"Amanien| L&#039;actualit\u00e9 Ivoirienne et Internationale","description":"L&#039;actualit\u00e9 Ivoirienne et Internationale","potentialAction":[{"@type":"SearchAction","target":{"@type":"EntryPoint","urlTemplate":"https:\/\/www.amanien.info\/news\/?s={search_term_string}"},"query-input":{"@type":"PropertyValueSpecification","valueRequired":true,"valueName":"search_term_string"}}],"inLanguage":"fr-FR"},{"@type":"Person","@id":"https:\/\/www.amanien.info\/news\/#\/schema\/person\/b21093345753a1a98242d505bd894f42","name":"Germain Ndri","url":"https:\/\/www.amanien.info\/news\/author\/amanien-infos\/"}]}},"_links":{"self":[{"href":"https:\/\/www.amanien.info\/news\/wp-json\/wp\/v2\/posts\/1908","targetHints":{"allow":["GET"]}}],"collection":[{"href":"https:\/\/www.amanien.info\/news\/wp-json\/wp\/v2\/posts"}],"about":[{"href":"https:\/\/www.amanien.info\/news\/wp-json\/wp\/v2\/types\/post"}],"author":[{"embeddable":true,"href":"https:\/\/www.amanien.info\/news\/wp-json\/wp\/v2\/users\/2"}],"replies":[{"embeddable":true,"href":"https:\/\/www.amanien.info\/news\/wp-json\/wp\/v2\/comments?post=1908"}],"version-history":[{"count":0,"href":"https:\/\/www.amanien.info\/news\/wp-json\/wp\/v2\/posts\/1908\/revisions"}],"wp:featuredmedia":[{"embeddable":true,"href":"https:\/\/www.amanien.info\/news\/wp-json\/wp\/v2\/media\/1915"}],"wp:attachment":[{"href":"https:\/\/www.amanien.info\/news\/wp-json\/wp\/v2\/media?parent=1908"}],"wp:term":[{"taxonomy":"category","embeddable":true,"href":"https:\/\/www.amanien.info\/news\/wp-json\/wp\/v2\/categories?post=1908"},{"taxonomy":"post_tag","embeddable":true,"href":"https:\/\/www.amanien.info\/news\/wp-json\/wp\/v2\/tags?post=1908"}],"curies":[{"name":"wp","href":"https:\/\/api.w.org\/{rel}","templated":true}]}}