{"id":1902,"date":"2020-10-13T18:22:09","date_gmt":"2020-10-13T16:22:09","guid":{"rendered":"http:\/\/https:\/\/zozo.buyee.jp\/\/news\/?p=1902"},"modified":"2020-10-13T18:22:48","modified_gmt":"2020-10-13T16:22:48","slug":"medias-election-presidentielle-le-gepci-pressente-officiellement-la-charte-des-editeurs-de-presse-pour-des-elections-apaisees","status":"publish","type":"post","link":"https:\/\/www.amanien.info\/news\/medias-election-presidentielle-le-gepci-pressente-officiellement-la-charte-des-editeurs-de-presse-pour-des-elections-apaisees\/","title":{"rendered":"M\u00c9DIAS\/\u00e9lection pr\u00e9sidentielle : LE GEPCI PRESSENTE OFFICIELLEMENT LA CHARTE DES \u00c9DITEURS DE PRESSE POUR DES ELECTIONS APAIS\u00c9ES"},"content":{"rendered":"<p>Le pr\u00e9sident du groupement des Editeurs de Presse de C\u00f4te d\u2019Ivoire(GEPCI), Patrice Yao, a\u00a0 pr\u00e9sent\u00e9 officiellement la charte du GEPCI. La c\u00e9r\u00e9monie organis\u00e9e \u00e0 cet effet, a eu lieu, le 9 octobre 2020, \u00e0 la Maison de la presse d\u2019Abidjan-Plateau(Mpa).<\/p>\n<p>Cette c\u00e9r\u00e9monie portant signature de la charte du GEPCI est en faveur des \u00e9lections apais\u00e9es du 31 octobre prochain. A ce titre, les patrons de presse de C\u00f4te d\u2019Ivoire ont pris ainsi \u00a0l\u2019engagement solennel afin de contribuer \u00e0 des \u00e9lections apais\u00e9es.<\/p>\n<p>Selon Patrice Yao, pr\u00e9sident du GEPCI, \u00ab\u00a0Nous voulons des \u00e9lections apais\u00e9es. A travers cet acte de haute port\u00e9e, les patrons de presse viennent de d\u00e9montrer que nous, journalistes et hommes de m\u00e9dias, balayons devant nos portes, nos maisons\u00a0\u00bb.<\/p>\n<p><strong>\u00a0<\/strong>F\u00e9licitant les patrons de presse, le pr\u00e9sident des patrons de presse a indiqu\u00e9 que cette Charte sous forme de parchemin, comporte 10 commandements qui r\u00e9sument les lois\u00a0 sur la presse et certains devoirs \u00e0 observer par l\u2019\u00e9diteur de presse ainsi que le journaliste dans l\u2019exercice de son m\u00e9tier.<\/p>\n<p>Le premier vice-pr\u00e9sident du GEPCI, Ousmane Sy Savan\u00e9, est revenu sur le sens de l\u2019engagement des patrons de presse. \u2018\u2019 Merci \u00e0 tous, ce serment engage chacun \u00e0 respecter les r\u00e8gles et l\u2019\u00e9thique de la profession \u00e0 l\u2019effet de redorer le blason terni par la r\u00e9cente crise post-\u00e9lectorale, a par ailleurs, soulign\u00e9.<\/p>\n<p>Mieux, pour lui, c\u2019est \u00e9galement, un signal fort en direction des \u00ab hommes politiques \u00bb, acteurs majeurs du jeu d\u00e9mocratique et dont les medias ne sont que les relais. Toujours, selon le vice-pr\u00e9sident du GEPCI, la Charte aura le m\u00e9rite d\u2019inviter les politiques \u00e0 plus de responsabilit\u00e9.<\/p>\n<p>Un exemplaire de cette Charte a \u00e9t\u00e9 symboliquement remis aux patrons de presse dans leur ensemble.<\/p>\n<p><strong>David KOUAME<\/strong><\/p>\n","protected":false},"excerpt":{"rendered":"<p>Le pr\u00e9sident du groupement des Editeurs de Presse de C\u00f4te d\u2019Ivoire(GEPCI), Patrice Yao, a\u00a0 pr\u00e9sent\u00e9 officiellement la charte du GEPCI. La c\u00e9r\u00e9monie organis\u00e9e \u00e0 cet effet, a eu lieu, le 9 octobre 2020, \u00e0 la Maison de la presse d\u2019Abidjan-Plateau(Mpa). Cette c\u00e9r\u00e9monie portant signature de la charte du GEPCI est en faveur des \u00e9lections apais\u00e9es [&hellip;]<\/p>\n","protected":false},"author":2,"featured_media":1903,"comment_status":"open","ping_status":"open","sticky":true,"template":"","format":"standard","meta":{"_acf_changed":false,"footnotes":""},"categories":[],"tags":[],"class_list":["post-1902","post","type-post","status-publish","format-standard","has-post-thumbnail","hentry"],"acf":[],"yoast_head":"<!-- This site is optimized with the Yoast SEO plugin v27.5 - https:\/\/yoast.com\/product\/yoast-seo-wordpress\/ -->\n<title>M\u00c9DIAS\/\u00e9lection pr\u00e9sidentielle : LE GEPCI PRESSENTE OFFICIELLEMENT LA CHARTE DES \u00c9DITEURS DE PRESSE POUR DES ELECTIONS APAIS\u00c9ES - Amanien| L&#039;actualit\u00e9 Ivoirienne et Internationale<\/title>\n<meta name=\"robots\" content=\"index, follow, max-snippet:-1, max-image-preview:large, max-video-preview:-1\" \/>\n<link rel=\"canonical\" href=\"https:\/\/www.amanien.info\/news\/medias-election-presidentielle-le-gepci-pressente-officiellement-la-charte-des-editeurs-de-presse-pour-des-elections-apaisees\/\" \/>\n<meta property=\"og:locale\" content=\"fr_FR\" \/>\n<meta property=\"og:type\" content=\"article\" \/>\n<meta property=\"og:title\" content=\"M\u00c9DIAS\/\u00e9lection pr\u00e9sidentielle : LE GEPCI PRESSENTE OFFICIELLEMENT LA CHARTE DES \u00c9DITEURS DE PRESSE POUR DES ELECTIONS APAIS\u00c9ES - Amanien| L&#039;actualit\u00e9 Ivoirienne et Internationale\" \/>\n<meta property=\"og:description\" content=\"Le pr\u00e9sident du groupement des Editeurs de Presse de C\u00f4te d\u2019Ivoire(GEPCI), Patrice Yao, a\u00a0 pr\u00e9sent\u00e9 officiellement la charte du GEPCI. La c\u00e9r\u00e9monie organis\u00e9e \u00e0 cet effet, a eu lieu, le 9 octobre 2020, \u00e0 la Maison de la presse d\u2019Abidjan-Plateau(Mpa). Cette c\u00e9r\u00e9monie portant signature de la charte du GEPCI est en faveur des \u00e9lections apais\u00e9es [&hellip;]\" \/>\n<meta property=\"og:url\" content=\"https:\/\/www.amanien.info\/news\/medias-election-presidentielle-le-gepci-pressente-officiellement-la-charte-des-editeurs-de-presse-pour-des-elections-apaisees\/\" \/>\n<meta property=\"og:site_name\" content=\"Amanien| L&#039;actualit\u00e9 Ivoirienne et Internationale\" \/>\n<meta property=\"article:published_time\" content=\"2020-10-13T16:22:09+00:00\" \/>\n<meta property=\"article:modified_time\" content=\"2020-10-13T16:22:48+00:00\" \/>\n<meta property=\"og:image\" content=\"https:\/\/www.amanien.info\/news\/wp-content\/uploads\/2020\/10\/thumbnail-8.jpg\" \/>\n\t<meta property=\"og:image:width\" content=\"764\" \/>\n\t<meta property=\"og:image:height\" content=\"591\" \/>\n\t<meta property=\"og:image:type\" content=\"image\/jpeg\" \/>\n<meta name=\"author\" content=\"Germain Ndri\" \/>\n<meta name=\"twitter:card\" content=\"summary_large_image\" \/>\n<meta name=\"twitter:label1\" content=\"\u00c9crit par\" \/>\n\t<meta name=\"twitter:data1\" content=\"Germain Ndri\" \/>\n\t<meta name=\"twitter:label2\" content=\"Dur\u00e9e de lecture estim\u00e9e\" \/>\n\t<meta name=\"twitter:data2\" content=\"2 minutes\" \/>\n<script type=\"application\/ld+json\" class=\"yoast-schema-graph\">{\"@context\":\"https:\\\/\\\/schema.org\",\"@graph\":[{\"@type\":\"Article\",\"@id\":\"https:\\\/\\\/www.amanien.info\\\/news\\\/medias-election-presidentielle-le-gepci-pressente-officiellement-la-charte-des-editeurs-de-presse-pour-des-elections-apaisees\\\/#article\",\"isPartOf\":{\"@id\":\"https:\\\/\\\/www.amanien.info\\\/news\\\/medias-election-presidentielle-le-gepci-pressente-officiellement-la-charte-des-editeurs-de-presse-pour-des-elections-apaisees\\\/\"},\"author\":{\"name\":\"Germain Ndri\",\"@id\":\"https:\\\/\\\/www.amanien.info\\\/news\\\/#\\\/schema\\\/person\\\/b21093345753a1a98242d505bd894f42\"},\"headline\":\"M\u00c9DIAS\\\/\u00e9lection pr\u00e9sidentielle : LE GEPCI PRESSENTE OFFICIELLEMENT LA CHARTE DES \u00c9DITEURS DE PRESSE POUR DES ELECTIONS APAIS\u00c9ES\",\"datePublished\":\"2020-10-13T16:22:09+00:00\",\"dateModified\":\"2020-10-13T16:22:48+00:00\",\"mainEntityOfPage\":{\"@id\":\"https:\\\/\\\/www.amanien.info\\\/news\\\/medias-election-presidentielle-le-gepci-pressente-officiellement-la-charte-des-editeurs-de-presse-pour-des-elections-apaisees\\\/\"},\"wordCount\":329,\"commentCount\":0,\"image\":{\"@id\":\"https:\\\/\\\/www.amanien.info\\\/news\\\/medias-election-presidentielle-le-gepci-pressente-officiellement-la-charte-des-editeurs-de-presse-pour-des-elections-apaisees\\\/#primaryimage\"},\"thumbnailUrl\":\"https:\\\/\\\/www.amanien.info\\\/news\\\/wp-content\\\/uploads\\\/2020\\\/10\\\/thumbnail-8.jpg\",\"inLanguage\":\"fr-FR\"},{\"@type\":\"WebPage\",\"@id\":\"https:\\\/\\\/www.amanien.info\\\/news\\\/medias-election-presidentielle-le-gepci-pressente-officiellement-la-charte-des-editeurs-de-presse-pour-des-elections-apaisees\\\/\",\"url\":\"https:\\\/\\\/www.amanien.info\\\/news\\\/medias-election-presidentielle-le-gepci-pressente-officiellement-la-charte-des-editeurs-de-presse-pour-des-elections-apaisees\\\/\",\"name\":\"M\u00c9DIAS\\\/\u00e9lection pr\u00e9sidentielle : LE GEPCI PRESSENTE OFFICIELLEMENT LA CHARTE DES \u00c9DITEURS DE PRESSE POUR DES ELECTIONS APAIS\u00c9ES - Amanien| L&#039;actualit\u00e9 Ivoirienne et Internationale\",\"isPartOf\":{\"@id\":\"https:\\\/\\\/www.amanien.info\\\/news\\\/#website\"},\"primaryImageOfPage\":{\"@id\":\"https:\\\/\\\/www.amanien.info\\\/news\\\/medias-election-presidentielle-le-gepci-pressente-officiellement-la-charte-des-editeurs-de-presse-pour-des-elections-apaisees\\\/#primaryimage\"},\"image\":{\"@id\":\"https:\\\/\\\/www.amanien.info\\\/news\\\/medias-election-presidentielle-le-gepci-pressente-officiellement-la-charte-des-editeurs-de-presse-pour-des-elections-apaisees\\\/#primaryimage\"},\"thumbnailUrl\":\"https:\\\/\\\/www.amanien.info\\\/news\\\/wp-content\\\/uploads\\\/2020\\\/10\\\/thumbnail-8.jpg\",\"datePublished\":\"2020-10-13T16:22:09+00:00\",\"dateModified\":\"2020-10-13T16:22:48+00:00\",\"author\":{\"@id\":\"https:\\\/\\\/www.amanien.info\\\/news\\\/#\\\/schema\\\/person\\\/b21093345753a1a98242d505bd894f42\"},\"breadcrumb\":{\"@id\":\"https:\\\/\\\/www.amanien.info\\\/news\\\/medias-election-presidentielle-le-gepci-pressente-officiellement-la-charte-des-editeurs-de-presse-pour-des-elections-apaisees\\\/#breadcrumb\"},\"inLanguage\":\"fr-FR\",\"potentialAction\":[{\"@type\":\"ReadAction\",\"target\":[\"https:\\\/\\\/www.amanien.info\\\/news\\\/medias-election-presidentielle-le-gepci-pressente-officiellement-la-charte-des-editeurs-de-presse-pour-des-elections-apaisees\\\/\"]}]},{\"@type\":\"ImageObject\",\"inLanguage\":\"fr-FR\",\"@id\":\"https:\\\/\\\/www.amanien.info\\\/news\\\/medias-election-presidentielle-le-gepci-pressente-officiellement-la-charte-des-editeurs-de-presse-pour-des-elections-apaisees\\\/#primaryimage\",\"url\":\"https:\\\/\\\/www.amanien.info\\\/news\\\/wp-content\\\/uploads\\\/2020\\\/10\\\/thumbnail-8.jpg\",\"contentUrl\":\"https:\\\/\\\/www.amanien.info\\\/news\\\/wp-content\\\/uploads\\\/2020\\\/10\\\/thumbnail-8.jpg\",\"width\":764,\"height\":591},{\"@type\":\"BreadcrumbList\",\"@id\":\"https:\\\/\\\/www.amanien.info\\\/news\\\/medias-election-presidentielle-le-gepci-pressente-officiellement-la-charte-des-editeurs-de-presse-pour-des-elections-apaisees\\\/#breadcrumb\",\"itemListElement\":[{\"@type\":\"ListItem\",\"position\":1,\"name\":\"Accueil\",\"item\":\"https:\\\/\\\/www.amanien.info\\\/news\\\/\"},{\"@type\":\"ListItem\",\"position\":2,\"name\":\"M\u00c9DIAS\\\/\u00e9lection pr\u00e9sidentielle : LE GEPCI PRESSENTE OFFICIELLEMENT LA CHARTE DES \u00c9DITEURS DE PRESSE POUR DES ELECTIONS APAIS\u00c9ES\"}]},{\"@type\":\"WebSite\",\"@id\":\"https:\\\/\\\/www.amanien.info\\\/news\\\/#website\",\"url\":\"https:\\\/\\\/www.amanien.info\\\/news\\\/\",\"name\":\"Amanien| L&#039;actualit\u00e9 Ivoirienne et Internationale\",\"description\":\"L&#039;actualit\u00e9 Ivoirienne et Internationale\",\"potentialAction\":[{\"@type\":\"SearchAction\",\"target\":{\"@type\":\"EntryPoint\",\"urlTemplate\":\"https:\\\/\\\/www.amanien.info\\\/news\\\/?s={search_term_string}\"},\"query-input\":{\"@type\":\"PropertyValueSpecification\",\"valueRequired\":true,\"valueName\":\"search_term_string\"}}],\"inLanguage\":\"fr-FR\"},{\"@type\":\"Person\",\"@id\":\"https:\\\/\\\/www.amanien.info\\\/news\\\/#\\\/schema\\\/person\\\/b21093345753a1a98242d505bd894f42\",\"name\":\"Germain Ndri\",\"url\":\"https:\\\/\\\/www.amanien.info\\\/news\\\/author\\\/amanien-infos\\\/\"}]}<\/script>\n<!-- \/ Yoast SEO plugin. -->","yoast_head_json":{"title":"M\u00c9DIAS\/\u00e9lection pr\u00e9sidentielle : LE GEPCI PRESSENTE OFFICIELLEMENT LA CHARTE DES \u00c9DITEURS DE PRESSE POUR DES ELECTIONS APAIS\u00c9ES - Amanien| L&#039;actualit\u00e9 Ivoirienne et Internationale","robots":{"index":"index","follow":"follow","max-snippet":"max-snippet:-1","max-image-preview":"max-image-preview:large","max-video-preview":"max-video-preview:-1"},"canonical":"https:\/\/www.amanien.info\/news\/medias-election-presidentielle-le-gepci-pressente-officiellement-la-charte-des-editeurs-de-presse-pour-des-elections-apaisees\/","og_locale":"fr_FR","og_type":"article","og_title":"M\u00c9DIAS\/\u00e9lection pr\u00e9sidentielle : LE GEPCI PRESSENTE OFFICIELLEMENT LA CHARTE DES \u00c9DITEURS DE PRESSE POUR DES ELECTIONS APAIS\u00c9ES - Amanien| L&#039;actualit\u00e9 Ivoirienne et Internationale","og_description":"Le pr\u00e9sident du groupement des Editeurs de Presse de C\u00f4te d\u2019Ivoire(GEPCI), Patrice Yao, a\u00a0 pr\u00e9sent\u00e9 officiellement la charte du GEPCI. La c\u00e9r\u00e9monie organis\u00e9e \u00e0 cet effet, a eu lieu, le 9 octobre 2020, \u00e0 la Maison de la presse d\u2019Abidjan-Plateau(Mpa). Cette c\u00e9r\u00e9monie portant signature de la charte du GEPCI est en faveur des \u00e9lections apais\u00e9es [&hellip;]","og_url":"https:\/\/www.amanien.info\/news\/medias-election-presidentielle-le-gepci-pressente-officiellement-la-charte-des-editeurs-de-presse-pour-des-elections-apaisees\/","og_site_name":"Amanien| L&#039;actualit\u00e9 Ivoirienne et Internationale","article_published_time":"2020-10-13T16:22:09+00:00","article_modified_time":"2020-10-13T16:22:48+00:00","og_image":[{"width":764,"height":591,"url":"https:\/\/www.amanien.info\/news\/wp-content\/uploads\/2020\/10\/thumbnail-8.jpg","type":"image\/jpeg"}],"author":"Germain Ndri","twitter_card":"summary_large_image","twitter_misc":{"\u00c9crit par":"Germain Ndri","Dur\u00e9e de lecture estim\u00e9e":"2 minutes"},"schema":{"@context":"https:\/\/schema.org","@graph":[{"@type":"Article","@id":"https:\/\/www.amanien.info\/news\/medias-election-presidentielle-le-gepci-pressente-officiellement-la-charte-des-editeurs-de-presse-pour-des-elections-apaisees\/#article","isPartOf":{"@id":"https:\/\/www.amanien.info\/news\/medias-election-presidentielle-le-gepci-pressente-officiellement-la-charte-des-editeurs-de-presse-pour-des-elections-apaisees\/"},"author":{"name":"Germain Ndri","@id":"https:\/\/www.amanien.info\/news\/#\/schema\/person\/b21093345753a1a98242d505bd894f42"},"headline":"M\u00c9DIAS\/\u00e9lection pr\u00e9sidentielle : LE GEPCI PRESSENTE OFFICIELLEMENT LA CHARTE DES \u00c9DITEURS DE PRESSE POUR DES ELECTIONS APAIS\u00c9ES","datePublished":"2020-10-13T16:22:09+00:00","dateModified":"2020-10-13T16:22:48+00:00","mainEntityOfPage":{"@id":"https:\/\/www.amanien.info\/news\/medias-election-presidentielle-le-gepci-pressente-officiellement-la-charte-des-editeurs-de-presse-pour-des-elections-apaisees\/"},"wordCount":329,"commentCount":0,"image":{"@id":"https:\/\/www.amanien.info\/news\/medias-election-presidentielle-le-gepci-pressente-officiellement-la-charte-des-editeurs-de-presse-pour-des-elections-apaisees\/#primaryimage"},"thumbnailUrl":"https:\/\/www.amanien.info\/news\/wp-content\/uploads\/2020\/10\/thumbnail-8.jpg","inLanguage":"fr-FR"},{"@type":"WebPage","@id":"https:\/\/www.amanien.info\/news\/medias-election-presidentielle-le-gepci-pressente-officiellement-la-charte-des-editeurs-de-presse-pour-des-elections-apaisees\/","url":"https:\/\/www.amanien.info\/news\/medias-election-presidentielle-le-gepci-pressente-officiellement-la-charte-des-editeurs-de-presse-pour-des-elections-apaisees\/","name":"M\u00c9DIAS\/\u00e9lection pr\u00e9sidentielle : LE GEPCI PRESSENTE OFFICIELLEMENT LA CHARTE DES \u00c9DITEURS DE PRESSE POUR DES ELECTIONS APAIS\u00c9ES - Amanien| L&#039;actualit\u00e9 Ivoirienne et Internationale","isPartOf":{"@id":"https:\/\/www.amanien.info\/news\/#website"},"primaryImageOfPage":{"@id":"https:\/\/www.amanien.info\/news\/medias-election-presidentielle-le-gepci-pressente-officiellement-la-charte-des-editeurs-de-presse-pour-des-elections-apaisees\/#primaryimage"},"image":{"@id":"https:\/\/www.amanien.info\/news\/medias-election-presidentielle-le-gepci-pressente-officiellement-la-charte-des-editeurs-de-presse-pour-des-elections-apaisees\/#primaryimage"},"thumbnailUrl":"https:\/\/www.amanien.info\/news\/wp-content\/uploads\/2020\/10\/thumbnail-8.jpg","datePublished":"2020-10-13T16:22:09+00:00","dateModified":"2020-10-13T16:22:48+00:00","author":{"@id":"https:\/\/www.amanien.info\/news\/#\/schema\/person\/b21093345753a1a98242d505bd894f42"},"breadcrumb":{"@id":"https:\/\/www.amanien.info\/news\/medias-election-presidentielle-le-gepci-pressente-officiellement-la-charte-des-editeurs-de-presse-pour-des-elections-apaisees\/#breadcrumb"},"inLanguage":"fr-FR","potentialAction":[{"@type":"ReadAction","target":["https:\/\/www.amanien.info\/news\/medias-election-presidentielle-le-gepci-pressente-officiellement-la-charte-des-editeurs-de-presse-pour-des-elections-apaisees\/"]}]},{"@type":"ImageObject","inLanguage":"fr-FR","@id":"https:\/\/www.amanien.info\/news\/medias-election-presidentielle-le-gepci-pressente-officiellement-la-charte-des-editeurs-de-presse-pour-des-elections-apaisees\/#primaryimage","url":"https:\/\/www.amanien.info\/news\/wp-content\/uploads\/2020\/10\/thumbnail-8.jpg","contentUrl":"https:\/\/www.amanien.info\/news\/wp-content\/uploads\/2020\/10\/thumbnail-8.jpg","width":764,"height":591},{"@type":"BreadcrumbList","@id":"https:\/\/www.amanien.info\/news\/medias-election-presidentielle-le-gepci-pressente-officiellement-la-charte-des-editeurs-de-presse-pour-des-elections-apaisees\/#breadcrumb","itemListElement":[{"@type":"ListItem","position":1,"name":"Accueil","item":"https:\/\/www.amanien.info\/news\/"},{"@type":"ListItem","position":2,"name":"M\u00c9DIAS\/\u00e9lection pr\u00e9sidentielle : LE GEPCI PRESSENTE OFFICIELLEMENT LA CHARTE DES \u00c9DITEURS DE PRESSE POUR DES ELECTIONS APAIS\u00c9ES"}]},{"@type":"WebSite","@id":"https:\/\/www.amanien.info\/news\/#website","url":"https:\/\/www.amanien.info\/news\/","name":"Amanien| L&#039;actualit\u00e9 Ivoirienne et Internationale","description":"L&#039;actualit\u00e9 Ivoirienne et Internationale","potentialAction":[{"@type":"SearchAction","target":{"@type":"EntryPoint","urlTemplate":"https:\/\/www.amanien.info\/news\/?s={search_term_string}"},"query-input":{"@type":"PropertyValueSpecification","valueRequired":true,"valueName":"search_term_string"}}],"inLanguage":"fr-FR"},{"@type":"Person","@id":"https:\/\/www.amanien.info\/news\/#\/schema\/person\/b21093345753a1a98242d505bd894f42","name":"Germain Ndri","url":"https:\/\/www.amanien.info\/news\/author\/amanien-infos\/"}]}},"_links":{"self":[{"href":"https:\/\/www.amanien.info\/news\/wp-json\/wp\/v2\/posts\/1902","targetHints":{"allow":["GET"]}}],"collection":[{"href":"https:\/\/www.amanien.info\/news\/wp-json\/wp\/v2\/posts"}],"about":[{"href":"https:\/\/www.amanien.info\/news\/wp-json\/wp\/v2\/types\/post"}],"author":[{"embeddable":true,"href":"https:\/\/www.amanien.info\/news\/wp-json\/wp\/v2\/users\/2"}],"replies":[{"embeddable":true,"href":"https:\/\/www.amanien.info\/news\/wp-json\/wp\/v2\/comments?post=1902"}],"version-history":[{"count":0,"href":"https:\/\/www.amanien.info\/news\/wp-json\/wp\/v2\/posts\/1902\/revisions"}],"wp:featuredmedia":[{"embeddable":true,"href":"https:\/\/www.amanien.info\/news\/wp-json\/wp\/v2\/media\/1903"}],"wp:attachment":[{"href":"https:\/\/www.amanien.info\/news\/wp-json\/wp\/v2\/media?parent=1902"}],"wp:term":[{"taxonomy":"category","embeddable":true,"href":"https:\/\/www.amanien.info\/news\/wp-json\/wp\/v2\/categories?post=1902"},{"taxonomy":"post_tag","embeddable":true,"href":"https:\/\/www.amanien.info\/news\/wp-json\/wp\/v2\/tags?post=1902"}],"curies":[{"name":"wp","href":"https:\/\/api.w.org\/{rel}","templated":true}]}}