{"id":1885,"date":"2020-10-08T10:37:32","date_gmt":"2020-10-08T08:37:32","guid":{"rendered":"http:\/\/https:\/\/zozo.buyee.jp\/\/news\/?p=1885"},"modified":"2020-10-08T10:37:52","modified_gmt":"2020-10-08T08:37:52","slug":"elections-presidentielles-la-mission-conjointe-onu-union-africaine-cedeao-appelle-au-dialogue","status":"publish","type":"post","link":"https:\/\/www.amanien.info\/news\/elections-presidentielles-la-mission-conjointe-onu-union-africaine-cedeao-appelle-au-dialogue\/","title":{"rendered":"\u00c9lections pr\u00e9sidentielles: La mission conjointe Onu- Union Africaine- Cedeao appelle au dialogue"},"content":{"rendered":"<p>La mission conjointe de la Cedeao, de l\u2019Union africaine (UA) et de l\u2019Onu appelle les parties prenantes \u00e0 l\u2019\u00e9lection pr\u00e9sidentielle ivoirienne du 31 octobre 2020 \u00e0 un dialogue et \u00e0 s\u2019engager pour un scrutin cr\u00e9dible et inclusif dans un communiqu\u00e9, au terme de ses consultations. Le communiqu\u00e9 a \u00e9t\u00e9 lu, mercredi, par le g\u00e9n\u00e9ral Francis B\u00e9hanzin, commissaire aux Affaires politiques, paix et s\u00e9curit\u00e9 de la Cedeao, au si\u00e8ge de la repr\u00e9sentation de la Communaut\u00e9 \u00e9conomique des Etats de l\u2019Afrique de l\u2019Ouest (Cedeao), \u00e0 Abidjan.<\/p>\n<p>La mission conjointe a exprim\u00e9 sa vive pr\u00e9occupation quant \u00e0 l\u2019absence de confiance entre les acteurs politiques ivoiriens, et condamn\u00e9 fermement les actes de violences et les discours de haine aux relents communautaires\u00a0\u00bb constat\u00e9s dans le champ de la comp\u00e9tition politique, a dit M. B\u00e9hanzin.<\/p>\n<p>Selon le g\u00e9n\u00e9ral Behanzin, il s\u2019agit d\u2019une mission conjointe de solidarit\u00e9 de haut niveau de la Cedeao, de l\u2019UA et des Nations Unies en vue de la promotion d\u2019une \u00e9lection pr\u00e9sidentielle cr\u00e9dible, transparente et apais\u00e9e en C\u00f4te d\u2019Ivoire. La mission a eu lieu du 4 au 7 octobre 2020.<\/p>\n<p>Au cours de ses consultations, la d\u00e9l\u00e9gation a \u00e9chang\u00e9 avec les parties prenantes, notamment les partis politiques, les partis de l\u2019opposition, les candidats des groupes d\u2019ambassadeurs africains, europ\u00e9ens accr\u00e9dit\u00e9s en C\u00f4te d\u2019Ivoire et des organisations de la soci\u00e9t\u00e9 civile.Les membres de la mission se sont f\u00e9licit\u00e9s de l\u2019engagement et de la volont\u00e9 des autorit\u00e9s \u00e0 promouvoir une \u00e9lection \u00ab\u00a0inclusive, transparente, cr\u00e9dible et apais\u00e9e en C\u00f4te d\u2019Ivoire\u00a0\u00bb, a fait savoir le g\u00e9n\u00e9ral Francis B\u00e9hanzin.<br \/>\nLa d\u00e9l\u00e9gation a encourag\u00e9 les parties prenantes \u00e0 s\u00e9curiser le processus \u00e9lectoral tout comme la protection de l\u2019int\u00e9grit\u00e9 physique des candidats et de leurs militants, avant, pendant et apr\u00e8s l\u2019\u00e9lection du 31 octobre 2020.<br \/>\nElle les a en outre exhort\u00e9 \u00e0 adh\u00e9rer au Code de bonne conduite des partis politiques, des forces forces politiques et candidats aux \u00e9lections, pour favoriser la cr\u00e9ation d\u2019un environnement propice \u00e0 la tenue d\u2019une \u00e9lection d\u00e9mocratique.<br \/>\nLa mission conjointe, soulignera-t-il, a inform\u00e9 les autorit\u00e9s et les acteurs politiques ivoiriens du d\u00e9ploiement d\u2019observateurs \u00e9lectoraux de la Cedeao et de l\u2019Union africaine dans le cadre de l\u2019\u00e9lection pr\u00e9sidentielle de la R\u00e9publique de C\u00f4te d\u2019Ivoire.<br \/>\nLa Cedeao, l\u2019UA et les Nations Unies ont r\u00e9it\u00e9r\u00e9 leur \u00ab\u00a0ferme engagement \u00e0 accompagner le peuple de C\u00f4te d\u2019Ivoire dans cette phase cruciale de la consolidation \u00e0 sa cr\u00e9dibilit\u00e9\u00a0\u00bb, a assur\u00e9 le g\u00e9n\u00e9ral Francis Behanzin.<\/p>\n","protected":false},"excerpt":{"rendered":"<p>La mission conjointe de la Cedeao, de l\u2019Union africaine (UA) et de l\u2019Onu appelle les parties prenantes \u00e0 l\u2019\u00e9lection pr\u00e9sidentielle ivoirienne du 31 octobre 2020 \u00e0 un dialogue et \u00e0 s\u2019engager pour un scrutin cr\u00e9dible et inclusif dans un communiqu\u00e9, au terme de ses consultations. Le communiqu\u00e9 a \u00e9t\u00e9 lu, mercredi, par le g\u00e9n\u00e9ral Francis [&hellip;]<\/p>\n","protected":false},"author":2,"featured_media":1886,"comment_status":"open","ping_status":"open","sticky":true,"template":"","format":"standard","meta":{"_acf_changed":false,"footnotes":""},"categories":[],"tags":[],"class_list":["post-1885","post","type-post","status-publish","format-standard","has-post-thumbnail","hentry"],"acf":[],"yoast_head":"<!-- This site is optimized with the Yoast SEO plugin v27.5 - https:\/\/yoast.com\/product\/yoast-seo-wordpress\/ -->\n<title>\u00c9lections pr\u00e9sidentielles: La mission conjointe Onu- Union Africaine- Cedeao appelle au dialogue - Amanien| L&#039;actualit\u00e9 Ivoirienne et Internationale<\/title>\n<meta name=\"robots\" content=\"index, follow, max-snippet:-1, max-image-preview:large, max-video-preview:-1\" \/>\n<link rel=\"canonical\" href=\"https:\/\/www.amanien.info\/news\/elections-presidentielles-la-mission-conjointe-onu-union-africaine-cedeao-appelle-au-dialogue\/\" \/>\n<meta property=\"og:locale\" content=\"fr_FR\" \/>\n<meta property=\"og:type\" content=\"article\" \/>\n<meta property=\"og:title\" content=\"\u00c9lections pr\u00e9sidentielles: La mission conjointe Onu- Union Africaine- Cedeao appelle au dialogue - Amanien| L&#039;actualit\u00e9 Ivoirienne et Internationale\" \/>\n<meta property=\"og:description\" content=\"La mission conjointe de la Cedeao, de l\u2019Union africaine (UA) et de l\u2019Onu appelle les parties prenantes \u00e0 l\u2019\u00e9lection pr\u00e9sidentielle ivoirienne du 31 octobre 2020 \u00e0 un dialogue et \u00e0 s\u2019engager pour un scrutin cr\u00e9dible et inclusif dans un communiqu\u00e9, au terme de ses consultations. Le communiqu\u00e9 a \u00e9t\u00e9 lu, mercredi, par le g\u00e9n\u00e9ral Francis [&hellip;]\" \/>\n<meta property=\"og:url\" content=\"https:\/\/www.amanien.info\/news\/elections-presidentielles-la-mission-conjointe-onu-union-africaine-cedeao-appelle-au-dialogue\/\" \/>\n<meta property=\"og:site_name\" content=\"Amanien| L&#039;actualit\u00e9 Ivoirienne et Internationale\" \/>\n<meta property=\"article:published_time\" content=\"2020-10-08T08:37:32+00:00\" \/>\n<meta property=\"article:modified_time\" content=\"2020-10-08T08:37:52+00:00\" \/>\n<meta property=\"og:image\" content=\"https:\/\/www.amanien.info\/news\/wp-content\/uploads\/2020\/10\/thumbnail-2.png\" \/>\n\t<meta property=\"og:image:width\" content=\"720\" \/>\n\t<meta property=\"og:image:height\" content=\"491\" \/>\n\t<meta property=\"og:image:type\" content=\"image\/png\" \/>\n<meta name=\"author\" content=\"Germain Ndri\" \/>\n<meta name=\"twitter:card\" content=\"summary_large_image\" \/>\n<meta name=\"twitter:label1\" content=\"\u00c9crit par\" \/>\n\t<meta name=\"twitter:data1\" content=\"Germain Ndri\" \/>\n\t<meta name=\"twitter:label2\" content=\"Dur\u00e9e de lecture estim\u00e9e\" \/>\n\t<meta name=\"twitter:data2\" content=\"2 minutes\" \/>\n<script type=\"application\/ld+json\" class=\"yoast-schema-graph\">{\"@context\":\"https:\\\/\\\/schema.org\",\"@graph\":[{\"@type\":\"Article\",\"@id\":\"https:\\\/\\\/www.amanien.info\\\/news\\\/elections-presidentielles-la-mission-conjointe-onu-union-africaine-cedeao-appelle-au-dialogue\\\/#article\",\"isPartOf\":{\"@id\":\"https:\\\/\\\/www.amanien.info\\\/news\\\/elections-presidentielles-la-mission-conjointe-onu-union-africaine-cedeao-appelle-au-dialogue\\\/\"},\"author\":{\"name\":\"Germain Ndri\",\"@id\":\"https:\\\/\\\/www.amanien.info\\\/news\\\/#\\\/schema\\\/person\\\/b21093345753a1a98242d505bd894f42\"},\"headline\":\"\u00c9lections pr\u00e9sidentielles: La mission conjointe Onu- Union Africaine- Cedeao appelle au dialogue\",\"datePublished\":\"2020-10-08T08:37:32+00:00\",\"dateModified\":\"2020-10-08T08:37:52+00:00\",\"mainEntityOfPage\":{\"@id\":\"https:\\\/\\\/www.amanien.info\\\/news\\\/elections-presidentielles-la-mission-conjointe-onu-union-africaine-cedeao-appelle-au-dialogue\\\/\"},\"wordCount\":469,\"commentCount\":0,\"image\":{\"@id\":\"https:\\\/\\\/www.amanien.info\\\/news\\\/elections-presidentielles-la-mission-conjointe-onu-union-africaine-cedeao-appelle-au-dialogue\\\/#primaryimage\"},\"thumbnailUrl\":\"https:\\\/\\\/www.amanien.info\\\/news\\\/wp-content\\\/uploads\\\/2020\\\/10\\\/thumbnail-2.png\",\"inLanguage\":\"fr-FR\"},{\"@type\":\"WebPage\",\"@id\":\"https:\\\/\\\/www.amanien.info\\\/news\\\/elections-presidentielles-la-mission-conjointe-onu-union-africaine-cedeao-appelle-au-dialogue\\\/\",\"url\":\"https:\\\/\\\/www.amanien.info\\\/news\\\/elections-presidentielles-la-mission-conjointe-onu-union-africaine-cedeao-appelle-au-dialogue\\\/\",\"name\":\"\u00c9lections pr\u00e9sidentielles: La mission conjointe Onu- Union Africaine- Cedeao appelle au dialogue - Amanien| L&#039;actualit\u00e9 Ivoirienne et Internationale\",\"isPartOf\":{\"@id\":\"https:\\\/\\\/www.amanien.info\\\/news\\\/#website\"},\"primaryImageOfPage\":{\"@id\":\"https:\\\/\\\/www.amanien.info\\\/news\\\/elections-presidentielles-la-mission-conjointe-onu-union-africaine-cedeao-appelle-au-dialogue\\\/#primaryimage\"},\"image\":{\"@id\":\"https:\\\/\\\/www.amanien.info\\\/news\\\/elections-presidentielles-la-mission-conjointe-onu-union-africaine-cedeao-appelle-au-dialogue\\\/#primaryimage\"},\"thumbnailUrl\":\"https:\\\/\\\/www.amanien.info\\\/news\\\/wp-content\\\/uploads\\\/2020\\\/10\\\/thumbnail-2.png\",\"datePublished\":\"2020-10-08T08:37:32+00:00\",\"dateModified\":\"2020-10-08T08:37:52+00:00\",\"author\":{\"@id\":\"https:\\\/\\\/www.amanien.info\\\/news\\\/#\\\/schema\\\/person\\\/b21093345753a1a98242d505bd894f42\"},\"breadcrumb\":{\"@id\":\"https:\\\/\\\/www.amanien.info\\\/news\\\/elections-presidentielles-la-mission-conjointe-onu-union-africaine-cedeao-appelle-au-dialogue\\\/#breadcrumb\"},\"inLanguage\":\"fr-FR\",\"potentialAction\":[{\"@type\":\"ReadAction\",\"target\":[\"https:\\\/\\\/www.amanien.info\\\/news\\\/elections-presidentielles-la-mission-conjointe-onu-union-africaine-cedeao-appelle-au-dialogue\\\/\"]}]},{\"@type\":\"ImageObject\",\"inLanguage\":\"fr-FR\",\"@id\":\"https:\\\/\\\/www.amanien.info\\\/news\\\/elections-presidentielles-la-mission-conjointe-onu-union-africaine-cedeao-appelle-au-dialogue\\\/#primaryimage\",\"url\":\"https:\\\/\\\/www.amanien.info\\\/news\\\/wp-content\\\/uploads\\\/2020\\\/10\\\/thumbnail-2.png\",\"contentUrl\":\"https:\\\/\\\/www.amanien.info\\\/news\\\/wp-content\\\/uploads\\\/2020\\\/10\\\/thumbnail-2.png\",\"width\":720,\"height\":491},{\"@type\":\"BreadcrumbList\",\"@id\":\"https:\\\/\\\/www.amanien.info\\\/news\\\/elections-presidentielles-la-mission-conjointe-onu-union-africaine-cedeao-appelle-au-dialogue\\\/#breadcrumb\",\"itemListElement\":[{\"@type\":\"ListItem\",\"position\":1,\"name\":\"Accueil\",\"item\":\"https:\\\/\\\/www.amanien.info\\\/news\\\/\"},{\"@type\":\"ListItem\",\"position\":2,\"name\":\"\u00c9lections pr\u00e9sidentielles: La mission conjointe Onu- Union Africaine- Cedeao appelle au dialogue\"}]},{\"@type\":\"WebSite\",\"@id\":\"https:\\\/\\\/www.amanien.info\\\/news\\\/#website\",\"url\":\"https:\\\/\\\/www.amanien.info\\\/news\\\/\",\"name\":\"Amanien| L&#039;actualit\u00e9 Ivoirienne et Internationale\",\"description\":\"L&#039;actualit\u00e9 Ivoirienne et Internationale\",\"potentialAction\":[{\"@type\":\"SearchAction\",\"target\":{\"@type\":\"EntryPoint\",\"urlTemplate\":\"https:\\\/\\\/www.amanien.info\\\/news\\\/?s={search_term_string}\"},\"query-input\":{\"@type\":\"PropertyValueSpecification\",\"valueRequired\":true,\"valueName\":\"search_term_string\"}}],\"inLanguage\":\"fr-FR\"},{\"@type\":\"Person\",\"@id\":\"https:\\\/\\\/www.amanien.info\\\/news\\\/#\\\/schema\\\/person\\\/b21093345753a1a98242d505bd894f42\",\"name\":\"Germain Ndri\",\"url\":\"https:\\\/\\\/www.amanien.info\\\/news\\\/author\\\/amanien-infos\\\/\"}]}<\/script>\n<!-- \/ Yoast SEO plugin. -->","yoast_head_json":{"title":"\u00c9lections pr\u00e9sidentielles: La mission conjointe Onu- Union Africaine- Cedeao appelle au dialogue - Amanien| L&#039;actualit\u00e9 Ivoirienne et Internationale","robots":{"index":"index","follow":"follow","max-snippet":"max-snippet:-1","max-image-preview":"max-image-preview:large","max-video-preview":"max-video-preview:-1"},"canonical":"https:\/\/www.amanien.info\/news\/elections-presidentielles-la-mission-conjointe-onu-union-africaine-cedeao-appelle-au-dialogue\/","og_locale":"fr_FR","og_type":"article","og_title":"\u00c9lections pr\u00e9sidentielles: La mission conjointe Onu- Union Africaine- Cedeao appelle au dialogue - Amanien| L&#039;actualit\u00e9 Ivoirienne et Internationale","og_description":"La mission conjointe de la Cedeao, de l\u2019Union africaine (UA) et de l\u2019Onu appelle les parties prenantes \u00e0 l\u2019\u00e9lection pr\u00e9sidentielle ivoirienne du 31 octobre 2020 \u00e0 un dialogue et \u00e0 s\u2019engager pour un scrutin cr\u00e9dible et inclusif dans un communiqu\u00e9, au terme de ses consultations. Le communiqu\u00e9 a \u00e9t\u00e9 lu, mercredi, par le g\u00e9n\u00e9ral Francis [&hellip;]","og_url":"https:\/\/www.amanien.info\/news\/elections-presidentielles-la-mission-conjointe-onu-union-africaine-cedeao-appelle-au-dialogue\/","og_site_name":"Amanien| L&#039;actualit\u00e9 Ivoirienne et Internationale","article_published_time":"2020-10-08T08:37:32+00:00","article_modified_time":"2020-10-08T08:37:52+00:00","og_image":[{"width":720,"height":491,"url":"https:\/\/www.amanien.info\/news\/wp-content\/uploads\/2020\/10\/thumbnail-2.png","type":"image\/png"}],"author":"Germain Ndri","twitter_card":"summary_large_image","twitter_misc":{"\u00c9crit par":"Germain Ndri","Dur\u00e9e de lecture estim\u00e9e":"2 minutes"},"schema":{"@context":"https:\/\/schema.org","@graph":[{"@type":"Article","@id":"https:\/\/www.amanien.info\/news\/elections-presidentielles-la-mission-conjointe-onu-union-africaine-cedeao-appelle-au-dialogue\/#article","isPartOf":{"@id":"https:\/\/www.amanien.info\/news\/elections-presidentielles-la-mission-conjointe-onu-union-africaine-cedeao-appelle-au-dialogue\/"},"author":{"name":"Germain Ndri","@id":"https:\/\/www.amanien.info\/news\/#\/schema\/person\/b21093345753a1a98242d505bd894f42"},"headline":"\u00c9lections pr\u00e9sidentielles: La mission conjointe Onu- Union Africaine- Cedeao appelle au dialogue","datePublished":"2020-10-08T08:37:32+00:00","dateModified":"2020-10-08T08:37:52+00:00","mainEntityOfPage":{"@id":"https:\/\/www.amanien.info\/news\/elections-presidentielles-la-mission-conjointe-onu-union-africaine-cedeao-appelle-au-dialogue\/"},"wordCount":469,"commentCount":0,"image":{"@id":"https:\/\/www.amanien.info\/news\/elections-presidentielles-la-mission-conjointe-onu-union-africaine-cedeao-appelle-au-dialogue\/#primaryimage"},"thumbnailUrl":"https:\/\/www.amanien.info\/news\/wp-content\/uploads\/2020\/10\/thumbnail-2.png","inLanguage":"fr-FR"},{"@type":"WebPage","@id":"https:\/\/www.amanien.info\/news\/elections-presidentielles-la-mission-conjointe-onu-union-africaine-cedeao-appelle-au-dialogue\/","url":"https:\/\/www.amanien.info\/news\/elections-presidentielles-la-mission-conjointe-onu-union-africaine-cedeao-appelle-au-dialogue\/","name":"\u00c9lections pr\u00e9sidentielles: La mission conjointe Onu- Union Africaine- Cedeao appelle au dialogue - Amanien| L&#039;actualit\u00e9 Ivoirienne et Internationale","isPartOf":{"@id":"https:\/\/www.amanien.info\/news\/#website"},"primaryImageOfPage":{"@id":"https:\/\/www.amanien.info\/news\/elections-presidentielles-la-mission-conjointe-onu-union-africaine-cedeao-appelle-au-dialogue\/#primaryimage"},"image":{"@id":"https:\/\/www.amanien.info\/news\/elections-presidentielles-la-mission-conjointe-onu-union-africaine-cedeao-appelle-au-dialogue\/#primaryimage"},"thumbnailUrl":"https:\/\/www.amanien.info\/news\/wp-content\/uploads\/2020\/10\/thumbnail-2.png","datePublished":"2020-10-08T08:37:32+00:00","dateModified":"2020-10-08T08:37:52+00:00","author":{"@id":"https:\/\/www.amanien.info\/news\/#\/schema\/person\/b21093345753a1a98242d505bd894f42"},"breadcrumb":{"@id":"https:\/\/www.amanien.info\/news\/elections-presidentielles-la-mission-conjointe-onu-union-africaine-cedeao-appelle-au-dialogue\/#breadcrumb"},"inLanguage":"fr-FR","potentialAction":[{"@type":"ReadAction","target":["https:\/\/www.amanien.info\/news\/elections-presidentielles-la-mission-conjointe-onu-union-africaine-cedeao-appelle-au-dialogue\/"]}]},{"@type":"ImageObject","inLanguage":"fr-FR","@id":"https:\/\/www.amanien.info\/news\/elections-presidentielles-la-mission-conjointe-onu-union-africaine-cedeao-appelle-au-dialogue\/#primaryimage","url":"https:\/\/www.amanien.info\/news\/wp-content\/uploads\/2020\/10\/thumbnail-2.png","contentUrl":"https:\/\/www.amanien.info\/news\/wp-content\/uploads\/2020\/10\/thumbnail-2.png","width":720,"height":491},{"@type":"BreadcrumbList","@id":"https:\/\/www.amanien.info\/news\/elections-presidentielles-la-mission-conjointe-onu-union-africaine-cedeao-appelle-au-dialogue\/#breadcrumb","itemListElement":[{"@type":"ListItem","position":1,"name":"Accueil","item":"https:\/\/www.amanien.info\/news\/"},{"@type":"ListItem","position":2,"name":"\u00c9lections pr\u00e9sidentielles: La mission conjointe Onu- Union Africaine- Cedeao appelle au dialogue"}]},{"@type":"WebSite","@id":"https:\/\/www.amanien.info\/news\/#website","url":"https:\/\/www.amanien.info\/news\/","name":"Amanien| L&#039;actualit\u00e9 Ivoirienne et Internationale","description":"L&#039;actualit\u00e9 Ivoirienne et Internationale","potentialAction":[{"@type":"SearchAction","target":{"@type":"EntryPoint","urlTemplate":"https:\/\/www.amanien.info\/news\/?s={search_term_string}"},"query-input":{"@type":"PropertyValueSpecification","valueRequired":true,"valueName":"search_term_string"}}],"inLanguage":"fr-FR"},{"@type":"Person","@id":"https:\/\/www.amanien.info\/news\/#\/schema\/person\/b21093345753a1a98242d505bd894f42","name":"Germain Ndri","url":"https:\/\/www.amanien.info\/news\/author\/amanien-infos\/"}]}},"_links":{"self":[{"href":"https:\/\/www.amanien.info\/news\/wp-json\/wp\/v2\/posts\/1885","targetHints":{"allow":["GET"]}}],"collection":[{"href":"https:\/\/www.amanien.info\/news\/wp-json\/wp\/v2\/posts"}],"about":[{"href":"https:\/\/www.amanien.info\/news\/wp-json\/wp\/v2\/types\/post"}],"author":[{"embeddable":true,"href":"https:\/\/www.amanien.info\/news\/wp-json\/wp\/v2\/users\/2"}],"replies":[{"embeddable":true,"href":"https:\/\/www.amanien.info\/news\/wp-json\/wp\/v2\/comments?post=1885"}],"version-history":[{"count":0,"href":"https:\/\/www.amanien.info\/news\/wp-json\/wp\/v2\/posts\/1885\/revisions"}],"wp:featuredmedia":[{"embeddable":true,"href":"https:\/\/www.amanien.info\/news\/wp-json\/wp\/v2\/media\/1886"}],"wp:attachment":[{"href":"https:\/\/www.amanien.info\/news\/wp-json\/wp\/v2\/media?parent=1885"}],"wp:term":[{"taxonomy":"category","embeddable":true,"href":"https:\/\/www.amanien.info\/news\/wp-json\/wp\/v2\/categories?post=1885"},{"taxonomy":"post_tag","embeddable":true,"href":"https:\/\/www.amanien.info\/news\/wp-json\/wp\/v2\/tags?post=1885"}],"curies":[{"name":"wp","href":"https:\/\/api.w.org\/{rel}","templated":true}]}}