{"id":1876,"date":"2020-10-08T10:27:05","date_gmt":"2020-10-08T08:27:05","guid":{"rendered":"http:\/\/https:\/\/zozo.buyee.jp\/\/news\/?p=1876"},"modified":"2020-10-08T10:27:27","modified_gmt":"2020-10-08T08:27:27","slug":"mali-la-cedeao-leve-les-sanctions","status":"publish","type":"post","link":"https:\/\/www.amanien.info\/news\/mali-la-cedeao-leve-les-sanctions\/","title":{"rendered":"Mali: La Cedeao l\u00e8ve les sanctions"},"content":{"rendered":"<p>A la suite du coup d&rsquo;\u00e9tat militaire au Mali, le 18 Ao\u00fbt 2020, les chefs d&rsquo;Etat et de gouvernement de la Communaut\u00e9 Economique des Etats de l&rsquo;Afrique de l&rsquo;Ouest (CEDEAO) avaient d\u00e9cid\u00e9 de prendre des sanctions contre le Mali.<\/p>\n<p>Depuis ce jour, les choses ont beaucoup \u00e9volu\u00e9 \u00e0 Bamako conform\u00e9ment aux exigences de l&rsquo;institution sous r\u00e9gionale. Le dernier acte pos\u00e9 par Bamako est la nomination depuis hier des membres du gouvernement de la transition.<\/p>\n<p>Compte de tous ces efforts pour une bonne marche de la transition, les chefs d&rsquo;Etat et de gouvernement de la CEDEAO d\u00e9cident enfin de lever les sanctions sur le Mali.<\/p>\n","protected":false},"excerpt":{"rendered":"<p>A la suite du coup d&rsquo;\u00e9tat militaire au Mali, le 18 Ao\u00fbt 2020, les chefs d&rsquo;Etat et de gouvernement de la Communaut\u00e9 Economique des Etats de l&rsquo;Afrique de l&rsquo;Ouest (CEDEAO) avaient d\u00e9cid\u00e9 de prendre des sanctions contre le Mali. Depuis ce jour, les choses ont beaucoup \u00e9volu\u00e9 \u00e0 Bamako conform\u00e9ment aux exigences de l&rsquo;institution sous [&hellip;]<\/p>\n","protected":false},"author":2,"featured_media":1877,"comment_status":"open","ping_status":"open","sticky":true,"template":"","format":"standard","meta":{"_acf_changed":false,"footnotes":""},"categories":[],"tags":[],"class_list":["post-1876","post","type-post","status-publish","format-standard","has-post-thumbnail","hentry"],"acf":[],"yoast_head":"<!-- This site is optimized with the Yoast SEO plugin v27.5 - https:\/\/yoast.com\/product\/yoast-seo-wordpress\/ -->\n<title>Mali: La Cedeao l\u00e8ve les sanctions - Amanien| L&#039;actualit\u00e9 Ivoirienne et Internationale<\/title>\n<meta name=\"robots\" content=\"index, follow, max-snippet:-1, max-image-preview:large, max-video-preview:-1\" \/>\n<link rel=\"canonical\" href=\"https:\/\/www.amanien.info\/news\/mali-la-cedeao-leve-les-sanctions\/\" \/>\n<meta property=\"og:locale\" content=\"fr_FR\" \/>\n<meta property=\"og:type\" content=\"article\" \/>\n<meta property=\"og:title\" content=\"Mali: La Cedeao l\u00e8ve les sanctions - Amanien| L&#039;actualit\u00e9 Ivoirienne et Internationale\" \/>\n<meta property=\"og:description\" content=\"A la suite du coup d&rsquo;\u00e9tat militaire au Mali, le 18 Ao\u00fbt 2020, les chefs d&rsquo;Etat et de gouvernement de la Communaut\u00e9 Economique des Etats de l&rsquo;Afrique de l&rsquo;Ouest (CEDEAO) avaient d\u00e9cid\u00e9 de prendre des sanctions contre le Mali. Depuis ce jour, les choses ont beaucoup \u00e9volu\u00e9 \u00e0 Bamako conform\u00e9ment aux exigences de l&rsquo;institution sous [&hellip;]\" \/>\n<meta property=\"og:url\" content=\"https:\/\/www.amanien.info\/news\/mali-la-cedeao-leve-les-sanctions\/\" \/>\n<meta property=\"og:site_name\" content=\"Amanien| L&#039;actualit\u00e9 Ivoirienne et Internationale\" \/>\n<meta property=\"article:published_time\" content=\"2020-10-08T08:27:05+00:00\" \/>\n<meta property=\"article:modified_time\" content=\"2020-10-08T08:27:27+00:00\" \/>\n<meta property=\"og:image\" content=\"https:\/\/www.amanien.info\/news\/wp-content\/uploads\/2020\/10\/index.jpg\" \/>\n\t<meta property=\"og:image:width\" content=\"300\" \/>\n\t<meta property=\"og:image:height\" content=\"168\" \/>\n\t<meta property=\"og:image:type\" content=\"image\/jpeg\" \/>\n<meta name=\"author\" content=\"Germain Ndri\" \/>\n<meta name=\"twitter:card\" content=\"summary_large_image\" \/>\n<meta name=\"twitter:label1\" content=\"\u00c9crit par\" \/>\n\t<meta name=\"twitter:data1\" content=\"Germain Ndri\" \/>\n\t<meta name=\"twitter:label2\" content=\"Dur\u00e9e de lecture estim\u00e9e\" \/>\n\t<meta name=\"twitter:data2\" content=\"1 minute\" \/>\n<script type=\"application\/ld+json\" class=\"yoast-schema-graph\">{\"@context\":\"https:\\\/\\\/schema.org\",\"@graph\":[{\"@type\":\"Article\",\"@id\":\"https:\\\/\\\/www.amanien.info\\\/news\\\/mali-la-cedeao-leve-les-sanctions\\\/#article\",\"isPartOf\":{\"@id\":\"https:\\\/\\\/www.amanien.info\\\/news\\\/mali-la-cedeao-leve-les-sanctions\\\/\"},\"author\":{\"name\":\"Germain Ndri\",\"@id\":\"https:\\\/\\\/www.amanien.info\\\/news\\\/#\\\/schema\\\/person\\\/b21093345753a1a98242d505bd894f42\"},\"headline\":\"Mali: La Cedeao l\u00e8ve les sanctions\",\"datePublished\":\"2020-10-08T08:27:05+00:00\",\"dateModified\":\"2020-10-08T08:27:27+00:00\",\"mainEntityOfPage\":{\"@id\":\"https:\\\/\\\/www.amanien.info\\\/news\\\/mali-la-cedeao-leve-les-sanctions\\\/\"},\"wordCount\":119,\"commentCount\":0,\"image\":{\"@id\":\"https:\\\/\\\/www.amanien.info\\\/news\\\/mali-la-cedeao-leve-les-sanctions\\\/#primaryimage\"},\"thumbnailUrl\":\"https:\\\/\\\/www.amanien.info\\\/news\\\/wp-content\\\/uploads\\\/2020\\\/10\\\/index.jpg\",\"inLanguage\":\"fr-FR\"},{\"@type\":\"WebPage\",\"@id\":\"https:\\\/\\\/www.amanien.info\\\/news\\\/mali-la-cedeao-leve-les-sanctions\\\/\",\"url\":\"https:\\\/\\\/www.amanien.info\\\/news\\\/mali-la-cedeao-leve-les-sanctions\\\/\",\"name\":\"Mali: La Cedeao l\u00e8ve les sanctions - Amanien| L&#039;actualit\u00e9 Ivoirienne et Internationale\",\"isPartOf\":{\"@id\":\"https:\\\/\\\/www.amanien.info\\\/news\\\/#website\"},\"primaryImageOfPage\":{\"@id\":\"https:\\\/\\\/www.amanien.info\\\/news\\\/mali-la-cedeao-leve-les-sanctions\\\/#primaryimage\"},\"image\":{\"@id\":\"https:\\\/\\\/www.amanien.info\\\/news\\\/mali-la-cedeao-leve-les-sanctions\\\/#primaryimage\"},\"thumbnailUrl\":\"https:\\\/\\\/www.amanien.info\\\/news\\\/wp-content\\\/uploads\\\/2020\\\/10\\\/index.jpg\",\"datePublished\":\"2020-10-08T08:27:05+00:00\",\"dateModified\":\"2020-10-08T08:27:27+00:00\",\"author\":{\"@id\":\"https:\\\/\\\/www.amanien.info\\\/news\\\/#\\\/schema\\\/person\\\/b21093345753a1a98242d505bd894f42\"},\"breadcrumb\":{\"@id\":\"https:\\\/\\\/www.amanien.info\\\/news\\\/mali-la-cedeao-leve-les-sanctions\\\/#breadcrumb\"},\"inLanguage\":\"fr-FR\",\"potentialAction\":[{\"@type\":\"ReadAction\",\"target\":[\"https:\\\/\\\/www.amanien.info\\\/news\\\/mali-la-cedeao-leve-les-sanctions\\\/\"]}]},{\"@type\":\"ImageObject\",\"inLanguage\":\"fr-FR\",\"@id\":\"https:\\\/\\\/www.amanien.info\\\/news\\\/mali-la-cedeao-leve-les-sanctions\\\/#primaryimage\",\"url\":\"https:\\\/\\\/www.amanien.info\\\/news\\\/wp-content\\\/uploads\\\/2020\\\/10\\\/index.jpg\",\"contentUrl\":\"https:\\\/\\\/www.amanien.info\\\/news\\\/wp-content\\\/uploads\\\/2020\\\/10\\\/index.jpg\",\"width\":300,\"height\":168},{\"@type\":\"BreadcrumbList\",\"@id\":\"https:\\\/\\\/www.amanien.info\\\/news\\\/mali-la-cedeao-leve-les-sanctions\\\/#breadcrumb\",\"itemListElement\":[{\"@type\":\"ListItem\",\"position\":1,\"name\":\"Accueil\",\"item\":\"https:\\\/\\\/www.amanien.info\\\/news\\\/\"},{\"@type\":\"ListItem\",\"position\":2,\"name\":\"Mali: La Cedeao l\u00e8ve les sanctions\"}]},{\"@type\":\"WebSite\",\"@id\":\"https:\\\/\\\/www.amanien.info\\\/news\\\/#website\",\"url\":\"https:\\\/\\\/www.amanien.info\\\/news\\\/\",\"name\":\"Amanien| L&#039;actualit\u00e9 Ivoirienne et Internationale\",\"description\":\"L&#039;actualit\u00e9 Ivoirienne et Internationale\",\"potentialAction\":[{\"@type\":\"SearchAction\",\"target\":{\"@type\":\"EntryPoint\",\"urlTemplate\":\"https:\\\/\\\/www.amanien.info\\\/news\\\/?s={search_term_string}\"},\"query-input\":{\"@type\":\"PropertyValueSpecification\",\"valueRequired\":true,\"valueName\":\"search_term_string\"}}],\"inLanguage\":\"fr-FR\"},{\"@type\":\"Person\",\"@id\":\"https:\\\/\\\/www.amanien.info\\\/news\\\/#\\\/schema\\\/person\\\/b21093345753a1a98242d505bd894f42\",\"name\":\"Germain Ndri\",\"url\":\"https:\\\/\\\/www.amanien.info\\\/news\\\/author\\\/amanien-infos\\\/\"}]}<\/script>\n<!-- \/ Yoast SEO plugin. -->","yoast_head_json":{"title":"Mali: La Cedeao l\u00e8ve les sanctions - Amanien| L&#039;actualit\u00e9 Ivoirienne et Internationale","robots":{"index":"index","follow":"follow","max-snippet":"max-snippet:-1","max-image-preview":"max-image-preview:large","max-video-preview":"max-video-preview:-1"},"canonical":"https:\/\/www.amanien.info\/news\/mali-la-cedeao-leve-les-sanctions\/","og_locale":"fr_FR","og_type":"article","og_title":"Mali: La Cedeao l\u00e8ve les sanctions - Amanien| L&#039;actualit\u00e9 Ivoirienne et Internationale","og_description":"A la suite du coup d&rsquo;\u00e9tat militaire au Mali, le 18 Ao\u00fbt 2020, les chefs d&rsquo;Etat et de gouvernement de la Communaut\u00e9 Economique des Etats de l&rsquo;Afrique de l&rsquo;Ouest (CEDEAO) avaient d\u00e9cid\u00e9 de prendre des sanctions contre le Mali. Depuis ce jour, les choses ont beaucoup \u00e9volu\u00e9 \u00e0 Bamako conform\u00e9ment aux exigences de l&rsquo;institution sous [&hellip;]","og_url":"https:\/\/www.amanien.info\/news\/mali-la-cedeao-leve-les-sanctions\/","og_site_name":"Amanien| L&#039;actualit\u00e9 Ivoirienne et Internationale","article_published_time":"2020-10-08T08:27:05+00:00","article_modified_time":"2020-10-08T08:27:27+00:00","og_image":[{"width":300,"height":168,"url":"https:\/\/www.amanien.info\/news\/wp-content\/uploads\/2020\/10\/index.jpg","type":"image\/jpeg"}],"author":"Germain Ndri","twitter_card":"summary_large_image","twitter_misc":{"\u00c9crit par":"Germain Ndri","Dur\u00e9e de lecture estim\u00e9e":"1 minute"},"schema":{"@context":"https:\/\/schema.org","@graph":[{"@type":"Article","@id":"https:\/\/www.amanien.info\/news\/mali-la-cedeao-leve-les-sanctions\/#article","isPartOf":{"@id":"https:\/\/www.amanien.info\/news\/mali-la-cedeao-leve-les-sanctions\/"},"author":{"name":"Germain Ndri","@id":"https:\/\/www.amanien.info\/news\/#\/schema\/person\/b21093345753a1a98242d505bd894f42"},"headline":"Mali: La Cedeao l\u00e8ve les sanctions","datePublished":"2020-10-08T08:27:05+00:00","dateModified":"2020-10-08T08:27:27+00:00","mainEntityOfPage":{"@id":"https:\/\/www.amanien.info\/news\/mali-la-cedeao-leve-les-sanctions\/"},"wordCount":119,"commentCount":0,"image":{"@id":"https:\/\/www.amanien.info\/news\/mali-la-cedeao-leve-les-sanctions\/#primaryimage"},"thumbnailUrl":"https:\/\/www.amanien.info\/news\/wp-content\/uploads\/2020\/10\/index.jpg","inLanguage":"fr-FR"},{"@type":"WebPage","@id":"https:\/\/www.amanien.info\/news\/mali-la-cedeao-leve-les-sanctions\/","url":"https:\/\/www.amanien.info\/news\/mali-la-cedeao-leve-les-sanctions\/","name":"Mali: La Cedeao l\u00e8ve les sanctions - Amanien| L&#039;actualit\u00e9 Ivoirienne et Internationale","isPartOf":{"@id":"https:\/\/www.amanien.info\/news\/#website"},"primaryImageOfPage":{"@id":"https:\/\/www.amanien.info\/news\/mali-la-cedeao-leve-les-sanctions\/#primaryimage"},"image":{"@id":"https:\/\/www.amanien.info\/news\/mali-la-cedeao-leve-les-sanctions\/#primaryimage"},"thumbnailUrl":"https:\/\/www.amanien.info\/news\/wp-content\/uploads\/2020\/10\/index.jpg","datePublished":"2020-10-08T08:27:05+00:00","dateModified":"2020-10-08T08:27:27+00:00","author":{"@id":"https:\/\/www.amanien.info\/news\/#\/schema\/person\/b21093345753a1a98242d505bd894f42"},"breadcrumb":{"@id":"https:\/\/www.amanien.info\/news\/mali-la-cedeao-leve-les-sanctions\/#breadcrumb"},"inLanguage":"fr-FR","potentialAction":[{"@type":"ReadAction","target":["https:\/\/www.amanien.info\/news\/mali-la-cedeao-leve-les-sanctions\/"]}]},{"@type":"ImageObject","inLanguage":"fr-FR","@id":"https:\/\/www.amanien.info\/news\/mali-la-cedeao-leve-les-sanctions\/#primaryimage","url":"https:\/\/www.amanien.info\/news\/wp-content\/uploads\/2020\/10\/index.jpg","contentUrl":"https:\/\/www.amanien.info\/news\/wp-content\/uploads\/2020\/10\/index.jpg","width":300,"height":168},{"@type":"BreadcrumbList","@id":"https:\/\/www.amanien.info\/news\/mali-la-cedeao-leve-les-sanctions\/#breadcrumb","itemListElement":[{"@type":"ListItem","position":1,"name":"Accueil","item":"https:\/\/www.amanien.info\/news\/"},{"@type":"ListItem","position":2,"name":"Mali: La Cedeao l\u00e8ve les sanctions"}]},{"@type":"WebSite","@id":"https:\/\/www.amanien.info\/news\/#website","url":"https:\/\/www.amanien.info\/news\/","name":"Amanien| L&#039;actualit\u00e9 Ivoirienne et Internationale","description":"L&#039;actualit\u00e9 Ivoirienne et Internationale","potentialAction":[{"@type":"SearchAction","target":{"@type":"EntryPoint","urlTemplate":"https:\/\/www.amanien.info\/news\/?s={search_term_string}"},"query-input":{"@type":"PropertyValueSpecification","valueRequired":true,"valueName":"search_term_string"}}],"inLanguage":"fr-FR"},{"@type":"Person","@id":"https:\/\/www.amanien.info\/news\/#\/schema\/person\/b21093345753a1a98242d505bd894f42","name":"Germain Ndri","url":"https:\/\/www.amanien.info\/news\/author\/amanien-infos\/"}]}},"_links":{"self":[{"href":"https:\/\/www.amanien.info\/news\/wp-json\/wp\/v2\/posts\/1876","targetHints":{"allow":["GET"]}}],"collection":[{"href":"https:\/\/www.amanien.info\/news\/wp-json\/wp\/v2\/posts"}],"about":[{"href":"https:\/\/www.amanien.info\/news\/wp-json\/wp\/v2\/types\/post"}],"author":[{"embeddable":true,"href":"https:\/\/www.amanien.info\/news\/wp-json\/wp\/v2\/users\/2"}],"replies":[{"embeddable":true,"href":"https:\/\/www.amanien.info\/news\/wp-json\/wp\/v2\/comments?post=1876"}],"version-history":[{"count":0,"href":"https:\/\/www.amanien.info\/news\/wp-json\/wp\/v2\/posts\/1876\/revisions"}],"wp:featuredmedia":[{"embeddable":true,"href":"https:\/\/www.amanien.info\/news\/wp-json\/wp\/v2\/media\/1877"}],"wp:attachment":[{"href":"https:\/\/www.amanien.info\/news\/wp-json\/wp\/v2\/media?parent=1876"}],"wp:term":[{"taxonomy":"category","embeddable":true,"href":"https:\/\/www.amanien.info\/news\/wp-json\/wp\/v2\/categories?post=1876"},{"taxonomy":"post_tag","embeddable":true,"href":"https:\/\/www.amanien.info\/news\/wp-json\/wp\/v2\/tags?post=1876"}],"curies":[{"name":"wp","href":"https:\/\/api.w.org\/{rel}","templated":true}]}}