{"id":1873,"date":"2020-10-06T08:19:26","date_gmt":"2020-10-06T06:19:26","guid":{"rendered":"http:\/\/https:\/\/zozo.buyee.jp\/\/news\/?p=1873"},"modified":"2020-10-06T08:19:52","modified_gmt":"2020-10-06T06:19:52","slug":"mission-conjointe-onu-union-africaine-cedeao-pour-une-election-presidentielle-credible-inclusive-et-pacifique","status":"publish","type":"post","link":"https:\/\/www.amanien.info\/news\/mission-conjointe-onu-union-africaine-cedeao-pour-une-election-presidentielle-credible-inclusive-et-pacifique\/","title":{"rendered":"Mission conjointe Onu- Union Africaine- Cedeao: Pour une \u00e9lection pr\u00e9sidentielle cr\u00e9dible, inclusive et pacifique"},"content":{"rendered":"<div class=\"I_52qC D_FY W_6D6F\" data-test-id=\"message-view-body\">\n<div class=\"msg-body P_wpofO mq_AS\" data-test-id=\"message-view-body-content\">\n<div class=\"jb_0 X_6MGW N_6Fd5\">\n<div>\n<div id=\"yiv6335760695\">\n<div>Au sortir d\u2019une rencontre avec le Premier Ministre ivoirien, Hamed Bakayoko, le 5 octobre 2020 \u00e0 Abidjan, une mission conjointe Organisation des Nations Unies (ONU)-Union Africaine (UA)- Communaut\u00e9 Economique des Etats de l&rsquo;Afrique de l&rsquo;Ouest (CEDEAO) a demand\u00e9 aux acteurs politiques ivoiriens de recourir aux moyens pacifiques et l\u00e9gaux pour r\u00e9soudre tout diff\u00e9rend qui pourrait survenir.<\/p>\n<div>\nDans son intervention, la cheffe de la d\u00e9l\u00e9gation, la ministre ghan\u00e9enne des Affaires Etrang\u00e8res, Shirley Botchway, a invit\u00e9 les acteurs politiques \u00e0 privil\u00e9gier le recours aux moyens pacifiques et l\u00e9gaux pour r\u00e9soudre tout diff\u00e9rend qui pourrait survenir le long du processus \u00e9lectoral. La mission a \u00e9galement appel\u00e9 \u00e0 la retenue, en \u00e9vitant la violence, les propos incendiaires et les appels \u00e0 la haine.<\/p>\n<p>Botchway a assur\u00e9 le Premier Ministre Hamed Bakayoko de l\u2019engagement de la communaut\u00e9 internationale \u00e0 accompagner la C\u00f4te d\u2019Ivoire, de sorte \u00e0 avoir une \u00e9lection pr\u00e9sidentielle paisible, inclusive et cr\u00e9dible. Elle a demand\u00e9 au Chef du gouvernement de poursuivre ses discussions avec tous les acteurs, notamment les candidats \u00e0 l\u2019\u00e9lection, afin de favoriser un climat \u00e9lectoral paisible.<br \/>\nAvant de se rendre \u00e0 la primature, la mission conjointe a \u00e9t\u00e9 re\u00e7ue par le chef de l&rsquo;\u00c9tat Alassane Ouattara.<\/p><\/div>\n<\/div>\n<\/div>\n<\/div>\n<\/div>\n<\/div>\n<div class=\"jb_0 X_6MGW N_6Fd5\"><\/div>\n<\/div>\n<div class=\"H_7jIs D_F ab_C Q_69H5 E_36RhU\" data-test-id=\"toolbar-hover-area\">\n<div class=\"D_F W_6D6F r_BN gl_C\" data-test-id=\"card-toolbar\">\n<div class=\"D_F ab_C en_0 b_Z14vXdP e_3mS2U I_52qC P_Z1otBpf\">\n<ul class=\"hd_n P_0 H_6D6F M_0 ir3_0 iy_h D_F ab_C\" tabindex=\"0\" role=\"menubar\" data-test-id=\"navigable-list\">\n<li class=\"G_e p_R\" role=\"menuitem\"><\/li>\n<\/ul>\n<\/div>\n<\/div>\n<\/div>\n<p>&nbsp;<\/p>\n<ul>\n<li class=\"G_e p_R\" role=\"menuitem\"><\/li>\n<li class=\"G_e p_R\" role=\"menuitem\"><\/li>\n<li class=\"G_e p_R\" role=\"menuitem\"><\/li>\n<\/ul>\n<p>&nbsp;<\/p>\n","protected":false},"excerpt":{"rendered":"<p>Au sortir d\u2019une rencontre avec le Premier Ministre ivoirien, Hamed Bakayoko, le 5 octobre 2020 \u00e0 Abidjan, une mission conjointe Organisation des Nations Unies (ONU)-Union Africaine (UA)- Communaut\u00e9 Economique des Etats de l&rsquo;Afrique de l&rsquo;Ouest (CEDEAO) a demand\u00e9 aux acteurs politiques ivoiriens de recourir aux moyens pacifiques et l\u00e9gaux pour r\u00e9soudre tout diff\u00e9rend qui pourrait [&hellip;]<\/p>\n","protected":false},"author":2,"featured_media":1874,"comment_status":"open","ping_status":"open","sticky":true,"template":"","format":"standard","meta":{"_acf_changed":false,"footnotes":""},"categories":[],"tags":[],"class_list":["post-1873","post","type-post","status-publish","format-standard","has-post-thumbnail","hentry"],"acf":[],"yoast_head":"<!-- This site is optimized with the Yoast SEO plugin v27.5 - https:\/\/yoast.com\/product\/yoast-seo-wordpress\/ -->\n<title>Mission conjointe Onu- Union Africaine- Cedeao: Pour une \u00e9lection pr\u00e9sidentielle cr\u00e9dible, inclusive et pacifique - Amanien| L&#039;actualit\u00e9 Ivoirienne et Internationale<\/title>\n<meta name=\"robots\" content=\"index, follow, max-snippet:-1, max-image-preview:large, max-video-preview:-1\" \/>\n<link rel=\"canonical\" href=\"https:\/\/www.amanien.info\/news\/mission-conjointe-onu-union-africaine-cedeao-pour-une-election-presidentielle-credible-inclusive-et-pacifique\/\" \/>\n<meta property=\"og:locale\" content=\"fr_FR\" \/>\n<meta property=\"og:type\" content=\"article\" \/>\n<meta property=\"og:title\" content=\"Mission conjointe Onu- Union Africaine- Cedeao: Pour une \u00e9lection pr\u00e9sidentielle cr\u00e9dible, inclusive et pacifique - Amanien| L&#039;actualit\u00e9 Ivoirienne et Internationale\" \/>\n<meta property=\"og:description\" content=\"Au sortir d\u2019une rencontre avec le Premier Ministre ivoirien, Hamed Bakayoko, le 5 octobre 2020 \u00e0 Abidjan, une mission conjointe Organisation des Nations Unies (ONU)-Union Africaine (UA)- Communaut\u00e9 Economique des Etats de l&rsquo;Afrique de l&rsquo;Ouest (CEDEAO) a demand\u00e9 aux acteurs politiques ivoiriens de recourir aux moyens pacifiques et l\u00e9gaux pour r\u00e9soudre tout diff\u00e9rend qui pourrait [&hellip;]\" \/>\n<meta property=\"og:url\" content=\"https:\/\/www.amanien.info\/news\/mission-conjointe-onu-union-africaine-cedeao-pour-une-election-presidentielle-credible-inclusive-et-pacifique\/\" \/>\n<meta property=\"og:site_name\" content=\"Amanien| L&#039;actualit\u00e9 Ivoirienne et Internationale\" \/>\n<meta property=\"article:published_time\" content=\"2020-10-06T06:19:26+00:00\" \/>\n<meta property=\"article:modified_time\" content=\"2020-10-06T06:19:52+00:00\" \/>\n<meta property=\"og:image\" content=\"https:\/\/www.amanien.info\/news\/wp-content\/uploads\/2020\/10\/thumbnail-2.jpg\" \/>\n\t<meta property=\"og:image:width\" content=\"720\" \/>\n\t<meta property=\"og:image:height\" content=\"480\" \/>\n\t<meta property=\"og:image:type\" content=\"image\/jpeg\" \/>\n<meta name=\"author\" content=\"Germain Ndri\" \/>\n<meta name=\"twitter:card\" content=\"summary_large_image\" \/>\n<meta name=\"twitter:label1\" content=\"\u00c9crit par\" \/>\n\t<meta name=\"twitter:data1\" content=\"Germain Ndri\" \/>\n\t<meta name=\"twitter:label2\" content=\"Dur\u00e9e de lecture estim\u00e9e\" \/>\n\t<meta name=\"twitter:data2\" content=\"1 minute\" \/>\n<script type=\"application\/ld+json\" class=\"yoast-schema-graph\">{\"@context\":\"https:\\\/\\\/schema.org\",\"@graph\":[{\"@type\":\"Article\",\"@id\":\"https:\\\/\\\/www.amanien.info\\\/news\\\/mission-conjointe-onu-union-africaine-cedeao-pour-une-election-presidentielle-credible-inclusive-et-pacifique\\\/#article\",\"isPartOf\":{\"@id\":\"https:\\\/\\\/www.amanien.info\\\/news\\\/mission-conjointe-onu-union-africaine-cedeao-pour-une-election-presidentielle-credible-inclusive-et-pacifique\\\/\"},\"author\":{\"name\":\"Germain Ndri\",\"@id\":\"https:\\\/\\\/www.amanien.info\\\/news\\\/#\\\/schema\\\/person\\\/b21093345753a1a98242d505bd894f42\"},\"headline\":\"Mission conjointe Onu- Union Africaine- Cedeao: Pour une \u00e9lection pr\u00e9sidentielle cr\u00e9dible, inclusive et pacifique\",\"datePublished\":\"2020-10-06T06:19:26+00:00\",\"dateModified\":\"2020-10-06T06:19:52+00:00\",\"mainEntityOfPage\":{\"@id\":\"https:\\\/\\\/www.amanien.info\\\/news\\\/mission-conjointe-onu-union-africaine-cedeao-pour-une-election-presidentielle-credible-inclusive-et-pacifique\\\/\"},\"wordCount\":228,\"commentCount\":0,\"image\":{\"@id\":\"https:\\\/\\\/www.amanien.info\\\/news\\\/mission-conjointe-onu-union-africaine-cedeao-pour-une-election-presidentielle-credible-inclusive-et-pacifique\\\/#primaryimage\"},\"thumbnailUrl\":\"https:\\\/\\\/www.amanien.info\\\/news\\\/wp-content\\\/uploads\\\/2020\\\/10\\\/thumbnail-2.jpg\",\"inLanguage\":\"fr-FR\"},{\"@type\":\"WebPage\",\"@id\":\"https:\\\/\\\/www.amanien.info\\\/news\\\/mission-conjointe-onu-union-africaine-cedeao-pour-une-election-presidentielle-credible-inclusive-et-pacifique\\\/\",\"url\":\"https:\\\/\\\/www.amanien.info\\\/news\\\/mission-conjointe-onu-union-africaine-cedeao-pour-une-election-presidentielle-credible-inclusive-et-pacifique\\\/\",\"name\":\"Mission conjointe Onu- Union Africaine- Cedeao: Pour une \u00e9lection pr\u00e9sidentielle cr\u00e9dible, inclusive et pacifique - Amanien| L&#039;actualit\u00e9 Ivoirienne et Internationale\",\"isPartOf\":{\"@id\":\"https:\\\/\\\/www.amanien.info\\\/news\\\/#website\"},\"primaryImageOfPage\":{\"@id\":\"https:\\\/\\\/www.amanien.info\\\/news\\\/mission-conjointe-onu-union-africaine-cedeao-pour-une-election-presidentielle-credible-inclusive-et-pacifique\\\/#primaryimage\"},\"image\":{\"@id\":\"https:\\\/\\\/www.amanien.info\\\/news\\\/mission-conjointe-onu-union-africaine-cedeao-pour-une-election-presidentielle-credible-inclusive-et-pacifique\\\/#primaryimage\"},\"thumbnailUrl\":\"https:\\\/\\\/www.amanien.info\\\/news\\\/wp-content\\\/uploads\\\/2020\\\/10\\\/thumbnail-2.jpg\",\"datePublished\":\"2020-10-06T06:19:26+00:00\",\"dateModified\":\"2020-10-06T06:19:52+00:00\",\"author\":{\"@id\":\"https:\\\/\\\/www.amanien.info\\\/news\\\/#\\\/schema\\\/person\\\/b21093345753a1a98242d505bd894f42\"},\"breadcrumb\":{\"@id\":\"https:\\\/\\\/www.amanien.info\\\/news\\\/mission-conjointe-onu-union-africaine-cedeao-pour-une-election-presidentielle-credible-inclusive-et-pacifique\\\/#breadcrumb\"},\"inLanguage\":\"fr-FR\",\"potentialAction\":[{\"@type\":\"ReadAction\",\"target\":[\"https:\\\/\\\/www.amanien.info\\\/news\\\/mission-conjointe-onu-union-africaine-cedeao-pour-une-election-presidentielle-credible-inclusive-et-pacifique\\\/\"]}]},{\"@type\":\"ImageObject\",\"inLanguage\":\"fr-FR\",\"@id\":\"https:\\\/\\\/www.amanien.info\\\/news\\\/mission-conjointe-onu-union-africaine-cedeao-pour-une-election-presidentielle-credible-inclusive-et-pacifique\\\/#primaryimage\",\"url\":\"https:\\\/\\\/www.amanien.info\\\/news\\\/wp-content\\\/uploads\\\/2020\\\/10\\\/thumbnail-2.jpg\",\"contentUrl\":\"https:\\\/\\\/www.amanien.info\\\/news\\\/wp-content\\\/uploads\\\/2020\\\/10\\\/thumbnail-2.jpg\",\"width\":720,\"height\":480},{\"@type\":\"BreadcrumbList\",\"@id\":\"https:\\\/\\\/www.amanien.info\\\/news\\\/mission-conjointe-onu-union-africaine-cedeao-pour-une-election-presidentielle-credible-inclusive-et-pacifique\\\/#breadcrumb\",\"itemListElement\":[{\"@type\":\"ListItem\",\"position\":1,\"name\":\"Accueil\",\"item\":\"https:\\\/\\\/www.amanien.info\\\/news\\\/\"},{\"@type\":\"ListItem\",\"position\":2,\"name\":\"Mission conjointe Onu- Union Africaine- Cedeao: Pour une \u00e9lection pr\u00e9sidentielle cr\u00e9dible, inclusive et pacifique\"}]},{\"@type\":\"WebSite\",\"@id\":\"https:\\\/\\\/www.amanien.info\\\/news\\\/#website\",\"url\":\"https:\\\/\\\/www.amanien.info\\\/news\\\/\",\"name\":\"Amanien| L&#039;actualit\u00e9 Ivoirienne et Internationale\",\"description\":\"L&#039;actualit\u00e9 Ivoirienne et Internationale\",\"potentialAction\":[{\"@type\":\"SearchAction\",\"target\":{\"@type\":\"EntryPoint\",\"urlTemplate\":\"https:\\\/\\\/www.amanien.info\\\/news\\\/?s={search_term_string}\"},\"query-input\":{\"@type\":\"PropertyValueSpecification\",\"valueRequired\":true,\"valueName\":\"search_term_string\"}}],\"inLanguage\":\"fr-FR\"},{\"@type\":\"Person\",\"@id\":\"https:\\\/\\\/www.amanien.info\\\/news\\\/#\\\/schema\\\/person\\\/b21093345753a1a98242d505bd894f42\",\"name\":\"Germain Ndri\",\"url\":\"https:\\\/\\\/www.amanien.info\\\/news\\\/author\\\/amanien-infos\\\/\"}]}<\/script>\n<!-- \/ Yoast SEO plugin. -->","yoast_head_json":{"title":"Mission conjointe Onu- Union Africaine- Cedeao: Pour une \u00e9lection pr\u00e9sidentielle cr\u00e9dible, inclusive et pacifique - Amanien| L&#039;actualit\u00e9 Ivoirienne et Internationale","robots":{"index":"index","follow":"follow","max-snippet":"max-snippet:-1","max-image-preview":"max-image-preview:large","max-video-preview":"max-video-preview:-1"},"canonical":"https:\/\/www.amanien.info\/news\/mission-conjointe-onu-union-africaine-cedeao-pour-une-election-presidentielle-credible-inclusive-et-pacifique\/","og_locale":"fr_FR","og_type":"article","og_title":"Mission conjointe Onu- Union Africaine- Cedeao: Pour une \u00e9lection pr\u00e9sidentielle cr\u00e9dible, inclusive et pacifique - Amanien| L&#039;actualit\u00e9 Ivoirienne et Internationale","og_description":"Au sortir d\u2019une rencontre avec le Premier Ministre ivoirien, Hamed Bakayoko, le 5 octobre 2020 \u00e0 Abidjan, une mission conjointe Organisation des Nations Unies (ONU)-Union Africaine (UA)- Communaut\u00e9 Economique des Etats de l&rsquo;Afrique de l&rsquo;Ouest (CEDEAO) a demand\u00e9 aux acteurs politiques ivoiriens de recourir aux moyens pacifiques et l\u00e9gaux pour r\u00e9soudre tout diff\u00e9rend qui pourrait [&hellip;]","og_url":"https:\/\/www.amanien.info\/news\/mission-conjointe-onu-union-africaine-cedeao-pour-une-election-presidentielle-credible-inclusive-et-pacifique\/","og_site_name":"Amanien| L&#039;actualit\u00e9 Ivoirienne et Internationale","article_published_time":"2020-10-06T06:19:26+00:00","article_modified_time":"2020-10-06T06:19:52+00:00","og_image":[{"width":720,"height":480,"url":"https:\/\/www.amanien.info\/news\/wp-content\/uploads\/2020\/10\/thumbnail-2.jpg","type":"image\/jpeg"}],"author":"Germain Ndri","twitter_card":"summary_large_image","twitter_misc":{"\u00c9crit par":"Germain Ndri","Dur\u00e9e de lecture estim\u00e9e":"1 minute"},"schema":{"@context":"https:\/\/schema.org","@graph":[{"@type":"Article","@id":"https:\/\/www.amanien.info\/news\/mission-conjointe-onu-union-africaine-cedeao-pour-une-election-presidentielle-credible-inclusive-et-pacifique\/#article","isPartOf":{"@id":"https:\/\/www.amanien.info\/news\/mission-conjointe-onu-union-africaine-cedeao-pour-une-election-presidentielle-credible-inclusive-et-pacifique\/"},"author":{"name":"Germain Ndri","@id":"https:\/\/www.amanien.info\/news\/#\/schema\/person\/b21093345753a1a98242d505bd894f42"},"headline":"Mission conjointe Onu- Union Africaine- Cedeao: Pour une \u00e9lection pr\u00e9sidentielle cr\u00e9dible, inclusive et pacifique","datePublished":"2020-10-06T06:19:26+00:00","dateModified":"2020-10-06T06:19:52+00:00","mainEntityOfPage":{"@id":"https:\/\/www.amanien.info\/news\/mission-conjointe-onu-union-africaine-cedeao-pour-une-election-presidentielle-credible-inclusive-et-pacifique\/"},"wordCount":228,"commentCount":0,"image":{"@id":"https:\/\/www.amanien.info\/news\/mission-conjointe-onu-union-africaine-cedeao-pour-une-election-presidentielle-credible-inclusive-et-pacifique\/#primaryimage"},"thumbnailUrl":"https:\/\/www.amanien.info\/news\/wp-content\/uploads\/2020\/10\/thumbnail-2.jpg","inLanguage":"fr-FR"},{"@type":"WebPage","@id":"https:\/\/www.amanien.info\/news\/mission-conjointe-onu-union-africaine-cedeao-pour-une-election-presidentielle-credible-inclusive-et-pacifique\/","url":"https:\/\/www.amanien.info\/news\/mission-conjointe-onu-union-africaine-cedeao-pour-une-election-presidentielle-credible-inclusive-et-pacifique\/","name":"Mission conjointe Onu- Union Africaine- Cedeao: Pour une \u00e9lection pr\u00e9sidentielle cr\u00e9dible, inclusive et pacifique - Amanien| L&#039;actualit\u00e9 Ivoirienne et Internationale","isPartOf":{"@id":"https:\/\/www.amanien.info\/news\/#website"},"primaryImageOfPage":{"@id":"https:\/\/www.amanien.info\/news\/mission-conjointe-onu-union-africaine-cedeao-pour-une-election-presidentielle-credible-inclusive-et-pacifique\/#primaryimage"},"image":{"@id":"https:\/\/www.amanien.info\/news\/mission-conjointe-onu-union-africaine-cedeao-pour-une-election-presidentielle-credible-inclusive-et-pacifique\/#primaryimage"},"thumbnailUrl":"https:\/\/www.amanien.info\/news\/wp-content\/uploads\/2020\/10\/thumbnail-2.jpg","datePublished":"2020-10-06T06:19:26+00:00","dateModified":"2020-10-06T06:19:52+00:00","author":{"@id":"https:\/\/www.amanien.info\/news\/#\/schema\/person\/b21093345753a1a98242d505bd894f42"},"breadcrumb":{"@id":"https:\/\/www.amanien.info\/news\/mission-conjointe-onu-union-africaine-cedeao-pour-une-election-presidentielle-credible-inclusive-et-pacifique\/#breadcrumb"},"inLanguage":"fr-FR","potentialAction":[{"@type":"ReadAction","target":["https:\/\/www.amanien.info\/news\/mission-conjointe-onu-union-africaine-cedeao-pour-une-election-presidentielle-credible-inclusive-et-pacifique\/"]}]},{"@type":"ImageObject","inLanguage":"fr-FR","@id":"https:\/\/www.amanien.info\/news\/mission-conjointe-onu-union-africaine-cedeao-pour-une-election-presidentielle-credible-inclusive-et-pacifique\/#primaryimage","url":"https:\/\/www.amanien.info\/news\/wp-content\/uploads\/2020\/10\/thumbnail-2.jpg","contentUrl":"https:\/\/www.amanien.info\/news\/wp-content\/uploads\/2020\/10\/thumbnail-2.jpg","width":720,"height":480},{"@type":"BreadcrumbList","@id":"https:\/\/www.amanien.info\/news\/mission-conjointe-onu-union-africaine-cedeao-pour-une-election-presidentielle-credible-inclusive-et-pacifique\/#breadcrumb","itemListElement":[{"@type":"ListItem","position":1,"name":"Accueil","item":"https:\/\/www.amanien.info\/news\/"},{"@type":"ListItem","position":2,"name":"Mission conjointe Onu- Union Africaine- Cedeao: Pour une \u00e9lection pr\u00e9sidentielle cr\u00e9dible, inclusive et pacifique"}]},{"@type":"WebSite","@id":"https:\/\/www.amanien.info\/news\/#website","url":"https:\/\/www.amanien.info\/news\/","name":"Amanien| L&#039;actualit\u00e9 Ivoirienne et Internationale","description":"L&#039;actualit\u00e9 Ivoirienne et Internationale","potentialAction":[{"@type":"SearchAction","target":{"@type":"EntryPoint","urlTemplate":"https:\/\/www.amanien.info\/news\/?s={search_term_string}"},"query-input":{"@type":"PropertyValueSpecification","valueRequired":true,"valueName":"search_term_string"}}],"inLanguage":"fr-FR"},{"@type":"Person","@id":"https:\/\/www.amanien.info\/news\/#\/schema\/person\/b21093345753a1a98242d505bd894f42","name":"Germain Ndri","url":"https:\/\/www.amanien.info\/news\/author\/amanien-infos\/"}]}},"_links":{"self":[{"href":"https:\/\/www.amanien.info\/news\/wp-json\/wp\/v2\/posts\/1873","targetHints":{"allow":["GET"]}}],"collection":[{"href":"https:\/\/www.amanien.info\/news\/wp-json\/wp\/v2\/posts"}],"about":[{"href":"https:\/\/www.amanien.info\/news\/wp-json\/wp\/v2\/types\/post"}],"author":[{"embeddable":true,"href":"https:\/\/www.amanien.info\/news\/wp-json\/wp\/v2\/users\/2"}],"replies":[{"embeddable":true,"href":"https:\/\/www.amanien.info\/news\/wp-json\/wp\/v2\/comments?post=1873"}],"version-history":[{"count":0,"href":"https:\/\/www.amanien.info\/news\/wp-json\/wp\/v2\/posts\/1873\/revisions"}],"wp:featuredmedia":[{"embeddable":true,"href":"https:\/\/www.amanien.info\/news\/wp-json\/wp\/v2\/media\/1874"}],"wp:attachment":[{"href":"https:\/\/www.amanien.info\/news\/wp-json\/wp\/v2\/media?parent=1873"}],"wp:term":[{"taxonomy":"category","embeddable":true,"href":"https:\/\/www.amanien.info\/news\/wp-json\/wp\/v2\/categories?post=1873"},{"taxonomy":"post_tag","embeddable":true,"href":"https:\/\/www.amanien.info\/news\/wp-json\/wp\/v2\/tags?post=1873"}],"curies":[{"name":"wp","href":"https:\/\/api.w.org\/{rel}","templated":true}]}}