{"id":1870,"date":"2020-10-06T08:16:42","date_gmt":"2020-10-06T06:16:42","guid":{"rendered":"http:\/\/https:\/\/zozo.buyee.jp\/\/news\/?p=1870"},"modified":"2020-10-06T08:17:04","modified_gmt":"2020-10-06T06:17:04","slug":"lancement-de-la-precampagne-du-rhdp-a-san-pedro","status":"publish","type":"post","link":"https:\/\/www.amanien.info\/news\/lancement-de-la-precampagne-du-rhdp-a-san-pedro\/","title":{"rendered":"Lancement de la pr\u00e9campagne du RHDP \u00e0 San-Pedro"},"content":{"rendered":"<div class=\"msg-body P_wpofO mq_AS\" data-test-id=\"message-view-body-content\">\n<div class=\"jb_0 X_6MGW N_6Fd5\">\n<div>\n<div id=\"yiv7020360632\">\n<div>\n<div>\n<div>\u00ab Alassane Ouattara, avait d\u00e9j\u00e0 organis\u00e9 son d\u00e9part, mais nous, parce qu\u2019on aime la C\u00f4te d\u2019ivoire, parce que nous aimons la paix et la stabilit\u00e9, c\u2019est nous qui avions demand\u00e9 \u00e0 Alassane d\u2019\u00eatre candidat \u00bb, a d\u00e9clar\u00e9 le Directeur ex\u00e9cutif du Rassemblement des Houphouetistes pour la D\u00e9mocratie et la Paix (RHDP), devant la forte mobilisation des militants et sympathisants du RHDP de San Pedro.<\/div>\n<div><\/div>\n<div>Une d\u00e9marche qui trouve sa justification selon Adama Bictogo, dans les r\u00e9alisations effectu\u00e9es par le pr\u00e9sident Ouattara depuis son accession au pouvoir.<\/div>\n<div><\/div>\n<div>\u00ab Alassane Ouattara a fait des routes partout en C\u00f4te d\u2019Ivoire ! Ce n\u2019est pas ici, \u00e0 San-Pedro seulement qu\u2019il a fait des routes ! Il a m\u00eame fait des routes \u00e0 Ouragayo, \u00e0 Daoukro et \u00e0 Bongouanou. Ouattara, en 9 ans, il a mis plus d\u2019\u00e9lectricit\u00e9 en C\u00f4te d\u2019Ivoire que pendant cinquante ans d\u2019ind\u00e9pendance\u00bb, a affirm\u00e9 le Directeur ex\u00e9cutif du RHDP.<\/div>\n<div>\u00ab Ce qu\u2019il a fait en 9 ans, B\u00e9di\u00e9 et Gbagbo n\u2019ont pas fait le 10\u00e8me \u00bb, a-t-il ironis\u00e9.<\/div>\n<div><\/div>\n<div>S\u2019adressant \u00e0 l\u2019ancien Pr\u00e9sident de l\u2019Assembl\u00e9e Nationale de C\u00f4te d\u2019Ivoire, avance que la conqu\u00eate du fauteuil pr\u00e9sidentiel ne se fait pas dans de simple d\u00e9clarations dans la presse.<\/div>\n<div>\u00ab Pendant qu\u2019on avance, il y a d\u2019autres qui vocif\u00e8rent \u00e0 Paris. Eux, leurs \u00e9lections, c\u2019est dans la presse et les r\u00e9seaux sociaux. On vous attend ici ! C\u2019est ici que les \u00e9lections se passent \u00bb, a-t-il soutenu avant de mettre en garde toute l\u2019opposition qui appelle \u00e0 une d\u00e9sob\u00e9issance civile.<\/div>\n<div><\/div>\n<div>\u00ab Si elle essaie de nous diviser, elle nous trouvera sur son chemin un rocher. On n\u2019acceptera pas que, ceux qui ont \u00e9chou\u00e9, ceux qui n\u2019ont rien apport\u00e9 \u00e0 la C\u00f4te d\u2019Ivoire, autant qu\u2019ils sont, il n\u2019y aucun, en dehors d\u2019Houphou\u00ebt Boigny qui est mieux qu\u2019Alassane Ouattara. Nous n\u2019accepterons pas, qu\u2019ils emp\u00eachent nos parents, les ivoiriens d\u2019aller au travail\u00bb, a-t-il menac\u00e9, invitant ses militants \u00e0 se lever contre toute action allant contre la bonne marche du pays.<\/div>\n<div><\/div>\n<div>Les militants du RHDP de la coordination de San-Pedro, \u00e0 travers une s\u00e9rie de motions lues par les diff\u00e9rents responsables des structures dudit parti, ont promis la mobilisation autour du candidat Alassane Ouattara pour une victoire \u00e9crasante au soir du 31 octobre prochain.<\/div>\n<div>Thierry\u00a0 Lagognon<\/div>\n<div><\/div>\n<\/div>\n<\/div>\n<\/div>\n<\/div>\n<\/div>\n<\/div>\n","protected":false},"excerpt":{"rendered":"<p>\u00ab Alassane Ouattara, avait d\u00e9j\u00e0 organis\u00e9 son d\u00e9part, mais nous, parce qu\u2019on aime la C\u00f4te d\u2019ivoire, parce que nous aimons la paix et la stabilit\u00e9, c\u2019est nous qui avions demand\u00e9 \u00e0 Alassane d\u2019\u00eatre candidat \u00bb, a d\u00e9clar\u00e9 le Directeur ex\u00e9cutif du Rassemblement des Houphouetistes pour la D\u00e9mocratie et la Paix (RHDP), devant la forte mobilisation [&hellip;]<\/p>\n","protected":false},"author":2,"featured_media":1871,"comment_status":"open","ping_status":"open","sticky":true,"template":"","format":"standard","meta":{"_acf_changed":false,"footnotes":""},"categories":[],"tags":[],"class_list":["post-1870","post","type-post","status-publish","format-standard","has-post-thumbnail","hentry"],"acf":[],"yoast_head":"<!-- This site is optimized with the Yoast SEO plugin v27.5 - https:\/\/yoast.com\/product\/yoast-seo-wordpress\/ -->\n<title>Lancement de la pr\u00e9campagne du RHDP \u00e0 San-Pedro - Amanien| L&#039;actualit\u00e9 Ivoirienne et Internationale<\/title>\n<meta name=\"robots\" content=\"index, follow, max-snippet:-1, max-image-preview:large, max-video-preview:-1\" \/>\n<link rel=\"canonical\" href=\"https:\/\/www.amanien.info\/news\/lancement-de-la-precampagne-du-rhdp-a-san-pedro\/\" \/>\n<meta property=\"og:locale\" content=\"fr_FR\" \/>\n<meta property=\"og:type\" content=\"article\" \/>\n<meta property=\"og:title\" content=\"Lancement de la pr\u00e9campagne du RHDP \u00e0 San-Pedro - Amanien| L&#039;actualit\u00e9 Ivoirienne et Internationale\" \/>\n<meta property=\"og:description\" content=\"\u00ab Alassane Ouattara, avait d\u00e9j\u00e0 organis\u00e9 son d\u00e9part, mais nous, parce qu\u2019on aime la C\u00f4te d\u2019ivoire, parce que nous aimons la paix et la stabilit\u00e9, c\u2019est nous qui avions demand\u00e9 \u00e0 Alassane d\u2019\u00eatre candidat \u00bb, a d\u00e9clar\u00e9 le Directeur ex\u00e9cutif du Rassemblement des Houphouetistes pour la D\u00e9mocratie et la Paix (RHDP), devant la forte mobilisation [&hellip;]\" \/>\n<meta property=\"og:url\" content=\"https:\/\/www.amanien.info\/news\/lancement-de-la-precampagne-du-rhdp-a-san-pedro\/\" \/>\n<meta property=\"og:site_name\" content=\"Amanien| L&#039;actualit\u00e9 Ivoirienne et Internationale\" \/>\n<meta property=\"article:published_time\" content=\"2020-10-06T06:16:42+00:00\" \/>\n<meta property=\"article:modified_time\" content=\"2020-10-06T06:17:04+00:00\" \/>\n<meta property=\"og:image\" content=\"https:\/\/www.amanien.info\/news\/wp-content\/uploads\/2020\/10\/thumbnail-1.jpg\" \/>\n\t<meta property=\"og:image:width\" content=\"540\" \/>\n\t<meta property=\"og:image:height\" content=\"720\" \/>\n\t<meta property=\"og:image:type\" content=\"image\/jpeg\" \/>\n<meta name=\"author\" content=\"Germain Ndri\" \/>\n<meta name=\"twitter:card\" content=\"summary_large_image\" \/>\n<meta name=\"twitter:label1\" content=\"\u00c9crit par\" \/>\n\t<meta name=\"twitter:data1\" content=\"Germain Ndri\" \/>\n\t<meta name=\"twitter:label2\" content=\"Dur\u00e9e de lecture estim\u00e9e\" \/>\n\t<meta name=\"twitter:data2\" content=\"2 minutes\" \/>\n<script type=\"application\/ld+json\" class=\"yoast-schema-graph\">{\"@context\":\"https:\\\/\\\/schema.org\",\"@graph\":[{\"@type\":\"Article\",\"@id\":\"https:\\\/\\\/www.amanien.info\\\/news\\\/lancement-de-la-precampagne-du-rhdp-a-san-pedro\\\/#article\",\"isPartOf\":{\"@id\":\"https:\\\/\\\/www.amanien.info\\\/news\\\/lancement-de-la-precampagne-du-rhdp-a-san-pedro\\\/\"},\"author\":{\"name\":\"Germain Ndri\",\"@id\":\"https:\\\/\\\/www.amanien.info\\\/news\\\/#\\\/schema\\\/person\\\/b21093345753a1a98242d505bd894f42\"},\"headline\":\"Lancement de la pr\u00e9campagne du RHDP \u00e0 San-Pedro\",\"datePublished\":\"2020-10-06T06:16:42+00:00\",\"dateModified\":\"2020-10-06T06:17:04+00:00\",\"mainEntityOfPage\":{\"@id\":\"https:\\\/\\\/www.amanien.info\\\/news\\\/lancement-de-la-precampagne-du-rhdp-a-san-pedro\\\/\"},\"wordCount\":413,\"commentCount\":0,\"image\":{\"@id\":\"https:\\\/\\\/www.amanien.info\\\/news\\\/lancement-de-la-precampagne-du-rhdp-a-san-pedro\\\/#primaryimage\"},\"thumbnailUrl\":\"https:\\\/\\\/www.amanien.info\\\/news\\\/wp-content\\\/uploads\\\/2020\\\/10\\\/thumbnail-1.jpg\",\"inLanguage\":\"fr-FR\"},{\"@type\":\"WebPage\",\"@id\":\"https:\\\/\\\/www.amanien.info\\\/news\\\/lancement-de-la-precampagne-du-rhdp-a-san-pedro\\\/\",\"url\":\"https:\\\/\\\/www.amanien.info\\\/news\\\/lancement-de-la-precampagne-du-rhdp-a-san-pedro\\\/\",\"name\":\"Lancement de la pr\u00e9campagne du RHDP \u00e0 San-Pedro - Amanien| L&#039;actualit\u00e9 Ivoirienne et Internationale\",\"isPartOf\":{\"@id\":\"https:\\\/\\\/www.amanien.info\\\/news\\\/#website\"},\"primaryImageOfPage\":{\"@id\":\"https:\\\/\\\/www.amanien.info\\\/news\\\/lancement-de-la-precampagne-du-rhdp-a-san-pedro\\\/#primaryimage\"},\"image\":{\"@id\":\"https:\\\/\\\/www.amanien.info\\\/news\\\/lancement-de-la-precampagne-du-rhdp-a-san-pedro\\\/#primaryimage\"},\"thumbnailUrl\":\"https:\\\/\\\/www.amanien.info\\\/news\\\/wp-content\\\/uploads\\\/2020\\\/10\\\/thumbnail-1.jpg\",\"datePublished\":\"2020-10-06T06:16:42+00:00\",\"dateModified\":\"2020-10-06T06:17:04+00:00\",\"author\":{\"@id\":\"https:\\\/\\\/www.amanien.info\\\/news\\\/#\\\/schema\\\/person\\\/b21093345753a1a98242d505bd894f42\"},\"breadcrumb\":{\"@id\":\"https:\\\/\\\/www.amanien.info\\\/news\\\/lancement-de-la-precampagne-du-rhdp-a-san-pedro\\\/#breadcrumb\"},\"inLanguage\":\"fr-FR\",\"potentialAction\":[{\"@type\":\"ReadAction\",\"target\":[\"https:\\\/\\\/www.amanien.info\\\/news\\\/lancement-de-la-precampagne-du-rhdp-a-san-pedro\\\/\"]}]},{\"@type\":\"ImageObject\",\"inLanguage\":\"fr-FR\",\"@id\":\"https:\\\/\\\/www.amanien.info\\\/news\\\/lancement-de-la-precampagne-du-rhdp-a-san-pedro\\\/#primaryimage\",\"url\":\"https:\\\/\\\/www.amanien.info\\\/news\\\/wp-content\\\/uploads\\\/2020\\\/10\\\/thumbnail-1.jpg\",\"contentUrl\":\"https:\\\/\\\/www.amanien.info\\\/news\\\/wp-content\\\/uploads\\\/2020\\\/10\\\/thumbnail-1.jpg\",\"width\":540,\"height\":720},{\"@type\":\"BreadcrumbList\",\"@id\":\"https:\\\/\\\/www.amanien.info\\\/news\\\/lancement-de-la-precampagne-du-rhdp-a-san-pedro\\\/#breadcrumb\",\"itemListElement\":[{\"@type\":\"ListItem\",\"position\":1,\"name\":\"Accueil\",\"item\":\"https:\\\/\\\/www.amanien.info\\\/news\\\/\"},{\"@type\":\"ListItem\",\"position\":2,\"name\":\"Lancement de la pr\u00e9campagne du RHDP \u00e0 San-Pedro\"}]},{\"@type\":\"WebSite\",\"@id\":\"https:\\\/\\\/www.amanien.info\\\/news\\\/#website\",\"url\":\"https:\\\/\\\/www.amanien.info\\\/news\\\/\",\"name\":\"Amanien| L&#039;actualit\u00e9 Ivoirienne et Internationale\",\"description\":\"L&#039;actualit\u00e9 Ivoirienne et Internationale\",\"potentialAction\":[{\"@type\":\"SearchAction\",\"target\":{\"@type\":\"EntryPoint\",\"urlTemplate\":\"https:\\\/\\\/www.amanien.info\\\/news\\\/?s={search_term_string}\"},\"query-input\":{\"@type\":\"PropertyValueSpecification\",\"valueRequired\":true,\"valueName\":\"search_term_string\"}}],\"inLanguage\":\"fr-FR\"},{\"@type\":\"Person\",\"@id\":\"https:\\\/\\\/www.amanien.info\\\/news\\\/#\\\/schema\\\/person\\\/b21093345753a1a98242d505bd894f42\",\"name\":\"Germain Ndri\",\"url\":\"https:\\\/\\\/www.amanien.info\\\/news\\\/author\\\/amanien-infos\\\/\"}]}<\/script>\n<!-- \/ Yoast SEO plugin. -->","yoast_head_json":{"title":"Lancement de la pr\u00e9campagne du RHDP \u00e0 San-Pedro - Amanien| L&#039;actualit\u00e9 Ivoirienne et Internationale","robots":{"index":"index","follow":"follow","max-snippet":"max-snippet:-1","max-image-preview":"max-image-preview:large","max-video-preview":"max-video-preview:-1"},"canonical":"https:\/\/www.amanien.info\/news\/lancement-de-la-precampagne-du-rhdp-a-san-pedro\/","og_locale":"fr_FR","og_type":"article","og_title":"Lancement de la pr\u00e9campagne du RHDP \u00e0 San-Pedro - Amanien| L&#039;actualit\u00e9 Ivoirienne et Internationale","og_description":"\u00ab Alassane Ouattara, avait d\u00e9j\u00e0 organis\u00e9 son d\u00e9part, mais nous, parce qu\u2019on aime la C\u00f4te d\u2019ivoire, parce que nous aimons la paix et la stabilit\u00e9, c\u2019est nous qui avions demand\u00e9 \u00e0 Alassane d\u2019\u00eatre candidat \u00bb, a d\u00e9clar\u00e9 le Directeur ex\u00e9cutif du Rassemblement des Houphouetistes pour la D\u00e9mocratie et la Paix (RHDP), devant la forte mobilisation [&hellip;]","og_url":"https:\/\/www.amanien.info\/news\/lancement-de-la-precampagne-du-rhdp-a-san-pedro\/","og_site_name":"Amanien| L&#039;actualit\u00e9 Ivoirienne et Internationale","article_published_time":"2020-10-06T06:16:42+00:00","article_modified_time":"2020-10-06T06:17:04+00:00","og_image":[{"width":540,"height":720,"url":"https:\/\/www.amanien.info\/news\/wp-content\/uploads\/2020\/10\/thumbnail-1.jpg","type":"image\/jpeg"}],"author":"Germain Ndri","twitter_card":"summary_large_image","twitter_misc":{"\u00c9crit par":"Germain Ndri","Dur\u00e9e de lecture estim\u00e9e":"2 minutes"},"schema":{"@context":"https:\/\/schema.org","@graph":[{"@type":"Article","@id":"https:\/\/www.amanien.info\/news\/lancement-de-la-precampagne-du-rhdp-a-san-pedro\/#article","isPartOf":{"@id":"https:\/\/www.amanien.info\/news\/lancement-de-la-precampagne-du-rhdp-a-san-pedro\/"},"author":{"name":"Germain Ndri","@id":"https:\/\/www.amanien.info\/news\/#\/schema\/person\/b21093345753a1a98242d505bd894f42"},"headline":"Lancement de la pr\u00e9campagne du RHDP \u00e0 San-Pedro","datePublished":"2020-10-06T06:16:42+00:00","dateModified":"2020-10-06T06:17:04+00:00","mainEntityOfPage":{"@id":"https:\/\/www.amanien.info\/news\/lancement-de-la-precampagne-du-rhdp-a-san-pedro\/"},"wordCount":413,"commentCount":0,"image":{"@id":"https:\/\/www.amanien.info\/news\/lancement-de-la-precampagne-du-rhdp-a-san-pedro\/#primaryimage"},"thumbnailUrl":"https:\/\/www.amanien.info\/news\/wp-content\/uploads\/2020\/10\/thumbnail-1.jpg","inLanguage":"fr-FR"},{"@type":"WebPage","@id":"https:\/\/www.amanien.info\/news\/lancement-de-la-precampagne-du-rhdp-a-san-pedro\/","url":"https:\/\/www.amanien.info\/news\/lancement-de-la-precampagne-du-rhdp-a-san-pedro\/","name":"Lancement de la pr\u00e9campagne du RHDP \u00e0 San-Pedro - Amanien| L&#039;actualit\u00e9 Ivoirienne et Internationale","isPartOf":{"@id":"https:\/\/www.amanien.info\/news\/#website"},"primaryImageOfPage":{"@id":"https:\/\/www.amanien.info\/news\/lancement-de-la-precampagne-du-rhdp-a-san-pedro\/#primaryimage"},"image":{"@id":"https:\/\/www.amanien.info\/news\/lancement-de-la-precampagne-du-rhdp-a-san-pedro\/#primaryimage"},"thumbnailUrl":"https:\/\/www.amanien.info\/news\/wp-content\/uploads\/2020\/10\/thumbnail-1.jpg","datePublished":"2020-10-06T06:16:42+00:00","dateModified":"2020-10-06T06:17:04+00:00","author":{"@id":"https:\/\/www.amanien.info\/news\/#\/schema\/person\/b21093345753a1a98242d505bd894f42"},"breadcrumb":{"@id":"https:\/\/www.amanien.info\/news\/lancement-de-la-precampagne-du-rhdp-a-san-pedro\/#breadcrumb"},"inLanguage":"fr-FR","potentialAction":[{"@type":"ReadAction","target":["https:\/\/www.amanien.info\/news\/lancement-de-la-precampagne-du-rhdp-a-san-pedro\/"]}]},{"@type":"ImageObject","inLanguage":"fr-FR","@id":"https:\/\/www.amanien.info\/news\/lancement-de-la-precampagne-du-rhdp-a-san-pedro\/#primaryimage","url":"https:\/\/www.amanien.info\/news\/wp-content\/uploads\/2020\/10\/thumbnail-1.jpg","contentUrl":"https:\/\/www.amanien.info\/news\/wp-content\/uploads\/2020\/10\/thumbnail-1.jpg","width":540,"height":720},{"@type":"BreadcrumbList","@id":"https:\/\/www.amanien.info\/news\/lancement-de-la-precampagne-du-rhdp-a-san-pedro\/#breadcrumb","itemListElement":[{"@type":"ListItem","position":1,"name":"Accueil","item":"https:\/\/www.amanien.info\/news\/"},{"@type":"ListItem","position":2,"name":"Lancement de la pr\u00e9campagne du RHDP \u00e0 San-Pedro"}]},{"@type":"WebSite","@id":"https:\/\/www.amanien.info\/news\/#website","url":"https:\/\/www.amanien.info\/news\/","name":"Amanien| L&#039;actualit\u00e9 Ivoirienne et Internationale","description":"L&#039;actualit\u00e9 Ivoirienne et Internationale","potentialAction":[{"@type":"SearchAction","target":{"@type":"EntryPoint","urlTemplate":"https:\/\/www.amanien.info\/news\/?s={search_term_string}"},"query-input":{"@type":"PropertyValueSpecification","valueRequired":true,"valueName":"search_term_string"}}],"inLanguage":"fr-FR"},{"@type":"Person","@id":"https:\/\/www.amanien.info\/news\/#\/schema\/person\/b21093345753a1a98242d505bd894f42","name":"Germain Ndri","url":"https:\/\/www.amanien.info\/news\/author\/amanien-infos\/"}]}},"_links":{"self":[{"href":"https:\/\/www.amanien.info\/news\/wp-json\/wp\/v2\/posts\/1870","targetHints":{"allow":["GET"]}}],"collection":[{"href":"https:\/\/www.amanien.info\/news\/wp-json\/wp\/v2\/posts"}],"about":[{"href":"https:\/\/www.amanien.info\/news\/wp-json\/wp\/v2\/types\/post"}],"author":[{"embeddable":true,"href":"https:\/\/www.amanien.info\/news\/wp-json\/wp\/v2\/users\/2"}],"replies":[{"embeddable":true,"href":"https:\/\/www.amanien.info\/news\/wp-json\/wp\/v2\/comments?post=1870"}],"version-history":[{"count":0,"href":"https:\/\/www.amanien.info\/news\/wp-json\/wp\/v2\/posts\/1870\/revisions"}],"wp:featuredmedia":[{"embeddable":true,"href":"https:\/\/www.amanien.info\/news\/wp-json\/wp\/v2\/media\/1871"}],"wp:attachment":[{"href":"https:\/\/www.amanien.info\/news\/wp-json\/wp\/v2\/media?parent=1870"}],"wp:term":[{"taxonomy":"category","embeddable":true,"href":"https:\/\/www.amanien.info\/news\/wp-json\/wp\/v2\/categories?post=1870"},{"taxonomy":"post_tag","embeddable":true,"href":"https:\/\/www.amanien.info\/news\/wp-json\/wp\/v2\/tags?post=1870"}],"curies":[{"name":"wp","href":"https:\/\/api.w.org\/{rel}","templated":true}]}}