{"id":1851,"date":"2020-09-28T14:48:26","date_gmt":"2020-09-28T12:48:26","guid":{"rendered":"http:\/\/https:\/\/zozo.buyee.jp\/\/news\/?p=1851"},"modified":"2020-09-28T14:48:49","modified_gmt":"2020-09-28T12:48:49","slug":"meeting-de-cloture-de-la-visite-d-etat-dans-la-marahoue-alassane-outtara-d-importants-investissements-ont-ete-realises-dans-la-region","status":"publish","type":"post","link":"https:\/\/www.amanien.info\/news\/meeting-de-cloture-de-la-visite-d-etat-dans-la-marahoue-alassane-outtara-d-importants-investissements-ont-ete-realises-dans-la-region\/","title":{"rendered":"Meeting de cl\u00f4ture de la visite d&rsquo; \u00c9tat dans la Marahou\u00e9: Alassane Outtara \u00a0\u00bb D&rsquo; importants investissements ont \u00e9t\u00e9 r\u00e9alis\u00e9s dans la r\u00e9gion\u00a0\u00bb"},"content":{"rendered":"<p>Le Pr\u00e9sident de la R\u00e9publique, Alassane Ouattara, a anim\u00e9, le samedi 26 septembre 2020, \u00e0 Bouafl\u00e9, le meeting de cl\u00f4ture de sa Visite d\u2019Etat dans la R\u00e9gion de la Marahou\u00e9. Le Chef de l\u2019Etat a indiqu\u00e9 que les Visites d\u2019Etat, \u00e0 caract\u00e8re hautement r\u00e9publicain, sont des moments de communion avec les populations mais \u00e9galement l\u2019occasion de faire le bilan des acquis en mati\u00e8re de d\u00e9veloppement, d\u2019\u00e9valuer les besoins des populations et d\u2019y apporter des r\u00e9ponses pour leur bien-\u00eatre.<\/p>\n<p>Dans ce cadre, a ajout\u00e9 le Pr\u00e9sident de la R\u00e9publique, d\u2019importants investissements ont \u00e9t\u00e9 r\u00e9alis\u00e9s dans la R\u00e9gion de la Marahou\u00e9 depuis 2011 dans plusieurs secteurs, notamment les infrastructures routi\u00e8res, l\u2019eau potable, l\u2019\u00e9lectricit\u00e9, la sant\u00e9, l\u2019\u00e9ducation, l\u2019emploi des jeunes, l\u2019autonomisation de la femme et la salubrit\u00e9 urbaine.<\/p>\n<p>Gr\u00e2ce \u00e0 ces investissements, a-t-il poursuivi, le taux d\u2019\u00e9lectrification dans la R\u00e9gion de la Marahou\u00e9 est pass\u00e9 de 39% en 2011 \u00e0 65% \u00e0 fin ao\u00fbt 2020 avec 77 localit\u00e9s suppl\u00e9mentaires \u00e9lectrifi\u00e9es. Le Chef de l\u2019Etat a soulign\u00e9 que les efforts seront poursuivis afin d\u2019atteindre un taux de 82% \u00e0 fin 2020, soit 242 localit\u00e9s \u00e9lectrifi\u00e9es sur les 294.<\/p>\n<p>En mati\u00e8re d\u2019eau potable, le Pr\u00e9sident de la R\u00e9publique a indiqu\u00e9 que d\u2019importants travaux d\u2019adduction en eau potable ont \u00e9t\u00e9 r\u00e9alis\u00e9s dans la R\u00e9gion avec, notamment, la construction de 19 ch\u00e2teaux d\u2019eau, de syst\u00e8mes d\u2019alimentation en eau potable en milieu rural, de 08 nouvelles pompes, la r\u00e9paration de 310 pompes et le remplacement de 108 pompes.<\/p>\n<p>En d\u00e9pit de tous ces investissements, le Chef de l\u2019Etat a r\u00e9v\u00e9l\u00e9 qu\u2019il existe encore des d\u00e9ficits importants. Pour combler le d\u00e9ficit de la ville de Bouafl\u00e9 et des localit\u00e9s 2\/3 environnantes, il a soulign\u00e9 qu\u2019une unit\u00e9 de production d\u2019eau est en cours d\u2019ach\u00e8vement.<\/p>\n","protected":false},"excerpt":{"rendered":"<p>Le Pr\u00e9sident de la R\u00e9publique, Alassane Ouattara, a anim\u00e9, le samedi 26 septembre 2020, \u00e0 Bouafl\u00e9, le meeting de cl\u00f4ture de sa Visite d\u2019Etat dans la R\u00e9gion de la Marahou\u00e9. Le Chef de l\u2019Etat a indiqu\u00e9 que les Visites d\u2019Etat, \u00e0 caract\u00e8re hautement r\u00e9publicain, sont des moments de communion avec les populations mais \u00e9galement l\u2019occasion [&hellip;]<\/p>\n","protected":false},"author":2,"featured_media":1852,"comment_status":"open","ping_status":"open","sticky":true,"template":"","format":"standard","meta":{"_acf_changed":false,"footnotes":""},"categories":[],"tags":[],"class_list":["post-1851","post","type-post","status-publish","format-standard","has-post-thumbnail","hentry"],"acf":[],"yoast_head":"<!-- This site is optimized with the Yoast SEO plugin v27.5 - https:\/\/yoast.com\/product\/yoast-seo-wordpress\/ -->\n<title>Meeting de cl\u00f4ture de la visite d&#039; \u00c9tat dans la Marahou\u00e9: Alassane Outtara &quot; D&#039; importants investissements ont \u00e9t\u00e9 r\u00e9alis\u00e9s dans la r\u00e9gion&quot; - Amanien| L&#039;actualit\u00e9 Ivoirienne et Internationale<\/title>\n<meta name=\"robots\" content=\"index, follow, max-snippet:-1, max-image-preview:large, max-video-preview:-1\" \/>\n<link rel=\"canonical\" href=\"https:\/\/www.amanien.info\/news\/meeting-de-cloture-de-la-visite-d-etat-dans-la-marahoue-alassane-outtara-d-importants-investissements-ont-ete-realises-dans-la-region\/\" \/>\n<meta property=\"og:locale\" content=\"fr_FR\" \/>\n<meta property=\"og:type\" content=\"article\" \/>\n<meta property=\"og:title\" content=\"Meeting de cl\u00f4ture de la visite d&#039; \u00c9tat dans la Marahou\u00e9: Alassane Outtara &quot; D&#039; importants investissements ont \u00e9t\u00e9 r\u00e9alis\u00e9s dans la r\u00e9gion&quot; - Amanien| L&#039;actualit\u00e9 Ivoirienne et Internationale\" \/>\n<meta property=\"og:description\" content=\"Le Pr\u00e9sident de la R\u00e9publique, Alassane Ouattara, a anim\u00e9, le samedi 26 septembre 2020, \u00e0 Bouafl\u00e9, le meeting de cl\u00f4ture de sa Visite d\u2019Etat dans la R\u00e9gion de la Marahou\u00e9. Le Chef de l\u2019Etat a indiqu\u00e9 que les Visites d\u2019Etat, \u00e0 caract\u00e8re hautement r\u00e9publicain, sont des moments de communion avec les populations mais \u00e9galement l\u2019occasion [&hellip;]\" \/>\n<meta property=\"og:url\" content=\"https:\/\/www.amanien.info\/news\/meeting-de-cloture-de-la-visite-d-etat-dans-la-marahoue-alassane-outtara-d-importants-investissements-ont-ete-realises-dans-la-region\/\" \/>\n<meta property=\"og:site_name\" content=\"Amanien| L&#039;actualit\u00e9 Ivoirienne et Internationale\" \/>\n<meta property=\"article:published_time\" content=\"2020-09-28T12:48:26+00:00\" \/>\n<meta property=\"article:modified_time\" content=\"2020-09-28T12:48:49+00:00\" \/>\n<meta property=\"og:image\" content=\"https:\/\/www.amanien.info\/news\/wp-content\/uploads\/2020\/09\/thumbnail-11.png\" \/>\n\t<meta property=\"og:image:width\" content=\"720\" \/>\n\t<meta property=\"og:image:height\" content=\"480\" \/>\n\t<meta property=\"og:image:type\" content=\"image\/png\" \/>\n<meta name=\"author\" content=\"Germain Ndri\" \/>\n<meta name=\"twitter:card\" content=\"summary_large_image\" \/>\n<meta name=\"twitter:label1\" content=\"\u00c9crit par\" \/>\n\t<meta name=\"twitter:data1\" content=\"Germain Ndri\" \/>\n\t<meta name=\"twitter:label2\" content=\"Dur\u00e9e de lecture estim\u00e9e\" \/>\n\t<meta name=\"twitter:data2\" content=\"2 minutes\" \/>\n<script type=\"application\/ld+json\" class=\"yoast-schema-graph\">{\"@context\":\"https:\\\/\\\/schema.org\",\"@graph\":[{\"@type\":\"Article\",\"@id\":\"https:\\\/\\\/www.amanien.info\\\/news\\\/meeting-de-cloture-de-la-visite-d-etat-dans-la-marahoue-alassane-outtara-d-importants-investissements-ont-ete-realises-dans-la-region\\\/#article\",\"isPartOf\":{\"@id\":\"https:\\\/\\\/www.amanien.info\\\/news\\\/meeting-de-cloture-de-la-visite-d-etat-dans-la-marahoue-alassane-outtara-d-importants-investissements-ont-ete-realises-dans-la-region\\\/\"},\"author\":{\"name\":\"Germain Ndri\",\"@id\":\"https:\\\/\\\/www.amanien.info\\\/news\\\/#\\\/schema\\\/person\\\/b21093345753a1a98242d505bd894f42\"},\"headline\":\"Meeting de cl\u00f4ture de la visite d&rsquo; \u00c9tat dans la Marahou\u00e9: Alassane Outtara \u00a0\u00bb D&rsquo; importants investissements ont \u00e9t\u00e9 r\u00e9alis\u00e9s dans la r\u00e9gion\u00a0\u00bb\",\"datePublished\":\"2020-09-28T12:48:26+00:00\",\"dateModified\":\"2020-09-28T12:48:49+00:00\",\"mainEntityOfPage\":{\"@id\":\"https:\\\/\\\/www.amanien.info\\\/news\\\/meeting-de-cloture-de-la-visite-d-etat-dans-la-marahoue-alassane-outtara-d-importants-investissements-ont-ete-realises-dans-la-region\\\/\"},\"wordCount\":352,\"commentCount\":0,\"image\":{\"@id\":\"https:\\\/\\\/www.amanien.info\\\/news\\\/meeting-de-cloture-de-la-visite-d-etat-dans-la-marahoue-alassane-outtara-d-importants-investissements-ont-ete-realises-dans-la-region\\\/#primaryimage\"},\"thumbnailUrl\":\"https:\\\/\\\/www.amanien.info\\\/news\\\/wp-content\\\/uploads\\\/2020\\\/09\\\/thumbnail-11.png\",\"inLanguage\":\"fr-FR\"},{\"@type\":\"WebPage\",\"@id\":\"https:\\\/\\\/www.amanien.info\\\/news\\\/meeting-de-cloture-de-la-visite-d-etat-dans-la-marahoue-alassane-outtara-d-importants-investissements-ont-ete-realises-dans-la-region\\\/\",\"url\":\"https:\\\/\\\/www.amanien.info\\\/news\\\/meeting-de-cloture-de-la-visite-d-etat-dans-la-marahoue-alassane-outtara-d-importants-investissements-ont-ete-realises-dans-la-region\\\/\",\"name\":\"Meeting de cl\u00f4ture de la visite d' \u00c9tat dans la Marahou\u00e9: Alassane Outtara \\\" D' importants investissements ont \u00e9t\u00e9 r\u00e9alis\u00e9s dans la r\u00e9gion\\\" - Amanien| L&#039;actualit\u00e9 Ivoirienne et Internationale\",\"isPartOf\":{\"@id\":\"https:\\\/\\\/www.amanien.info\\\/news\\\/#website\"},\"primaryImageOfPage\":{\"@id\":\"https:\\\/\\\/www.amanien.info\\\/news\\\/meeting-de-cloture-de-la-visite-d-etat-dans-la-marahoue-alassane-outtara-d-importants-investissements-ont-ete-realises-dans-la-region\\\/#primaryimage\"},\"image\":{\"@id\":\"https:\\\/\\\/www.amanien.info\\\/news\\\/meeting-de-cloture-de-la-visite-d-etat-dans-la-marahoue-alassane-outtara-d-importants-investissements-ont-ete-realises-dans-la-region\\\/#primaryimage\"},\"thumbnailUrl\":\"https:\\\/\\\/www.amanien.info\\\/news\\\/wp-content\\\/uploads\\\/2020\\\/09\\\/thumbnail-11.png\",\"datePublished\":\"2020-09-28T12:48:26+00:00\",\"dateModified\":\"2020-09-28T12:48:49+00:00\",\"author\":{\"@id\":\"https:\\\/\\\/www.amanien.info\\\/news\\\/#\\\/schema\\\/person\\\/b21093345753a1a98242d505bd894f42\"},\"breadcrumb\":{\"@id\":\"https:\\\/\\\/www.amanien.info\\\/news\\\/meeting-de-cloture-de-la-visite-d-etat-dans-la-marahoue-alassane-outtara-d-importants-investissements-ont-ete-realises-dans-la-region\\\/#breadcrumb\"},\"inLanguage\":\"fr-FR\",\"potentialAction\":[{\"@type\":\"ReadAction\",\"target\":[\"https:\\\/\\\/www.amanien.info\\\/news\\\/meeting-de-cloture-de-la-visite-d-etat-dans-la-marahoue-alassane-outtara-d-importants-investissements-ont-ete-realises-dans-la-region\\\/\"]}]},{\"@type\":\"ImageObject\",\"inLanguage\":\"fr-FR\",\"@id\":\"https:\\\/\\\/www.amanien.info\\\/news\\\/meeting-de-cloture-de-la-visite-d-etat-dans-la-marahoue-alassane-outtara-d-importants-investissements-ont-ete-realises-dans-la-region\\\/#primaryimage\",\"url\":\"https:\\\/\\\/www.amanien.info\\\/news\\\/wp-content\\\/uploads\\\/2020\\\/09\\\/thumbnail-11.png\",\"contentUrl\":\"https:\\\/\\\/www.amanien.info\\\/news\\\/wp-content\\\/uploads\\\/2020\\\/09\\\/thumbnail-11.png\",\"width\":720,\"height\":480},{\"@type\":\"BreadcrumbList\",\"@id\":\"https:\\\/\\\/www.amanien.info\\\/news\\\/meeting-de-cloture-de-la-visite-d-etat-dans-la-marahoue-alassane-outtara-d-importants-investissements-ont-ete-realises-dans-la-region\\\/#breadcrumb\",\"itemListElement\":[{\"@type\":\"ListItem\",\"position\":1,\"name\":\"Accueil\",\"item\":\"https:\\\/\\\/www.amanien.info\\\/news\\\/\"},{\"@type\":\"ListItem\",\"position\":2,\"name\":\"Meeting de cl\u00f4ture de la visite d&rsquo; \u00c9tat dans la Marahou\u00e9: Alassane Outtara \u00a0\u00bb D&rsquo; importants investissements ont \u00e9t\u00e9 r\u00e9alis\u00e9s dans la r\u00e9gion\u00a0\u00bb\"}]},{\"@type\":\"WebSite\",\"@id\":\"https:\\\/\\\/www.amanien.info\\\/news\\\/#website\",\"url\":\"https:\\\/\\\/www.amanien.info\\\/news\\\/\",\"name\":\"Amanien| L&#039;actualit\u00e9 Ivoirienne et Internationale\",\"description\":\"L&#039;actualit\u00e9 Ivoirienne et Internationale\",\"potentialAction\":[{\"@type\":\"SearchAction\",\"target\":{\"@type\":\"EntryPoint\",\"urlTemplate\":\"https:\\\/\\\/www.amanien.info\\\/news\\\/?s={search_term_string}\"},\"query-input\":{\"@type\":\"PropertyValueSpecification\",\"valueRequired\":true,\"valueName\":\"search_term_string\"}}],\"inLanguage\":\"fr-FR\"},{\"@type\":\"Person\",\"@id\":\"https:\\\/\\\/www.amanien.info\\\/news\\\/#\\\/schema\\\/person\\\/b21093345753a1a98242d505bd894f42\",\"name\":\"Germain Ndri\",\"url\":\"https:\\\/\\\/www.amanien.info\\\/news\\\/author\\\/amanien-infos\\\/\"}]}<\/script>\n<!-- \/ Yoast SEO plugin. -->","yoast_head_json":{"title":"Meeting de cl\u00f4ture de la visite d' \u00c9tat dans la Marahou\u00e9: Alassane Outtara \" D' importants investissements ont \u00e9t\u00e9 r\u00e9alis\u00e9s dans la r\u00e9gion\" - Amanien| L&#039;actualit\u00e9 Ivoirienne et Internationale","robots":{"index":"index","follow":"follow","max-snippet":"max-snippet:-1","max-image-preview":"max-image-preview:large","max-video-preview":"max-video-preview:-1"},"canonical":"https:\/\/www.amanien.info\/news\/meeting-de-cloture-de-la-visite-d-etat-dans-la-marahoue-alassane-outtara-d-importants-investissements-ont-ete-realises-dans-la-region\/","og_locale":"fr_FR","og_type":"article","og_title":"Meeting de cl\u00f4ture de la visite d' \u00c9tat dans la Marahou\u00e9: Alassane Outtara \" D' importants investissements ont \u00e9t\u00e9 r\u00e9alis\u00e9s dans la r\u00e9gion\" - Amanien| L&#039;actualit\u00e9 Ivoirienne et Internationale","og_description":"Le Pr\u00e9sident de la R\u00e9publique, Alassane Ouattara, a anim\u00e9, le samedi 26 septembre 2020, \u00e0 Bouafl\u00e9, le meeting de cl\u00f4ture de sa Visite d\u2019Etat dans la R\u00e9gion de la Marahou\u00e9. Le Chef de l\u2019Etat a indiqu\u00e9 que les Visites d\u2019Etat, \u00e0 caract\u00e8re hautement r\u00e9publicain, sont des moments de communion avec les populations mais \u00e9galement l\u2019occasion [&hellip;]","og_url":"https:\/\/www.amanien.info\/news\/meeting-de-cloture-de-la-visite-d-etat-dans-la-marahoue-alassane-outtara-d-importants-investissements-ont-ete-realises-dans-la-region\/","og_site_name":"Amanien| L&#039;actualit\u00e9 Ivoirienne et Internationale","article_published_time":"2020-09-28T12:48:26+00:00","article_modified_time":"2020-09-28T12:48:49+00:00","og_image":[{"width":720,"height":480,"url":"https:\/\/www.amanien.info\/news\/wp-content\/uploads\/2020\/09\/thumbnail-11.png","type":"image\/png"}],"author":"Germain Ndri","twitter_card":"summary_large_image","twitter_misc":{"\u00c9crit par":"Germain Ndri","Dur\u00e9e de lecture estim\u00e9e":"2 minutes"},"schema":{"@context":"https:\/\/schema.org","@graph":[{"@type":"Article","@id":"https:\/\/www.amanien.info\/news\/meeting-de-cloture-de-la-visite-d-etat-dans-la-marahoue-alassane-outtara-d-importants-investissements-ont-ete-realises-dans-la-region\/#article","isPartOf":{"@id":"https:\/\/www.amanien.info\/news\/meeting-de-cloture-de-la-visite-d-etat-dans-la-marahoue-alassane-outtara-d-importants-investissements-ont-ete-realises-dans-la-region\/"},"author":{"name":"Germain Ndri","@id":"https:\/\/www.amanien.info\/news\/#\/schema\/person\/b21093345753a1a98242d505bd894f42"},"headline":"Meeting de cl\u00f4ture de la visite d&rsquo; \u00c9tat dans la Marahou\u00e9: Alassane Outtara \u00a0\u00bb D&rsquo; importants investissements ont \u00e9t\u00e9 r\u00e9alis\u00e9s dans la r\u00e9gion\u00a0\u00bb","datePublished":"2020-09-28T12:48:26+00:00","dateModified":"2020-09-28T12:48:49+00:00","mainEntityOfPage":{"@id":"https:\/\/www.amanien.info\/news\/meeting-de-cloture-de-la-visite-d-etat-dans-la-marahoue-alassane-outtara-d-importants-investissements-ont-ete-realises-dans-la-region\/"},"wordCount":352,"commentCount":0,"image":{"@id":"https:\/\/www.amanien.info\/news\/meeting-de-cloture-de-la-visite-d-etat-dans-la-marahoue-alassane-outtara-d-importants-investissements-ont-ete-realises-dans-la-region\/#primaryimage"},"thumbnailUrl":"https:\/\/www.amanien.info\/news\/wp-content\/uploads\/2020\/09\/thumbnail-11.png","inLanguage":"fr-FR"},{"@type":"WebPage","@id":"https:\/\/www.amanien.info\/news\/meeting-de-cloture-de-la-visite-d-etat-dans-la-marahoue-alassane-outtara-d-importants-investissements-ont-ete-realises-dans-la-region\/","url":"https:\/\/www.amanien.info\/news\/meeting-de-cloture-de-la-visite-d-etat-dans-la-marahoue-alassane-outtara-d-importants-investissements-ont-ete-realises-dans-la-region\/","name":"Meeting de cl\u00f4ture de la visite d' \u00c9tat dans la Marahou\u00e9: Alassane Outtara \" D' importants investissements ont \u00e9t\u00e9 r\u00e9alis\u00e9s dans la r\u00e9gion\" - Amanien| L&#039;actualit\u00e9 Ivoirienne et Internationale","isPartOf":{"@id":"https:\/\/www.amanien.info\/news\/#website"},"primaryImageOfPage":{"@id":"https:\/\/www.amanien.info\/news\/meeting-de-cloture-de-la-visite-d-etat-dans-la-marahoue-alassane-outtara-d-importants-investissements-ont-ete-realises-dans-la-region\/#primaryimage"},"image":{"@id":"https:\/\/www.amanien.info\/news\/meeting-de-cloture-de-la-visite-d-etat-dans-la-marahoue-alassane-outtara-d-importants-investissements-ont-ete-realises-dans-la-region\/#primaryimage"},"thumbnailUrl":"https:\/\/www.amanien.info\/news\/wp-content\/uploads\/2020\/09\/thumbnail-11.png","datePublished":"2020-09-28T12:48:26+00:00","dateModified":"2020-09-28T12:48:49+00:00","author":{"@id":"https:\/\/www.amanien.info\/news\/#\/schema\/person\/b21093345753a1a98242d505bd894f42"},"breadcrumb":{"@id":"https:\/\/www.amanien.info\/news\/meeting-de-cloture-de-la-visite-d-etat-dans-la-marahoue-alassane-outtara-d-importants-investissements-ont-ete-realises-dans-la-region\/#breadcrumb"},"inLanguage":"fr-FR","potentialAction":[{"@type":"ReadAction","target":["https:\/\/www.amanien.info\/news\/meeting-de-cloture-de-la-visite-d-etat-dans-la-marahoue-alassane-outtara-d-importants-investissements-ont-ete-realises-dans-la-region\/"]}]},{"@type":"ImageObject","inLanguage":"fr-FR","@id":"https:\/\/www.amanien.info\/news\/meeting-de-cloture-de-la-visite-d-etat-dans-la-marahoue-alassane-outtara-d-importants-investissements-ont-ete-realises-dans-la-region\/#primaryimage","url":"https:\/\/www.amanien.info\/news\/wp-content\/uploads\/2020\/09\/thumbnail-11.png","contentUrl":"https:\/\/www.amanien.info\/news\/wp-content\/uploads\/2020\/09\/thumbnail-11.png","width":720,"height":480},{"@type":"BreadcrumbList","@id":"https:\/\/www.amanien.info\/news\/meeting-de-cloture-de-la-visite-d-etat-dans-la-marahoue-alassane-outtara-d-importants-investissements-ont-ete-realises-dans-la-region\/#breadcrumb","itemListElement":[{"@type":"ListItem","position":1,"name":"Accueil","item":"https:\/\/www.amanien.info\/news\/"},{"@type":"ListItem","position":2,"name":"Meeting de cl\u00f4ture de la visite d&rsquo; \u00c9tat dans la Marahou\u00e9: Alassane Outtara \u00a0\u00bb D&rsquo; importants investissements ont \u00e9t\u00e9 r\u00e9alis\u00e9s dans la r\u00e9gion\u00a0\u00bb"}]},{"@type":"WebSite","@id":"https:\/\/www.amanien.info\/news\/#website","url":"https:\/\/www.amanien.info\/news\/","name":"Amanien| L&#039;actualit\u00e9 Ivoirienne et Internationale","description":"L&#039;actualit\u00e9 Ivoirienne et Internationale","potentialAction":[{"@type":"SearchAction","target":{"@type":"EntryPoint","urlTemplate":"https:\/\/www.amanien.info\/news\/?s={search_term_string}"},"query-input":{"@type":"PropertyValueSpecification","valueRequired":true,"valueName":"search_term_string"}}],"inLanguage":"fr-FR"},{"@type":"Person","@id":"https:\/\/www.amanien.info\/news\/#\/schema\/person\/b21093345753a1a98242d505bd894f42","name":"Germain Ndri","url":"https:\/\/www.amanien.info\/news\/author\/amanien-infos\/"}]}},"_links":{"self":[{"href":"https:\/\/www.amanien.info\/news\/wp-json\/wp\/v2\/posts\/1851","targetHints":{"allow":["GET"]}}],"collection":[{"href":"https:\/\/www.amanien.info\/news\/wp-json\/wp\/v2\/posts"}],"about":[{"href":"https:\/\/www.amanien.info\/news\/wp-json\/wp\/v2\/types\/post"}],"author":[{"embeddable":true,"href":"https:\/\/www.amanien.info\/news\/wp-json\/wp\/v2\/users\/2"}],"replies":[{"embeddable":true,"href":"https:\/\/www.amanien.info\/news\/wp-json\/wp\/v2\/comments?post=1851"}],"version-history":[{"count":0,"href":"https:\/\/www.amanien.info\/news\/wp-json\/wp\/v2\/posts\/1851\/revisions"}],"wp:featuredmedia":[{"embeddable":true,"href":"https:\/\/www.amanien.info\/news\/wp-json\/wp\/v2\/media\/1852"}],"wp:attachment":[{"href":"https:\/\/www.amanien.info\/news\/wp-json\/wp\/v2\/media?parent=1851"}],"wp:term":[{"taxonomy":"category","embeddable":true,"href":"https:\/\/www.amanien.info\/news\/wp-json\/wp\/v2\/categories?post=1851"},{"taxonomy":"post_tag","embeddable":true,"href":"https:\/\/www.amanien.info\/news\/wp-json\/wp\/v2\/tags?post=1851"}],"curies":[{"name":"wp","href":"https:\/\/api.w.org\/{rel}","templated":true}]}}