{"id":1834,"date":"2020-09-23T08:27:38","date_gmt":"2020-09-23T06:27:38","guid":{"rendered":"http:\/\/https:\/\/zozo.buyee.jp\/\/news\/?p=1834"},"modified":"2020-09-23T08:30:57","modified_gmt":"2020-09-23T06:30:57","slug":"cote-divoire-vatican-un-timbre-pour-celebrer-50-ans-de-relations","status":"publish","type":"post","link":"https:\/\/www.amanien.info\/news\/cote-divoire-vatican-un-timbre-pour-celebrer-50-ans-de-relations\/","title":{"rendered":"C\u00f4te d&rsquo;Ivoire- Vatican: Un timbre pour c\u00e9l\u00e9brer 50 ans de Relations"},"content":{"rendered":"<p>Le Pr\u00e9sident de la R\u00e9publique, S.E.M. Alassane OUATTARA, a pr\u00e9sid\u00e9, le lundi 21<br \/>\nseptembre 2020, au Palais de la Pr\u00e9sidence de la R\u00e9publique, la c\u00e9r\u00e9monie de<br \/>\nd\u00e9voilement du Timbre comm\u00e9moratif du 50e anniversaire de l\u2019\u00e9tablissement des<br \/>\nrelations diplomatiques entre la C\u00f4te d\u2019Ivoire et le Vatican.<\/p>\n<p>Dans son intervention, le Ministre de l\u2019Economie num\u00e9rique et de la Poste, M.<br \/>\nSANOGO Mamadou, a indiqu\u00e9 que les relations entre la C\u00f4te d\u2019Ivoire et le Saint-<br \/>\nSi\u00e8ge sont marqu\u00e9es par une bonne dose de culture et de civilisations multis\u00e9culaires avec un partenariat dynamique et fructueux.Pour mat\u00e9rialiser ces relations \u00e9troites, a ajout\u00e9 le Ministre SANOGO Mamadou, la<br \/>\nPoste de C\u00f4te d\u2019Ivoire et le Service philat\u00e9lique du Vatican sont convenus de<br \/>\nl\u2019\u00e9mission commune d\u2019un timbre-poste entre les deux Etats portant l\u2019effigie des deux chefs d\u2019Etat, et qui va rappeler \u00e0 la post\u00e9rit\u00e9 l\u2019histoire entre les deux Etats ainsi que les valeurs et les visions de Sa Saintet\u00e9, le Pape Fran\u00e7ois, et du Pr\u00e9sident Alassane<br \/>\nOUATTARA.Le Nonce Apostolique, Monseigneur Paolo BORGIA, doyen du Corps diplomatique, a, pour sa part, relev\u00e9 l\u2019excellence des relations entre la C\u00f4te d\u2019Ivoire et le Vatican,<br \/>\nmarqu\u00e9e, au fil des ann\u00e9es, par la signature de conventions et le renforcement de la<br \/>\ncoop\u00e9ration.Notons qu\u2019au terme des interventions, le Chef de l\u2019Etat a proc\u00e9d\u00e9 au d\u00e9voilement du<br \/>\nTimbre comm\u00e9moratif du 50e anniversaire de l\u2019\u00e9tablissement des Relations diplomatiques entre la C\u00f4te d\u2019Ivoire et le Vatican dont la th\u00e9matique principale porte sur la paix, ch\u00e8re aux deux Etats.<\/p>\n","protected":false},"excerpt":{"rendered":"<p>Le Pr\u00e9sident de la R\u00e9publique, S.E.M. Alassane OUATTARA, a pr\u00e9sid\u00e9, le lundi 21 septembre 2020, au Palais de la Pr\u00e9sidence de la R\u00e9publique, la c\u00e9r\u00e9monie de d\u00e9voilement du Timbre comm\u00e9moratif du 50e anniversaire de l\u2019\u00e9tablissement des relations diplomatiques entre la C\u00f4te d\u2019Ivoire et le Vatican. Dans son intervention, le Ministre de l\u2019Economie num\u00e9rique et de [&hellip;]<\/p>\n","protected":false},"author":2,"featured_media":1835,"comment_status":"open","ping_status":"open","sticky":true,"template":"","format":"standard","meta":{"_acf_changed":false,"footnotes":""},"categories":[],"tags":[],"class_list":["post-1834","post","type-post","status-publish","format-standard","has-post-thumbnail","hentry"],"acf":[],"yoast_head":"<!-- This site is optimized with the Yoast SEO plugin v27.5 - https:\/\/yoast.com\/product\/yoast-seo-wordpress\/ -->\n<title>C\u00f4te d&#039;Ivoire- Vatican: Un timbre pour c\u00e9l\u00e9brer 50 ans de Relations - Amanien| L&#039;actualit\u00e9 Ivoirienne et Internationale<\/title>\n<meta name=\"robots\" content=\"index, follow, max-snippet:-1, max-image-preview:large, max-video-preview:-1\" \/>\n<link rel=\"canonical\" href=\"https:\/\/www.amanien.info\/news\/cote-divoire-vatican-un-timbre-pour-celebrer-50-ans-de-relations\/\" \/>\n<meta property=\"og:locale\" content=\"fr_FR\" \/>\n<meta property=\"og:type\" content=\"article\" \/>\n<meta property=\"og:title\" content=\"C\u00f4te d&#039;Ivoire- Vatican: Un timbre pour c\u00e9l\u00e9brer 50 ans de Relations - Amanien| L&#039;actualit\u00e9 Ivoirienne et Internationale\" \/>\n<meta property=\"og:description\" content=\"Le Pr\u00e9sident de la R\u00e9publique, S.E.M. Alassane OUATTARA, a pr\u00e9sid\u00e9, le lundi 21 septembre 2020, au Palais de la Pr\u00e9sidence de la R\u00e9publique, la c\u00e9r\u00e9monie de d\u00e9voilement du Timbre comm\u00e9moratif du 50e anniversaire de l\u2019\u00e9tablissement des relations diplomatiques entre la C\u00f4te d\u2019Ivoire et le Vatican. Dans son intervention, le Ministre de l\u2019Economie num\u00e9rique et de [&hellip;]\" \/>\n<meta property=\"og:url\" content=\"https:\/\/www.amanien.info\/news\/cote-divoire-vatican-un-timbre-pour-celebrer-50-ans-de-relations\/\" \/>\n<meta property=\"og:site_name\" content=\"Amanien| L&#039;actualit\u00e9 Ivoirienne et Internationale\" \/>\n<meta property=\"article:published_time\" content=\"2020-09-23T06:27:38+00:00\" \/>\n<meta property=\"article:modified_time\" content=\"2020-09-23T06:30:57+00:00\" \/>\n<meta property=\"og:image\" content=\"https:\/\/www.amanien.info\/news\/wp-content\/uploads\/2020\/09\/thumbnail-9.png\" \/>\n\t<meta property=\"og:image:width\" content=\"720\" \/>\n\t<meta property=\"og:image:height\" content=\"480\" \/>\n\t<meta property=\"og:image:type\" content=\"image\/png\" \/>\n<meta name=\"author\" content=\"Germain Ndri\" \/>\n<meta name=\"twitter:card\" content=\"summary_large_image\" \/>\n<meta name=\"twitter:label1\" content=\"\u00c9crit par\" \/>\n\t<meta name=\"twitter:data1\" content=\"Germain Ndri\" \/>\n\t<meta name=\"twitter:label2\" content=\"Dur\u00e9e de lecture estim\u00e9e\" \/>\n\t<meta name=\"twitter:data2\" content=\"1 minute\" \/>\n<script type=\"application\/ld+json\" class=\"yoast-schema-graph\">{\"@context\":\"https:\\\/\\\/schema.org\",\"@graph\":[{\"@type\":\"Article\",\"@id\":\"https:\\\/\\\/www.amanien.info\\\/news\\\/cote-divoire-vatican-un-timbre-pour-celebrer-50-ans-de-relations\\\/#article\",\"isPartOf\":{\"@id\":\"https:\\\/\\\/www.amanien.info\\\/news\\\/cote-divoire-vatican-un-timbre-pour-celebrer-50-ans-de-relations\\\/\"},\"author\":{\"name\":\"Germain Ndri\",\"@id\":\"https:\\\/\\\/www.amanien.info\\\/news\\\/#\\\/schema\\\/person\\\/b21093345753a1a98242d505bd894f42\"},\"headline\":\"C\u00f4te d&rsquo;Ivoire- Vatican: Un timbre pour c\u00e9l\u00e9brer 50 ans de Relations\",\"datePublished\":\"2020-09-23T06:27:38+00:00\",\"dateModified\":\"2020-09-23T06:30:57+00:00\",\"mainEntityOfPage\":{\"@id\":\"https:\\\/\\\/www.amanien.info\\\/news\\\/cote-divoire-vatican-un-timbre-pour-celebrer-50-ans-de-relations\\\/\"},\"wordCount\":304,\"commentCount\":0,\"image\":{\"@id\":\"https:\\\/\\\/www.amanien.info\\\/news\\\/cote-divoire-vatican-un-timbre-pour-celebrer-50-ans-de-relations\\\/#primaryimage\"},\"thumbnailUrl\":\"https:\\\/\\\/www.amanien.info\\\/news\\\/wp-content\\\/uploads\\\/2020\\\/09\\\/thumbnail-9.png\",\"inLanguage\":\"fr-FR\"},{\"@type\":\"WebPage\",\"@id\":\"https:\\\/\\\/www.amanien.info\\\/news\\\/cote-divoire-vatican-un-timbre-pour-celebrer-50-ans-de-relations\\\/\",\"url\":\"https:\\\/\\\/www.amanien.info\\\/news\\\/cote-divoire-vatican-un-timbre-pour-celebrer-50-ans-de-relations\\\/\",\"name\":\"C\u00f4te d'Ivoire- Vatican: Un timbre pour c\u00e9l\u00e9brer 50 ans de Relations - Amanien| L&#039;actualit\u00e9 Ivoirienne et Internationale\",\"isPartOf\":{\"@id\":\"https:\\\/\\\/www.amanien.info\\\/news\\\/#website\"},\"primaryImageOfPage\":{\"@id\":\"https:\\\/\\\/www.amanien.info\\\/news\\\/cote-divoire-vatican-un-timbre-pour-celebrer-50-ans-de-relations\\\/#primaryimage\"},\"image\":{\"@id\":\"https:\\\/\\\/www.amanien.info\\\/news\\\/cote-divoire-vatican-un-timbre-pour-celebrer-50-ans-de-relations\\\/#primaryimage\"},\"thumbnailUrl\":\"https:\\\/\\\/www.amanien.info\\\/news\\\/wp-content\\\/uploads\\\/2020\\\/09\\\/thumbnail-9.png\",\"datePublished\":\"2020-09-23T06:27:38+00:00\",\"dateModified\":\"2020-09-23T06:30:57+00:00\",\"author\":{\"@id\":\"https:\\\/\\\/www.amanien.info\\\/news\\\/#\\\/schema\\\/person\\\/b21093345753a1a98242d505bd894f42\"},\"breadcrumb\":{\"@id\":\"https:\\\/\\\/www.amanien.info\\\/news\\\/cote-divoire-vatican-un-timbre-pour-celebrer-50-ans-de-relations\\\/#breadcrumb\"},\"inLanguage\":\"fr-FR\",\"potentialAction\":[{\"@type\":\"ReadAction\",\"target\":[\"https:\\\/\\\/www.amanien.info\\\/news\\\/cote-divoire-vatican-un-timbre-pour-celebrer-50-ans-de-relations\\\/\"]}]},{\"@type\":\"ImageObject\",\"inLanguage\":\"fr-FR\",\"@id\":\"https:\\\/\\\/www.amanien.info\\\/news\\\/cote-divoire-vatican-un-timbre-pour-celebrer-50-ans-de-relations\\\/#primaryimage\",\"url\":\"https:\\\/\\\/www.amanien.info\\\/news\\\/wp-content\\\/uploads\\\/2020\\\/09\\\/thumbnail-9.png\",\"contentUrl\":\"https:\\\/\\\/www.amanien.info\\\/news\\\/wp-content\\\/uploads\\\/2020\\\/09\\\/thumbnail-9.png\",\"width\":720,\"height\":480},{\"@type\":\"BreadcrumbList\",\"@id\":\"https:\\\/\\\/www.amanien.info\\\/news\\\/cote-divoire-vatican-un-timbre-pour-celebrer-50-ans-de-relations\\\/#breadcrumb\",\"itemListElement\":[{\"@type\":\"ListItem\",\"position\":1,\"name\":\"Accueil\",\"item\":\"https:\\\/\\\/www.amanien.info\\\/news\\\/\"},{\"@type\":\"ListItem\",\"position\":2,\"name\":\"C\u00f4te d&rsquo;Ivoire- Vatican: Un timbre pour c\u00e9l\u00e9brer 50 ans de Relations\"}]},{\"@type\":\"WebSite\",\"@id\":\"https:\\\/\\\/www.amanien.info\\\/news\\\/#website\",\"url\":\"https:\\\/\\\/www.amanien.info\\\/news\\\/\",\"name\":\"Amanien| L&#039;actualit\u00e9 Ivoirienne et Internationale\",\"description\":\"L&#039;actualit\u00e9 Ivoirienne et Internationale\",\"potentialAction\":[{\"@type\":\"SearchAction\",\"target\":{\"@type\":\"EntryPoint\",\"urlTemplate\":\"https:\\\/\\\/www.amanien.info\\\/news\\\/?s={search_term_string}\"},\"query-input\":{\"@type\":\"PropertyValueSpecification\",\"valueRequired\":true,\"valueName\":\"search_term_string\"}}],\"inLanguage\":\"fr-FR\"},{\"@type\":\"Person\",\"@id\":\"https:\\\/\\\/www.amanien.info\\\/news\\\/#\\\/schema\\\/person\\\/b21093345753a1a98242d505bd894f42\",\"name\":\"Germain Ndri\",\"url\":\"https:\\\/\\\/www.amanien.info\\\/news\\\/author\\\/amanien-infos\\\/\"}]}<\/script>\n<!-- \/ Yoast SEO plugin. -->","yoast_head_json":{"title":"C\u00f4te d'Ivoire- Vatican: Un timbre pour c\u00e9l\u00e9brer 50 ans de Relations - Amanien| L&#039;actualit\u00e9 Ivoirienne et Internationale","robots":{"index":"index","follow":"follow","max-snippet":"max-snippet:-1","max-image-preview":"max-image-preview:large","max-video-preview":"max-video-preview:-1"},"canonical":"https:\/\/www.amanien.info\/news\/cote-divoire-vatican-un-timbre-pour-celebrer-50-ans-de-relations\/","og_locale":"fr_FR","og_type":"article","og_title":"C\u00f4te d'Ivoire- Vatican: Un timbre pour c\u00e9l\u00e9brer 50 ans de Relations - Amanien| L&#039;actualit\u00e9 Ivoirienne et Internationale","og_description":"Le Pr\u00e9sident de la R\u00e9publique, S.E.M. Alassane OUATTARA, a pr\u00e9sid\u00e9, le lundi 21 septembre 2020, au Palais de la Pr\u00e9sidence de la R\u00e9publique, la c\u00e9r\u00e9monie de d\u00e9voilement du Timbre comm\u00e9moratif du 50e anniversaire de l\u2019\u00e9tablissement des relations diplomatiques entre la C\u00f4te d\u2019Ivoire et le Vatican. Dans son intervention, le Ministre de l\u2019Economie num\u00e9rique et de [&hellip;]","og_url":"https:\/\/www.amanien.info\/news\/cote-divoire-vatican-un-timbre-pour-celebrer-50-ans-de-relations\/","og_site_name":"Amanien| L&#039;actualit\u00e9 Ivoirienne et Internationale","article_published_time":"2020-09-23T06:27:38+00:00","article_modified_time":"2020-09-23T06:30:57+00:00","og_image":[{"width":720,"height":480,"url":"https:\/\/www.amanien.info\/news\/wp-content\/uploads\/2020\/09\/thumbnail-9.png","type":"image\/png"}],"author":"Germain Ndri","twitter_card":"summary_large_image","twitter_misc":{"\u00c9crit par":"Germain Ndri","Dur\u00e9e de lecture estim\u00e9e":"1 minute"},"schema":{"@context":"https:\/\/schema.org","@graph":[{"@type":"Article","@id":"https:\/\/www.amanien.info\/news\/cote-divoire-vatican-un-timbre-pour-celebrer-50-ans-de-relations\/#article","isPartOf":{"@id":"https:\/\/www.amanien.info\/news\/cote-divoire-vatican-un-timbre-pour-celebrer-50-ans-de-relations\/"},"author":{"name":"Germain Ndri","@id":"https:\/\/www.amanien.info\/news\/#\/schema\/person\/b21093345753a1a98242d505bd894f42"},"headline":"C\u00f4te d&rsquo;Ivoire- Vatican: Un timbre pour c\u00e9l\u00e9brer 50 ans de Relations","datePublished":"2020-09-23T06:27:38+00:00","dateModified":"2020-09-23T06:30:57+00:00","mainEntityOfPage":{"@id":"https:\/\/www.amanien.info\/news\/cote-divoire-vatican-un-timbre-pour-celebrer-50-ans-de-relations\/"},"wordCount":304,"commentCount":0,"image":{"@id":"https:\/\/www.amanien.info\/news\/cote-divoire-vatican-un-timbre-pour-celebrer-50-ans-de-relations\/#primaryimage"},"thumbnailUrl":"https:\/\/www.amanien.info\/news\/wp-content\/uploads\/2020\/09\/thumbnail-9.png","inLanguage":"fr-FR"},{"@type":"WebPage","@id":"https:\/\/www.amanien.info\/news\/cote-divoire-vatican-un-timbre-pour-celebrer-50-ans-de-relations\/","url":"https:\/\/www.amanien.info\/news\/cote-divoire-vatican-un-timbre-pour-celebrer-50-ans-de-relations\/","name":"C\u00f4te d'Ivoire- Vatican: Un timbre pour c\u00e9l\u00e9brer 50 ans de Relations - Amanien| L&#039;actualit\u00e9 Ivoirienne et Internationale","isPartOf":{"@id":"https:\/\/www.amanien.info\/news\/#website"},"primaryImageOfPage":{"@id":"https:\/\/www.amanien.info\/news\/cote-divoire-vatican-un-timbre-pour-celebrer-50-ans-de-relations\/#primaryimage"},"image":{"@id":"https:\/\/www.amanien.info\/news\/cote-divoire-vatican-un-timbre-pour-celebrer-50-ans-de-relations\/#primaryimage"},"thumbnailUrl":"https:\/\/www.amanien.info\/news\/wp-content\/uploads\/2020\/09\/thumbnail-9.png","datePublished":"2020-09-23T06:27:38+00:00","dateModified":"2020-09-23T06:30:57+00:00","author":{"@id":"https:\/\/www.amanien.info\/news\/#\/schema\/person\/b21093345753a1a98242d505bd894f42"},"breadcrumb":{"@id":"https:\/\/www.amanien.info\/news\/cote-divoire-vatican-un-timbre-pour-celebrer-50-ans-de-relations\/#breadcrumb"},"inLanguage":"fr-FR","potentialAction":[{"@type":"ReadAction","target":["https:\/\/www.amanien.info\/news\/cote-divoire-vatican-un-timbre-pour-celebrer-50-ans-de-relations\/"]}]},{"@type":"ImageObject","inLanguage":"fr-FR","@id":"https:\/\/www.amanien.info\/news\/cote-divoire-vatican-un-timbre-pour-celebrer-50-ans-de-relations\/#primaryimage","url":"https:\/\/www.amanien.info\/news\/wp-content\/uploads\/2020\/09\/thumbnail-9.png","contentUrl":"https:\/\/www.amanien.info\/news\/wp-content\/uploads\/2020\/09\/thumbnail-9.png","width":720,"height":480},{"@type":"BreadcrumbList","@id":"https:\/\/www.amanien.info\/news\/cote-divoire-vatican-un-timbre-pour-celebrer-50-ans-de-relations\/#breadcrumb","itemListElement":[{"@type":"ListItem","position":1,"name":"Accueil","item":"https:\/\/www.amanien.info\/news\/"},{"@type":"ListItem","position":2,"name":"C\u00f4te d&rsquo;Ivoire- Vatican: Un timbre pour c\u00e9l\u00e9brer 50 ans de Relations"}]},{"@type":"WebSite","@id":"https:\/\/www.amanien.info\/news\/#website","url":"https:\/\/www.amanien.info\/news\/","name":"Amanien| L&#039;actualit\u00e9 Ivoirienne et Internationale","description":"L&#039;actualit\u00e9 Ivoirienne et Internationale","potentialAction":[{"@type":"SearchAction","target":{"@type":"EntryPoint","urlTemplate":"https:\/\/www.amanien.info\/news\/?s={search_term_string}"},"query-input":{"@type":"PropertyValueSpecification","valueRequired":true,"valueName":"search_term_string"}}],"inLanguage":"fr-FR"},{"@type":"Person","@id":"https:\/\/www.amanien.info\/news\/#\/schema\/person\/b21093345753a1a98242d505bd894f42","name":"Germain Ndri","url":"https:\/\/www.amanien.info\/news\/author\/amanien-infos\/"}]}},"_links":{"self":[{"href":"https:\/\/www.amanien.info\/news\/wp-json\/wp\/v2\/posts\/1834","targetHints":{"allow":["GET"]}}],"collection":[{"href":"https:\/\/www.amanien.info\/news\/wp-json\/wp\/v2\/posts"}],"about":[{"href":"https:\/\/www.amanien.info\/news\/wp-json\/wp\/v2\/types\/post"}],"author":[{"embeddable":true,"href":"https:\/\/www.amanien.info\/news\/wp-json\/wp\/v2\/users\/2"}],"replies":[{"embeddable":true,"href":"https:\/\/www.amanien.info\/news\/wp-json\/wp\/v2\/comments?post=1834"}],"version-history":[{"count":0,"href":"https:\/\/www.amanien.info\/news\/wp-json\/wp\/v2\/posts\/1834\/revisions"}],"wp:featuredmedia":[{"embeddable":true,"href":"https:\/\/www.amanien.info\/news\/wp-json\/wp\/v2\/media\/1835"}],"wp:attachment":[{"href":"https:\/\/www.amanien.info\/news\/wp-json\/wp\/v2\/media?parent=1834"}],"wp:term":[{"taxonomy":"category","embeddable":true,"href":"https:\/\/www.amanien.info\/news\/wp-json\/wp\/v2\/categories?post=1834"},{"taxonomy":"post_tag","embeddable":true,"href":"https:\/\/www.amanien.info\/news\/wp-json\/wp\/v2\/tags?post=1834"}],"curies":[{"name":"wp","href":"https:\/\/api.w.org\/{rel}","templated":true}]}}