{"id":1827,"date":"2020-09-21T14:10:08","date_gmt":"2020-09-21T12:10:08","guid":{"rendered":"http:\/\/https:\/\/zozo.buyee.jp\/\/news\/?p=1827"},"modified":"2020-09-21T14:10:28","modified_gmt":"2020-09-21T12:10:28","slug":"des-travaux-de-construction-des-infrastructures-culturelles-de-formation-et-deducation-lances-a-san-pedro","status":"publish","type":"post","link":"https:\/\/www.amanien.info\/news\/des-travaux-de-construction-des-infrastructures-culturelles-de-formation-et-deducation-lances-a-san-pedro\/","title":{"rendered":"Des travaux de construction des infrastructures culturelles de formation et d\u2019\u00e9ducation lanc\u00e9s \u00e0 San-Pedro"},"content":{"rendered":"<p>Raymonde Goudou Coffie, ministre de la culture et de la francophonie, a proc\u00e9d\u00e9 le samedi 19 septembre 2020, \u00e0 la pose de la 1\u00e8re pierre des travaux de construction et d\u2019\u00e9quipement du Centre Culturel Int\u00e9gr\u00e9 (CCI) et du Lyc\u00e9e Professionnel de l\u2019Enseignement Artistique (LPEA) de la ville de San-Pedro.<\/p>\n<p>La c\u00e9r\u00e9monie solennelle a eu lieu dans le village de Gor\u00e9k\u00e9, \u00e0 4 Km de la ville de San-Pedro.<\/p>\n<p>R\u00e9alis\u00e9 sur une superficie de 7 hectares, le co\u00fbt global des travaux de construction de ces infrastructures est estim\u00e9 \u00e0 18 milliards de FCFA r\u00e9alisable 30 mois.<br \/>\nLe centre culturel int\u00e9gr\u00e9, est un joyau architectural qui comporte un mus\u00e9e d\u2019une superficie 764 m\u00b2 avec sa galerie d\u2019art qui peut recevoir jusqu\u2019\u00e0 500 visiteurs, une m\u00e9diath\u00e8que, une salle audio-visuelle d\u2019une superficie de 572 m\u00b2 qui peut accueillir 300 personnes, une salle de conf\u00e9rence, un auditorium d\u2019une capacit\u00e9 de 400 places d\u2019une valeur de 4,5 milliards.<\/p>\n<p>Quant au Lyc\u00e9e Artistique, d\u2019une valeur de 13,5 milliards, sera b\u00e2tie sur une superficie d\u2019environ 3,5 hectares et comptera plus d\u2019une soixantaine de salle de classes et pratiques artistiques de toutes natures, un b\u00e2timent principal, de r\u00e9ez de chauss\u00e9e, un b\u00e2timent administratif, une infirmerie, une biblioth\u00e8que, une m\u00e9diath\u00e8que, un auditorium, un restaurant moderne, un complexe sportif et un amphith\u00e9\u00e2tre d\u2019une capacit\u00e9 pr\u00e9visionnelle de 600 places assises comportant d\u2019un loge.<\/p>\n<p>Selon Raymonde Goudou Coffie, la r\u00e9alisation de ces infrastructures, s\u2019inscrit dans le cadre d\u2019un vaste programme gouvernemental de construction et d\u2019\u00e9quipement d\u2019infrastructures culturelles de formation, d\u2019\u00e9ducation et de diffusion.<\/p>\n<p>A l\u2019en croire, San-Pedro est la 3\u00e8me capitale r\u00e9gionale apr\u00e8s Dimbokro et Yamoussoukro, \u00e0 b\u00e9n\u00e9ficier de ces travaux importants, impuls\u00e9s par le Gouvernement.<\/p>\n<p>Par ailleurs, la ministre de la culture et de la francophonie a \u00e9mis le v\u0153u de voir ce centre aider les jeunes \u00e0 mieux coordonner leurs efforts pour la cause de la culture.<\/p>\n<p>\u00abJe souhaite chers parents que ce centre int\u00e9gr\u00e9, soit le refuge de nos jeunes o\u00f9 en dehors de leur domicile respectif, ils puissent s\u2019adonner \u00e0 des activit\u00e9s ludiques et instructives qui vont contribuer \u00e0 leur \u00e9panouissement intellectuel, moral et physique \u00bb, a-t-elle exhort\u00e9.<br \/>\n\u00ab A travers ces actions, le Gouvernement veut pr\u00e9parer l\u2019avenir de la jeunesse \u00bb, a soulign\u00e9 la ministre Raymonde Goudou Coffie, tout en invitant la jeunesse \u00e0 abandonner la rue et s\u2019inscrire dans la vision du d\u00e9veloppement du pays.<\/p>\n<p>Pour sa part, le maire de la commune de San-Pedro, Anobl\u00e9 F\u00e9lix, a prononc\u00e9 un discours dans lequel il s\u2019est r\u00e9joui de la construction de ces \u00e9difices qui vont contribuer au d\u00e9veloppement de la culture locale.<\/p>\n<p>\u00ab C\u2019est \u00e0 juste titre que je voudrais me r\u00e9jouir de la construction de ces \u00e9difices, qui vont contribuer en a point douter au d\u00e9veloppement de la culture locale. Mesdames et messieurs, ces lieux d\u2019apprentissage et de formation et de rencontre que vous posez ce jour les fondements seront un \u00e9l\u00e9ment catalyseur de la politique culturelle dans la r\u00e9gion de San-Pedro \u00bb, a d\u00e9clar\u00e9 le 1er magistrat de la commune de San-Pedro, soulignant que ce centre sera un espace de rencontre, d\u2019apprentissage, d\u2019\u00e9change de diversit\u00e9 culturelle et de divertissement.<\/p>\n<p>Au nom de la population et de la municipalit\u00e9, le 1er magistrat de la commune de San-Pedro a traduit sa reconnaissance au Chef de l\u2019Etat et \u00e0 son Gouvernement pour le choix port\u00e9 sur sa commune pour abriter ces importantes r\u00e9alisations.<\/p>\n<p>Aux regards de ces travaux impuls\u00e9s par le Pr\u00e9sident de la R\u00e9publique, SEM Alassane Ouattara, dans la seconde ville portuaire de la C\u00f4te d\u2019ivoire, le maire de San-Pedro ne peut qu\u2019affirmer son engagement pour la victoire du Pr\u00e9sident sortant aux \u00e9lections prochaines.<\/p>\n<p>\u00ab Je voudrais, assurer mon engagement personnel, ainsi que celui des populations \u00e0 ces cot\u00e9s dans ces projets de d\u00e9veloppement du pays. Parce que, la meilleure fa\u00e7on, c\u2019est faire en sorte de ne pas changer l\u2019\u00e9quipe qui gagne, et l\u2019\u00e9quipe d\u2019Alassane Ouattara gagne ! Et gagne ! \u00bb, a-t-il lanc\u00e9.<br \/>\nThierry Lagognon<\/p>\n","protected":false},"excerpt":{"rendered":"<p>Raymonde Goudou Coffie, ministre de la culture et de la francophonie, a proc\u00e9d\u00e9 le samedi 19 septembre 2020, \u00e0 la pose de la 1\u00e8re pierre des travaux de construction et d\u2019\u00e9quipement du Centre Culturel Int\u00e9gr\u00e9 (CCI) et du Lyc\u00e9e Professionnel de l\u2019Enseignement Artistique (LPEA) de la ville de San-Pedro. La c\u00e9r\u00e9monie solennelle a eu lieu [&hellip;]<\/p>\n","protected":false},"author":2,"featured_media":1828,"comment_status":"open","ping_status":"open","sticky":true,"template":"","format":"standard","meta":{"_acf_changed":false,"footnotes":""},"categories":[],"tags":[],"class_list":["post-1827","post","type-post","status-publish","format-standard","has-post-thumbnail","hentry"],"acf":[],"yoast_head":"<!-- This site is optimized with the Yoast SEO plugin v27.5 - https:\/\/yoast.com\/product\/yoast-seo-wordpress\/ -->\n<title>Des travaux de construction des infrastructures culturelles de formation et d\u2019\u00e9ducation lanc\u00e9s \u00e0 San-Pedro - Amanien| L&#039;actualit\u00e9 Ivoirienne et Internationale<\/title>\n<meta name=\"robots\" content=\"index, follow, max-snippet:-1, max-image-preview:large, max-video-preview:-1\" \/>\n<link rel=\"canonical\" href=\"https:\/\/www.amanien.info\/news\/des-travaux-de-construction-des-infrastructures-culturelles-de-formation-et-deducation-lances-a-san-pedro\/\" \/>\n<meta property=\"og:locale\" content=\"fr_FR\" \/>\n<meta property=\"og:type\" content=\"article\" \/>\n<meta property=\"og:title\" content=\"Des travaux de construction des infrastructures culturelles de formation et d\u2019\u00e9ducation lanc\u00e9s \u00e0 San-Pedro - Amanien| L&#039;actualit\u00e9 Ivoirienne et Internationale\" \/>\n<meta property=\"og:description\" content=\"Raymonde Goudou Coffie, ministre de la culture et de la francophonie, a proc\u00e9d\u00e9 le samedi 19 septembre 2020, \u00e0 la pose de la 1\u00e8re pierre des travaux de construction et d\u2019\u00e9quipement du Centre Culturel Int\u00e9gr\u00e9 (CCI) et du Lyc\u00e9e Professionnel de l\u2019Enseignement Artistique (LPEA) de la ville de San-Pedro. La c\u00e9r\u00e9monie solennelle a eu lieu [&hellip;]\" \/>\n<meta property=\"og:url\" content=\"https:\/\/www.amanien.info\/news\/des-travaux-de-construction-des-infrastructures-culturelles-de-formation-et-deducation-lances-a-san-pedro\/\" \/>\n<meta property=\"og:site_name\" content=\"Amanien| L&#039;actualit\u00e9 Ivoirienne et Internationale\" \/>\n<meta property=\"article:published_time\" content=\"2020-09-21T12:10:08+00:00\" \/>\n<meta property=\"article:modified_time\" content=\"2020-09-21T12:10:28+00:00\" \/>\n<meta property=\"og:image\" content=\"https:\/\/www.amanien.info\/news\/wp-content\/uploads\/2020\/09\/thumbnail-18.jpg\" \/>\n\t<meta property=\"og:image:width\" content=\"1080\" \/>\n\t<meta property=\"og:image:height\" content=\"608\" \/>\n\t<meta property=\"og:image:type\" content=\"image\/jpeg\" \/>\n<meta name=\"author\" content=\"Germain Ndri\" \/>\n<meta name=\"twitter:card\" content=\"summary_large_image\" \/>\n<meta name=\"twitter:label1\" content=\"\u00c9crit par\" \/>\n\t<meta name=\"twitter:data1\" content=\"Germain Ndri\" \/>\n\t<meta name=\"twitter:label2\" content=\"Dur\u00e9e de lecture estim\u00e9e\" \/>\n\t<meta name=\"twitter:data2\" content=\"3 minutes\" \/>\n<script type=\"application\/ld+json\" class=\"yoast-schema-graph\">{\"@context\":\"https:\\\/\\\/schema.org\",\"@graph\":[{\"@type\":\"Article\",\"@id\":\"https:\\\/\\\/www.amanien.info\\\/news\\\/des-travaux-de-construction-des-infrastructures-culturelles-de-formation-et-deducation-lances-a-san-pedro\\\/#article\",\"isPartOf\":{\"@id\":\"https:\\\/\\\/www.amanien.info\\\/news\\\/des-travaux-de-construction-des-infrastructures-culturelles-de-formation-et-deducation-lances-a-san-pedro\\\/\"},\"author\":{\"name\":\"Germain Ndri\",\"@id\":\"https:\\\/\\\/www.amanien.info\\\/news\\\/#\\\/schema\\\/person\\\/b21093345753a1a98242d505bd894f42\"},\"headline\":\"Des travaux de construction des infrastructures culturelles de formation et d\u2019\u00e9ducation lanc\u00e9s \u00e0 San-Pedro\",\"datePublished\":\"2020-09-21T12:10:08+00:00\",\"dateModified\":\"2020-09-21T12:10:28+00:00\",\"mainEntityOfPage\":{\"@id\":\"https:\\\/\\\/www.amanien.info\\\/news\\\/des-travaux-de-construction-des-infrastructures-culturelles-de-formation-et-deducation-lances-a-san-pedro\\\/\"},\"wordCount\":714,\"commentCount\":0,\"image\":{\"@id\":\"https:\\\/\\\/www.amanien.info\\\/news\\\/des-travaux-de-construction-des-infrastructures-culturelles-de-formation-et-deducation-lances-a-san-pedro\\\/#primaryimage\"},\"thumbnailUrl\":\"https:\\\/\\\/www.amanien.info\\\/news\\\/wp-content\\\/uploads\\\/2020\\\/09\\\/thumbnail-18.jpg\",\"inLanguage\":\"fr-FR\"},{\"@type\":\"WebPage\",\"@id\":\"https:\\\/\\\/www.amanien.info\\\/news\\\/des-travaux-de-construction-des-infrastructures-culturelles-de-formation-et-deducation-lances-a-san-pedro\\\/\",\"url\":\"https:\\\/\\\/www.amanien.info\\\/news\\\/des-travaux-de-construction-des-infrastructures-culturelles-de-formation-et-deducation-lances-a-san-pedro\\\/\",\"name\":\"Des travaux de construction des infrastructures culturelles de formation et d\u2019\u00e9ducation lanc\u00e9s \u00e0 San-Pedro - Amanien| L&#039;actualit\u00e9 Ivoirienne et Internationale\",\"isPartOf\":{\"@id\":\"https:\\\/\\\/www.amanien.info\\\/news\\\/#website\"},\"primaryImageOfPage\":{\"@id\":\"https:\\\/\\\/www.amanien.info\\\/news\\\/des-travaux-de-construction-des-infrastructures-culturelles-de-formation-et-deducation-lances-a-san-pedro\\\/#primaryimage\"},\"image\":{\"@id\":\"https:\\\/\\\/www.amanien.info\\\/news\\\/des-travaux-de-construction-des-infrastructures-culturelles-de-formation-et-deducation-lances-a-san-pedro\\\/#primaryimage\"},\"thumbnailUrl\":\"https:\\\/\\\/www.amanien.info\\\/news\\\/wp-content\\\/uploads\\\/2020\\\/09\\\/thumbnail-18.jpg\",\"datePublished\":\"2020-09-21T12:10:08+00:00\",\"dateModified\":\"2020-09-21T12:10:28+00:00\",\"author\":{\"@id\":\"https:\\\/\\\/www.amanien.info\\\/news\\\/#\\\/schema\\\/person\\\/b21093345753a1a98242d505bd894f42\"},\"breadcrumb\":{\"@id\":\"https:\\\/\\\/www.amanien.info\\\/news\\\/des-travaux-de-construction-des-infrastructures-culturelles-de-formation-et-deducation-lances-a-san-pedro\\\/#breadcrumb\"},\"inLanguage\":\"fr-FR\",\"potentialAction\":[{\"@type\":\"ReadAction\",\"target\":[\"https:\\\/\\\/www.amanien.info\\\/news\\\/des-travaux-de-construction-des-infrastructures-culturelles-de-formation-et-deducation-lances-a-san-pedro\\\/\"]}]},{\"@type\":\"ImageObject\",\"inLanguage\":\"fr-FR\",\"@id\":\"https:\\\/\\\/www.amanien.info\\\/news\\\/des-travaux-de-construction-des-infrastructures-culturelles-de-formation-et-deducation-lances-a-san-pedro\\\/#primaryimage\",\"url\":\"https:\\\/\\\/www.amanien.info\\\/news\\\/wp-content\\\/uploads\\\/2020\\\/09\\\/thumbnail-18.jpg\",\"contentUrl\":\"https:\\\/\\\/www.amanien.info\\\/news\\\/wp-content\\\/uploads\\\/2020\\\/09\\\/thumbnail-18.jpg\",\"width\":1080,\"height\":608},{\"@type\":\"BreadcrumbList\",\"@id\":\"https:\\\/\\\/www.amanien.info\\\/news\\\/des-travaux-de-construction-des-infrastructures-culturelles-de-formation-et-deducation-lances-a-san-pedro\\\/#breadcrumb\",\"itemListElement\":[{\"@type\":\"ListItem\",\"position\":1,\"name\":\"Accueil\",\"item\":\"https:\\\/\\\/www.amanien.info\\\/news\\\/\"},{\"@type\":\"ListItem\",\"position\":2,\"name\":\"Des travaux de construction des infrastructures culturelles de formation et d\u2019\u00e9ducation lanc\u00e9s \u00e0 San-Pedro\"}]},{\"@type\":\"WebSite\",\"@id\":\"https:\\\/\\\/www.amanien.info\\\/news\\\/#website\",\"url\":\"https:\\\/\\\/www.amanien.info\\\/news\\\/\",\"name\":\"Amanien| L&#039;actualit\u00e9 Ivoirienne et Internationale\",\"description\":\"L&#039;actualit\u00e9 Ivoirienne et Internationale\",\"potentialAction\":[{\"@type\":\"SearchAction\",\"target\":{\"@type\":\"EntryPoint\",\"urlTemplate\":\"https:\\\/\\\/www.amanien.info\\\/news\\\/?s={search_term_string}\"},\"query-input\":{\"@type\":\"PropertyValueSpecification\",\"valueRequired\":true,\"valueName\":\"search_term_string\"}}],\"inLanguage\":\"fr-FR\"},{\"@type\":\"Person\",\"@id\":\"https:\\\/\\\/www.amanien.info\\\/news\\\/#\\\/schema\\\/person\\\/b21093345753a1a98242d505bd894f42\",\"name\":\"Germain Ndri\",\"url\":\"https:\\\/\\\/www.amanien.info\\\/news\\\/author\\\/amanien-infos\\\/\"}]}<\/script>\n<!-- \/ Yoast SEO plugin. -->","yoast_head_json":{"title":"Des travaux de construction des infrastructures culturelles de formation et d\u2019\u00e9ducation lanc\u00e9s \u00e0 San-Pedro - Amanien| L&#039;actualit\u00e9 Ivoirienne et Internationale","robots":{"index":"index","follow":"follow","max-snippet":"max-snippet:-1","max-image-preview":"max-image-preview:large","max-video-preview":"max-video-preview:-1"},"canonical":"https:\/\/www.amanien.info\/news\/des-travaux-de-construction-des-infrastructures-culturelles-de-formation-et-deducation-lances-a-san-pedro\/","og_locale":"fr_FR","og_type":"article","og_title":"Des travaux de construction des infrastructures culturelles de formation et d\u2019\u00e9ducation lanc\u00e9s \u00e0 San-Pedro - Amanien| L&#039;actualit\u00e9 Ivoirienne et Internationale","og_description":"Raymonde Goudou Coffie, ministre de la culture et de la francophonie, a proc\u00e9d\u00e9 le samedi 19 septembre 2020, \u00e0 la pose de la 1\u00e8re pierre des travaux de construction et d\u2019\u00e9quipement du Centre Culturel Int\u00e9gr\u00e9 (CCI) et du Lyc\u00e9e Professionnel de l\u2019Enseignement Artistique (LPEA) de la ville de San-Pedro. La c\u00e9r\u00e9monie solennelle a eu lieu [&hellip;]","og_url":"https:\/\/www.amanien.info\/news\/des-travaux-de-construction-des-infrastructures-culturelles-de-formation-et-deducation-lances-a-san-pedro\/","og_site_name":"Amanien| L&#039;actualit\u00e9 Ivoirienne et Internationale","article_published_time":"2020-09-21T12:10:08+00:00","article_modified_time":"2020-09-21T12:10:28+00:00","og_image":[{"width":1080,"height":608,"url":"https:\/\/www.amanien.info\/news\/wp-content\/uploads\/2020\/09\/thumbnail-18.jpg","type":"image\/jpeg"}],"author":"Germain Ndri","twitter_card":"summary_large_image","twitter_misc":{"\u00c9crit par":"Germain Ndri","Dur\u00e9e de lecture estim\u00e9e":"3 minutes"},"schema":{"@context":"https:\/\/schema.org","@graph":[{"@type":"Article","@id":"https:\/\/www.amanien.info\/news\/des-travaux-de-construction-des-infrastructures-culturelles-de-formation-et-deducation-lances-a-san-pedro\/#article","isPartOf":{"@id":"https:\/\/www.amanien.info\/news\/des-travaux-de-construction-des-infrastructures-culturelles-de-formation-et-deducation-lances-a-san-pedro\/"},"author":{"name":"Germain Ndri","@id":"https:\/\/www.amanien.info\/news\/#\/schema\/person\/b21093345753a1a98242d505bd894f42"},"headline":"Des travaux de construction des infrastructures culturelles de formation et d\u2019\u00e9ducation lanc\u00e9s \u00e0 San-Pedro","datePublished":"2020-09-21T12:10:08+00:00","dateModified":"2020-09-21T12:10:28+00:00","mainEntityOfPage":{"@id":"https:\/\/www.amanien.info\/news\/des-travaux-de-construction-des-infrastructures-culturelles-de-formation-et-deducation-lances-a-san-pedro\/"},"wordCount":714,"commentCount":0,"image":{"@id":"https:\/\/www.amanien.info\/news\/des-travaux-de-construction-des-infrastructures-culturelles-de-formation-et-deducation-lances-a-san-pedro\/#primaryimage"},"thumbnailUrl":"https:\/\/www.amanien.info\/news\/wp-content\/uploads\/2020\/09\/thumbnail-18.jpg","inLanguage":"fr-FR"},{"@type":"WebPage","@id":"https:\/\/www.amanien.info\/news\/des-travaux-de-construction-des-infrastructures-culturelles-de-formation-et-deducation-lances-a-san-pedro\/","url":"https:\/\/www.amanien.info\/news\/des-travaux-de-construction-des-infrastructures-culturelles-de-formation-et-deducation-lances-a-san-pedro\/","name":"Des travaux de construction des infrastructures culturelles de formation et d\u2019\u00e9ducation lanc\u00e9s \u00e0 San-Pedro - Amanien| L&#039;actualit\u00e9 Ivoirienne et Internationale","isPartOf":{"@id":"https:\/\/www.amanien.info\/news\/#website"},"primaryImageOfPage":{"@id":"https:\/\/www.amanien.info\/news\/des-travaux-de-construction-des-infrastructures-culturelles-de-formation-et-deducation-lances-a-san-pedro\/#primaryimage"},"image":{"@id":"https:\/\/www.amanien.info\/news\/des-travaux-de-construction-des-infrastructures-culturelles-de-formation-et-deducation-lances-a-san-pedro\/#primaryimage"},"thumbnailUrl":"https:\/\/www.amanien.info\/news\/wp-content\/uploads\/2020\/09\/thumbnail-18.jpg","datePublished":"2020-09-21T12:10:08+00:00","dateModified":"2020-09-21T12:10:28+00:00","author":{"@id":"https:\/\/www.amanien.info\/news\/#\/schema\/person\/b21093345753a1a98242d505bd894f42"},"breadcrumb":{"@id":"https:\/\/www.amanien.info\/news\/des-travaux-de-construction-des-infrastructures-culturelles-de-formation-et-deducation-lances-a-san-pedro\/#breadcrumb"},"inLanguage":"fr-FR","potentialAction":[{"@type":"ReadAction","target":["https:\/\/www.amanien.info\/news\/des-travaux-de-construction-des-infrastructures-culturelles-de-formation-et-deducation-lances-a-san-pedro\/"]}]},{"@type":"ImageObject","inLanguage":"fr-FR","@id":"https:\/\/www.amanien.info\/news\/des-travaux-de-construction-des-infrastructures-culturelles-de-formation-et-deducation-lances-a-san-pedro\/#primaryimage","url":"https:\/\/www.amanien.info\/news\/wp-content\/uploads\/2020\/09\/thumbnail-18.jpg","contentUrl":"https:\/\/www.amanien.info\/news\/wp-content\/uploads\/2020\/09\/thumbnail-18.jpg","width":1080,"height":608},{"@type":"BreadcrumbList","@id":"https:\/\/www.amanien.info\/news\/des-travaux-de-construction-des-infrastructures-culturelles-de-formation-et-deducation-lances-a-san-pedro\/#breadcrumb","itemListElement":[{"@type":"ListItem","position":1,"name":"Accueil","item":"https:\/\/www.amanien.info\/news\/"},{"@type":"ListItem","position":2,"name":"Des travaux de construction des infrastructures culturelles de formation et d\u2019\u00e9ducation lanc\u00e9s \u00e0 San-Pedro"}]},{"@type":"WebSite","@id":"https:\/\/www.amanien.info\/news\/#website","url":"https:\/\/www.amanien.info\/news\/","name":"Amanien| L&#039;actualit\u00e9 Ivoirienne et Internationale","description":"L&#039;actualit\u00e9 Ivoirienne et Internationale","potentialAction":[{"@type":"SearchAction","target":{"@type":"EntryPoint","urlTemplate":"https:\/\/www.amanien.info\/news\/?s={search_term_string}"},"query-input":{"@type":"PropertyValueSpecification","valueRequired":true,"valueName":"search_term_string"}}],"inLanguage":"fr-FR"},{"@type":"Person","@id":"https:\/\/www.amanien.info\/news\/#\/schema\/person\/b21093345753a1a98242d505bd894f42","name":"Germain Ndri","url":"https:\/\/www.amanien.info\/news\/author\/amanien-infos\/"}]}},"_links":{"self":[{"href":"https:\/\/www.amanien.info\/news\/wp-json\/wp\/v2\/posts\/1827","targetHints":{"allow":["GET"]}}],"collection":[{"href":"https:\/\/www.amanien.info\/news\/wp-json\/wp\/v2\/posts"}],"about":[{"href":"https:\/\/www.amanien.info\/news\/wp-json\/wp\/v2\/types\/post"}],"author":[{"embeddable":true,"href":"https:\/\/www.amanien.info\/news\/wp-json\/wp\/v2\/users\/2"}],"replies":[{"embeddable":true,"href":"https:\/\/www.amanien.info\/news\/wp-json\/wp\/v2\/comments?post=1827"}],"version-history":[{"count":0,"href":"https:\/\/www.amanien.info\/news\/wp-json\/wp\/v2\/posts\/1827\/revisions"}],"wp:featuredmedia":[{"embeddable":true,"href":"https:\/\/www.amanien.info\/news\/wp-json\/wp\/v2\/media\/1828"}],"wp:attachment":[{"href":"https:\/\/www.amanien.info\/news\/wp-json\/wp\/v2\/media?parent=1827"}],"wp:term":[{"taxonomy":"category","embeddable":true,"href":"https:\/\/www.amanien.info\/news\/wp-json\/wp\/v2\/categories?post=1827"},{"taxonomy":"post_tag","embeddable":true,"href":"https:\/\/www.amanien.info\/news\/wp-json\/wp\/v2\/tags?post=1827"}],"curies":[{"name":"wp","href":"https:\/\/api.w.org\/{rel}","templated":true}]}}