{"id":1807,"date":"2020-09-18T16:37:52","date_gmt":"2020-09-18T14:37:52","guid":{"rendered":"http:\/\/https:\/\/zozo.buyee.jp\/\/news\/?p=1807"},"modified":"2020-09-18T16:38:16","modified_gmt":"2020-09-18T14:38:16","slug":"21eme-journee-africaine-de-la-technologie-et-de-la-propriete-intellectuelle-pierre-djibril-coulibaly-president-de-la-fedinci-la-cote-divoire-industrielle-c-est-possible-maintenant","status":"publish","type":"post","link":"https:\/\/www.amanien.info\/news\/21eme-journee-africaine-de-la-technologie-et-de-la-propriete-intellectuelle-pierre-djibril-coulibaly-president-de-la-fedinci-la-cote-divoire-industrielle-c-est-possible-maintenant\/","title":{"rendered":"21\u00e8me journ\u00e9e Africaine de la Technologie et de la propri\u00e9t\u00e9 Intellectuelle: Pierre Djibril Coulibaly ( pr\u00e9sident de la FEDINCI) \u00a0\u00bb La C\u00f4te d&rsquo;Ivoire industrielle, c&rsquo; est possible maintenant\u00a0\u00bb"},"content":{"rendered":"<p>La 21 Journ\u00e9e Africaine de la Technologie et de la propri\u00e9t\u00e9 Intellectuelle a \u00e9t\u00e9 c\u00e9l\u00e9br\u00e9e le lundi 14 septembre. A cette occasion, le pr\u00e9sident de la F\u00e9d\u00e9ration des Inventeurs et Innovateurs de C\u00f4te d&rsquo;Ivoire ( FEDINCI) a lanc\u00e9 un appel pour la valorisation des inventions et pour une industrie authentique en C\u00f4te d&rsquo;Ivoire.Selon lui, l&rsquo; invention sous toutes ses formes, contribue de fa\u00e7on majeure aux performances \u00e9conomiques et au bien-\u00eatre social. Il ajoute que l&rsquo;innovation qui r\u00e9sulte de la recherche, des inventions et de la cr\u00e9ation, est une mati\u00e8re obligatoire pour aller au d\u00e9veloppement et s&rsquo; y maintenir. Car elle influe directement sur la production, la cr\u00e9ation d&rsquo; emplois et permet de faire face \u00e0 des enjeux de dimension mondiale comme la sant\u00e9, l&rsquo; \u00e9ducation, l&rsquo; environnement et m\u00eame la paix. \u00a0\u00bb La C\u00f4te d&rsquo;Ivoire est r\u00e9solument engag\u00e9e sur la voie du d\u00e9veloppement et elle gagnerait \u00e0 s&rsquo; appuyer sur ses innovations d\u00e8s maintenant.Les inventions sont un facteur important de l&rsquo; expression de la souverainet\u00e9 des Etats.Et les brevets d&rsquo; inventions sont un puissant outil de prise de contr\u00f4le de la connaissance\u00a0\u00bb dit-il.<\/p>\n<p>Ainsi, la C\u00f4te d&rsquo;Ivoire peut , selon le pr\u00e9sident de la FEDINCI, tirer d&rsquo; \u00e9normes b\u00e9n\u00e9fices de ses inventions, par exemple en surmontant certaines difficult\u00e9s \u00e9conomiques et de gouvernance<br \/>\nMais aussi en boostant durablement sa croissance dans plusieurs secteurs importants et en tenant la concurrence r\u00e9gionale et mondiale entres autres. Selon lui, la Chine, premi\u00e8re puissance \u00e9conomique mondiale est aussi le premier pays au monde en nombre de d\u00e9p\u00f4t de brevets d&rsquo; inventions. Tout comme l&rsquo; Allemagne en Europe et l&rsquo; Afrique du Sud. \u00a0\u00bb La C\u00f4te d&rsquo;Ivoire, si elle veut \u00eatre une puissance \u00e9conomique viable n&rsquo; a pas le choix, elle doit promouvoir l&rsquo; invention maintenant\u00a0\u00bb dit Pierre Djibril Coulibaly. La C\u00f4te d&rsquo;Ivoire \u00e0 travers ses inventeurs, est d\u00e9tentrice de pr\u00e8s de 300 brevets d&rsquo; inventions dans divers domaines dont l&rsquo; \u00e9nergie, l&rsquo; \u00e9ducation, l&rsquo;environnement, les Tics, la sant\u00e9, l&rsquo; agro-alimentaire ect..La C\u00f4te d&rsquo;Ivoire, \u00e0 travers l&rsquo; Organisation Mondiale de la propri\u00e9t\u00e9 Intellectuelle ( OAPI) bas\u00e9e \u00e0 Yaound\u00e9, repr\u00e9sent\u00e9e \u00e0 Abidjan par l&rsquo; Office Ivoirien de la propri\u00e9t\u00e9 Intellectuelle ( OIPI), apporte de pr\u00e9cieux supports techniques et financiers dans le processus d&rsquo; obtention et du maintien des brevets d&rsquo;invention.Des acteurs du secteur priv\u00e9, dans un programme d\u00e9nomm\u00e9 \u00c9tude prospective C\u00f4te d&rsquo;Ivoire 2040, accordent une certaine place \u00e0 l&rsquo; innovation et proposent la cr\u00e9ation d&rsquo; une Agence nationale de valorisation des r\u00e9sultats de la recherche.Ainsi que la prise d&rsquo; une loi d&rsquo; orientation du d\u00e9veloppement de la recherche et l&rsquo; allocution d&rsquo; au moins 1 % du produit int\u00e9rieur brut ( PIB) \u00e0 la recherche.<br \/>\nSelon Pierre Djibril Coulibaly, la C\u00f4te d&rsquo;Ivoire dispose dans l&rsquo; imm\u00e9diat de plusieurs centaines de produits d&rsquo;inventions qui attendent d&rsquo; \u00eatre mis sur le march\u00e9. \u00a0\u00bb Les co\u00fbts n\u00e9cessaires pour cette valorisation ne d\u00e9passent pas 10 milliards fe francs cfa , alors que les chiffres d&rsquo; affaires attendus sont de l&rsquo; ordre de centaines de milliards au bout de 3 \u00e0 10 ans , avec la cr\u00e9ation de nombreuses industries nouvelles et de plusieurs milliers d&rsquo; emplois directs\u00a0\u00bb. G\u00e9n\u00e9ralement, l&rsquo; inventeur s&rsquo; est \u00e9puis\u00e9 financi\u00e8rement pour viabiliser sa trouvaille et ensuite r\u00e9aliser un prototype et ne peut plus continuer sur fonds propre. L&rsquo; \u00c9tat doit soutenir la poursuite du processus jusqu&rsquo;\u00e0 la viabilisation totale du produit d&rsquo; invention a dit le pr\u00e9sident de la FEDINCI.<br \/>\nC.W<\/p>\n","protected":false},"excerpt":{"rendered":"<p>La 21 Journ\u00e9e Africaine de la Technologie et de la propri\u00e9t\u00e9 Intellectuelle a \u00e9t\u00e9 c\u00e9l\u00e9br\u00e9e le lundi 14 septembre. A cette occasion, le pr\u00e9sident de la F\u00e9d\u00e9ration des Inventeurs et Innovateurs de C\u00f4te d&rsquo;Ivoire ( FEDINCI) a lanc\u00e9 un appel pour la valorisation des inventions et pour une industrie authentique en C\u00f4te d&rsquo;Ivoire.Selon lui, l&rsquo; [&hellip;]<\/p>\n","protected":false},"author":2,"featured_media":1808,"comment_status":"open","ping_status":"open","sticky":true,"template":"","format":"standard","meta":{"_acf_changed":false,"footnotes":""},"categories":[],"tags":[],"class_list":["post-1807","post","type-post","status-publish","format-standard","has-post-thumbnail","hentry"],"acf":[],"yoast_head":"<!-- This site is optimized with the Yoast SEO plugin v27.5 - https:\/\/yoast.com\/product\/yoast-seo-wordpress\/ -->\n<title>21\u00e8me journ\u00e9e Africaine de la Technologie et de la propri\u00e9t\u00e9 Intellectuelle: Pierre Djibril Coulibaly ( pr\u00e9sident de la FEDINCI) &quot; La C\u00f4te d&#039;Ivoire industrielle, c&#039; est possible maintenant&quot; - Amanien| L&#039;actualit\u00e9 Ivoirienne et Internationale<\/title>\n<meta name=\"robots\" content=\"index, follow, max-snippet:-1, max-image-preview:large, max-video-preview:-1\" \/>\n<link rel=\"canonical\" href=\"https:\/\/www.amanien.info\/news\/21eme-journee-africaine-de-la-technologie-et-de-la-propriete-intellectuelle-pierre-djibril-coulibaly-president-de-la-fedinci-la-cote-divoire-industrielle-c-est-possible-maintenant\/\" \/>\n<meta property=\"og:locale\" content=\"fr_FR\" \/>\n<meta property=\"og:type\" content=\"article\" \/>\n<meta property=\"og:title\" content=\"21\u00e8me journ\u00e9e Africaine de la Technologie et de la propri\u00e9t\u00e9 Intellectuelle: Pierre Djibril Coulibaly ( pr\u00e9sident de la FEDINCI) &quot; La C\u00f4te d&#039;Ivoire industrielle, c&#039; est possible maintenant&quot; - Amanien| L&#039;actualit\u00e9 Ivoirienne et Internationale\" \/>\n<meta property=\"og:description\" content=\"La 21 Journ\u00e9e Africaine de la Technologie et de la propri\u00e9t\u00e9 Intellectuelle a \u00e9t\u00e9 c\u00e9l\u00e9br\u00e9e le lundi 14 septembre. A cette occasion, le pr\u00e9sident de la F\u00e9d\u00e9ration des Inventeurs et Innovateurs de C\u00f4te d&rsquo;Ivoire ( FEDINCI) a lanc\u00e9 un appel pour la valorisation des inventions et pour une industrie authentique en C\u00f4te d&rsquo;Ivoire.Selon lui, l&rsquo; [&hellip;]\" \/>\n<meta property=\"og:url\" content=\"https:\/\/www.amanien.info\/news\/21eme-journee-africaine-de-la-technologie-et-de-la-propriete-intellectuelle-pierre-djibril-coulibaly-president-de-la-fedinci-la-cote-divoire-industrielle-c-est-possible-maintenant\/\" \/>\n<meta property=\"og:site_name\" content=\"Amanien| L&#039;actualit\u00e9 Ivoirienne et Internationale\" \/>\n<meta property=\"article:published_time\" content=\"2020-09-18T14:37:52+00:00\" \/>\n<meta property=\"article:modified_time\" content=\"2020-09-18T14:38:16+00:00\" \/>\n<meta property=\"og:image\" content=\"https:\/\/www.amanien.info\/news\/wp-content\/uploads\/2020\/09\/thumbnail-14.jpg\" \/>\n\t<meta property=\"og:image:width\" content=\"276\" \/>\n\t<meta property=\"og:image:height\" content=\"183\" \/>\n\t<meta property=\"og:image:type\" content=\"image\/jpeg\" \/>\n<meta name=\"author\" content=\"Germain Ndri\" \/>\n<meta name=\"twitter:card\" content=\"summary_large_image\" \/>\n<meta name=\"twitter:label1\" content=\"\u00c9crit par\" \/>\n\t<meta name=\"twitter:data1\" content=\"Germain Ndri\" \/>\n\t<meta name=\"twitter:label2\" content=\"Dur\u00e9e de lecture estim\u00e9e\" \/>\n\t<meta name=\"twitter:data2\" content=\"3 minutes\" \/>\n<script type=\"application\/ld+json\" class=\"yoast-schema-graph\">{\"@context\":\"https:\\\/\\\/schema.org\",\"@graph\":[{\"@type\":\"Article\",\"@id\":\"https:\\\/\\\/www.amanien.info\\\/news\\\/21eme-journee-africaine-de-la-technologie-et-de-la-propriete-intellectuelle-pierre-djibril-coulibaly-president-de-la-fedinci-la-cote-divoire-industrielle-c-est-possible-maintenant\\\/#article\",\"isPartOf\":{\"@id\":\"https:\\\/\\\/www.amanien.info\\\/news\\\/21eme-journee-africaine-de-la-technologie-et-de-la-propriete-intellectuelle-pierre-djibril-coulibaly-president-de-la-fedinci-la-cote-divoire-industrielle-c-est-possible-maintenant\\\/\"},\"author\":{\"name\":\"Germain Ndri\",\"@id\":\"https:\\\/\\\/www.amanien.info\\\/news\\\/#\\\/schema\\\/person\\\/b21093345753a1a98242d505bd894f42\"},\"headline\":\"21\u00e8me journ\u00e9e Africaine de la Technologie et de la propri\u00e9t\u00e9 Intellectuelle: Pierre Djibril Coulibaly ( pr\u00e9sident de la FEDINCI) \u00a0\u00bb La C\u00f4te d&rsquo;Ivoire industrielle, c&rsquo; est possible maintenant\u00a0\u00bb\",\"datePublished\":\"2020-09-18T14:37:52+00:00\",\"dateModified\":\"2020-09-18T14:38:16+00:00\",\"mainEntityOfPage\":{\"@id\":\"https:\\\/\\\/www.amanien.info\\\/news\\\/21eme-journee-africaine-de-la-technologie-et-de-la-propriete-intellectuelle-pierre-djibril-coulibaly-president-de-la-fedinci-la-cote-divoire-industrielle-c-est-possible-maintenant\\\/\"},\"wordCount\":648,\"commentCount\":0,\"image\":{\"@id\":\"https:\\\/\\\/www.amanien.info\\\/news\\\/21eme-journee-africaine-de-la-technologie-et-de-la-propriete-intellectuelle-pierre-djibril-coulibaly-president-de-la-fedinci-la-cote-divoire-industrielle-c-est-possible-maintenant\\\/#primaryimage\"},\"thumbnailUrl\":\"https:\\\/\\\/www.amanien.info\\\/news\\\/wp-content\\\/uploads\\\/2020\\\/09\\\/thumbnail-14.jpg\",\"inLanguage\":\"fr-FR\"},{\"@type\":\"WebPage\",\"@id\":\"https:\\\/\\\/www.amanien.info\\\/news\\\/21eme-journee-africaine-de-la-technologie-et-de-la-propriete-intellectuelle-pierre-djibril-coulibaly-president-de-la-fedinci-la-cote-divoire-industrielle-c-est-possible-maintenant\\\/\",\"url\":\"https:\\\/\\\/www.amanien.info\\\/news\\\/21eme-journee-africaine-de-la-technologie-et-de-la-propriete-intellectuelle-pierre-djibril-coulibaly-president-de-la-fedinci-la-cote-divoire-industrielle-c-est-possible-maintenant\\\/\",\"name\":\"21\u00e8me journ\u00e9e Africaine de la Technologie et de la propri\u00e9t\u00e9 Intellectuelle: Pierre Djibril Coulibaly ( pr\u00e9sident de la FEDINCI) \\\" La C\u00f4te d'Ivoire industrielle, c' est possible maintenant\\\" - Amanien| L&#039;actualit\u00e9 Ivoirienne et Internationale\",\"isPartOf\":{\"@id\":\"https:\\\/\\\/www.amanien.info\\\/news\\\/#website\"},\"primaryImageOfPage\":{\"@id\":\"https:\\\/\\\/www.amanien.info\\\/news\\\/21eme-journee-africaine-de-la-technologie-et-de-la-propriete-intellectuelle-pierre-djibril-coulibaly-president-de-la-fedinci-la-cote-divoire-industrielle-c-est-possible-maintenant\\\/#primaryimage\"},\"image\":{\"@id\":\"https:\\\/\\\/www.amanien.info\\\/news\\\/21eme-journee-africaine-de-la-technologie-et-de-la-propriete-intellectuelle-pierre-djibril-coulibaly-president-de-la-fedinci-la-cote-divoire-industrielle-c-est-possible-maintenant\\\/#primaryimage\"},\"thumbnailUrl\":\"https:\\\/\\\/www.amanien.info\\\/news\\\/wp-content\\\/uploads\\\/2020\\\/09\\\/thumbnail-14.jpg\",\"datePublished\":\"2020-09-18T14:37:52+00:00\",\"dateModified\":\"2020-09-18T14:38:16+00:00\",\"author\":{\"@id\":\"https:\\\/\\\/www.amanien.info\\\/news\\\/#\\\/schema\\\/person\\\/b21093345753a1a98242d505bd894f42\"},\"breadcrumb\":{\"@id\":\"https:\\\/\\\/www.amanien.info\\\/news\\\/21eme-journee-africaine-de-la-technologie-et-de-la-propriete-intellectuelle-pierre-djibril-coulibaly-president-de-la-fedinci-la-cote-divoire-industrielle-c-est-possible-maintenant\\\/#breadcrumb\"},\"inLanguage\":\"fr-FR\",\"potentialAction\":[{\"@type\":\"ReadAction\",\"target\":[\"https:\\\/\\\/www.amanien.info\\\/news\\\/21eme-journee-africaine-de-la-technologie-et-de-la-propriete-intellectuelle-pierre-djibril-coulibaly-president-de-la-fedinci-la-cote-divoire-industrielle-c-est-possible-maintenant\\\/\"]}]},{\"@type\":\"ImageObject\",\"inLanguage\":\"fr-FR\",\"@id\":\"https:\\\/\\\/www.amanien.info\\\/news\\\/21eme-journee-africaine-de-la-technologie-et-de-la-propriete-intellectuelle-pierre-djibril-coulibaly-president-de-la-fedinci-la-cote-divoire-industrielle-c-est-possible-maintenant\\\/#primaryimage\",\"url\":\"https:\\\/\\\/www.amanien.info\\\/news\\\/wp-content\\\/uploads\\\/2020\\\/09\\\/thumbnail-14.jpg\",\"contentUrl\":\"https:\\\/\\\/www.amanien.info\\\/news\\\/wp-content\\\/uploads\\\/2020\\\/09\\\/thumbnail-14.jpg\",\"width\":276,\"height\":183},{\"@type\":\"BreadcrumbList\",\"@id\":\"https:\\\/\\\/www.amanien.info\\\/news\\\/21eme-journee-africaine-de-la-technologie-et-de-la-propriete-intellectuelle-pierre-djibril-coulibaly-president-de-la-fedinci-la-cote-divoire-industrielle-c-est-possible-maintenant\\\/#breadcrumb\",\"itemListElement\":[{\"@type\":\"ListItem\",\"position\":1,\"name\":\"Accueil\",\"item\":\"https:\\\/\\\/www.amanien.info\\\/news\\\/\"},{\"@type\":\"ListItem\",\"position\":2,\"name\":\"21\u00e8me journ\u00e9e Africaine de la Technologie et de la propri\u00e9t\u00e9 Intellectuelle: Pierre Djibril Coulibaly ( pr\u00e9sident de la FEDINCI) \u00a0\u00bb La C\u00f4te d&rsquo;Ivoire industrielle, c&rsquo; est possible maintenant\u00a0\u00bb\"}]},{\"@type\":\"WebSite\",\"@id\":\"https:\\\/\\\/www.amanien.info\\\/news\\\/#website\",\"url\":\"https:\\\/\\\/www.amanien.info\\\/news\\\/\",\"name\":\"Amanien| L&#039;actualit\u00e9 Ivoirienne et Internationale\",\"description\":\"L&#039;actualit\u00e9 Ivoirienne et Internationale\",\"potentialAction\":[{\"@type\":\"SearchAction\",\"target\":{\"@type\":\"EntryPoint\",\"urlTemplate\":\"https:\\\/\\\/www.amanien.info\\\/news\\\/?s={search_term_string}\"},\"query-input\":{\"@type\":\"PropertyValueSpecification\",\"valueRequired\":true,\"valueName\":\"search_term_string\"}}],\"inLanguage\":\"fr-FR\"},{\"@type\":\"Person\",\"@id\":\"https:\\\/\\\/www.amanien.info\\\/news\\\/#\\\/schema\\\/person\\\/b21093345753a1a98242d505bd894f42\",\"name\":\"Germain Ndri\",\"url\":\"https:\\\/\\\/www.amanien.info\\\/news\\\/author\\\/amanien-infos\\\/\"}]}<\/script>\n<!-- \/ Yoast SEO plugin. -->","yoast_head_json":{"title":"21\u00e8me journ\u00e9e Africaine de la Technologie et de la propri\u00e9t\u00e9 Intellectuelle: Pierre Djibril Coulibaly ( pr\u00e9sident de la FEDINCI) \" La C\u00f4te d'Ivoire industrielle, c' est possible maintenant\" - Amanien| L&#039;actualit\u00e9 Ivoirienne et Internationale","robots":{"index":"index","follow":"follow","max-snippet":"max-snippet:-1","max-image-preview":"max-image-preview:large","max-video-preview":"max-video-preview:-1"},"canonical":"https:\/\/www.amanien.info\/news\/21eme-journee-africaine-de-la-technologie-et-de-la-propriete-intellectuelle-pierre-djibril-coulibaly-president-de-la-fedinci-la-cote-divoire-industrielle-c-est-possible-maintenant\/","og_locale":"fr_FR","og_type":"article","og_title":"21\u00e8me journ\u00e9e Africaine de la Technologie et de la propri\u00e9t\u00e9 Intellectuelle: Pierre Djibril Coulibaly ( pr\u00e9sident de la FEDINCI) \" La C\u00f4te d'Ivoire industrielle, c' est possible maintenant\" - Amanien| L&#039;actualit\u00e9 Ivoirienne et Internationale","og_description":"La 21 Journ\u00e9e Africaine de la Technologie et de la propri\u00e9t\u00e9 Intellectuelle a \u00e9t\u00e9 c\u00e9l\u00e9br\u00e9e le lundi 14 septembre. A cette occasion, le pr\u00e9sident de la F\u00e9d\u00e9ration des Inventeurs et Innovateurs de C\u00f4te d&rsquo;Ivoire ( FEDINCI) a lanc\u00e9 un appel pour la valorisation des inventions et pour une industrie authentique en C\u00f4te d&rsquo;Ivoire.Selon lui, l&rsquo; [&hellip;]","og_url":"https:\/\/www.amanien.info\/news\/21eme-journee-africaine-de-la-technologie-et-de-la-propriete-intellectuelle-pierre-djibril-coulibaly-president-de-la-fedinci-la-cote-divoire-industrielle-c-est-possible-maintenant\/","og_site_name":"Amanien| L&#039;actualit\u00e9 Ivoirienne et Internationale","article_published_time":"2020-09-18T14:37:52+00:00","article_modified_time":"2020-09-18T14:38:16+00:00","og_image":[{"width":276,"height":183,"url":"https:\/\/www.amanien.info\/news\/wp-content\/uploads\/2020\/09\/thumbnail-14.jpg","type":"image\/jpeg"}],"author":"Germain Ndri","twitter_card":"summary_large_image","twitter_misc":{"\u00c9crit par":"Germain Ndri","Dur\u00e9e de lecture estim\u00e9e":"3 minutes"},"schema":{"@context":"https:\/\/schema.org","@graph":[{"@type":"Article","@id":"https:\/\/www.amanien.info\/news\/21eme-journee-africaine-de-la-technologie-et-de-la-propriete-intellectuelle-pierre-djibril-coulibaly-president-de-la-fedinci-la-cote-divoire-industrielle-c-est-possible-maintenant\/#article","isPartOf":{"@id":"https:\/\/www.amanien.info\/news\/21eme-journee-africaine-de-la-technologie-et-de-la-propriete-intellectuelle-pierre-djibril-coulibaly-president-de-la-fedinci-la-cote-divoire-industrielle-c-est-possible-maintenant\/"},"author":{"name":"Germain Ndri","@id":"https:\/\/www.amanien.info\/news\/#\/schema\/person\/b21093345753a1a98242d505bd894f42"},"headline":"21\u00e8me journ\u00e9e Africaine de la Technologie et de la propri\u00e9t\u00e9 Intellectuelle: Pierre Djibril Coulibaly ( pr\u00e9sident de la FEDINCI) \u00a0\u00bb La C\u00f4te d&rsquo;Ivoire industrielle, c&rsquo; est possible maintenant\u00a0\u00bb","datePublished":"2020-09-18T14:37:52+00:00","dateModified":"2020-09-18T14:38:16+00:00","mainEntityOfPage":{"@id":"https:\/\/www.amanien.info\/news\/21eme-journee-africaine-de-la-technologie-et-de-la-propriete-intellectuelle-pierre-djibril-coulibaly-president-de-la-fedinci-la-cote-divoire-industrielle-c-est-possible-maintenant\/"},"wordCount":648,"commentCount":0,"image":{"@id":"https:\/\/www.amanien.info\/news\/21eme-journee-africaine-de-la-technologie-et-de-la-propriete-intellectuelle-pierre-djibril-coulibaly-president-de-la-fedinci-la-cote-divoire-industrielle-c-est-possible-maintenant\/#primaryimage"},"thumbnailUrl":"https:\/\/www.amanien.info\/news\/wp-content\/uploads\/2020\/09\/thumbnail-14.jpg","inLanguage":"fr-FR"},{"@type":"WebPage","@id":"https:\/\/www.amanien.info\/news\/21eme-journee-africaine-de-la-technologie-et-de-la-propriete-intellectuelle-pierre-djibril-coulibaly-president-de-la-fedinci-la-cote-divoire-industrielle-c-est-possible-maintenant\/","url":"https:\/\/www.amanien.info\/news\/21eme-journee-africaine-de-la-technologie-et-de-la-propriete-intellectuelle-pierre-djibril-coulibaly-president-de-la-fedinci-la-cote-divoire-industrielle-c-est-possible-maintenant\/","name":"21\u00e8me journ\u00e9e Africaine de la Technologie et de la propri\u00e9t\u00e9 Intellectuelle: Pierre Djibril Coulibaly ( pr\u00e9sident de la FEDINCI) \" La C\u00f4te d'Ivoire industrielle, c' est possible maintenant\" - Amanien| L&#039;actualit\u00e9 Ivoirienne et Internationale","isPartOf":{"@id":"https:\/\/www.amanien.info\/news\/#website"},"primaryImageOfPage":{"@id":"https:\/\/www.amanien.info\/news\/21eme-journee-africaine-de-la-technologie-et-de-la-propriete-intellectuelle-pierre-djibril-coulibaly-president-de-la-fedinci-la-cote-divoire-industrielle-c-est-possible-maintenant\/#primaryimage"},"image":{"@id":"https:\/\/www.amanien.info\/news\/21eme-journee-africaine-de-la-technologie-et-de-la-propriete-intellectuelle-pierre-djibril-coulibaly-president-de-la-fedinci-la-cote-divoire-industrielle-c-est-possible-maintenant\/#primaryimage"},"thumbnailUrl":"https:\/\/www.amanien.info\/news\/wp-content\/uploads\/2020\/09\/thumbnail-14.jpg","datePublished":"2020-09-18T14:37:52+00:00","dateModified":"2020-09-18T14:38:16+00:00","author":{"@id":"https:\/\/www.amanien.info\/news\/#\/schema\/person\/b21093345753a1a98242d505bd894f42"},"breadcrumb":{"@id":"https:\/\/www.amanien.info\/news\/21eme-journee-africaine-de-la-technologie-et-de-la-propriete-intellectuelle-pierre-djibril-coulibaly-president-de-la-fedinci-la-cote-divoire-industrielle-c-est-possible-maintenant\/#breadcrumb"},"inLanguage":"fr-FR","potentialAction":[{"@type":"ReadAction","target":["https:\/\/www.amanien.info\/news\/21eme-journee-africaine-de-la-technologie-et-de-la-propriete-intellectuelle-pierre-djibril-coulibaly-president-de-la-fedinci-la-cote-divoire-industrielle-c-est-possible-maintenant\/"]}]},{"@type":"ImageObject","inLanguage":"fr-FR","@id":"https:\/\/www.amanien.info\/news\/21eme-journee-africaine-de-la-technologie-et-de-la-propriete-intellectuelle-pierre-djibril-coulibaly-president-de-la-fedinci-la-cote-divoire-industrielle-c-est-possible-maintenant\/#primaryimage","url":"https:\/\/www.amanien.info\/news\/wp-content\/uploads\/2020\/09\/thumbnail-14.jpg","contentUrl":"https:\/\/www.amanien.info\/news\/wp-content\/uploads\/2020\/09\/thumbnail-14.jpg","width":276,"height":183},{"@type":"BreadcrumbList","@id":"https:\/\/www.amanien.info\/news\/21eme-journee-africaine-de-la-technologie-et-de-la-propriete-intellectuelle-pierre-djibril-coulibaly-president-de-la-fedinci-la-cote-divoire-industrielle-c-est-possible-maintenant\/#breadcrumb","itemListElement":[{"@type":"ListItem","position":1,"name":"Accueil","item":"https:\/\/www.amanien.info\/news\/"},{"@type":"ListItem","position":2,"name":"21\u00e8me journ\u00e9e Africaine de la Technologie et de la propri\u00e9t\u00e9 Intellectuelle: Pierre Djibril Coulibaly ( pr\u00e9sident de la FEDINCI) \u00a0\u00bb La C\u00f4te d&rsquo;Ivoire industrielle, c&rsquo; est possible maintenant\u00a0\u00bb"}]},{"@type":"WebSite","@id":"https:\/\/www.amanien.info\/news\/#website","url":"https:\/\/www.amanien.info\/news\/","name":"Amanien| L&#039;actualit\u00e9 Ivoirienne et Internationale","description":"L&#039;actualit\u00e9 Ivoirienne et Internationale","potentialAction":[{"@type":"SearchAction","target":{"@type":"EntryPoint","urlTemplate":"https:\/\/www.amanien.info\/news\/?s={search_term_string}"},"query-input":{"@type":"PropertyValueSpecification","valueRequired":true,"valueName":"search_term_string"}}],"inLanguage":"fr-FR"},{"@type":"Person","@id":"https:\/\/www.amanien.info\/news\/#\/schema\/person\/b21093345753a1a98242d505bd894f42","name":"Germain Ndri","url":"https:\/\/www.amanien.info\/news\/author\/amanien-infos\/"}]}},"_links":{"self":[{"href":"https:\/\/www.amanien.info\/news\/wp-json\/wp\/v2\/posts\/1807","targetHints":{"allow":["GET"]}}],"collection":[{"href":"https:\/\/www.amanien.info\/news\/wp-json\/wp\/v2\/posts"}],"about":[{"href":"https:\/\/www.amanien.info\/news\/wp-json\/wp\/v2\/types\/post"}],"author":[{"embeddable":true,"href":"https:\/\/www.amanien.info\/news\/wp-json\/wp\/v2\/users\/2"}],"replies":[{"embeddable":true,"href":"https:\/\/www.amanien.info\/news\/wp-json\/wp\/v2\/comments?post=1807"}],"version-history":[{"count":0,"href":"https:\/\/www.amanien.info\/news\/wp-json\/wp\/v2\/posts\/1807\/revisions"}],"wp:featuredmedia":[{"embeddable":true,"href":"https:\/\/www.amanien.info\/news\/wp-json\/wp\/v2\/media\/1808"}],"wp:attachment":[{"href":"https:\/\/www.amanien.info\/news\/wp-json\/wp\/v2\/media?parent=1807"}],"wp:term":[{"taxonomy":"category","embeddable":true,"href":"https:\/\/www.amanien.info\/news\/wp-json\/wp\/v2\/categories?post=1807"},{"taxonomy":"post_tag","embeddable":true,"href":"https:\/\/www.amanien.info\/news\/wp-json\/wp\/v2\/tags?post=1807"}],"curies":[{"name":"wp","href":"https:\/\/api.w.org\/{rel}","templated":true}]}}