{"id":1804,"date":"2020-09-18T16:34:15","date_gmt":"2020-09-18T14:34:15","guid":{"rendered":"http:\/\/https:\/\/zozo.buyee.jp\/\/news\/?p=1804"},"modified":"2020-09-18T16:46:20","modified_gmt":"2020-09-18T14:46:20","slug":"point-presse-sur-la-situation-sociopolitique-en-cote-divoire-la-diaspora-simplique-et-en-appelle-au-calme-et-a-la-retenue","status":"publish","type":"post","link":"https:\/\/www.amanien.info\/news\/point-presse-sur-la-situation-sociopolitique-en-cote-divoire-la-diaspora-simplique-et-en-appelle-au-calme-et-a-la-retenue\/","title":{"rendered":"POINT PRESSE SUR LA SITUATION SOCIOPOLITIQUE EN COTE D\u2019IVOIRE \/LA \u00a0DIASPORA S\u2019IMPLIQUE ET EN APPELLE AU CALME ET A LA RETENUE"},"content":{"rendered":"<p>Devant la situation pr\u00e9occupante EN C\u00f4te d\u2019Ivoire, les\u00a0 organisateurs de la Diaspora Africaine en Europe et de la Soci\u00e9t\u00e9 Civile Africaine qui suivent avec attention toute particuli\u00e8re la marche de ce pays depuis plusieurs ann\u00e9es, y ont d\u00e9p\u00each\u00e9 \u00a0une\u00a0 mission conjointe dite la mission conjointe d\u2019apaisement de la Diaspora Africaine en Europe et de soci\u00e9t\u00e9 civile Africaine.<\/p>\n<p>Au cours d\u2019un point presse organis\u00e9, lundi 14 septembre 2020, \u00a0\u00e0 la Maison de la presse d\u2019Abidjan, au Plateau (Mpa), la mission conjointe d\u2019apaisement de la Diaspora Africaine en Europe et de soci\u00e9t\u00e9 civile Africaine analyse la situation sociopolitique qui pr\u00e9vaut \u00e0 l\u2019approche de l\u2019\u00e9lection pr\u00e9sidentielle d\u2019octobre prochain.<\/p>\n<p>Selon elle, tout en encourageant les d\u00e9bats contradictoires, constate que certains par leurs exigences s\u2019opposent consciemment ou inconsciemment aux lois de leur pays.<\/p>\n<p>\u00ab\u00a0En effet, en C\u00f4te d\u2019Ivoire comme dans un \u00e9tat de droit, il n\u2019appartient pas \u00e0 des individus, quelques soient leurs positions dans l\u2019administration ou leur influence dans la sph\u00e8re politique de d\u00e9signer qui des concitoyens sont habilit\u00e9s \u00e0 se pr\u00e9senter \u00e0 une \u00e9lection. M\u00eame le chef de l\u2019Etat, ne peut d\u00e9signer des candidats \u00e0 une \u00e9lection. Cette pr\u00e9rogative est d\u00e9volue \u00e0 des institutions et organes judiciaires, en l\u2019esp\u00e8ce au Conseil constitutionnel\u00bb.<\/p>\n<p>Pour elle, \u2018\u2019il est donc contraire aux lois de vouloir, par des manifestations et par des actions de pression, emp\u00eacher un citoyen qui jouit de ses droits civils, civiques et politiques d\u2019\u00eatre candidat \u00e0 la candidature pour une \u00e9lection\u2019\u2019.<\/p>\n<p>La mission conjointe d\u2019apaisement de la Diaspora Africaine en Europe et de soci\u00e9t\u00e9 civile Africaine rappelle \u00e0 tous qu\u2019aujourd\u2019hui, il n\u2019est pas encore question de candidature mais de candidat \u00e0 la candidature. Il n\u2019y a actuellement aucun candidat \u00e0 l\u2018\u00e9lection pr\u00e9sidentielle du 31 octobre 2020 en C\u00f4te d\u2019Ivoire. mieux, elle explique que \u00ab\u00a0toute personne\u00a0 peut d\u00e9poser sa candidature \u00e0 l\u2019\u00e9lection pr\u00e9sidentielle aupr\u00e8s de la Commission \u00e9lectorale ind\u00e9pendante (CEI). Cela ne fait pas d\u2019elle un candidat \u00e0 l\u2019\u00e9lection pr\u00e9sidentielle\u00a0\u00bb.<\/p>\n<p>C\u2019est pourquoi, la mission conjointe en appelle au calme et \u00e0 la retenue.<\/p>\n<p>\u00ab\u00a0La violence avec son lot de d\u00e9g\u00e2t et de perte en vies humaines, n\u2019est pas une voix qui doit \u00eatre utilis\u00e9e dans votre pays qui a connu des moments douloureux qu\u2019il n\u2019est pas souhaitable de revivre\u00a0\u00bb.<\/p>\n<p>Partant de ce fait, la mission conjointe d\u2019apaisement de la Diaspora Africaine en Europe et de soci\u00e9t\u00e9 civile Africaine invite le peuple ivoirien \u00e0 attendre les d\u00e9lib\u00e9rations et les d\u00e9cisions du conseil constitutionnel sur la question des personnes autoris\u00e9es \u00e0 concourir \u00e0 l\u2019\u00e9lection pr\u00e9sidentielle. Car, poursuit-elle, \u00e0 quoi auraient servi, tous ses morts et tous ces d\u00e9g\u00e2ts si le conseil constitutionnel arrivait \u00e0 rejeter la candidature du Pr\u00e9sident de la R\u00e9publique\u00a0?\u00a0\u00bb<\/p>\n<p>Elle exhorte \u00e9galement les ivoiriens de tout bord, au respect des institutions de leur pays et d\u2019attendre la d\u00e9cision du Conseil constitutionnel. Et d\u2019ajouter, \u2018\u2019 quelque soit la d\u00e9cision que rendra le Conseil constitutionnel, le peuple ivoirien doit la respecter pour d\u00e9montrer au monde entier sa maturit\u00e9 politique et son respect pour les r\u00e8gles d\u00e9mocratiques. \u00a0Car rel\u00e8ve-t-elle, la d\u00e9mocratie, c\u2019est aussi et surtout le respect des d\u00e9cisions des juridictions\u2026<\/p>\n<p>Apr\u00e8s ses analyses, la mission conjointe d\u2019apaisement de la Diaspora Africaine en Europe et de soci\u00e9t\u00e9 civile Africaine compte par ailleurs, contribuer \u00e0 l\u2019apaisement de la situation en terre d\u2019\u00e9burnie. De fa\u00e7on concr\u00e8te, la d\u00e9l\u00e9gation envisage\u00a0 d\u2019\u00e9changer avec les acteurs de la classe politique ivoirienne\u00a0; de rencontrer la soci\u00e9t\u00e9 civile ivoirienne\u00a0; de sensibiliser le peuple ivoirien \u00e0 travers des tourn\u00e9es et des actions de proximit\u00e9 sur la non violence, la confiance dans les structures charg\u00e9es d\u2019organiser les \u00e9lections et le respect des institutions de la R\u00e9publique.<\/p>\n<p>Des tourn\u00e9es africaines et europ\u00e9ennes sont \u00e9galement pr\u00e9vues aux fins d\u2019informer et de rassurer plus particuli\u00e8rement les africains sur la r\u00e9alit\u00e9 ivoirienne, tant les incompr\u00e9hensions et les inqui\u00e9tudes se font nombreuses. Cependant, elle entend laisser sur place une \u00e9quipe pour servir de correspondant et continuer \u00e0 suivre le processus \u00e9lectoral dans le pays.<\/p>\n<p>En d\u00e9finitive, elle \u00e9met un v\u0153u. Celui de voir se d\u00e9rouler de fa\u00e7on inclusive les \u00e9lections pr\u00e9sidentielles dans un mois.<\/p>\n<p>Aussi, lance-t-elle un appel solennel au Pr\u00e9sident Alassane Ouattara, \u00e0 accorder sa gr\u00e2ce aux acteurs de la vie politique qui ont des difficult\u00e9s avec la justice. Ainsi pour permettre la lib\u00e9ration des prisonniers.<\/p>\n<p>&nbsp;<\/p>\n<p><strong>D.KOUAME<\/strong><\/p>\n","protected":false},"excerpt":{"rendered":"<p>Devant la situation pr\u00e9occupante EN C\u00f4te d\u2019Ivoire, les\u00a0 organisateurs de la Diaspora Africaine en Europe et de la Soci\u00e9t\u00e9 Civile Africaine qui suivent avec attention toute particuli\u00e8re la marche de ce pays depuis plusieurs ann\u00e9es, y ont d\u00e9p\u00each\u00e9 \u00a0une\u00a0 mission conjointe dite la mission conjointe d\u2019apaisement de la Diaspora Africaine en Europe et de soci\u00e9t\u00e9 [&hellip;]<\/p>\n","protected":false},"author":2,"featured_media":1799,"comment_status":"open","ping_status":"open","sticky":true,"template":"","format":"standard","meta":{"_acf_changed":false,"footnotes":""},"categories":[],"tags":[],"class_list":["post-1804","post","type-post","status-publish","format-standard","has-post-thumbnail","hentry"],"acf":[],"yoast_head":"<!-- This site is optimized with the Yoast SEO plugin v27.5 - https:\/\/yoast.com\/product\/yoast-seo-wordpress\/ -->\n<title>POINT PRESSE SUR LA SITUATION SOCIOPOLITIQUE EN COTE D\u2019IVOIRE \/LA \u00a0DIASPORA S\u2019IMPLIQUE ET EN APPELLE AU CALME ET A LA RETENUE - Amanien| L&#039;actualit\u00e9 Ivoirienne et Internationale<\/title>\n<meta name=\"robots\" content=\"index, follow, max-snippet:-1, max-image-preview:large, max-video-preview:-1\" \/>\n<link rel=\"canonical\" href=\"https:\/\/www.amanien.info\/news\/point-presse-sur-la-situation-sociopolitique-en-cote-divoire-la-diaspora-simplique-et-en-appelle-au-calme-et-a-la-retenue\/\" \/>\n<meta property=\"og:locale\" content=\"fr_FR\" \/>\n<meta property=\"og:type\" content=\"article\" \/>\n<meta property=\"og:title\" content=\"POINT PRESSE SUR LA SITUATION SOCIOPOLITIQUE EN COTE D\u2019IVOIRE \/LA \u00a0DIASPORA S\u2019IMPLIQUE ET EN APPELLE AU CALME ET A LA RETENUE - Amanien| L&#039;actualit\u00e9 Ivoirienne et Internationale\" \/>\n<meta property=\"og:description\" content=\"Devant la situation pr\u00e9occupante EN C\u00f4te d\u2019Ivoire, les\u00a0 organisateurs de la Diaspora Africaine en Europe et de la Soci\u00e9t\u00e9 Civile Africaine qui suivent avec attention toute particuli\u00e8re la marche de ce pays depuis plusieurs ann\u00e9es, y ont d\u00e9p\u00each\u00e9 \u00a0une\u00a0 mission conjointe dite la mission conjointe d\u2019apaisement de la Diaspora Africaine en Europe et de soci\u00e9t\u00e9 [&hellip;]\" \/>\n<meta property=\"og:url\" content=\"https:\/\/www.amanien.info\/news\/point-presse-sur-la-situation-sociopolitique-en-cote-divoire-la-diaspora-simplique-et-en-appelle-au-calme-et-a-la-retenue\/\" \/>\n<meta property=\"og:site_name\" content=\"Amanien| L&#039;actualit\u00e9 Ivoirienne et Internationale\" \/>\n<meta property=\"article:published_time\" content=\"2020-09-18T14:34:15+00:00\" \/>\n<meta property=\"article:modified_time\" content=\"2020-09-18T14:46:20+00:00\" \/>\n<meta property=\"og:image\" content=\"https:\/\/www.amanien.info\/news\/wp-content\/uploads\/2020\/09\/thumbnail-11.jpg\" \/>\n\t<meta property=\"og:image:width\" content=\"1080\" \/>\n\t<meta property=\"og:image:height\" content=\"810\" \/>\n\t<meta property=\"og:image:type\" content=\"image\/jpeg\" \/>\n<meta name=\"author\" content=\"Germain Ndri\" \/>\n<meta name=\"twitter:card\" content=\"summary_large_image\" \/>\n<meta name=\"twitter:label1\" content=\"\u00c9crit par\" \/>\n\t<meta name=\"twitter:data1\" content=\"Germain Ndri\" \/>\n\t<meta name=\"twitter:label2\" content=\"Dur\u00e9e de lecture estim\u00e9e\" \/>\n\t<meta name=\"twitter:data2\" content=\"4 minutes\" \/>\n<script type=\"application\/ld+json\" class=\"yoast-schema-graph\">{\"@context\":\"https:\\\/\\\/schema.org\",\"@graph\":[{\"@type\":\"Article\",\"@id\":\"https:\\\/\\\/www.amanien.info\\\/news\\\/point-presse-sur-la-situation-sociopolitique-en-cote-divoire-la-diaspora-simplique-et-en-appelle-au-calme-et-a-la-retenue\\\/#article\",\"isPartOf\":{\"@id\":\"https:\\\/\\\/www.amanien.info\\\/news\\\/point-presse-sur-la-situation-sociopolitique-en-cote-divoire-la-diaspora-simplique-et-en-appelle-au-calme-et-a-la-retenue\\\/\"},\"author\":{\"name\":\"Germain Ndri\",\"@id\":\"https:\\\/\\\/www.amanien.info\\\/news\\\/#\\\/schema\\\/person\\\/b21093345753a1a98242d505bd894f42\"},\"headline\":\"POINT PRESSE SUR LA SITUATION SOCIOPOLITIQUE EN COTE D\u2019IVOIRE \\\/LA \u00a0DIASPORA S\u2019IMPLIQUE ET EN APPELLE AU CALME ET A LA RETENUE\",\"datePublished\":\"2020-09-18T14:34:15+00:00\",\"dateModified\":\"2020-09-18T14:46:20+00:00\",\"mainEntityOfPage\":{\"@id\":\"https:\\\/\\\/www.amanien.info\\\/news\\\/point-presse-sur-la-situation-sociopolitique-en-cote-divoire-la-diaspora-simplique-et-en-appelle-au-calme-et-a-la-retenue\\\/\"},\"wordCount\":813,\"commentCount\":0,\"image\":{\"@id\":\"https:\\\/\\\/www.amanien.info\\\/news\\\/point-presse-sur-la-situation-sociopolitique-en-cote-divoire-la-diaspora-simplique-et-en-appelle-au-calme-et-a-la-retenue\\\/#primaryimage\"},\"thumbnailUrl\":\"https:\\\/\\\/www.amanien.info\\\/news\\\/wp-content\\\/uploads\\\/2020\\\/09\\\/thumbnail-11.jpg\",\"inLanguage\":\"fr-FR\"},{\"@type\":\"WebPage\",\"@id\":\"https:\\\/\\\/www.amanien.info\\\/news\\\/point-presse-sur-la-situation-sociopolitique-en-cote-divoire-la-diaspora-simplique-et-en-appelle-au-calme-et-a-la-retenue\\\/\",\"url\":\"https:\\\/\\\/www.amanien.info\\\/news\\\/point-presse-sur-la-situation-sociopolitique-en-cote-divoire-la-diaspora-simplique-et-en-appelle-au-calme-et-a-la-retenue\\\/\",\"name\":\"POINT PRESSE SUR LA SITUATION SOCIOPOLITIQUE EN COTE D\u2019IVOIRE \\\/LA \u00a0DIASPORA S\u2019IMPLIQUE ET EN APPELLE AU CALME ET A LA RETENUE - Amanien| L&#039;actualit\u00e9 Ivoirienne et Internationale\",\"isPartOf\":{\"@id\":\"https:\\\/\\\/www.amanien.info\\\/news\\\/#website\"},\"primaryImageOfPage\":{\"@id\":\"https:\\\/\\\/www.amanien.info\\\/news\\\/point-presse-sur-la-situation-sociopolitique-en-cote-divoire-la-diaspora-simplique-et-en-appelle-au-calme-et-a-la-retenue\\\/#primaryimage\"},\"image\":{\"@id\":\"https:\\\/\\\/www.amanien.info\\\/news\\\/point-presse-sur-la-situation-sociopolitique-en-cote-divoire-la-diaspora-simplique-et-en-appelle-au-calme-et-a-la-retenue\\\/#primaryimage\"},\"thumbnailUrl\":\"https:\\\/\\\/www.amanien.info\\\/news\\\/wp-content\\\/uploads\\\/2020\\\/09\\\/thumbnail-11.jpg\",\"datePublished\":\"2020-09-18T14:34:15+00:00\",\"dateModified\":\"2020-09-18T14:46:20+00:00\",\"author\":{\"@id\":\"https:\\\/\\\/www.amanien.info\\\/news\\\/#\\\/schema\\\/person\\\/b21093345753a1a98242d505bd894f42\"},\"breadcrumb\":{\"@id\":\"https:\\\/\\\/www.amanien.info\\\/news\\\/point-presse-sur-la-situation-sociopolitique-en-cote-divoire-la-diaspora-simplique-et-en-appelle-au-calme-et-a-la-retenue\\\/#breadcrumb\"},\"inLanguage\":\"fr-FR\",\"potentialAction\":[{\"@type\":\"ReadAction\",\"target\":[\"https:\\\/\\\/www.amanien.info\\\/news\\\/point-presse-sur-la-situation-sociopolitique-en-cote-divoire-la-diaspora-simplique-et-en-appelle-au-calme-et-a-la-retenue\\\/\"]}]},{\"@type\":\"ImageObject\",\"inLanguage\":\"fr-FR\",\"@id\":\"https:\\\/\\\/www.amanien.info\\\/news\\\/point-presse-sur-la-situation-sociopolitique-en-cote-divoire-la-diaspora-simplique-et-en-appelle-au-calme-et-a-la-retenue\\\/#primaryimage\",\"url\":\"https:\\\/\\\/www.amanien.info\\\/news\\\/wp-content\\\/uploads\\\/2020\\\/09\\\/thumbnail-11.jpg\",\"contentUrl\":\"https:\\\/\\\/www.amanien.info\\\/news\\\/wp-content\\\/uploads\\\/2020\\\/09\\\/thumbnail-11.jpg\",\"width\":1080,\"height\":810},{\"@type\":\"BreadcrumbList\",\"@id\":\"https:\\\/\\\/www.amanien.info\\\/news\\\/point-presse-sur-la-situation-sociopolitique-en-cote-divoire-la-diaspora-simplique-et-en-appelle-au-calme-et-a-la-retenue\\\/#breadcrumb\",\"itemListElement\":[{\"@type\":\"ListItem\",\"position\":1,\"name\":\"Accueil\",\"item\":\"https:\\\/\\\/www.amanien.info\\\/news\\\/\"},{\"@type\":\"ListItem\",\"position\":2,\"name\":\"POINT PRESSE SUR LA SITUATION SOCIOPOLITIQUE EN COTE D\u2019IVOIRE \\\/LA \u00a0DIASPORA S\u2019IMPLIQUE ET EN APPELLE AU CALME ET A LA RETENUE\"}]},{\"@type\":\"WebSite\",\"@id\":\"https:\\\/\\\/www.amanien.info\\\/news\\\/#website\",\"url\":\"https:\\\/\\\/www.amanien.info\\\/news\\\/\",\"name\":\"Amanien| L&#039;actualit\u00e9 Ivoirienne et Internationale\",\"description\":\"L&#039;actualit\u00e9 Ivoirienne et Internationale\",\"potentialAction\":[{\"@type\":\"SearchAction\",\"target\":{\"@type\":\"EntryPoint\",\"urlTemplate\":\"https:\\\/\\\/www.amanien.info\\\/news\\\/?s={search_term_string}\"},\"query-input\":{\"@type\":\"PropertyValueSpecification\",\"valueRequired\":true,\"valueName\":\"search_term_string\"}}],\"inLanguage\":\"fr-FR\"},{\"@type\":\"Person\",\"@id\":\"https:\\\/\\\/www.amanien.info\\\/news\\\/#\\\/schema\\\/person\\\/b21093345753a1a98242d505bd894f42\",\"name\":\"Germain Ndri\",\"url\":\"https:\\\/\\\/www.amanien.info\\\/news\\\/author\\\/amanien-infos\\\/\"}]}<\/script>\n<!-- \/ Yoast SEO plugin. -->","yoast_head_json":{"title":"POINT PRESSE SUR LA SITUATION SOCIOPOLITIQUE EN COTE D\u2019IVOIRE \/LA \u00a0DIASPORA S\u2019IMPLIQUE ET EN APPELLE AU CALME ET A LA RETENUE - Amanien| L&#039;actualit\u00e9 Ivoirienne et Internationale","robots":{"index":"index","follow":"follow","max-snippet":"max-snippet:-1","max-image-preview":"max-image-preview:large","max-video-preview":"max-video-preview:-1"},"canonical":"https:\/\/www.amanien.info\/news\/point-presse-sur-la-situation-sociopolitique-en-cote-divoire-la-diaspora-simplique-et-en-appelle-au-calme-et-a-la-retenue\/","og_locale":"fr_FR","og_type":"article","og_title":"POINT PRESSE SUR LA SITUATION SOCIOPOLITIQUE EN COTE D\u2019IVOIRE \/LA \u00a0DIASPORA S\u2019IMPLIQUE ET EN APPELLE AU CALME ET A LA RETENUE - Amanien| L&#039;actualit\u00e9 Ivoirienne et Internationale","og_description":"Devant la situation pr\u00e9occupante EN C\u00f4te d\u2019Ivoire, les\u00a0 organisateurs de la Diaspora Africaine en Europe et de la Soci\u00e9t\u00e9 Civile Africaine qui suivent avec attention toute particuli\u00e8re la marche de ce pays depuis plusieurs ann\u00e9es, y ont d\u00e9p\u00each\u00e9 \u00a0une\u00a0 mission conjointe dite la mission conjointe d\u2019apaisement de la Diaspora Africaine en Europe et de soci\u00e9t\u00e9 [&hellip;]","og_url":"https:\/\/www.amanien.info\/news\/point-presse-sur-la-situation-sociopolitique-en-cote-divoire-la-diaspora-simplique-et-en-appelle-au-calme-et-a-la-retenue\/","og_site_name":"Amanien| L&#039;actualit\u00e9 Ivoirienne et Internationale","article_published_time":"2020-09-18T14:34:15+00:00","article_modified_time":"2020-09-18T14:46:20+00:00","og_image":[{"width":1080,"height":810,"url":"https:\/\/www.amanien.info\/news\/wp-content\/uploads\/2020\/09\/thumbnail-11.jpg","type":"image\/jpeg"}],"author":"Germain Ndri","twitter_card":"summary_large_image","twitter_misc":{"\u00c9crit par":"Germain Ndri","Dur\u00e9e de lecture estim\u00e9e":"4 minutes"},"schema":{"@context":"https:\/\/schema.org","@graph":[{"@type":"Article","@id":"https:\/\/www.amanien.info\/news\/point-presse-sur-la-situation-sociopolitique-en-cote-divoire-la-diaspora-simplique-et-en-appelle-au-calme-et-a-la-retenue\/#article","isPartOf":{"@id":"https:\/\/www.amanien.info\/news\/point-presse-sur-la-situation-sociopolitique-en-cote-divoire-la-diaspora-simplique-et-en-appelle-au-calme-et-a-la-retenue\/"},"author":{"name":"Germain Ndri","@id":"https:\/\/www.amanien.info\/news\/#\/schema\/person\/b21093345753a1a98242d505bd894f42"},"headline":"POINT PRESSE SUR LA SITUATION SOCIOPOLITIQUE EN COTE D\u2019IVOIRE \/LA \u00a0DIASPORA S\u2019IMPLIQUE ET EN APPELLE AU CALME ET A LA RETENUE","datePublished":"2020-09-18T14:34:15+00:00","dateModified":"2020-09-18T14:46:20+00:00","mainEntityOfPage":{"@id":"https:\/\/www.amanien.info\/news\/point-presse-sur-la-situation-sociopolitique-en-cote-divoire-la-diaspora-simplique-et-en-appelle-au-calme-et-a-la-retenue\/"},"wordCount":813,"commentCount":0,"image":{"@id":"https:\/\/www.amanien.info\/news\/point-presse-sur-la-situation-sociopolitique-en-cote-divoire-la-diaspora-simplique-et-en-appelle-au-calme-et-a-la-retenue\/#primaryimage"},"thumbnailUrl":"https:\/\/www.amanien.info\/news\/wp-content\/uploads\/2020\/09\/thumbnail-11.jpg","inLanguage":"fr-FR"},{"@type":"WebPage","@id":"https:\/\/www.amanien.info\/news\/point-presse-sur-la-situation-sociopolitique-en-cote-divoire-la-diaspora-simplique-et-en-appelle-au-calme-et-a-la-retenue\/","url":"https:\/\/www.amanien.info\/news\/point-presse-sur-la-situation-sociopolitique-en-cote-divoire-la-diaspora-simplique-et-en-appelle-au-calme-et-a-la-retenue\/","name":"POINT PRESSE SUR LA SITUATION SOCIOPOLITIQUE EN COTE D\u2019IVOIRE \/LA \u00a0DIASPORA S\u2019IMPLIQUE ET EN APPELLE AU CALME ET A LA RETENUE - Amanien| L&#039;actualit\u00e9 Ivoirienne et Internationale","isPartOf":{"@id":"https:\/\/www.amanien.info\/news\/#website"},"primaryImageOfPage":{"@id":"https:\/\/www.amanien.info\/news\/point-presse-sur-la-situation-sociopolitique-en-cote-divoire-la-diaspora-simplique-et-en-appelle-au-calme-et-a-la-retenue\/#primaryimage"},"image":{"@id":"https:\/\/www.amanien.info\/news\/point-presse-sur-la-situation-sociopolitique-en-cote-divoire-la-diaspora-simplique-et-en-appelle-au-calme-et-a-la-retenue\/#primaryimage"},"thumbnailUrl":"https:\/\/www.amanien.info\/news\/wp-content\/uploads\/2020\/09\/thumbnail-11.jpg","datePublished":"2020-09-18T14:34:15+00:00","dateModified":"2020-09-18T14:46:20+00:00","author":{"@id":"https:\/\/www.amanien.info\/news\/#\/schema\/person\/b21093345753a1a98242d505bd894f42"},"breadcrumb":{"@id":"https:\/\/www.amanien.info\/news\/point-presse-sur-la-situation-sociopolitique-en-cote-divoire-la-diaspora-simplique-et-en-appelle-au-calme-et-a-la-retenue\/#breadcrumb"},"inLanguage":"fr-FR","potentialAction":[{"@type":"ReadAction","target":["https:\/\/www.amanien.info\/news\/point-presse-sur-la-situation-sociopolitique-en-cote-divoire-la-diaspora-simplique-et-en-appelle-au-calme-et-a-la-retenue\/"]}]},{"@type":"ImageObject","inLanguage":"fr-FR","@id":"https:\/\/www.amanien.info\/news\/point-presse-sur-la-situation-sociopolitique-en-cote-divoire-la-diaspora-simplique-et-en-appelle-au-calme-et-a-la-retenue\/#primaryimage","url":"https:\/\/www.amanien.info\/news\/wp-content\/uploads\/2020\/09\/thumbnail-11.jpg","contentUrl":"https:\/\/www.amanien.info\/news\/wp-content\/uploads\/2020\/09\/thumbnail-11.jpg","width":1080,"height":810},{"@type":"BreadcrumbList","@id":"https:\/\/www.amanien.info\/news\/point-presse-sur-la-situation-sociopolitique-en-cote-divoire-la-diaspora-simplique-et-en-appelle-au-calme-et-a-la-retenue\/#breadcrumb","itemListElement":[{"@type":"ListItem","position":1,"name":"Accueil","item":"https:\/\/www.amanien.info\/news\/"},{"@type":"ListItem","position":2,"name":"POINT PRESSE SUR LA SITUATION SOCIOPOLITIQUE EN COTE D\u2019IVOIRE \/LA \u00a0DIASPORA S\u2019IMPLIQUE ET EN APPELLE AU CALME ET A LA RETENUE"}]},{"@type":"WebSite","@id":"https:\/\/www.amanien.info\/news\/#website","url":"https:\/\/www.amanien.info\/news\/","name":"Amanien| L&#039;actualit\u00e9 Ivoirienne et Internationale","description":"L&#039;actualit\u00e9 Ivoirienne et Internationale","potentialAction":[{"@type":"SearchAction","target":{"@type":"EntryPoint","urlTemplate":"https:\/\/www.amanien.info\/news\/?s={search_term_string}"},"query-input":{"@type":"PropertyValueSpecification","valueRequired":true,"valueName":"search_term_string"}}],"inLanguage":"fr-FR"},{"@type":"Person","@id":"https:\/\/www.amanien.info\/news\/#\/schema\/person\/b21093345753a1a98242d505bd894f42","name":"Germain Ndri","url":"https:\/\/www.amanien.info\/news\/author\/amanien-infos\/"}]}},"_links":{"self":[{"href":"https:\/\/www.amanien.info\/news\/wp-json\/wp\/v2\/posts\/1804","targetHints":{"allow":["GET"]}}],"collection":[{"href":"https:\/\/www.amanien.info\/news\/wp-json\/wp\/v2\/posts"}],"about":[{"href":"https:\/\/www.amanien.info\/news\/wp-json\/wp\/v2\/types\/post"}],"author":[{"embeddable":true,"href":"https:\/\/www.amanien.info\/news\/wp-json\/wp\/v2\/users\/2"}],"replies":[{"embeddable":true,"href":"https:\/\/www.amanien.info\/news\/wp-json\/wp\/v2\/comments?post=1804"}],"version-history":[{"count":0,"href":"https:\/\/www.amanien.info\/news\/wp-json\/wp\/v2\/posts\/1804\/revisions"}],"wp:featuredmedia":[{"embeddable":true,"href":"https:\/\/www.amanien.info\/news\/wp-json\/wp\/v2\/media\/1799"}],"wp:attachment":[{"href":"https:\/\/www.amanien.info\/news\/wp-json\/wp\/v2\/media?parent=1804"}],"wp:term":[{"taxonomy":"category","embeddable":true,"href":"https:\/\/www.amanien.info\/news\/wp-json\/wp\/v2\/categories?post=1804"},{"taxonomy":"post_tag","embeddable":true,"href":"https:\/\/www.amanien.info\/news\/wp-json\/wp\/v2\/tags?post=1804"}],"curies":[{"name":"wp","href":"https:\/\/api.w.org\/{rel}","templated":true}]}}