{"id":1801,"date":"2020-09-18T13:28:00","date_gmt":"2020-09-18T11:28:00","guid":{"rendered":"http:\/\/https:\/\/zozo.buyee.jp\/\/news\/?p=1801"},"modified":"2020-09-18T13:28:26","modified_gmt":"2020-09-18T11:28:26","slug":"medias-le-president-de-l-anp-invite-a-la-verification-des-sources-d-informations","status":"publish","type":"post","link":"https:\/\/www.amanien.info\/news\/medias-le-president-de-l-anp-invite-a-la-verification-des-sources-d-informations\/","title":{"rendered":"M\u00e9dias: Le pr\u00e9sident de l&rsquo; ANP invite \u00e0 la v\u00e9rification des sources d&rsquo; informations"},"content":{"rendered":"<p>L&rsquo; Agence Ivoirienne de Presse (AIP), a organis\u00e9 r\u00e9cemment la seizi\u00e8me \u00e9dition de la plateforme d&rsquo; \u00e9change et d&rsquo; information intitul\u00e9e \u00a0\u00bb La Tribune de l&rsquo; AIP\u00a0\u00bb. Avec comme invit\u00e9 Samba Kon\u00e9, pr\u00e9sident de l\u2019Autorit\u00e9 Nationale de la Presse (ANP). Le th\u00e8me \u00e9tait \u00a0\u00bb l\u2019ANP face aux d\u00e9fis de la r\u00e9gularisation de la presse et des nouveaux m\u00e9dias\u00a0\u00bb.<br \/>\nSamba Kon\u00e9 a invit\u00e9 les journalistes \u00e0 toujours v\u00e9rifier leurs sources d\u2019informations avant de publier. Selon lui, le journaliste doit prendre du recul face aux informations qu&rsquo; il re\u00e7oit. Notamment celles venant lanceurs d\u2019alerte.<br \/>\nIl a soulign\u00e9 que les hommes des m\u00e9dias doivent \u00e9viter des donner des informations qui peuvent inciter \u00e0 la r\u00e9volte ou qui v\u00e9hiculent la haine et la x\u00e9nophobie.En cette p\u00e9riode \u00e9lectorale, il a demand\u00e9 aux journalistes de donner des informations pouvant contribuer \u00e0 l&rsquo; \u00e9quilibre de la vie sociale.<br \/>\nC.W<\/p>\n","protected":false},"excerpt":{"rendered":"<p>L&rsquo; Agence Ivoirienne de Presse (AIP), a organis\u00e9 r\u00e9cemment la seizi\u00e8me \u00e9dition de la plateforme d&rsquo; \u00e9change et d&rsquo; information intitul\u00e9e \u00a0\u00bb La Tribune de l&rsquo; AIP\u00a0\u00bb. Avec comme invit\u00e9 Samba Kon\u00e9, pr\u00e9sident de l\u2019Autorit\u00e9 Nationale de la Presse (ANP). Le th\u00e8me \u00e9tait \u00a0\u00bb l\u2019ANP face aux d\u00e9fis de la r\u00e9gularisation de la presse et [&hellip;]<\/p>\n","protected":false},"author":2,"featured_media":1802,"comment_status":"open","ping_status":"open","sticky":true,"template":"","format":"standard","meta":{"_acf_changed":false,"footnotes":""},"categories":[],"tags":[],"class_list":["post-1801","post","type-post","status-publish","format-standard","has-post-thumbnail","hentry"],"acf":[],"yoast_head":"<!-- This site is optimized with the Yoast SEO plugin v27.5 - https:\/\/yoast.com\/product\/yoast-seo-wordpress\/ -->\n<title>M\u00e9dias: Le pr\u00e9sident de l&#039; ANP invite \u00e0 la v\u00e9rification des sources d&#039; informations - Amanien| L&#039;actualit\u00e9 Ivoirienne et Internationale<\/title>\n<meta name=\"robots\" content=\"index, follow, max-snippet:-1, max-image-preview:large, max-video-preview:-1\" \/>\n<link rel=\"canonical\" href=\"https:\/\/www.amanien.info\/news\/medias-le-president-de-l-anp-invite-a-la-verification-des-sources-d-informations\/\" \/>\n<meta property=\"og:locale\" content=\"fr_FR\" \/>\n<meta property=\"og:type\" content=\"article\" \/>\n<meta property=\"og:title\" content=\"M\u00e9dias: Le pr\u00e9sident de l&#039; ANP invite \u00e0 la v\u00e9rification des sources d&#039; informations - Amanien| L&#039;actualit\u00e9 Ivoirienne et Internationale\" \/>\n<meta property=\"og:description\" content=\"L&rsquo; Agence Ivoirienne de Presse (AIP), a organis\u00e9 r\u00e9cemment la seizi\u00e8me \u00e9dition de la plateforme d&rsquo; \u00e9change et d&rsquo; information intitul\u00e9e \u00a0\u00bb La Tribune de l&rsquo; AIP\u00a0\u00bb. Avec comme invit\u00e9 Samba Kon\u00e9, pr\u00e9sident de l\u2019Autorit\u00e9 Nationale de la Presse (ANP). Le th\u00e8me \u00e9tait \u00a0\u00bb l\u2019ANP face aux d\u00e9fis de la r\u00e9gularisation de la presse et [&hellip;]\" \/>\n<meta property=\"og:url\" content=\"https:\/\/www.amanien.info\/news\/medias-le-president-de-l-anp-invite-a-la-verification-des-sources-d-informations\/\" \/>\n<meta property=\"og:site_name\" content=\"Amanien| L&#039;actualit\u00e9 Ivoirienne et Internationale\" \/>\n<meta property=\"article:published_time\" content=\"2020-09-18T11:28:00+00:00\" \/>\n<meta property=\"article:modified_time\" content=\"2020-09-18T11:28:26+00:00\" \/>\n<meta property=\"og:image\" content=\"https:\/\/www.amanien.info\/news\/wp-content\/uploads\/2020\/09\/thumbnail-12.jpg\" \/>\n\t<meta property=\"og:image:width\" content=\"720\" \/>\n\t<meta property=\"og:image:height\" content=\"480\" \/>\n\t<meta property=\"og:image:type\" content=\"image\/jpeg\" \/>\n<meta name=\"author\" content=\"Germain Ndri\" \/>\n<meta name=\"twitter:card\" content=\"summary_large_image\" \/>\n<meta name=\"twitter:label1\" content=\"\u00c9crit par\" \/>\n\t<meta name=\"twitter:data1\" content=\"Germain Ndri\" \/>\n\t<meta name=\"twitter:label2\" content=\"Dur\u00e9e de lecture estim\u00e9e\" \/>\n\t<meta name=\"twitter:data2\" content=\"1 minute\" \/>\n<script type=\"application\/ld+json\" class=\"yoast-schema-graph\">{\"@context\":\"https:\\\/\\\/schema.org\",\"@graph\":[{\"@type\":\"Article\",\"@id\":\"https:\\\/\\\/www.amanien.info\\\/news\\\/medias-le-president-de-l-anp-invite-a-la-verification-des-sources-d-informations\\\/#article\",\"isPartOf\":{\"@id\":\"https:\\\/\\\/www.amanien.info\\\/news\\\/medias-le-president-de-l-anp-invite-a-la-verification-des-sources-d-informations\\\/\"},\"author\":{\"name\":\"Germain Ndri\",\"@id\":\"https:\\\/\\\/www.amanien.info\\\/news\\\/#\\\/schema\\\/person\\\/b21093345753a1a98242d505bd894f42\"},\"headline\":\"M\u00e9dias: Le pr\u00e9sident de l&rsquo; ANP invite \u00e0 la v\u00e9rification des sources d&rsquo; informations\",\"datePublished\":\"2020-09-18T11:28:00+00:00\",\"dateModified\":\"2020-09-18T11:28:26+00:00\",\"mainEntityOfPage\":{\"@id\":\"https:\\\/\\\/www.amanien.info\\\/news\\\/medias-le-president-de-l-anp-invite-a-la-verification-des-sources-d-informations\\\/\"},\"wordCount\":174,\"commentCount\":0,\"image\":{\"@id\":\"https:\\\/\\\/www.amanien.info\\\/news\\\/medias-le-president-de-l-anp-invite-a-la-verification-des-sources-d-informations\\\/#primaryimage\"},\"thumbnailUrl\":\"https:\\\/\\\/www.amanien.info\\\/news\\\/wp-content\\\/uploads\\\/2020\\\/09\\\/thumbnail-12.jpg\",\"inLanguage\":\"fr-FR\"},{\"@type\":\"WebPage\",\"@id\":\"https:\\\/\\\/www.amanien.info\\\/news\\\/medias-le-president-de-l-anp-invite-a-la-verification-des-sources-d-informations\\\/\",\"url\":\"https:\\\/\\\/www.amanien.info\\\/news\\\/medias-le-president-de-l-anp-invite-a-la-verification-des-sources-d-informations\\\/\",\"name\":\"M\u00e9dias: Le pr\u00e9sident de l' ANP invite \u00e0 la v\u00e9rification des sources d' informations - Amanien| L&#039;actualit\u00e9 Ivoirienne et Internationale\",\"isPartOf\":{\"@id\":\"https:\\\/\\\/www.amanien.info\\\/news\\\/#website\"},\"primaryImageOfPage\":{\"@id\":\"https:\\\/\\\/www.amanien.info\\\/news\\\/medias-le-president-de-l-anp-invite-a-la-verification-des-sources-d-informations\\\/#primaryimage\"},\"image\":{\"@id\":\"https:\\\/\\\/www.amanien.info\\\/news\\\/medias-le-president-de-l-anp-invite-a-la-verification-des-sources-d-informations\\\/#primaryimage\"},\"thumbnailUrl\":\"https:\\\/\\\/www.amanien.info\\\/news\\\/wp-content\\\/uploads\\\/2020\\\/09\\\/thumbnail-12.jpg\",\"datePublished\":\"2020-09-18T11:28:00+00:00\",\"dateModified\":\"2020-09-18T11:28:26+00:00\",\"author\":{\"@id\":\"https:\\\/\\\/www.amanien.info\\\/news\\\/#\\\/schema\\\/person\\\/b21093345753a1a98242d505bd894f42\"},\"breadcrumb\":{\"@id\":\"https:\\\/\\\/www.amanien.info\\\/news\\\/medias-le-president-de-l-anp-invite-a-la-verification-des-sources-d-informations\\\/#breadcrumb\"},\"inLanguage\":\"fr-FR\",\"potentialAction\":[{\"@type\":\"ReadAction\",\"target\":[\"https:\\\/\\\/www.amanien.info\\\/news\\\/medias-le-president-de-l-anp-invite-a-la-verification-des-sources-d-informations\\\/\"]}]},{\"@type\":\"ImageObject\",\"inLanguage\":\"fr-FR\",\"@id\":\"https:\\\/\\\/www.amanien.info\\\/news\\\/medias-le-president-de-l-anp-invite-a-la-verification-des-sources-d-informations\\\/#primaryimage\",\"url\":\"https:\\\/\\\/www.amanien.info\\\/news\\\/wp-content\\\/uploads\\\/2020\\\/09\\\/thumbnail-12.jpg\",\"contentUrl\":\"https:\\\/\\\/www.amanien.info\\\/news\\\/wp-content\\\/uploads\\\/2020\\\/09\\\/thumbnail-12.jpg\",\"width\":720,\"height\":480},{\"@type\":\"BreadcrumbList\",\"@id\":\"https:\\\/\\\/www.amanien.info\\\/news\\\/medias-le-president-de-l-anp-invite-a-la-verification-des-sources-d-informations\\\/#breadcrumb\",\"itemListElement\":[{\"@type\":\"ListItem\",\"position\":1,\"name\":\"Accueil\",\"item\":\"https:\\\/\\\/www.amanien.info\\\/news\\\/\"},{\"@type\":\"ListItem\",\"position\":2,\"name\":\"M\u00e9dias: Le pr\u00e9sident de l&rsquo; ANP invite \u00e0 la v\u00e9rification des sources d&rsquo; informations\"}]},{\"@type\":\"WebSite\",\"@id\":\"https:\\\/\\\/www.amanien.info\\\/news\\\/#website\",\"url\":\"https:\\\/\\\/www.amanien.info\\\/news\\\/\",\"name\":\"Amanien| L&#039;actualit\u00e9 Ivoirienne et Internationale\",\"description\":\"L&#039;actualit\u00e9 Ivoirienne et Internationale\",\"potentialAction\":[{\"@type\":\"SearchAction\",\"target\":{\"@type\":\"EntryPoint\",\"urlTemplate\":\"https:\\\/\\\/www.amanien.info\\\/news\\\/?s={search_term_string}\"},\"query-input\":{\"@type\":\"PropertyValueSpecification\",\"valueRequired\":true,\"valueName\":\"search_term_string\"}}],\"inLanguage\":\"fr-FR\"},{\"@type\":\"Person\",\"@id\":\"https:\\\/\\\/www.amanien.info\\\/news\\\/#\\\/schema\\\/person\\\/b21093345753a1a98242d505bd894f42\",\"name\":\"Germain Ndri\",\"url\":\"https:\\\/\\\/www.amanien.info\\\/news\\\/author\\\/amanien-infos\\\/\"}]}<\/script>\n<!-- \/ Yoast SEO plugin. -->","yoast_head_json":{"title":"M\u00e9dias: Le pr\u00e9sident de l' ANP invite \u00e0 la v\u00e9rification des sources d' informations - Amanien| L&#039;actualit\u00e9 Ivoirienne et Internationale","robots":{"index":"index","follow":"follow","max-snippet":"max-snippet:-1","max-image-preview":"max-image-preview:large","max-video-preview":"max-video-preview:-1"},"canonical":"https:\/\/www.amanien.info\/news\/medias-le-president-de-l-anp-invite-a-la-verification-des-sources-d-informations\/","og_locale":"fr_FR","og_type":"article","og_title":"M\u00e9dias: Le pr\u00e9sident de l' ANP invite \u00e0 la v\u00e9rification des sources d' informations - Amanien| L&#039;actualit\u00e9 Ivoirienne et Internationale","og_description":"L&rsquo; Agence Ivoirienne de Presse (AIP), a organis\u00e9 r\u00e9cemment la seizi\u00e8me \u00e9dition de la plateforme d&rsquo; \u00e9change et d&rsquo; information intitul\u00e9e \u00a0\u00bb La Tribune de l&rsquo; AIP\u00a0\u00bb. Avec comme invit\u00e9 Samba Kon\u00e9, pr\u00e9sident de l\u2019Autorit\u00e9 Nationale de la Presse (ANP). Le th\u00e8me \u00e9tait \u00a0\u00bb l\u2019ANP face aux d\u00e9fis de la r\u00e9gularisation de la presse et [&hellip;]","og_url":"https:\/\/www.amanien.info\/news\/medias-le-president-de-l-anp-invite-a-la-verification-des-sources-d-informations\/","og_site_name":"Amanien| L&#039;actualit\u00e9 Ivoirienne et Internationale","article_published_time":"2020-09-18T11:28:00+00:00","article_modified_time":"2020-09-18T11:28:26+00:00","og_image":[{"width":720,"height":480,"url":"https:\/\/www.amanien.info\/news\/wp-content\/uploads\/2020\/09\/thumbnail-12.jpg","type":"image\/jpeg"}],"author":"Germain Ndri","twitter_card":"summary_large_image","twitter_misc":{"\u00c9crit par":"Germain Ndri","Dur\u00e9e de lecture estim\u00e9e":"1 minute"},"schema":{"@context":"https:\/\/schema.org","@graph":[{"@type":"Article","@id":"https:\/\/www.amanien.info\/news\/medias-le-president-de-l-anp-invite-a-la-verification-des-sources-d-informations\/#article","isPartOf":{"@id":"https:\/\/www.amanien.info\/news\/medias-le-president-de-l-anp-invite-a-la-verification-des-sources-d-informations\/"},"author":{"name":"Germain Ndri","@id":"https:\/\/www.amanien.info\/news\/#\/schema\/person\/b21093345753a1a98242d505bd894f42"},"headline":"M\u00e9dias: Le pr\u00e9sident de l&rsquo; ANP invite \u00e0 la v\u00e9rification des sources d&rsquo; informations","datePublished":"2020-09-18T11:28:00+00:00","dateModified":"2020-09-18T11:28:26+00:00","mainEntityOfPage":{"@id":"https:\/\/www.amanien.info\/news\/medias-le-president-de-l-anp-invite-a-la-verification-des-sources-d-informations\/"},"wordCount":174,"commentCount":0,"image":{"@id":"https:\/\/www.amanien.info\/news\/medias-le-president-de-l-anp-invite-a-la-verification-des-sources-d-informations\/#primaryimage"},"thumbnailUrl":"https:\/\/www.amanien.info\/news\/wp-content\/uploads\/2020\/09\/thumbnail-12.jpg","inLanguage":"fr-FR"},{"@type":"WebPage","@id":"https:\/\/www.amanien.info\/news\/medias-le-president-de-l-anp-invite-a-la-verification-des-sources-d-informations\/","url":"https:\/\/www.amanien.info\/news\/medias-le-president-de-l-anp-invite-a-la-verification-des-sources-d-informations\/","name":"M\u00e9dias: Le pr\u00e9sident de l' ANP invite \u00e0 la v\u00e9rification des sources d' informations - Amanien| L&#039;actualit\u00e9 Ivoirienne et Internationale","isPartOf":{"@id":"https:\/\/www.amanien.info\/news\/#website"},"primaryImageOfPage":{"@id":"https:\/\/www.amanien.info\/news\/medias-le-president-de-l-anp-invite-a-la-verification-des-sources-d-informations\/#primaryimage"},"image":{"@id":"https:\/\/www.amanien.info\/news\/medias-le-president-de-l-anp-invite-a-la-verification-des-sources-d-informations\/#primaryimage"},"thumbnailUrl":"https:\/\/www.amanien.info\/news\/wp-content\/uploads\/2020\/09\/thumbnail-12.jpg","datePublished":"2020-09-18T11:28:00+00:00","dateModified":"2020-09-18T11:28:26+00:00","author":{"@id":"https:\/\/www.amanien.info\/news\/#\/schema\/person\/b21093345753a1a98242d505bd894f42"},"breadcrumb":{"@id":"https:\/\/www.amanien.info\/news\/medias-le-president-de-l-anp-invite-a-la-verification-des-sources-d-informations\/#breadcrumb"},"inLanguage":"fr-FR","potentialAction":[{"@type":"ReadAction","target":["https:\/\/www.amanien.info\/news\/medias-le-president-de-l-anp-invite-a-la-verification-des-sources-d-informations\/"]}]},{"@type":"ImageObject","inLanguage":"fr-FR","@id":"https:\/\/www.amanien.info\/news\/medias-le-president-de-l-anp-invite-a-la-verification-des-sources-d-informations\/#primaryimage","url":"https:\/\/www.amanien.info\/news\/wp-content\/uploads\/2020\/09\/thumbnail-12.jpg","contentUrl":"https:\/\/www.amanien.info\/news\/wp-content\/uploads\/2020\/09\/thumbnail-12.jpg","width":720,"height":480},{"@type":"BreadcrumbList","@id":"https:\/\/www.amanien.info\/news\/medias-le-president-de-l-anp-invite-a-la-verification-des-sources-d-informations\/#breadcrumb","itemListElement":[{"@type":"ListItem","position":1,"name":"Accueil","item":"https:\/\/www.amanien.info\/news\/"},{"@type":"ListItem","position":2,"name":"M\u00e9dias: Le pr\u00e9sident de l&rsquo; ANP invite \u00e0 la v\u00e9rification des sources d&rsquo; informations"}]},{"@type":"WebSite","@id":"https:\/\/www.amanien.info\/news\/#website","url":"https:\/\/www.amanien.info\/news\/","name":"Amanien| L&#039;actualit\u00e9 Ivoirienne et Internationale","description":"L&#039;actualit\u00e9 Ivoirienne et Internationale","potentialAction":[{"@type":"SearchAction","target":{"@type":"EntryPoint","urlTemplate":"https:\/\/www.amanien.info\/news\/?s={search_term_string}"},"query-input":{"@type":"PropertyValueSpecification","valueRequired":true,"valueName":"search_term_string"}}],"inLanguage":"fr-FR"},{"@type":"Person","@id":"https:\/\/www.amanien.info\/news\/#\/schema\/person\/b21093345753a1a98242d505bd894f42","name":"Germain Ndri","url":"https:\/\/www.amanien.info\/news\/author\/amanien-infos\/"}]}},"_links":{"self":[{"href":"https:\/\/www.amanien.info\/news\/wp-json\/wp\/v2\/posts\/1801","targetHints":{"allow":["GET"]}}],"collection":[{"href":"https:\/\/www.amanien.info\/news\/wp-json\/wp\/v2\/posts"}],"about":[{"href":"https:\/\/www.amanien.info\/news\/wp-json\/wp\/v2\/types\/post"}],"author":[{"embeddable":true,"href":"https:\/\/www.amanien.info\/news\/wp-json\/wp\/v2\/users\/2"}],"replies":[{"embeddable":true,"href":"https:\/\/www.amanien.info\/news\/wp-json\/wp\/v2\/comments?post=1801"}],"version-history":[{"count":0,"href":"https:\/\/www.amanien.info\/news\/wp-json\/wp\/v2\/posts\/1801\/revisions"}],"wp:featuredmedia":[{"embeddable":true,"href":"https:\/\/www.amanien.info\/news\/wp-json\/wp\/v2\/media\/1802"}],"wp:attachment":[{"href":"https:\/\/www.amanien.info\/news\/wp-json\/wp\/v2\/media?parent=1801"}],"wp:term":[{"taxonomy":"category","embeddable":true,"href":"https:\/\/www.amanien.info\/news\/wp-json\/wp\/v2\/categories?post=1801"},{"taxonomy":"post_tag","embeddable":true,"href":"https:\/\/www.amanien.info\/news\/wp-json\/wp\/v2\/tags?post=1801"}],"curies":[{"name":"wp","href":"https:\/\/api.w.org\/{rel}","templated":true}]}}