{"id":1783,"date":"2020-09-16T13:45:37","date_gmt":"2020-09-16T11:45:37","guid":{"rendered":"http:\/\/https:\/\/zozo.buyee.jp\/\/news\/?p=1783"},"modified":"2020-09-16T13:46:09","modified_gmt":"2020-09-16T11:46:09","slug":"dr-koffi-edmond-porte-parole-du-collectif-des-syndicats-du-cnra-le-succes-de-l-agriculture-de-notre-pays-repose-sur-la-recherche-agronomique","status":"publish","type":"post","link":"https:\/\/www.amanien.info\/news\/dr-koffi-edmond-porte-parole-du-collectif-des-syndicats-du-cnra-le-succes-de-l-agriculture-de-notre-pays-repose-sur-la-recherche-agronomique\/","title":{"rendered":"Dr Koffi Edmond( porte parole du collectif des syndicats du CNRA): \u00a0\u00bb Le succ\u00e8s de l&rsquo; agriculture de notre pays repose sur la recherche agronomique\u00a0\u00bb"},"content":{"rendered":"<p>Dr Koffi Edmond est le porte parole du collectif des syndicats du Centre National de Recherche Agronomique( CNRA). Nous l&rsquo; avons rencontr\u00e9 pour parler entre autres, de la r\u00e9cente gr\u00e8ve des travailleurs de cet institut.<\/p>\n<p>&#8211; Dr Koffi vous \u00eates le porte parole du collectif des syndicats du CNRA.Comment va cet institut ?<\/p>\n<p>&#8211; Comme vous le savez en tant que partenaires sociaux et employ\u00e9 du Centre National de Recherche Agronomique, nous n&rsquo; avons pas la gestion du CNRA donc il nous est difficile de dire comment il va. Nous faisions le constat comme les autres travailleurs de l&rsquo; \u00e9tat de fonctionnement du CNRA. Les salaires du mois d&rsquo; ao\u00fbt sont en cours de paiement. comme convenu avec l&rsquo; administration par l&rsquo; entremise de notre ministre de tutelle Pr Adama Diawara nous attendons que les primes du deuxi\u00e8me trimestre soient pay\u00e9es \u00e0 la fin du mois de septembre. Nous esp\u00e9rons qu&rsquo; apr\u00e8s le paiement des salaires le Directeur g\u00e9n\u00e9ral va s&rsquo; y atteler pour rester en conformit\u00e9 sur quoi nous nous sommes entendus et qui a pr\u00e9valu au moment de la suspension de notre mot d&rsquo; ordre de gr\u00e8ve.<\/p>\n<p>&#8211; Vous avez r\u00e9cemment d\u00e9clench\u00e9 une gr\u00e8ve pour avoir des meilleures conditions de travail. Avez vous obtenu satisfaction ?<\/p>\n<p>&#8211; Nous avons en partie obtenu satisfaction.Parce que concernant les deux premi\u00e8res revendications dont le paiement des salaires, celui de juillet a \u00e9t\u00e9 pay\u00e9 avant la date conventionnelle. L&rsquo; autre revendication \u00e9tait le paiement des primes de recherche du 4\u00e8me trimestre 2019, et 1er et 2\u00e8me trimestre 2020.Nous avons obtenu l&rsquo; accord de l&rsquo; administration pour le paiement de deux primes. Nous souhaitons que le paiement des primes du 2\u00e8me trimestre ne tra\u00eene pas pour que cela ne vienne pas compromettre l&rsquo; accord conclu et qui a permis de suspendre le mot d&rsquo; ordre de gr\u00e8ve.<\/p>\n<p>Ind\u00e9pendamment des ces deux points, tout un ensemble d&rsquo; autres \u00e9l\u00e9ments en rapport avec les revendications des travailleurs comme par exemple le reversement des pr\u00e9l\u00e8vements Bni qui sont revers\u00e9es sur les salaires des travailleurs sont attendus. Il y a aussi le reversement des cotisations de le Musa pour permettre aux travailleurs de mieux se soigner, la question du profil de carri\u00e8re \u00e0 travers la publication des \u00e9valuations de 2012 \u00e0 2016, la reconnaissance au plan financier des grades obtenus et des \u00e9chelons acquis par les travailleurs. Il y a aussi la question des deux ann\u00e9es de flottement entre la fin de l&rsquo; \u00e9valuation et la date de prise d&rsquo; effet donc 24 autres mois \u00e0 reconsid\u00e9rer comme \u00e9l\u00e9ment \u00e0 satisfaire.Ensuite il y a l&rsquo; application du Smig, la cat\u00e9gorie Oej dont nous avons demand\u00e9 la suppression parce que cela ne correspond pas \u00e0 grand chose en terme de confort aux travailleurs. Voil\u00e0 tous ces \u00e9l\u00e9ments qui ne sont pas encore r\u00e9gl\u00e9s. Nous avons adress\u00e9 un courrier \u00e0 notre Directeur g\u00e9n\u00e9ral pour qu&rsquo; une proposition d&rsquo; \u00e9ch\u00e9ancier soit fa\u00eete, de sorte que cela nous permette d&rsquo; engager des \u00e9changes notre administration pour que nous nous mettions d&rsquo;accord sur le r\u00e8glement des \u00e9l\u00e9ments financiers qui sont en suspend.<\/p>\n<p>&#8211; Y a- il autre grief?<\/p>\n<p>&#8211; Nous attendions la r\u00e9ponse de notre DG sur la question de la satisfaction de ces pr\u00e9occupations quand nous avons \u00e9t\u00e9 surpris il faut le dire par la d\u00e9cision du directeur g\u00e9n\u00e9ral aux travailleurs occupants des logements du CNRA de contribuer \u00e0 la charge d&rsquo; \u00e9lectricit\u00e9.Alors que concernant ce dossier nous avons rencontr\u00e9 nos autorit\u00e9s en 2019 dont le pr\u00e9sident du conseil d&rsquo; administration,pour \u00e9changer et convenir qu&rsquo; il serait int\u00e9ressant qu&rsquo; il y ait des pr\u00e9alables \u00e0 lever. Que des compteurs soient pos\u00e9s partout o\u00f9 il y a un travailleur qui occupe un logement aussi bien \u00e0 Abidjan que dans les administration r\u00e9gionales. Nous avons aussi fait le constat que des personnes ne travaillant pas au Cnra utilisent \u00e0 notre avis de fa\u00e7on frauduleuse l&rsquo; \u00e9lectricit\u00e9 du CNRA. Soit on donne \u00e0 ces personnes des compteurs et on les identifie, soit on leur supprime l&rsquo; \u00e9lectricit\u00e9 pour que cela baisse la consommation.Il ya des questions que nous voulons voir \u00e9lucider avant que le travailleur lui-m\u00eame soit appel\u00e9 \u00e0 payer une charge contributive \u00e0 la consommation de l&rsquo; \u00e9lectricit\u00e9. Nous osons croire que le Directeur g\u00e9n\u00e9ral qui nous oppose la main tendue en disant que ses portes sont ouvertes va nous appeler pour que nous puissions \u00e9changer et nous mettre d&rsquo;accord afin que les travailleurs fassent la part qui leur est demand\u00e9.<\/p>\n<p>&#8211; Quel est l&rsquo; \u00e9tat des relations entre les syndicats et la Direction g\u00e9n\u00e9rale?<\/p>\n<p>&#8211; Nous sommes des partenaires sociaux et attirons l&rsquo; attention de l&rsquo; administration sur les questions qui ne sont pas suffisamment trait\u00e9es, ou qui ne sont pas bien per\u00e7ues et qui peuvent entraver les bonnes relations entre l&rsquo; administration et nous.C&rsquo; est ce que nous avons toujours fait en relevant les pr\u00e9occupations des travailleurs.Pour nous il s&rsquo; agit d&rsquo; aller ensemble et non en rang dispers\u00e9. Nous recherchons le bien-\u00eatre des travailleurs et je crois que c&rsquo; est aussi la pr\u00e9occupation de l&rsquo;administration.C&rsquo; est pourquoi nous n&rsquo; avons pas compris que le DG nous adresse un courrier sur la charge contributive d&rsquo;\u00e9lectricit\u00e9 sans \u00e9change pr\u00e9alable. Nous pensons que notre responsable va prendre de la hauteur pour nous appeler pour discuter, pour qu&rsquo; il n y ait plus de climat d&rsquo; opposition.<\/p>\n<p>&#8211; Selon vous qu&rsquo; est ce qui retarde la mise en application des recommandations du conseil des ministres du 30 mai 2018?<\/p>\n<p>&#8211; Ce qui retarde l&rsquo; application de ces recommandations c&rsquo; est un peu la complexit\u00e9 du CNRA. Il y a deux probl\u00e8mes \u00e0 solutionner avant que cela ne laisse la voix \u00e0 la restructuration \u00e0 proprement parl\u00e9. Il s&rsquo; agit de la question du foncier et du statut du CNRA.A ce jour le Cnra est une soci\u00e9t\u00e9 \u00e0 participation minoritaire de l&rsquo; \u00e9tat \u00e0 hauteur de 40%. Avec la restructuration il faut voir si le cnra sera toujours une soci\u00e9t\u00e9 d&rsquo; \u00e9tat ou une soci\u00e9t\u00e9 anonyme avec participation majoritaire de l&rsquo;\u00c9tat. La recherche agronomique s&rsquo; appuie sur le foncier et il n&rsquo; est pas question que ce foncier soit \u00e9rod\u00e9 de quelque mani\u00e8re que ce soit.Il faut rappeler que le cnra a h\u00e9rit\u00e9 de l&rsquo; \u00c9tat de C\u00f4te d&rsquo; Ivoire 22.500 hectares et lors d&rsquo; une de nos rencontres avec l&rsquo; ancien ministre de l&rsquo; enseignement sup\u00e9rieur Sery Bailly, il nous avait dit de faire en sorte qu&rsquo; aucun centim\u00e8tre ne soit perdu. Nous sommes surpris que le m\u00eame \u00c9tat qui nous a donn\u00e9 la parcelle \u00e0 conserver accepte de nous amputer de certaines parties de ce patrimoine pour la construction des \u00e9difices \u00e0 caract\u00e8re social. Une fois que ces deux points seront r\u00e9gl\u00e9s il va rester le point important de la restructuration qui concerne le personnel, qui sera r\u00e9gl\u00e9 en fonction du statut du CNRA.<\/p>\n<p>&#8211; Quelle est l&rsquo; importance du CNRA sur l&rsquo; \u00e9conomie nationale?<\/p>\n<p>&#8211; Le p\u00e8re fondateur le pr\u00e9sident Houphou\u00ebt Boigny a dit que le succ\u00e8s de la C\u00f4te d&rsquo;Ivoire repose sur l&rsquo; agriculture. Je vais paraphraser en disant que le succ\u00e8s de l&rsquo;agriculture repose sur la recherche agronomique. Le gouvernement a signifi\u00e9 cela en consacrant le CNRA en conseil des ministres comme structure leader de la recherche agronomique en C\u00f4te d&rsquo;Ivoire. Cela signifie que le CNRA s&rsquo; ouvre \u00e0 d &lsquo; autres structures de recherche en tant que point central pour la conduite de la recherche agronomique avec les universit\u00e9s et les grandes \u00e9coles. Par ailleurs, la production des diff\u00e9rentes sp\u00e9culations que le CNRA a permis \u00e0 travers sa recherche de bonifier, contribuent au plan social \u00e0 permettre aux paysans qui les cultivent de s&rsquo; assumer pleinement. Au niveau du cacao par exemple, la C\u00f4te d&rsquo;Ivoire est pass\u00e9 \u00e0 800.000 tonnes \u00e0 plus d&rsquo; un million de tonnes. Le cacao contribue \u00e0 12% au produit int\u00e9rieur brut ( Pib). Quand on prend toutes les sp\u00e9culations cela contribue \u00e0 30% du pib. A cela il Faut ajouter le volet transport des diff\u00e9rents produits. Il y a aussi l&rsquo; aspect de la s\u00e9curit\u00e9 alimentaire qu&rsquo; on passe souvent sous silence. Avec les nouvelles vari\u00e9t\u00e9s d&rsquo; igname, de banane, de manioc, on peut produire jusqu&rsquo;\u00e0 40 tonnes \u00e0 l&rsquo; hectare. Cela permet aux populations de s&rsquo; alimenter.C &lsquo; est un \u00e9l\u00e9ment fondamental de la contribution du CNRA. Au del\u00e0 il y a les r\u00e9sultats scientifiques qui sont partag\u00e9s au niveau r\u00e9gional et international.<\/p>\n<p>&#8211; Au niveau de la recherche agronomique, apr\u00e8s le cacao mercedes quels sont les nouvelles pistes pour booster l&rsquo;agriculture?<\/p>\n<p>&#8211; La recherche continue.Si l&rsquo;\u00c9tat a d\u00e9cid\u00e9 d&rsquo; accorder au cnra le statut de leader dans la recherche agronomique, cela veut dire que c&rsquo; est une volont\u00e9 forte.Nous attendons que cette volont\u00e9 soit manifeste de mani\u00e8re concr\u00e8te. Il ya certes l&rsquo; appui de 300 millions de l&rsquo; \u00c9tat au cnra, mais il faut des \u00e9quipements , la mise en oeuvre effective des activit\u00e9s de recherche par le financement de ces activit\u00e9s. Ce qui permettra d&rsquo; avoir des r\u00e9sultats plus probants. Nous avons d\u00e9pass\u00e9 l&rsquo; \u00e9tape du cacao mercedes et du caf\u00e9 \u00e9mergent. Il faut aller au del\u00e0 car il y a des enjeux de changements climatiques pour lesquels il faut trouver des vari\u00e9t\u00e9s inadapt\u00e9es \u00e0 certaines zones \u00e9cologiques. Il y a aussi la question de l&rsquo; eau, de la transformation qui sint autant de d\u00e9fis \u00e0 relever.<\/p>\n<p>&#8211; Pour conclure quelles sont les perspectives du collectif des syndicats du CNRA?<\/p>\n<p>&#8211; Les perspectives c&rsquo; est de travailler en bonne intelligence avec notre administration, surtout que nous avons une oreille attentive de notre ministre de tutelle. Nous souhaitons que si un probl\u00e8me survient, qu&rsquo; on puisse le circonscrire. Nous souhaitons maintenir le dialogue \u00e0 travers les \u00e9changes, afin que les pr\u00e9occupations trouvent une solution pour le bonheur des travailleurs, afin que nous puissions travailler dans la qui\u00e9tude. L&rsquo; un des notres a obtenu le prix mondial sur la recherche sur le caoutchouc, ce qui prouve internationale de nos recherches.<br \/>\nR\u00e9alis\u00e9e par Calvin Wandji<\/p>\n","protected":false},"excerpt":{"rendered":"<p>Dr Koffi Edmond est le porte parole du collectif des syndicats du Centre National de Recherche Agronomique( CNRA). Nous l&rsquo; avons rencontr\u00e9 pour parler entre autres, de la r\u00e9cente gr\u00e8ve des travailleurs de cet institut. &#8211; Dr Koffi vous \u00eates le porte parole du collectif des syndicats du CNRA.Comment va cet institut ? &#8211; Comme [&hellip;]<\/p>\n","protected":false},"author":2,"featured_media":1784,"comment_status":"open","ping_status":"open","sticky":true,"template":"","format":"standard","meta":{"_acf_changed":false,"footnotes":""},"categories":[],"tags":[],"class_list":["post-1783","post","type-post","status-publish","format-standard","has-post-thumbnail","hentry"],"acf":[],"yoast_head":"<!-- This site is optimized with the Yoast SEO plugin v27.5 - https:\/\/yoast.com\/product\/yoast-seo-wordpress\/ -->\n<title>Dr Koffi Edmond( porte parole du collectif des syndicats du CNRA): &quot; Le succ\u00e8s de l&#039; agriculture de notre pays repose sur la recherche agronomique&quot; - Amanien| L&#039;actualit\u00e9 Ivoirienne et Internationale<\/title>\n<meta name=\"robots\" content=\"index, follow, max-snippet:-1, max-image-preview:large, max-video-preview:-1\" \/>\n<link rel=\"canonical\" href=\"https:\/\/www.amanien.info\/news\/dr-koffi-edmond-porte-parole-du-collectif-des-syndicats-du-cnra-le-succes-de-l-agriculture-de-notre-pays-repose-sur-la-recherche-agronomique\/\" \/>\n<meta property=\"og:locale\" content=\"fr_FR\" \/>\n<meta property=\"og:type\" content=\"article\" \/>\n<meta property=\"og:title\" content=\"Dr Koffi Edmond( porte parole du collectif des syndicats du CNRA): &quot; Le succ\u00e8s de l&#039; agriculture de notre pays repose sur la recherche agronomique&quot; - Amanien| L&#039;actualit\u00e9 Ivoirienne et Internationale\" \/>\n<meta property=\"og:description\" content=\"Dr Koffi Edmond est le porte parole du collectif des syndicats du Centre National de Recherche Agronomique( CNRA). Nous l&rsquo; avons rencontr\u00e9 pour parler entre autres, de la r\u00e9cente gr\u00e8ve des travailleurs de cet institut. &#8211; Dr Koffi vous \u00eates le porte parole du collectif des syndicats du CNRA.Comment va cet institut ? &#8211; Comme [&hellip;]\" \/>\n<meta property=\"og:url\" content=\"https:\/\/www.amanien.info\/news\/dr-koffi-edmond-porte-parole-du-collectif-des-syndicats-du-cnra-le-succes-de-l-agriculture-de-notre-pays-repose-sur-la-recherche-agronomique\/\" \/>\n<meta property=\"og:site_name\" content=\"Amanien| L&#039;actualit\u00e9 Ivoirienne et Internationale\" \/>\n<meta property=\"article:published_time\" content=\"2020-09-16T11:45:37+00:00\" \/>\n<meta property=\"article:modified_time\" content=\"2020-09-16T11:46:09+00:00\" \/>\n<meta property=\"og:image\" content=\"https:\/\/www.amanien.info\/news\/wp-content\/uploads\/2020\/09\/thumbnail-7.jpg\" \/>\n\t<meta property=\"og:image:width\" content=\"1080\" \/>\n\t<meta property=\"og:image:height\" content=\"608\" \/>\n\t<meta property=\"og:image:type\" content=\"image\/jpeg\" \/>\n<meta name=\"author\" content=\"Germain Ndri\" \/>\n<meta name=\"twitter:card\" content=\"summary_large_image\" \/>\n<meta name=\"twitter:label1\" content=\"\u00c9crit par\" \/>\n\t<meta name=\"twitter:data1\" content=\"Germain Ndri\" \/>\n\t<meta name=\"twitter:label2\" content=\"Dur\u00e9e de lecture estim\u00e9e\" \/>\n\t<meta name=\"twitter:data2\" content=\"9 minutes\" \/>\n<script type=\"application\/ld+json\" class=\"yoast-schema-graph\">{\"@context\":\"https:\\\/\\\/schema.org\",\"@graph\":[{\"@type\":\"Article\",\"@id\":\"https:\\\/\\\/www.amanien.info\\\/news\\\/dr-koffi-edmond-porte-parole-du-collectif-des-syndicats-du-cnra-le-succes-de-l-agriculture-de-notre-pays-repose-sur-la-recherche-agronomique\\\/#article\",\"isPartOf\":{\"@id\":\"https:\\\/\\\/www.amanien.info\\\/news\\\/dr-koffi-edmond-porte-parole-du-collectif-des-syndicats-du-cnra-le-succes-de-l-agriculture-de-notre-pays-repose-sur-la-recherche-agronomique\\\/\"},\"author\":{\"name\":\"Germain Ndri\",\"@id\":\"https:\\\/\\\/www.amanien.info\\\/news\\\/#\\\/schema\\\/person\\\/b21093345753a1a98242d505bd894f42\"},\"headline\":\"Dr Koffi Edmond( porte parole du collectif des syndicats du CNRA): \u00a0\u00bb Le succ\u00e8s de l&rsquo; agriculture de notre pays repose sur la recherche agronomique\u00a0\u00bb\",\"datePublished\":\"2020-09-16T11:45:37+00:00\",\"dateModified\":\"2020-09-16T11:46:09+00:00\",\"mainEntityOfPage\":{\"@id\":\"https:\\\/\\\/www.amanien.info\\\/news\\\/dr-koffi-edmond-porte-parole-du-collectif-des-syndicats-du-cnra-le-succes-de-l-agriculture-de-notre-pays-repose-sur-la-recherche-agronomique\\\/\"},\"wordCount\":1760,\"commentCount\":0,\"image\":{\"@id\":\"https:\\\/\\\/www.amanien.info\\\/news\\\/dr-koffi-edmond-porte-parole-du-collectif-des-syndicats-du-cnra-le-succes-de-l-agriculture-de-notre-pays-repose-sur-la-recherche-agronomique\\\/#primaryimage\"},\"thumbnailUrl\":\"https:\\\/\\\/www.amanien.info\\\/news\\\/wp-content\\\/uploads\\\/2020\\\/09\\\/thumbnail-7.jpg\",\"inLanguage\":\"fr-FR\"},{\"@type\":\"WebPage\",\"@id\":\"https:\\\/\\\/www.amanien.info\\\/news\\\/dr-koffi-edmond-porte-parole-du-collectif-des-syndicats-du-cnra-le-succes-de-l-agriculture-de-notre-pays-repose-sur-la-recherche-agronomique\\\/\",\"url\":\"https:\\\/\\\/www.amanien.info\\\/news\\\/dr-koffi-edmond-porte-parole-du-collectif-des-syndicats-du-cnra-le-succes-de-l-agriculture-de-notre-pays-repose-sur-la-recherche-agronomique\\\/\",\"name\":\"Dr Koffi Edmond( porte parole du collectif des syndicats du CNRA): \\\" Le succ\u00e8s de l' agriculture de notre pays repose sur la recherche agronomique\\\" - Amanien| L&#039;actualit\u00e9 Ivoirienne et Internationale\",\"isPartOf\":{\"@id\":\"https:\\\/\\\/www.amanien.info\\\/news\\\/#website\"},\"primaryImageOfPage\":{\"@id\":\"https:\\\/\\\/www.amanien.info\\\/news\\\/dr-koffi-edmond-porte-parole-du-collectif-des-syndicats-du-cnra-le-succes-de-l-agriculture-de-notre-pays-repose-sur-la-recherche-agronomique\\\/#primaryimage\"},\"image\":{\"@id\":\"https:\\\/\\\/www.amanien.info\\\/news\\\/dr-koffi-edmond-porte-parole-du-collectif-des-syndicats-du-cnra-le-succes-de-l-agriculture-de-notre-pays-repose-sur-la-recherche-agronomique\\\/#primaryimage\"},\"thumbnailUrl\":\"https:\\\/\\\/www.amanien.info\\\/news\\\/wp-content\\\/uploads\\\/2020\\\/09\\\/thumbnail-7.jpg\",\"datePublished\":\"2020-09-16T11:45:37+00:00\",\"dateModified\":\"2020-09-16T11:46:09+00:00\",\"author\":{\"@id\":\"https:\\\/\\\/www.amanien.info\\\/news\\\/#\\\/schema\\\/person\\\/b21093345753a1a98242d505bd894f42\"},\"breadcrumb\":{\"@id\":\"https:\\\/\\\/www.amanien.info\\\/news\\\/dr-koffi-edmond-porte-parole-du-collectif-des-syndicats-du-cnra-le-succes-de-l-agriculture-de-notre-pays-repose-sur-la-recherche-agronomique\\\/#breadcrumb\"},\"inLanguage\":\"fr-FR\",\"potentialAction\":[{\"@type\":\"ReadAction\",\"target\":[\"https:\\\/\\\/www.amanien.info\\\/news\\\/dr-koffi-edmond-porte-parole-du-collectif-des-syndicats-du-cnra-le-succes-de-l-agriculture-de-notre-pays-repose-sur-la-recherche-agronomique\\\/\"]}]},{\"@type\":\"ImageObject\",\"inLanguage\":\"fr-FR\",\"@id\":\"https:\\\/\\\/www.amanien.info\\\/news\\\/dr-koffi-edmond-porte-parole-du-collectif-des-syndicats-du-cnra-le-succes-de-l-agriculture-de-notre-pays-repose-sur-la-recherche-agronomique\\\/#primaryimage\",\"url\":\"https:\\\/\\\/www.amanien.info\\\/news\\\/wp-content\\\/uploads\\\/2020\\\/09\\\/thumbnail-7.jpg\",\"contentUrl\":\"https:\\\/\\\/www.amanien.info\\\/news\\\/wp-content\\\/uploads\\\/2020\\\/09\\\/thumbnail-7.jpg\",\"width\":1080,\"height\":608},{\"@type\":\"BreadcrumbList\",\"@id\":\"https:\\\/\\\/www.amanien.info\\\/news\\\/dr-koffi-edmond-porte-parole-du-collectif-des-syndicats-du-cnra-le-succes-de-l-agriculture-de-notre-pays-repose-sur-la-recherche-agronomique\\\/#breadcrumb\",\"itemListElement\":[{\"@type\":\"ListItem\",\"position\":1,\"name\":\"Accueil\",\"item\":\"https:\\\/\\\/www.amanien.info\\\/news\\\/\"},{\"@type\":\"ListItem\",\"position\":2,\"name\":\"Dr Koffi Edmond( porte parole du collectif des syndicats du CNRA): \u00a0\u00bb Le succ\u00e8s de l&rsquo; agriculture de notre pays repose sur la recherche agronomique\u00a0\u00bb\"}]},{\"@type\":\"WebSite\",\"@id\":\"https:\\\/\\\/www.amanien.info\\\/news\\\/#website\",\"url\":\"https:\\\/\\\/www.amanien.info\\\/news\\\/\",\"name\":\"Amanien| L&#039;actualit\u00e9 Ivoirienne et Internationale\",\"description\":\"L&#039;actualit\u00e9 Ivoirienne et Internationale\",\"potentialAction\":[{\"@type\":\"SearchAction\",\"target\":{\"@type\":\"EntryPoint\",\"urlTemplate\":\"https:\\\/\\\/www.amanien.info\\\/news\\\/?s={search_term_string}\"},\"query-input\":{\"@type\":\"PropertyValueSpecification\",\"valueRequired\":true,\"valueName\":\"search_term_string\"}}],\"inLanguage\":\"fr-FR\"},{\"@type\":\"Person\",\"@id\":\"https:\\\/\\\/www.amanien.info\\\/news\\\/#\\\/schema\\\/person\\\/b21093345753a1a98242d505bd894f42\",\"name\":\"Germain Ndri\",\"url\":\"https:\\\/\\\/www.amanien.info\\\/news\\\/author\\\/amanien-infos\\\/\"}]}<\/script>\n<!-- \/ Yoast SEO plugin. -->","yoast_head_json":{"title":"Dr Koffi Edmond( porte parole du collectif des syndicats du CNRA): \" Le succ\u00e8s de l' agriculture de notre pays repose sur la recherche agronomique\" - Amanien| L&#039;actualit\u00e9 Ivoirienne et Internationale","robots":{"index":"index","follow":"follow","max-snippet":"max-snippet:-1","max-image-preview":"max-image-preview:large","max-video-preview":"max-video-preview:-1"},"canonical":"https:\/\/www.amanien.info\/news\/dr-koffi-edmond-porte-parole-du-collectif-des-syndicats-du-cnra-le-succes-de-l-agriculture-de-notre-pays-repose-sur-la-recherche-agronomique\/","og_locale":"fr_FR","og_type":"article","og_title":"Dr Koffi Edmond( porte parole du collectif des syndicats du CNRA): \" Le succ\u00e8s de l' agriculture de notre pays repose sur la recherche agronomique\" - Amanien| L&#039;actualit\u00e9 Ivoirienne et Internationale","og_description":"Dr Koffi Edmond est le porte parole du collectif des syndicats du Centre National de Recherche Agronomique( CNRA). Nous l&rsquo; avons rencontr\u00e9 pour parler entre autres, de la r\u00e9cente gr\u00e8ve des travailleurs de cet institut. &#8211; Dr Koffi vous \u00eates le porte parole du collectif des syndicats du CNRA.Comment va cet institut ? &#8211; Comme [&hellip;]","og_url":"https:\/\/www.amanien.info\/news\/dr-koffi-edmond-porte-parole-du-collectif-des-syndicats-du-cnra-le-succes-de-l-agriculture-de-notre-pays-repose-sur-la-recherche-agronomique\/","og_site_name":"Amanien| L&#039;actualit\u00e9 Ivoirienne et Internationale","article_published_time":"2020-09-16T11:45:37+00:00","article_modified_time":"2020-09-16T11:46:09+00:00","og_image":[{"width":1080,"height":608,"url":"https:\/\/www.amanien.info\/news\/wp-content\/uploads\/2020\/09\/thumbnail-7.jpg","type":"image\/jpeg"}],"author":"Germain Ndri","twitter_card":"summary_large_image","twitter_misc":{"\u00c9crit par":"Germain Ndri","Dur\u00e9e de lecture estim\u00e9e":"9 minutes"},"schema":{"@context":"https:\/\/schema.org","@graph":[{"@type":"Article","@id":"https:\/\/www.amanien.info\/news\/dr-koffi-edmond-porte-parole-du-collectif-des-syndicats-du-cnra-le-succes-de-l-agriculture-de-notre-pays-repose-sur-la-recherche-agronomique\/#article","isPartOf":{"@id":"https:\/\/www.amanien.info\/news\/dr-koffi-edmond-porte-parole-du-collectif-des-syndicats-du-cnra-le-succes-de-l-agriculture-de-notre-pays-repose-sur-la-recherche-agronomique\/"},"author":{"name":"Germain Ndri","@id":"https:\/\/www.amanien.info\/news\/#\/schema\/person\/b21093345753a1a98242d505bd894f42"},"headline":"Dr Koffi Edmond( porte parole du collectif des syndicats du CNRA): \u00a0\u00bb Le succ\u00e8s de l&rsquo; agriculture de notre pays repose sur la recherche agronomique\u00a0\u00bb","datePublished":"2020-09-16T11:45:37+00:00","dateModified":"2020-09-16T11:46:09+00:00","mainEntityOfPage":{"@id":"https:\/\/www.amanien.info\/news\/dr-koffi-edmond-porte-parole-du-collectif-des-syndicats-du-cnra-le-succes-de-l-agriculture-de-notre-pays-repose-sur-la-recherche-agronomique\/"},"wordCount":1760,"commentCount":0,"image":{"@id":"https:\/\/www.amanien.info\/news\/dr-koffi-edmond-porte-parole-du-collectif-des-syndicats-du-cnra-le-succes-de-l-agriculture-de-notre-pays-repose-sur-la-recherche-agronomique\/#primaryimage"},"thumbnailUrl":"https:\/\/www.amanien.info\/news\/wp-content\/uploads\/2020\/09\/thumbnail-7.jpg","inLanguage":"fr-FR"},{"@type":"WebPage","@id":"https:\/\/www.amanien.info\/news\/dr-koffi-edmond-porte-parole-du-collectif-des-syndicats-du-cnra-le-succes-de-l-agriculture-de-notre-pays-repose-sur-la-recherche-agronomique\/","url":"https:\/\/www.amanien.info\/news\/dr-koffi-edmond-porte-parole-du-collectif-des-syndicats-du-cnra-le-succes-de-l-agriculture-de-notre-pays-repose-sur-la-recherche-agronomique\/","name":"Dr Koffi Edmond( porte parole du collectif des syndicats du CNRA): \" Le succ\u00e8s de l' agriculture de notre pays repose sur la recherche agronomique\" - Amanien| L&#039;actualit\u00e9 Ivoirienne et Internationale","isPartOf":{"@id":"https:\/\/www.amanien.info\/news\/#website"},"primaryImageOfPage":{"@id":"https:\/\/www.amanien.info\/news\/dr-koffi-edmond-porte-parole-du-collectif-des-syndicats-du-cnra-le-succes-de-l-agriculture-de-notre-pays-repose-sur-la-recherche-agronomique\/#primaryimage"},"image":{"@id":"https:\/\/www.amanien.info\/news\/dr-koffi-edmond-porte-parole-du-collectif-des-syndicats-du-cnra-le-succes-de-l-agriculture-de-notre-pays-repose-sur-la-recherche-agronomique\/#primaryimage"},"thumbnailUrl":"https:\/\/www.amanien.info\/news\/wp-content\/uploads\/2020\/09\/thumbnail-7.jpg","datePublished":"2020-09-16T11:45:37+00:00","dateModified":"2020-09-16T11:46:09+00:00","author":{"@id":"https:\/\/www.amanien.info\/news\/#\/schema\/person\/b21093345753a1a98242d505bd894f42"},"breadcrumb":{"@id":"https:\/\/www.amanien.info\/news\/dr-koffi-edmond-porte-parole-du-collectif-des-syndicats-du-cnra-le-succes-de-l-agriculture-de-notre-pays-repose-sur-la-recherche-agronomique\/#breadcrumb"},"inLanguage":"fr-FR","potentialAction":[{"@type":"ReadAction","target":["https:\/\/www.amanien.info\/news\/dr-koffi-edmond-porte-parole-du-collectif-des-syndicats-du-cnra-le-succes-de-l-agriculture-de-notre-pays-repose-sur-la-recherche-agronomique\/"]}]},{"@type":"ImageObject","inLanguage":"fr-FR","@id":"https:\/\/www.amanien.info\/news\/dr-koffi-edmond-porte-parole-du-collectif-des-syndicats-du-cnra-le-succes-de-l-agriculture-de-notre-pays-repose-sur-la-recherche-agronomique\/#primaryimage","url":"https:\/\/www.amanien.info\/news\/wp-content\/uploads\/2020\/09\/thumbnail-7.jpg","contentUrl":"https:\/\/www.amanien.info\/news\/wp-content\/uploads\/2020\/09\/thumbnail-7.jpg","width":1080,"height":608},{"@type":"BreadcrumbList","@id":"https:\/\/www.amanien.info\/news\/dr-koffi-edmond-porte-parole-du-collectif-des-syndicats-du-cnra-le-succes-de-l-agriculture-de-notre-pays-repose-sur-la-recherche-agronomique\/#breadcrumb","itemListElement":[{"@type":"ListItem","position":1,"name":"Accueil","item":"https:\/\/www.amanien.info\/news\/"},{"@type":"ListItem","position":2,"name":"Dr Koffi Edmond( porte parole du collectif des syndicats du CNRA): \u00a0\u00bb Le succ\u00e8s de l&rsquo; agriculture de notre pays repose sur la recherche agronomique\u00a0\u00bb"}]},{"@type":"WebSite","@id":"https:\/\/www.amanien.info\/news\/#website","url":"https:\/\/www.amanien.info\/news\/","name":"Amanien| L&#039;actualit\u00e9 Ivoirienne et Internationale","description":"L&#039;actualit\u00e9 Ivoirienne et Internationale","potentialAction":[{"@type":"SearchAction","target":{"@type":"EntryPoint","urlTemplate":"https:\/\/www.amanien.info\/news\/?s={search_term_string}"},"query-input":{"@type":"PropertyValueSpecification","valueRequired":true,"valueName":"search_term_string"}}],"inLanguage":"fr-FR"},{"@type":"Person","@id":"https:\/\/www.amanien.info\/news\/#\/schema\/person\/b21093345753a1a98242d505bd894f42","name":"Germain Ndri","url":"https:\/\/www.amanien.info\/news\/author\/amanien-infos\/"}]}},"_links":{"self":[{"href":"https:\/\/www.amanien.info\/news\/wp-json\/wp\/v2\/posts\/1783","targetHints":{"allow":["GET"]}}],"collection":[{"href":"https:\/\/www.amanien.info\/news\/wp-json\/wp\/v2\/posts"}],"about":[{"href":"https:\/\/www.amanien.info\/news\/wp-json\/wp\/v2\/types\/post"}],"author":[{"embeddable":true,"href":"https:\/\/www.amanien.info\/news\/wp-json\/wp\/v2\/users\/2"}],"replies":[{"embeddable":true,"href":"https:\/\/www.amanien.info\/news\/wp-json\/wp\/v2\/comments?post=1783"}],"version-history":[{"count":0,"href":"https:\/\/www.amanien.info\/news\/wp-json\/wp\/v2\/posts\/1783\/revisions"}],"wp:featuredmedia":[{"embeddable":true,"href":"https:\/\/www.amanien.info\/news\/wp-json\/wp\/v2\/media\/1784"}],"wp:attachment":[{"href":"https:\/\/www.amanien.info\/news\/wp-json\/wp\/v2\/media?parent=1783"}],"wp:term":[{"taxonomy":"category","embeddable":true,"href":"https:\/\/www.amanien.info\/news\/wp-json\/wp\/v2\/categories?post=1783"},{"taxonomy":"post_tag","embeddable":true,"href":"https:\/\/www.amanien.info\/news\/wp-json\/wp\/v2\/tags?post=1783"}],"curies":[{"name":"wp","href":"https:\/\/api.w.org\/{rel}","templated":true}]}}