{"id":1780,"date":"2020-09-15T09:41:05","date_gmt":"2020-09-15T07:41:05","guid":{"rendered":"http:\/\/https:\/\/zozo.buyee.jp\/\/news\/?p=1780"},"modified":"2020-09-15T09:41:26","modified_gmt":"2020-09-15T07:41:26","slug":"declaration-guillaume-soro-je-conteste-vigoureusement-la-decision-injuste-et-infondee-prise-par-le-conseil-constitutionnel","status":"publish","type":"post","link":"https:\/\/www.amanien.info\/news\/declaration-guillaume-soro-je-conteste-vigoureusement-la-decision-injuste-et-infondee-prise-par-le-conseil-constitutionnel\/","title":{"rendered":"D\u00e9claration Guillaume Soro: \u00a0\u00bb je conteste vigoureusement la d\u00e9cision injuste et infond\u00e9e prise par le conseil constitutionnel\u00a0\u00bb"},"content":{"rendered":"<p>\u00a0\u00bb Je conteste vigoureusement la d\u00e9cision injuste et infond\u00e9e prise ce lundi 14 septembre 2020 par le Conseil Constitutionnel. Je consid\u00e8re que c\u2019est une d\u00e9cision inique, politiquement motiv\u00e9e, juridiquement boiteuse et qui s\u2019inscrit dans une logique d\u2019an\u00e9antissement de la d\u00e9mocratie et l\u2019Etat de droit.<\/p>\n<p>Le Conseil Constitutionnel sous Mamadou Kon\u00e9 vient ainsi de cautionner, et cela sans surprise, la forfaiture et le parjure de M. Alassane Ouattara, consacrant ainsi la soumission du Droit et de la Justice \u00e0 la f\u00e9rule du RHDP et de son Pr\u00e9sident. Nous ne pouvons accepter ce Coup d\u2019Etat act\u00e9 par le Conseil constitutionnel.<\/p>\n<p>Dans ces circonstances, j\u2019annonce que nous engagerons une \u00e9tape nouvelle de notre combat pour la d\u00e9mocratie dans notre pays. Elle sera \u00e2pre mais nous la gagnerons sans aucun doute. \u00a0\u00bb<\/p>\n<p>Guillaume Kigbafori Soro<\/p>\n","protected":false},"excerpt":{"rendered":"<p>\u00a0\u00bb Je conteste vigoureusement la d\u00e9cision injuste et infond\u00e9e prise ce lundi 14 septembre 2020 par le Conseil Constitutionnel. Je consid\u00e8re que c\u2019est une d\u00e9cision inique, politiquement motiv\u00e9e, juridiquement boiteuse et qui s\u2019inscrit dans une logique d\u2019an\u00e9antissement de la d\u00e9mocratie et l\u2019Etat de droit. Le Conseil Constitutionnel sous Mamadou Kon\u00e9 vient ainsi de cautionner, et [&hellip;]<\/p>\n","protected":false},"author":2,"featured_media":1781,"comment_status":"open","ping_status":"open","sticky":true,"template":"","format":"standard","meta":{"_acf_changed":false,"footnotes":""},"categories":[],"tags":[],"class_list":["post-1780","post","type-post","status-publish","format-standard","has-post-thumbnail","hentry"],"acf":[],"yoast_head":"<!-- This site is optimized with the Yoast SEO plugin v27.5 - https:\/\/yoast.com\/product\/yoast-seo-wordpress\/ -->\n<title>D\u00e9claration Guillaume Soro: &quot; je conteste vigoureusement la d\u00e9cision injuste et infond\u00e9e prise par le conseil constitutionnel&quot; - Amanien| L&#039;actualit\u00e9 Ivoirienne et Internationale<\/title>\n<meta name=\"robots\" content=\"index, follow, max-snippet:-1, max-image-preview:large, max-video-preview:-1\" \/>\n<link rel=\"canonical\" href=\"https:\/\/www.amanien.info\/news\/declaration-guillaume-soro-je-conteste-vigoureusement-la-decision-injuste-et-infondee-prise-par-le-conseil-constitutionnel\/\" \/>\n<meta property=\"og:locale\" content=\"fr_FR\" \/>\n<meta property=\"og:type\" content=\"article\" \/>\n<meta property=\"og:title\" content=\"D\u00e9claration Guillaume Soro: &quot; je conteste vigoureusement la d\u00e9cision injuste et infond\u00e9e prise par le conseil constitutionnel&quot; - Amanien| L&#039;actualit\u00e9 Ivoirienne et Internationale\" \/>\n<meta property=\"og:description\" content=\"\u00a0\u00bb Je conteste vigoureusement la d\u00e9cision injuste et infond\u00e9e prise ce lundi 14 septembre 2020 par le Conseil Constitutionnel. Je consid\u00e8re que c\u2019est une d\u00e9cision inique, politiquement motiv\u00e9e, juridiquement boiteuse et qui s\u2019inscrit dans une logique d\u2019an\u00e9antissement de la d\u00e9mocratie et l\u2019Etat de droit. Le Conseil Constitutionnel sous Mamadou Kon\u00e9 vient ainsi de cautionner, et [&hellip;]\" \/>\n<meta property=\"og:url\" content=\"https:\/\/www.amanien.info\/news\/declaration-guillaume-soro-je-conteste-vigoureusement-la-decision-injuste-et-infondee-prise-par-le-conseil-constitutionnel\/\" \/>\n<meta property=\"og:site_name\" content=\"Amanien| L&#039;actualit\u00e9 Ivoirienne et Internationale\" \/>\n<meta property=\"article:published_time\" content=\"2020-09-15T07:41:05+00:00\" \/>\n<meta property=\"article:modified_time\" content=\"2020-09-15T07:41:26+00:00\" \/>\n<meta property=\"og:image\" content=\"https:\/\/www.amanien.info\/news\/wp-content\/uploads\/2020\/09\/thumbnail-5.png\" \/>\n\t<meta property=\"og:image:width\" content=\"720\" \/>\n\t<meta property=\"og:image:height\" content=\"480\" \/>\n\t<meta property=\"og:image:type\" content=\"image\/png\" \/>\n<meta name=\"author\" content=\"Germain Ndri\" \/>\n<meta name=\"twitter:card\" content=\"summary_large_image\" \/>\n<meta name=\"twitter:label1\" content=\"\u00c9crit par\" \/>\n\t<meta name=\"twitter:data1\" content=\"Germain Ndri\" \/>\n\t<meta name=\"twitter:label2\" content=\"Dur\u00e9e de lecture estim\u00e9e\" \/>\n\t<meta name=\"twitter:data2\" content=\"1 minute\" \/>\n<script type=\"application\/ld+json\" class=\"yoast-schema-graph\">{\"@context\":\"https:\\\/\\\/schema.org\",\"@graph\":[{\"@type\":\"Article\",\"@id\":\"https:\\\/\\\/www.amanien.info\\\/news\\\/declaration-guillaume-soro-je-conteste-vigoureusement-la-decision-injuste-et-infondee-prise-par-le-conseil-constitutionnel\\\/#article\",\"isPartOf\":{\"@id\":\"https:\\\/\\\/www.amanien.info\\\/news\\\/declaration-guillaume-soro-je-conteste-vigoureusement-la-decision-injuste-et-infondee-prise-par-le-conseil-constitutionnel\\\/\"},\"author\":{\"name\":\"Germain Ndri\",\"@id\":\"https:\\\/\\\/www.amanien.info\\\/news\\\/#\\\/schema\\\/person\\\/b21093345753a1a98242d505bd894f42\"},\"headline\":\"D\u00e9claration Guillaume Soro: \u00a0\u00bb je conteste vigoureusement la d\u00e9cision injuste et infond\u00e9e prise par le conseil constitutionnel\u00a0\u00bb\",\"datePublished\":\"2020-09-15T07:41:05+00:00\",\"dateModified\":\"2020-09-15T07:41:26+00:00\",\"mainEntityOfPage\":{\"@id\":\"https:\\\/\\\/www.amanien.info\\\/news\\\/declaration-guillaume-soro-je-conteste-vigoureusement-la-decision-injuste-et-infondee-prise-par-le-conseil-constitutionnel\\\/\"},\"wordCount\":161,\"commentCount\":0,\"image\":{\"@id\":\"https:\\\/\\\/www.amanien.info\\\/news\\\/declaration-guillaume-soro-je-conteste-vigoureusement-la-decision-injuste-et-infondee-prise-par-le-conseil-constitutionnel\\\/#primaryimage\"},\"thumbnailUrl\":\"https:\\\/\\\/www.amanien.info\\\/news\\\/wp-content\\\/uploads\\\/2020\\\/09\\\/thumbnail-5.png\",\"inLanguage\":\"fr-FR\"},{\"@type\":\"WebPage\",\"@id\":\"https:\\\/\\\/www.amanien.info\\\/news\\\/declaration-guillaume-soro-je-conteste-vigoureusement-la-decision-injuste-et-infondee-prise-par-le-conseil-constitutionnel\\\/\",\"url\":\"https:\\\/\\\/www.amanien.info\\\/news\\\/declaration-guillaume-soro-je-conteste-vigoureusement-la-decision-injuste-et-infondee-prise-par-le-conseil-constitutionnel\\\/\",\"name\":\"D\u00e9claration Guillaume Soro: \\\" je conteste vigoureusement la d\u00e9cision injuste et infond\u00e9e prise par le conseil constitutionnel\\\" - Amanien| L&#039;actualit\u00e9 Ivoirienne et Internationale\",\"isPartOf\":{\"@id\":\"https:\\\/\\\/www.amanien.info\\\/news\\\/#website\"},\"primaryImageOfPage\":{\"@id\":\"https:\\\/\\\/www.amanien.info\\\/news\\\/declaration-guillaume-soro-je-conteste-vigoureusement-la-decision-injuste-et-infondee-prise-par-le-conseil-constitutionnel\\\/#primaryimage\"},\"image\":{\"@id\":\"https:\\\/\\\/www.amanien.info\\\/news\\\/declaration-guillaume-soro-je-conteste-vigoureusement-la-decision-injuste-et-infondee-prise-par-le-conseil-constitutionnel\\\/#primaryimage\"},\"thumbnailUrl\":\"https:\\\/\\\/www.amanien.info\\\/news\\\/wp-content\\\/uploads\\\/2020\\\/09\\\/thumbnail-5.png\",\"datePublished\":\"2020-09-15T07:41:05+00:00\",\"dateModified\":\"2020-09-15T07:41:26+00:00\",\"author\":{\"@id\":\"https:\\\/\\\/www.amanien.info\\\/news\\\/#\\\/schema\\\/person\\\/b21093345753a1a98242d505bd894f42\"},\"breadcrumb\":{\"@id\":\"https:\\\/\\\/www.amanien.info\\\/news\\\/declaration-guillaume-soro-je-conteste-vigoureusement-la-decision-injuste-et-infondee-prise-par-le-conseil-constitutionnel\\\/#breadcrumb\"},\"inLanguage\":\"fr-FR\",\"potentialAction\":[{\"@type\":\"ReadAction\",\"target\":[\"https:\\\/\\\/www.amanien.info\\\/news\\\/declaration-guillaume-soro-je-conteste-vigoureusement-la-decision-injuste-et-infondee-prise-par-le-conseil-constitutionnel\\\/\"]}]},{\"@type\":\"ImageObject\",\"inLanguage\":\"fr-FR\",\"@id\":\"https:\\\/\\\/www.amanien.info\\\/news\\\/declaration-guillaume-soro-je-conteste-vigoureusement-la-decision-injuste-et-infondee-prise-par-le-conseil-constitutionnel\\\/#primaryimage\",\"url\":\"https:\\\/\\\/www.amanien.info\\\/news\\\/wp-content\\\/uploads\\\/2020\\\/09\\\/thumbnail-5.png\",\"contentUrl\":\"https:\\\/\\\/www.amanien.info\\\/news\\\/wp-content\\\/uploads\\\/2020\\\/09\\\/thumbnail-5.png\",\"width\":720,\"height\":480},{\"@type\":\"BreadcrumbList\",\"@id\":\"https:\\\/\\\/www.amanien.info\\\/news\\\/declaration-guillaume-soro-je-conteste-vigoureusement-la-decision-injuste-et-infondee-prise-par-le-conseil-constitutionnel\\\/#breadcrumb\",\"itemListElement\":[{\"@type\":\"ListItem\",\"position\":1,\"name\":\"Accueil\",\"item\":\"https:\\\/\\\/www.amanien.info\\\/news\\\/\"},{\"@type\":\"ListItem\",\"position\":2,\"name\":\"D\u00e9claration Guillaume Soro: \u00a0\u00bb je conteste vigoureusement la d\u00e9cision injuste et infond\u00e9e prise par le conseil constitutionnel\u00a0\u00bb\"}]},{\"@type\":\"WebSite\",\"@id\":\"https:\\\/\\\/www.amanien.info\\\/news\\\/#website\",\"url\":\"https:\\\/\\\/www.amanien.info\\\/news\\\/\",\"name\":\"Amanien| L&#039;actualit\u00e9 Ivoirienne et Internationale\",\"description\":\"L&#039;actualit\u00e9 Ivoirienne et Internationale\",\"potentialAction\":[{\"@type\":\"SearchAction\",\"target\":{\"@type\":\"EntryPoint\",\"urlTemplate\":\"https:\\\/\\\/www.amanien.info\\\/news\\\/?s={search_term_string}\"},\"query-input\":{\"@type\":\"PropertyValueSpecification\",\"valueRequired\":true,\"valueName\":\"search_term_string\"}}],\"inLanguage\":\"fr-FR\"},{\"@type\":\"Person\",\"@id\":\"https:\\\/\\\/www.amanien.info\\\/news\\\/#\\\/schema\\\/person\\\/b21093345753a1a98242d505bd894f42\",\"name\":\"Germain Ndri\",\"url\":\"https:\\\/\\\/www.amanien.info\\\/news\\\/author\\\/amanien-infos\\\/\"}]}<\/script>\n<!-- \/ Yoast SEO plugin. -->","yoast_head_json":{"title":"D\u00e9claration Guillaume Soro: \" je conteste vigoureusement la d\u00e9cision injuste et infond\u00e9e prise par le conseil constitutionnel\" - Amanien| L&#039;actualit\u00e9 Ivoirienne et Internationale","robots":{"index":"index","follow":"follow","max-snippet":"max-snippet:-1","max-image-preview":"max-image-preview:large","max-video-preview":"max-video-preview:-1"},"canonical":"https:\/\/www.amanien.info\/news\/declaration-guillaume-soro-je-conteste-vigoureusement-la-decision-injuste-et-infondee-prise-par-le-conseil-constitutionnel\/","og_locale":"fr_FR","og_type":"article","og_title":"D\u00e9claration Guillaume Soro: \" je conteste vigoureusement la d\u00e9cision injuste et infond\u00e9e prise par le conseil constitutionnel\" - Amanien| L&#039;actualit\u00e9 Ivoirienne et Internationale","og_description":"\u00a0\u00bb Je conteste vigoureusement la d\u00e9cision injuste et infond\u00e9e prise ce lundi 14 septembre 2020 par le Conseil Constitutionnel. Je consid\u00e8re que c\u2019est une d\u00e9cision inique, politiquement motiv\u00e9e, juridiquement boiteuse et qui s\u2019inscrit dans une logique d\u2019an\u00e9antissement de la d\u00e9mocratie et l\u2019Etat de droit. Le Conseil Constitutionnel sous Mamadou Kon\u00e9 vient ainsi de cautionner, et [&hellip;]","og_url":"https:\/\/www.amanien.info\/news\/declaration-guillaume-soro-je-conteste-vigoureusement-la-decision-injuste-et-infondee-prise-par-le-conseil-constitutionnel\/","og_site_name":"Amanien| L&#039;actualit\u00e9 Ivoirienne et Internationale","article_published_time":"2020-09-15T07:41:05+00:00","article_modified_time":"2020-09-15T07:41:26+00:00","og_image":[{"width":720,"height":480,"url":"https:\/\/www.amanien.info\/news\/wp-content\/uploads\/2020\/09\/thumbnail-5.png","type":"image\/png"}],"author":"Germain Ndri","twitter_card":"summary_large_image","twitter_misc":{"\u00c9crit par":"Germain Ndri","Dur\u00e9e de lecture estim\u00e9e":"1 minute"},"schema":{"@context":"https:\/\/schema.org","@graph":[{"@type":"Article","@id":"https:\/\/www.amanien.info\/news\/declaration-guillaume-soro-je-conteste-vigoureusement-la-decision-injuste-et-infondee-prise-par-le-conseil-constitutionnel\/#article","isPartOf":{"@id":"https:\/\/www.amanien.info\/news\/declaration-guillaume-soro-je-conteste-vigoureusement-la-decision-injuste-et-infondee-prise-par-le-conseil-constitutionnel\/"},"author":{"name":"Germain Ndri","@id":"https:\/\/www.amanien.info\/news\/#\/schema\/person\/b21093345753a1a98242d505bd894f42"},"headline":"D\u00e9claration Guillaume Soro: \u00a0\u00bb je conteste vigoureusement la d\u00e9cision injuste et infond\u00e9e prise par le conseil constitutionnel\u00a0\u00bb","datePublished":"2020-09-15T07:41:05+00:00","dateModified":"2020-09-15T07:41:26+00:00","mainEntityOfPage":{"@id":"https:\/\/www.amanien.info\/news\/declaration-guillaume-soro-je-conteste-vigoureusement-la-decision-injuste-et-infondee-prise-par-le-conseil-constitutionnel\/"},"wordCount":161,"commentCount":0,"image":{"@id":"https:\/\/www.amanien.info\/news\/declaration-guillaume-soro-je-conteste-vigoureusement-la-decision-injuste-et-infondee-prise-par-le-conseil-constitutionnel\/#primaryimage"},"thumbnailUrl":"https:\/\/www.amanien.info\/news\/wp-content\/uploads\/2020\/09\/thumbnail-5.png","inLanguage":"fr-FR"},{"@type":"WebPage","@id":"https:\/\/www.amanien.info\/news\/declaration-guillaume-soro-je-conteste-vigoureusement-la-decision-injuste-et-infondee-prise-par-le-conseil-constitutionnel\/","url":"https:\/\/www.amanien.info\/news\/declaration-guillaume-soro-je-conteste-vigoureusement-la-decision-injuste-et-infondee-prise-par-le-conseil-constitutionnel\/","name":"D\u00e9claration Guillaume Soro: \" je conteste vigoureusement la d\u00e9cision injuste et infond\u00e9e prise par le conseil constitutionnel\" - Amanien| L&#039;actualit\u00e9 Ivoirienne et Internationale","isPartOf":{"@id":"https:\/\/www.amanien.info\/news\/#website"},"primaryImageOfPage":{"@id":"https:\/\/www.amanien.info\/news\/declaration-guillaume-soro-je-conteste-vigoureusement-la-decision-injuste-et-infondee-prise-par-le-conseil-constitutionnel\/#primaryimage"},"image":{"@id":"https:\/\/www.amanien.info\/news\/declaration-guillaume-soro-je-conteste-vigoureusement-la-decision-injuste-et-infondee-prise-par-le-conseil-constitutionnel\/#primaryimage"},"thumbnailUrl":"https:\/\/www.amanien.info\/news\/wp-content\/uploads\/2020\/09\/thumbnail-5.png","datePublished":"2020-09-15T07:41:05+00:00","dateModified":"2020-09-15T07:41:26+00:00","author":{"@id":"https:\/\/www.amanien.info\/news\/#\/schema\/person\/b21093345753a1a98242d505bd894f42"},"breadcrumb":{"@id":"https:\/\/www.amanien.info\/news\/declaration-guillaume-soro-je-conteste-vigoureusement-la-decision-injuste-et-infondee-prise-par-le-conseil-constitutionnel\/#breadcrumb"},"inLanguage":"fr-FR","potentialAction":[{"@type":"ReadAction","target":["https:\/\/www.amanien.info\/news\/declaration-guillaume-soro-je-conteste-vigoureusement-la-decision-injuste-et-infondee-prise-par-le-conseil-constitutionnel\/"]}]},{"@type":"ImageObject","inLanguage":"fr-FR","@id":"https:\/\/www.amanien.info\/news\/declaration-guillaume-soro-je-conteste-vigoureusement-la-decision-injuste-et-infondee-prise-par-le-conseil-constitutionnel\/#primaryimage","url":"https:\/\/www.amanien.info\/news\/wp-content\/uploads\/2020\/09\/thumbnail-5.png","contentUrl":"https:\/\/www.amanien.info\/news\/wp-content\/uploads\/2020\/09\/thumbnail-5.png","width":720,"height":480},{"@type":"BreadcrumbList","@id":"https:\/\/www.amanien.info\/news\/declaration-guillaume-soro-je-conteste-vigoureusement-la-decision-injuste-et-infondee-prise-par-le-conseil-constitutionnel\/#breadcrumb","itemListElement":[{"@type":"ListItem","position":1,"name":"Accueil","item":"https:\/\/www.amanien.info\/news\/"},{"@type":"ListItem","position":2,"name":"D\u00e9claration Guillaume Soro: \u00a0\u00bb je conteste vigoureusement la d\u00e9cision injuste et infond\u00e9e prise par le conseil constitutionnel\u00a0\u00bb"}]},{"@type":"WebSite","@id":"https:\/\/www.amanien.info\/news\/#website","url":"https:\/\/www.amanien.info\/news\/","name":"Amanien| L&#039;actualit\u00e9 Ivoirienne et Internationale","description":"L&#039;actualit\u00e9 Ivoirienne et Internationale","potentialAction":[{"@type":"SearchAction","target":{"@type":"EntryPoint","urlTemplate":"https:\/\/www.amanien.info\/news\/?s={search_term_string}"},"query-input":{"@type":"PropertyValueSpecification","valueRequired":true,"valueName":"search_term_string"}}],"inLanguage":"fr-FR"},{"@type":"Person","@id":"https:\/\/www.amanien.info\/news\/#\/schema\/person\/b21093345753a1a98242d505bd894f42","name":"Germain Ndri","url":"https:\/\/www.amanien.info\/news\/author\/amanien-infos\/"}]}},"_links":{"self":[{"href":"https:\/\/www.amanien.info\/news\/wp-json\/wp\/v2\/posts\/1780","targetHints":{"allow":["GET"]}}],"collection":[{"href":"https:\/\/www.amanien.info\/news\/wp-json\/wp\/v2\/posts"}],"about":[{"href":"https:\/\/www.amanien.info\/news\/wp-json\/wp\/v2\/types\/post"}],"author":[{"embeddable":true,"href":"https:\/\/www.amanien.info\/news\/wp-json\/wp\/v2\/users\/2"}],"replies":[{"embeddable":true,"href":"https:\/\/www.amanien.info\/news\/wp-json\/wp\/v2\/comments?post=1780"}],"version-history":[{"count":0,"href":"https:\/\/www.amanien.info\/news\/wp-json\/wp\/v2\/posts\/1780\/revisions"}],"wp:featuredmedia":[{"embeddable":true,"href":"https:\/\/www.amanien.info\/news\/wp-json\/wp\/v2\/media\/1781"}],"wp:attachment":[{"href":"https:\/\/www.amanien.info\/news\/wp-json\/wp\/v2\/media?parent=1780"}],"wp:term":[{"taxonomy":"category","embeddable":true,"href":"https:\/\/www.amanien.info\/news\/wp-json\/wp\/v2\/categories?post=1780"},{"taxonomy":"post_tag","embeddable":true,"href":"https:\/\/www.amanien.info\/news\/wp-json\/wp\/v2\/tags?post=1780"}],"curies":[{"name":"wp","href":"https:\/\/api.w.org\/{rel}","templated":true}]}}