{"id":1777,"date":"2020-09-15T09:38:23","date_gmt":"2020-09-15T07:38:23","guid":{"rendered":"http:\/\/https:\/\/zozo.buyee.jp\/\/news\/?p=1777"},"modified":"2020-09-15T09:38:23","modified_gmt":"2020-09-15T07:38:23","slug":"declaration-d-affi-n-guessan-le-conseil-constitutionnel-a-rate-l-occasion-historique-de-marquer-son-independance","status":"publish","type":"post","link":"https:\/\/www.amanien.info\/news\/declaration-d-affi-n-guessan-le-conseil-constitutionnel-a-rate-l-occasion-historique-de-marquer-son-independance\/","title":{"rendered":"D\u00e9claration d&rsquo; Affi N&rsquo; Guessan: \u00a0\u00bb Le conseil constitutionnel a rat\u00e9 l&rsquo; occasion historique de marquer son ind\u00e9pendance\u00a0\u00bb"},"content":{"rendered":"<p>Le Conseil Constitutionnel a rat\u00e9 aujourd\u2019hui l\u2019occasion historique de marquer son ind\u00e9pendance : en acceptant la candidature du pr\u00e9sident sortant, manifestement in\u00e9ligible, en refusant celles du pr\u00e9sident Laurent Gbagbo et de Guillaume Soro, priv\u00e9s de leurs droits civiques pour de purs motifs d\u2019opportunit\u00e9 politique.<br \/>\nJe condamne avec la plus grande fermet\u00e9 la spirale de l\u2019exclusion dans laquelle s\u2019enfonce la C\u00f4te d\u2019Ivoire. Elle apparait \u00eatre la manifestation la plus aboutie du caract\u00e8re tyrannique du r\u00e9gime. Elle constitue \u00e9galement une effroyable machine \u00e0 broyer. Elle g\u00e9n\u00e8re enfin un climat de terreur devant des lendemains lourds d\u2019incertitude. En C\u00f4te d\u2019Ivoire en 2020, les r\u00e8gles \u00e9l\u00e9mentaires de l\u2019Etat de droit ne sont pas respect\u00e9es. Il est urgent de mettre fin \u00e0 cette politique d\u2019ostracisme, de bannissement, d\u2019excommunication.<\/p>\n<p>J\u2019ai en cet instant une pens\u00e9e particuli\u00e8re pour le pr\u00e9sident Gbagbo, victime depuis neuf ann\u00e9es d\u2019un acharnement judiciaire que ses auteurs esp\u00e9raient destructeur pour l\u2019homme et pour son combat. Mais ses camarades de lutte, dont je suis, le savent bien : il est insubmersible. Blanchi des charges les plus folles, il se trouve dans une nouvelle forme de prison, l\u2019exil. Le r\u00e9gime le prive de la possibilit\u00e9 de d\u00e9cider, en toute libert\u00e9 et en toute conscience, de la nature du r\u00f4le qu\u2019il aspire \u00e0 jouer. Il aurait d\u00fb \u00eatre en mesure de se repr\u00e9senter et j\u2019aurais alors \u00e9t\u00e9 \u00e0 ses c\u00f4t\u00e9s.<\/p>\n<p>Je lui renouvelle une promesse : celle du retour imm\u00e9diat chez lui et d\u2019un r\u00f4le \u00e9minent dans la r\u00e9conciliation de notre pays.<br \/>\nPour ma part, je me sens investi aujourd\u2019hui des aspirations que portaient et portent ceux qui ont \u00e9t\u00e9 \u00e9limin\u00e9s et je leur dis toute ma d\u00e9termination \u00e0 mettre fin \u00e0 ce r\u00e9gime destructeur des libert\u00e9s. A leurs partisans, j\u2019adresse un unique message : cette liste partielle et partiale m\u2019oblige. Elle m\u2019oblige \u00e0 une victoire nette pour tourner cette page noire de l\u2019histoire de notre pays. Elle me conforte dans ma volont\u00e9, demain, de r\u00e9conciliation nationale. Celle-ci passe par le retour de tous les exil\u00e9s, par la r\u00e9habilitation de toutes les victimes. Gr\u00e2ce \u00e0 cette r\u00e9conciliation, plus personne n\u2019aura \u00e0 craindre de personne. Plus personne n\u2019\u00e9prouvera cet odieux sentiment de peur de l\u2019autre, qui cr\u00e9e des oppositions factices et mortif\u00e8res entre communaut\u00e9s, qui provoque le repli et l\u2019effroi.<\/p>\n<p>Ne vous y trompez pas, ce climat permanent d\u2019ins\u00e9curit\u00e9 ne profite \u00e0 personne. Je veux briser cette mal\u00e9diction d\u2019un tribalisme qui divise, et \u00eatre le candidat de tous les Ivoiriens, celui qui rassemble toutes les \u00e9nergies.<br \/>\nJe lance un appel au peuple ivoirien, \u00e0 tous les Ivoiriens : je connais votre col\u00e8re et je la partage. Je connais votre soif de changement et j\u2019entends l\u2019incarner. Mobilisons-nous, rassemblons-nous pour imposer le 31 octobre une victoire dans les urnes. Viendra alors le temps de la renaissance. Ensemble, je sais que c\u2019est possible.<\/p>\n<p>Fait \u00e0 Abidjan, le 14 septembre 2020<\/p>\n<p>Pascal Affi N\u2019Guessan<\/p>\n","protected":false},"excerpt":{"rendered":"<p>Le Conseil Constitutionnel a rat\u00e9 aujourd\u2019hui l\u2019occasion historique de marquer son ind\u00e9pendance : en acceptant la candidature du pr\u00e9sident sortant, manifestement in\u00e9ligible, en refusant celles du pr\u00e9sident Laurent Gbagbo et de Guillaume Soro, priv\u00e9s de leurs droits civiques pour de purs motifs d\u2019opportunit\u00e9 politique. Je condamne avec la plus grande fermet\u00e9 la spirale de l\u2019exclusion [&hellip;]<\/p>\n","protected":false},"author":2,"featured_media":1778,"comment_status":"open","ping_status":"open","sticky":false,"template":"","format":"standard","meta":{"_acf_changed":false,"footnotes":""},"categories":[],"tags":[],"class_list":["post-1777","post","type-post","status-publish","format-standard","has-post-thumbnail","hentry"],"acf":[],"yoast_head":"<!-- This site is optimized with the Yoast SEO plugin v27.5 - https:\/\/yoast.com\/product\/yoast-seo-wordpress\/ -->\n<title>D\u00e9claration d&#039; Affi N&#039; Guessan: &quot; Le conseil constitutionnel a rat\u00e9 l&#039; occasion historique de marquer son ind\u00e9pendance&quot; - Amanien| L&#039;actualit\u00e9 Ivoirienne et Internationale<\/title>\n<meta name=\"robots\" content=\"index, follow, max-snippet:-1, max-image-preview:large, max-video-preview:-1\" \/>\n<link rel=\"canonical\" href=\"https:\/\/www.amanien.info\/news\/declaration-d-affi-n-guessan-le-conseil-constitutionnel-a-rate-l-occasion-historique-de-marquer-son-independance\/\" \/>\n<meta property=\"og:locale\" content=\"fr_FR\" \/>\n<meta property=\"og:type\" content=\"article\" \/>\n<meta property=\"og:title\" content=\"D\u00e9claration d&#039; Affi N&#039; Guessan: &quot; Le conseil constitutionnel a rat\u00e9 l&#039; occasion historique de marquer son ind\u00e9pendance&quot; - Amanien| L&#039;actualit\u00e9 Ivoirienne et Internationale\" \/>\n<meta property=\"og:description\" content=\"Le Conseil Constitutionnel a rat\u00e9 aujourd\u2019hui l\u2019occasion historique de marquer son ind\u00e9pendance : en acceptant la candidature du pr\u00e9sident sortant, manifestement in\u00e9ligible, en refusant celles du pr\u00e9sident Laurent Gbagbo et de Guillaume Soro, priv\u00e9s de leurs droits civiques pour de purs motifs d\u2019opportunit\u00e9 politique. Je condamne avec la plus grande fermet\u00e9 la spirale de l\u2019exclusion [&hellip;]\" \/>\n<meta property=\"og:url\" content=\"https:\/\/www.amanien.info\/news\/declaration-d-affi-n-guessan-le-conseil-constitutionnel-a-rate-l-occasion-historique-de-marquer-son-independance\/\" \/>\n<meta property=\"og:site_name\" content=\"Amanien| L&#039;actualit\u00e9 Ivoirienne et Internationale\" \/>\n<meta property=\"article:published_time\" content=\"2020-09-15T07:38:23+00:00\" \/>\n<meta property=\"og:image\" content=\"https:\/\/www.amanien.info\/news\/wp-content\/uploads\/2020\/09\/index-1.jpg\" \/>\n\t<meta property=\"og:image:width\" content=\"300\" \/>\n\t<meta property=\"og:image:height\" content=\"168\" \/>\n\t<meta property=\"og:image:type\" content=\"image\/jpeg\" \/>\n<meta name=\"author\" content=\"Germain Ndri\" \/>\n<meta name=\"twitter:card\" content=\"summary_large_image\" \/>\n<meta name=\"twitter:label1\" content=\"\u00c9crit par\" \/>\n\t<meta name=\"twitter:data1\" content=\"Germain Ndri\" \/>\n\t<meta name=\"twitter:label2\" content=\"Dur\u00e9e de lecture estim\u00e9e\" \/>\n\t<meta name=\"twitter:data2\" content=\"3 minutes\" \/>\n<script type=\"application\/ld+json\" class=\"yoast-schema-graph\">{\"@context\":\"https:\\\/\\\/schema.org\",\"@graph\":[{\"@type\":\"Article\",\"@id\":\"https:\\\/\\\/www.amanien.info\\\/news\\\/declaration-d-affi-n-guessan-le-conseil-constitutionnel-a-rate-l-occasion-historique-de-marquer-son-independance\\\/#article\",\"isPartOf\":{\"@id\":\"https:\\\/\\\/www.amanien.info\\\/news\\\/declaration-d-affi-n-guessan-le-conseil-constitutionnel-a-rate-l-occasion-historique-de-marquer-son-independance\\\/\"},\"author\":{\"name\":\"Germain Ndri\",\"@id\":\"https:\\\/\\\/www.amanien.info\\\/news\\\/#\\\/schema\\\/person\\\/b21093345753a1a98242d505bd894f42\"},\"headline\":\"D\u00e9claration d&rsquo; Affi N&rsquo; Guessan: \u00a0\u00bb Le conseil constitutionnel a rat\u00e9 l&rsquo; occasion historique de marquer son ind\u00e9pendance\u00a0\u00bb\",\"datePublished\":\"2020-09-15T07:38:23+00:00\",\"mainEntityOfPage\":{\"@id\":\"https:\\\/\\\/www.amanien.info\\\/news\\\/declaration-d-affi-n-guessan-le-conseil-constitutionnel-a-rate-l-occasion-historique-de-marquer-son-independance\\\/\"},\"wordCount\":547,\"commentCount\":0,\"image\":{\"@id\":\"https:\\\/\\\/www.amanien.info\\\/news\\\/declaration-d-affi-n-guessan-le-conseil-constitutionnel-a-rate-l-occasion-historique-de-marquer-son-independance\\\/#primaryimage\"},\"thumbnailUrl\":\"https:\\\/\\\/www.amanien.info\\\/news\\\/wp-content\\\/uploads\\\/2020\\\/09\\\/index-1.jpg\",\"inLanguage\":\"fr-FR\"},{\"@type\":\"WebPage\",\"@id\":\"https:\\\/\\\/www.amanien.info\\\/news\\\/declaration-d-affi-n-guessan-le-conseil-constitutionnel-a-rate-l-occasion-historique-de-marquer-son-independance\\\/\",\"url\":\"https:\\\/\\\/www.amanien.info\\\/news\\\/declaration-d-affi-n-guessan-le-conseil-constitutionnel-a-rate-l-occasion-historique-de-marquer-son-independance\\\/\",\"name\":\"D\u00e9claration d' Affi N' Guessan: \\\" Le conseil constitutionnel a rat\u00e9 l' occasion historique de marquer son ind\u00e9pendance\\\" - Amanien| L&#039;actualit\u00e9 Ivoirienne et Internationale\",\"isPartOf\":{\"@id\":\"https:\\\/\\\/www.amanien.info\\\/news\\\/#website\"},\"primaryImageOfPage\":{\"@id\":\"https:\\\/\\\/www.amanien.info\\\/news\\\/declaration-d-affi-n-guessan-le-conseil-constitutionnel-a-rate-l-occasion-historique-de-marquer-son-independance\\\/#primaryimage\"},\"image\":{\"@id\":\"https:\\\/\\\/www.amanien.info\\\/news\\\/declaration-d-affi-n-guessan-le-conseil-constitutionnel-a-rate-l-occasion-historique-de-marquer-son-independance\\\/#primaryimage\"},\"thumbnailUrl\":\"https:\\\/\\\/www.amanien.info\\\/news\\\/wp-content\\\/uploads\\\/2020\\\/09\\\/index-1.jpg\",\"datePublished\":\"2020-09-15T07:38:23+00:00\",\"author\":{\"@id\":\"https:\\\/\\\/www.amanien.info\\\/news\\\/#\\\/schema\\\/person\\\/b21093345753a1a98242d505bd894f42\"},\"breadcrumb\":{\"@id\":\"https:\\\/\\\/www.amanien.info\\\/news\\\/declaration-d-affi-n-guessan-le-conseil-constitutionnel-a-rate-l-occasion-historique-de-marquer-son-independance\\\/#breadcrumb\"},\"inLanguage\":\"fr-FR\",\"potentialAction\":[{\"@type\":\"ReadAction\",\"target\":[\"https:\\\/\\\/www.amanien.info\\\/news\\\/declaration-d-affi-n-guessan-le-conseil-constitutionnel-a-rate-l-occasion-historique-de-marquer-son-independance\\\/\"]}]},{\"@type\":\"ImageObject\",\"inLanguage\":\"fr-FR\",\"@id\":\"https:\\\/\\\/www.amanien.info\\\/news\\\/declaration-d-affi-n-guessan-le-conseil-constitutionnel-a-rate-l-occasion-historique-de-marquer-son-independance\\\/#primaryimage\",\"url\":\"https:\\\/\\\/www.amanien.info\\\/news\\\/wp-content\\\/uploads\\\/2020\\\/09\\\/index-1.jpg\",\"contentUrl\":\"https:\\\/\\\/www.amanien.info\\\/news\\\/wp-content\\\/uploads\\\/2020\\\/09\\\/index-1.jpg\",\"width\":300,\"height\":168},{\"@type\":\"BreadcrumbList\",\"@id\":\"https:\\\/\\\/www.amanien.info\\\/news\\\/declaration-d-affi-n-guessan-le-conseil-constitutionnel-a-rate-l-occasion-historique-de-marquer-son-independance\\\/#breadcrumb\",\"itemListElement\":[{\"@type\":\"ListItem\",\"position\":1,\"name\":\"Accueil\",\"item\":\"https:\\\/\\\/www.amanien.info\\\/news\\\/\"},{\"@type\":\"ListItem\",\"position\":2,\"name\":\"D\u00e9claration d&rsquo; Affi N&rsquo; Guessan: \u00a0\u00bb Le conseil constitutionnel a rat\u00e9 l&rsquo; occasion historique de marquer son ind\u00e9pendance\u00a0\u00bb\"}]},{\"@type\":\"WebSite\",\"@id\":\"https:\\\/\\\/www.amanien.info\\\/news\\\/#website\",\"url\":\"https:\\\/\\\/www.amanien.info\\\/news\\\/\",\"name\":\"Amanien| L&#039;actualit\u00e9 Ivoirienne et Internationale\",\"description\":\"L&#039;actualit\u00e9 Ivoirienne et Internationale\",\"potentialAction\":[{\"@type\":\"SearchAction\",\"target\":{\"@type\":\"EntryPoint\",\"urlTemplate\":\"https:\\\/\\\/www.amanien.info\\\/news\\\/?s={search_term_string}\"},\"query-input\":{\"@type\":\"PropertyValueSpecification\",\"valueRequired\":true,\"valueName\":\"search_term_string\"}}],\"inLanguage\":\"fr-FR\"},{\"@type\":\"Person\",\"@id\":\"https:\\\/\\\/www.amanien.info\\\/news\\\/#\\\/schema\\\/person\\\/b21093345753a1a98242d505bd894f42\",\"name\":\"Germain Ndri\",\"url\":\"https:\\\/\\\/www.amanien.info\\\/news\\\/author\\\/amanien-infos\\\/\"}]}<\/script>\n<!-- \/ Yoast SEO plugin. -->","yoast_head_json":{"title":"D\u00e9claration d' Affi N' Guessan: \" Le conseil constitutionnel a rat\u00e9 l' occasion historique de marquer son ind\u00e9pendance\" - Amanien| L&#039;actualit\u00e9 Ivoirienne et Internationale","robots":{"index":"index","follow":"follow","max-snippet":"max-snippet:-1","max-image-preview":"max-image-preview:large","max-video-preview":"max-video-preview:-1"},"canonical":"https:\/\/www.amanien.info\/news\/declaration-d-affi-n-guessan-le-conseil-constitutionnel-a-rate-l-occasion-historique-de-marquer-son-independance\/","og_locale":"fr_FR","og_type":"article","og_title":"D\u00e9claration d' Affi N' Guessan: \" Le conseil constitutionnel a rat\u00e9 l' occasion historique de marquer son ind\u00e9pendance\" - Amanien| L&#039;actualit\u00e9 Ivoirienne et Internationale","og_description":"Le Conseil Constitutionnel a rat\u00e9 aujourd\u2019hui l\u2019occasion historique de marquer son ind\u00e9pendance : en acceptant la candidature du pr\u00e9sident sortant, manifestement in\u00e9ligible, en refusant celles du pr\u00e9sident Laurent Gbagbo et de Guillaume Soro, priv\u00e9s de leurs droits civiques pour de purs motifs d\u2019opportunit\u00e9 politique. Je condamne avec la plus grande fermet\u00e9 la spirale de l\u2019exclusion [&hellip;]","og_url":"https:\/\/www.amanien.info\/news\/declaration-d-affi-n-guessan-le-conseil-constitutionnel-a-rate-l-occasion-historique-de-marquer-son-independance\/","og_site_name":"Amanien| L&#039;actualit\u00e9 Ivoirienne et Internationale","article_published_time":"2020-09-15T07:38:23+00:00","og_image":[{"width":300,"height":168,"url":"https:\/\/www.amanien.info\/news\/wp-content\/uploads\/2020\/09\/index-1.jpg","type":"image\/jpeg"}],"author":"Germain Ndri","twitter_card":"summary_large_image","twitter_misc":{"\u00c9crit par":"Germain Ndri","Dur\u00e9e de lecture estim\u00e9e":"3 minutes"},"schema":{"@context":"https:\/\/schema.org","@graph":[{"@type":"Article","@id":"https:\/\/www.amanien.info\/news\/declaration-d-affi-n-guessan-le-conseil-constitutionnel-a-rate-l-occasion-historique-de-marquer-son-independance\/#article","isPartOf":{"@id":"https:\/\/www.amanien.info\/news\/declaration-d-affi-n-guessan-le-conseil-constitutionnel-a-rate-l-occasion-historique-de-marquer-son-independance\/"},"author":{"name":"Germain Ndri","@id":"https:\/\/www.amanien.info\/news\/#\/schema\/person\/b21093345753a1a98242d505bd894f42"},"headline":"D\u00e9claration d&rsquo; Affi N&rsquo; Guessan: \u00a0\u00bb Le conseil constitutionnel a rat\u00e9 l&rsquo; occasion historique de marquer son ind\u00e9pendance\u00a0\u00bb","datePublished":"2020-09-15T07:38:23+00:00","mainEntityOfPage":{"@id":"https:\/\/www.amanien.info\/news\/declaration-d-affi-n-guessan-le-conseil-constitutionnel-a-rate-l-occasion-historique-de-marquer-son-independance\/"},"wordCount":547,"commentCount":0,"image":{"@id":"https:\/\/www.amanien.info\/news\/declaration-d-affi-n-guessan-le-conseil-constitutionnel-a-rate-l-occasion-historique-de-marquer-son-independance\/#primaryimage"},"thumbnailUrl":"https:\/\/www.amanien.info\/news\/wp-content\/uploads\/2020\/09\/index-1.jpg","inLanguage":"fr-FR"},{"@type":"WebPage","@id":"https:\/\/www.amanien.info\/news\/declaration-d-affi-n-guessan-le-conseil-constitutionnel-a-rate-l-occasion-historique-de-marquer-son-independance\/","url":"https:\/\/www.amanien.info\/news\/declaration-d-affi-n-guessan-le-conseil-constitutionnel-a-rate-l-occasion-historique-de-marquer-son-independance\/","name":"D\u00e9claration d' Affi N' Guessan: \" Le conseil constitutionnel a rat\u00e9 l' occasion historique de marquer son ind\u00e9pendance\" - Amanien| L&#039;actualit\u00e9 Ivoirienne et Internationale","isPartOf":{"@id":"https:\/\/www.amanien.info\/news\/#website"},"primaryImageOfPage":{"@id":"https:\/\/www.amanien.info\/news\/declaration-d-affi-n-guessan-le-conseil-constitutionnel-a-rate-l-occasion-historique-de-marquer-son-independance\/#primaryimage"},"image":{"@id":"https:\/\/www.amanien.info\/news\/declaration-d-affi-n-guessan-le-conseil-constitutionnel-a-rate-l-occasion-historique-de-marquer-son-independance\/#primaryimage"},"thumbnailUrl":"https:\/\/www.amanien.info\/news\/wp-content\/uploads\/2020\/09\/index-1.jpg","datePublished":"2020-09-15T07:38:23+00:00","author":{"@id":"https:\/\/www.amanien.info\/news\/#\/schema\/person\/b21093345753a1a98242d505bd894f42"},"breadcrumb":{"@id":"https:\/\/www.amanien.info\/news\/declaration-d-affi-n-guessan-le-conseil-constitutionnel-a-rate-l-occasion-historique-de-marquer-son-independance\/#breadcrumb"},"inLanguage":"fr-FR","potentialAction":[{"@type":"ReadAction","target":["https:\/\/www.amanien.info\/news\/declaration-d-affi-n-guessan-le-conseil-constitutionnel-a-rate-l-occasion-historique-de-marquer-son-independance\/"]}]},{"@type":"ImageObject","inLanguage":"fr-FR","@id":"https:\/\/www.amanien.info\/news\/declaration-d-affi-n-guessan-le-conseil-constitutionnel-a-rate-l-occasion-historique-de-marquer-son-independance\/#primaryimage","url":"https:\/\/www.amanien.info\/news\/wp-content\/uploads\/2020\/09\/index-1.jpg","contentUrl":"https:\/\/www.amanien.info\/news\/wp-content\/uploads\/2020\/09\/index-1.jpg","width":300,"height":168},{"@type":"BreadcrumbList","@id":"https:\/\/www.amanien.info\/news\/declaration-d-affi-n-guessan-le-conseil-constitutionnel-a-rate-l-occasion-historique-de-marquer-son-independance\/#breadcrumb","itemListElement":[{"@type":"ListItem","position":1,"name":"Accueil","item":"https:\/\/www.amanien.info\/news\/"},{"@type":"ListItem","position":2,"name":"D\u00e9claration d&rsquo; Affi N&rsquo; Guessan: \u00a0\u00bb Le conseil constitutionnel a rat\u00e9 l&rsquo; occasion historique de marquer son ind\u00e9pendance\u00a0\u00bb"}]},{"@type":"WebSite","@id":"https:\/\/www.amanien.info\/news\/#website","url":"https:\/\/www.amanien.info\/news\/","name":"Amanien| L&#039;actualit\u00e9 Ivoirienne et Internationale","description":"L&#039;actualit\u00e9 Ivoirienne et Internationale","potentialAction":[{"@type":"SearchAction","target":{"@type":"EntryPoint","urlTemplate":"https:\/\/www.amanien.info\/news\/?s={search_term_string}"},"query-input":{"@type":"PropertyValueSpecification","valueRequired":true,"valueName":"search_term_string"}}],"inLanguage":"fr-FR"},{"@type":"Person","@id":"https:\/\/www.amanien.info\/news\/#\/schema\/person\/b21093345753a1a98242d505bd894f42","name":"Germain Ndri","url":"https:\/\/www.amanien.info\/news\/author\/amanien-infos\/"}]}},"_links":{"self":[{"href":"https:\/\/www.amanien.info\/news\/wp-json\/wp\/v2\/posts\/1777","targetHints":{"allow":["GET"]}}],"collection":[{"href":"https:\/\/www.amanien.info\/news\/wp-json\/wp\/v2\/posts"}],"about":[{"href":"https:\/\/www.amanien.info\/news\/wp-json\/wp\/v2\/types\/post"}],"author":[{"embeddable":true,"href":"https:\/\/www.amanien.info\/news\/wp-json\/wp\/v2\/users\/2"}],"replies":[{"embeddable":true,"href":"https:\/\/www.amanien.info\/news\/wp-json\/wp\/v2\/comments?post=1777"}],"version-history":[{"count":0,"href":"https:\/\/www.amanien.info\/news\/wp-json\/wp\/v2\/posts\/1777\/revisions"}],"wp:featuredmedia":[{"embeddable":true,"href":"https:\/\/www.amanien.info\/news\/wp-json\/wp\/v2\/media\/1778"}],"wp:attachment":[{"href":"https:\/\/www.amanien.info\/news\/wp-json\/wp\/v2\/media?parent=1777"}],"wp:term":[{"taxonomy":"category","embeddable":true,"href":"https:\/\/www.amanien.info\/news\/wp-json\/wp\/v2\/categories?post=1777"},{"taxonomy":"post_tag","embeddable":true,"href":"https:\/\/www.amanien.info\/news\/wp-json\/wp\/v2\/tags?post=1777"}],"curies":[{"name":"wp","href":"https:\/\/api.w.org\/{rel}","templated":true}]}}