{"id":1774,"date":"2020-09-15T09:34:58","date_gmt":"2020-09-15T07:34:58","guid":{"rendered":"http:\/\/https:\/\/zozo.buyee.jp\/\/news\/?p=1774"},"modified":"2020-09-15T09:35:27","modified_gmt":"2020-09-15T07:35:27","slug":"declaration-du-president-bedie-je-prends-acte-de-la-validation-de-ma-candidature","status":"publish","type":"post","link":"https:\/\/www.amanien.info\/news\/declaration-du-president-bedie-je-prends-acte-de-la-validation-de-ma-candidature\/","title":{"rendered":"D\u00e9claration du pr\u00e9sident. Bedi\u00e9:\u00a0 \u00a0\u00bb Je prends acte de la validation de ma candidature\u00a0\u00bb\u00a0"},"content":{"rendered":"<div class=\"I_52qC D_FY W_6D6F\" data-test-id=\"message-view-body\">\n<div class=\"msg-body P_wpofO mq_AS\" data-test-id=\"message-view-body-content\">\n<div class=\"jb_0 X_6MGW N_6Fd5\">\n<div>\n<div id=\"yiv4105894242\">\n<div>J\u2019ai pris acte de la validation de ma candidature par le Conseil constitutionnel.<\/p>\n<div>Je d\u00e9nonce cependant la validation de la candidature inconstitutionnelle de Monsieur Alassane OUATTARA et l\u2019exclusion arbitraire et antid\u00e9mocratique de leaders politiques majeurs, notamment LAURENT GBAGBO, SORO GUILLAUME, MABRI TOIKEUSSE, MAMADOU KOULIBALY ET AMON TANO MARCEL.<\/p>\n<p>Nous devons demeurer en ordre de marche pour l\u2019alternance d\u00e9mocratique en vue de la construction d\u2019une C\u00f4te d\u2019Ivoire r\u00e9concili\u00e9e, unie et prosp\u00e8re<\/p><\/div>\n<\/div>\n<\/div>\n<\/div>\n<\/div>\n<\/div>\n<div class=\"jb_0 X_6MGW N_6Fd5\"><\/div>\n<\/div>\n<div class=\"H_7jIs D_F ab_C Q_69H5 E_36RhU\" data-test-id=\"toolbar-hover-area\">\n<div class=\"D_F W_6D6F r_BN gl_C\" data-test-id=\"card-toolbar\">\n<div class=\"D_F ab_C en_0 b_Z14vXdP e_3mS2U I_52qC P_Z1otBpf\">\n<ul class=\"hd_n P_0 H_6D6F M_0 ir3_0 iy_h D_F ab_C\" tabindex=\"0\" role=\"menubar\" data-test-id=\"navigable-list\">\n<li class=\"G_e p_R\" role=\"menuitem\"><\/li>\n<\/ul>\n<\/div>\n<\/div>\n<\/div>\n","protected":false},"excerpt":{"rendered":"<p>J\u2019ai pris acte de la validation de ma candidature par le Conseil constitutionnel. Je d\u00e9nonce cependant la validation de la candidature inconstitutionnelle de Monsieur Alassane OUATTARA et l\u2019exclusion arbitraire et antid\u00e9mocratique de leaders politiques majeurs, notamment LAURENT GBAGBO, SORO GUILLAUME, MABRI TOIKEUSSE, MAMADOU KOULIBALY ET AMON TANO MARCEL. Nous devons demeurer en ordre de marche [&hellip;]<\/p>\n","protected":false},"author":2,"featured_media":1775,"comment_status":"open","ping_status":"open","sticky":true,"template":"","format":"standard","meta":{"_acf_changed":false,"footnotes":""},"categories":[],"tags":[],"class_list":["post-1774","post","type-post","status-publish","format-standard","has-post-thumbnail","hentry"],"acf":[],"yoast_head":"<!-- This site is optimized with the Yoast SEO plugin v27.5 - https:\/\/yoast.com\/product\/yoast-seo-wordpress\/ -->\n<title>D\u00e9claration du pr\u00e9sident. Bedi\u00e9:\u00a0 &quot; Je prends acte de la validation de ma candidature&quot;\u00a0 - Amanien| L&#039;actualit\u00e9 Ivoirienne et Internationale<\/title>\n<meta name=\"robots\" content=\"index, follow, max-snippet:-1, max-image-preview:large, max-video-preview:-1\" \/>\n<link rel=\"canonical\" href=\"https:\/\/www.amanien.info\/news\/declaration-du-president-bedie-je-prends-acte-de-la-validation-de-ma-candidature\/\" \/>\n<meta property=\"og:locale\" content=\"fr_FR\" \/>\n<meta property=\"og:type\" content=\"article\" \/>\n<meta property=\"og:title\" content=\"D\u00e9claration du pr\u00e9sident. Bedi\u00e9:\u00a0 &quot; Je prends acte de la validation de ma candidature&quot;\u00a0 - Amanien| L&#039;actualit\u00e9 Ivoirienne et Internationale\" \/>\n<meta property=\"og:description\" content=\"J\u2019ai pris acte de la validation de ma candidature par le Conseil constitutionnel. Je d\u00e9nonce cependant la validation de la candidature inconstitutionnelle de Monsieur Alassane OUATTARA et l\u2019exclusion arbitraire et antid\u00e9mocratique de leaders politiques majeurs, notamment LAURENT GBAGBO, SORO GUILLAUME, MABRI TOIKEUSSE, MAMADOU KOULIBALY ET AMON TANO MARCEL. Nous devons demeurer en ordre de marche [&hellip;]\" \/>\n<meta property=\"og:url\" content=\"https:\/\/www.amanien.info\/news\/declaration-du-president-bedie-je-prends-acte-de-la-validation-de-ma-candidature\/\" \/>\n<meta property=\"og:site_name\" content=\"Amanien| L&#039;actualit\u00e9 Ivoirienne et Internationale\" \/>\n<meta property=\"article:published_time\" content=\"2020-09-15T07:34:58+00:00\" \/>\n<meta property=\"article:modified_time\" content=\"2020-09-15T07:35:27+00:00\" \/>\n<meta property=\"og:image\" content=\"https:\/\/www.amanien.info\/news\/wp-content\/uploads\/2020\/09\/thumbnail-4.png\" \/>\n\t<meta property=\"og:image:width\" content=\"400\" \/>\n\t<meta property=\"og:image:height\" content=\"266\" \/>\n\t<meta property=\"og:image:type\" content=\"image\/png\" \/>\n<meta name=\"author\" content=\"Germain Ndri\" \/>\n<meta name=\"twitter:card\" content=\"summary_large_image\" \/>\n<meta name=\"twitter:label1\" content=\"\u00c9crit par\" \/>\n\t<meta name=\"twitter:data1\" content=\"Germain Ndri\" \/>\n<script type=\"application\/ld+json\" class=\"yoast-schema-graph\">{\"@context\":\"https:\\\/\\\/schema.org\",\"@graph\":[{\"@type\":\"Article\",\"@id\":\"https:\\\/\\\/www.amanien.info\\\/news\\\/declaration-du-president-bedie-je-prends-acte-de-la-validation-de-ma-candidature\\\/#article\",\"isPartOf\":{\"@id\":\"https:\\\/\\\/www.amanien.info\\\/news\\\/declaration-du-president-bedie-je-prends-acte-de-la-validation-de-ma-candidature\\\/\"},\"author\":{\"name\":\"Germain Ndri\",\"@id\":\"https:\\\/\\\/www.amanien.info\\\/news\\\/#\\\/schema\\\/person\\\/b21093345753a1a98242d505bd894f42\"},\"headline\":\"D\u00e9claration du pr\u00e9sident. Bedi\u00e9:\u00a0 \u00a0\u00bb Je prends acte de la validation de ma candidature\u00a0\u00bb\u00a0\",\"datePublished\":\"2020-09-15T07:34:58+00:00\",\"dateModified\":\"2020-09-15T07:35:27+00:00\",\"mainEntityOfPage\":{\"@id\":\"https:\\\/\\\/www.amanien.info\\\/news\\\/declaration-du-president-bedie-je-prends-acte-de-la-validation-de-ma-candidature\\\/\"},\"wordCount\":97,\"commentCount\":0,\"image\":{\"@id\":\"https:\\\/\\\/www.amanien.info\\\/news\\\/declaration-du-president-bedie-je-prends-acte-de-la-validation-de-ma-candidature\\\/#primaryimage\"},\"thumbnailUrl\":\"https:\\\/\\\/www.amanien.info\\\/news\\\/wp-content\\\/uploads\\\/2020\\\/09\\\/thumbnail-4.png\",\"inLanguage\":\"fr-FR\"},{\"@type\":\"WebPage\",\"@id\":\"https:\\\/\\\/www.amanien.info\\\/news\\\/declaration-du-president-bedie-je-prends-acte-de-la-validation-de-ma-candidature\\\/\",\"url\":\"https:\\\/\\\/www.amanien.info\\\/news\\\/declaration-du-president-bedie-je-prends-acte-de-la-validation-de-ma-candidature\\\/\",\"name\":\"D\u00e9claration du pr\u00e9sident. Bedi\u00e9:\u00a0 \\\" Je prends acte de la validation de ma candidature\\\"\u00a0 - Amanien| L&#039;actualit\u00e9 Ivoirienne et Internationale\",\"isPartOf\":{\"@id\":\"https:\\\/\\\/www.amanien.info\\\/news\\\/#website\"},\"primaryImageOfPage\":{\"@id\":\"https:\\\/\\\/www.amanien.info\\\/news\\\/declaration-du-president-bedie-je-prends-acte-de-la-validation-de-ma-candidature\\\/#primaryimage\"},\"image\":{\"@id\":\"https:\\\/\\\/www.amanien.info\\\/news\\\/declaration-du-president-bedie-je-prends-acte-de-la-validation-de-ma-candidature\\\/#primaryimage\"},\"thumbnailUrl\":\"https:\\\/\\\/www.amanien.info\\\/news\\\/wp-content\\\/uploads\\\/2020\\\/09\\\/thumbnail-4.png\",\"datePublished\":\"2020-09-15T07:34:58+00:00\",\"dateModified\":\"2020-09-15T07:35:27+00:00\",\"author\":{\"@id\":\"https:\\\/\\\/www.amanien.info\\\/news\\\/#\\\/schema\\\/person\\\/b21093345753a1a98242d505bd894f42\"},\"breadcrumb\":{\"@id\":\"https:\\\/\\\/www.amanien.info\\\/news\\\/declaration-du-president-bedie-je-prends-acte-de-la-validation-de-ma-candidature\\\/#breadcrumb\"},\"inLanguage\":\"fr-FR\",\"potentialAction\":[{\"@type\":\"ReadAction\",\"target\":[\"https:\\\/\\\/www.amanien.info\\\/news\\\/declaration-du-president-bedie-je-prends-acte-de-la-validation-de-ma-candidature\\\/\"]}]},{\"@type\":\"ImageObject\",\"inLanguage\":\"fr-FR\",\"@id\":\"https:\\\/\\\/www.amanien.info\\\/news\\\/declaration-du-president-bedie-je-prends-acte-de-la-validation-de-ma-candidature\\\/#primaryimage\",\"url\":\"https:\\\/\\\/www.amanien.info\\\/news\\\/wp-content\\\/uploads\\\/2020\\\/09\\\/thumbnail-4.png\",\"contentUrl\":\"https:\\\/\\\/www.amanien.info\\\/news\\\/wp-content\\\/uploads\\\/2020\\\/09\\\/thumbnail-4.png\",\"width\":400,\"height\":266},{\"@type\":\"BreadcrumbList\",\"@id\":\"https:\\\/\\\/www.amanien.info\\\/news\\\/declaration-du-president-bedie-je-prends-acte-de-la-validation-de-ma-candidature\\\/#breadcrumb\",\"itemListElement\":[{\"@type\":\"ListItem\",\"position\":1,\"name\":\"Accueil\",\"item\":\"https:\\\/\\\/www.amanien.info\\\/news\\\/\"},{\"@type\":\"ListItem\",\"position\":2,\"name\":\"D\u00e9claration du pr\u00e9sident. Bedi\u00e9:\u00a0 \u00a0\u00bb Je prends acte de la validation de ma candidature\u00a0\u00bb\u00a0\"}]},{\"@type\":\"WebSite\",\"@id\":\"https:\\\/\\\/www.amanien.info\\\/news\\\/#website\",\"url\":\"https:\\\/\\\/www.amanien.info\\\/news\\\/\",\"name\":\"Amanien| L&#039;actualit\u00e9 Ivoirienne et Internationale\",\"description\":\"L&#039;actualit\u00e9 Ivoirienne et Internationale\",\"potentialAction\":[{\"@type\":\"SearchAction\",\"target\":{\"@type\":\"EntryPoint\",\"urlTemplate\":\"https:\\\/\\\/www.amanien.info\\\/news\\\/?s={search_term_string}\"},\"query-input\":{\"@type\":\"PropertyValueSpecification\",\"valueRequired\":true,\"valueName\":\"search_term_string\"}}],\"inLanguage\":\"fr-FR\"},{\"@type\":\"Person\",\"@id\":\"https:\\\/\\\/www.amanien.info\\\/news\\\/#\\\/schema\\\/person\\\/b21093345753a1a98242d505bd894f42\",\"name\":\"Germain Ndri\",\"url\":\"https:\\\/\\\/www.amanien.info\\\/news\\\/author\\\/amanien-infos\\\/\"}]}<\/script>\n<!-- \/ Yoast SEO plugin. -->","yoast_head_json":{"title":"D\u00e9claration du pr\u00e9sident. Bedi\u00e9:\u00a0 \" Je prends acte de la validation de ma candidature\"\u00a0 - Amanien| L&#039;actualit\u00e9 Ivoirienne et Internationale","robots":{"index":"index","follow":"follow","max-snippet":"max-snippet:-1","max-image-preview":"max-image-preview:large","max-video-preview":"max-video-preview:-1"},"canonical":"https:\/\/www.amanien.info\/news\/declaration-du-president-bedie-je-prends-acte-de-la-validation-de-ma-candidature\/","og_locale":"fr_FR","og_type":"article","og_title":"D\u00e9claration du pr\u00e9sident. Bedi\u00e9:\u00a0 \" Je prends acte de la validation de ma candidature\"\u00a0 - Amanien| L&#039;actualit\u00e9 Ivoirienne et Internationale","og_description":"J\u2019ai pris acte de la validation de ma candidature par le Conseil constitutionnel. Je d\u00e9nonce cependant la validation de la candidature inconstitutionnelle de Monsieur Alassane OUATTARA et l\u2019exclusion arbitraire et antid\u00e9mocratique de leaders politiques majeurs, notamment LAURENT GBAGBO, SORO GUILLAUME, MABRI TOIKEUSSE, MAMADOU KOULIBALY ET AMON TANO MARCEL. Nous devons demeurer en ordre de marche [&hellip;]","og_url":"https:\/\/www.amanien.info\/news\/declaration-du-president-bedie-je-prends-acte-de-la-validation-de-ma-candidature\/","og_site_name":"Amanien| L&#039;actualit\u00e9 Ivoirienne et Internationale","article_published_time":"2020-09-15T07:34:58+00:00","article_modified_time":"2020-09-15T07:35:27+00:00","og_image":[{"width":400,"height":266,"url":"https:\/\/www.amanien.info\/news\/wp-content\/uploads\/2020\/09\/thumbnail-4.png","type":"image\/png"}],"author":"Germain Ndri","twitter_card":"summary_large_image","twitter_misc":{"\u00c9crit par":"Germain Ndri"},"schema":{"@context":"https:\/\/schema.org","@graph":[{"@type":"Article","@id":"https:\/\/www.amanien.info\/news\/declaration-du-president-bedie-je-prends-acte-de-la-validation-de-ma-candidature\/#article","isPartOf":{"@id":"https:\/\/www.amanien.info\/news\/declaration-du-president-bedie-je-prends-acte-de-la-validation-de-ma-candidature\/"},"author":{"name":"Germain Ndri","@id":"https:\/\/www.amanien.info\/news\/#\/schema\/person\/b21093345753a1a98242d505bd894f42"},"headline":"D\u00e9claration du pr\u00e9sident. Bedi\u00e9:\u00a0 \u00a0\u00bb Je prends acte de la validation de ma candidature\u00a0\u00bb\u00a0","datePublished":"2020-09-15T07:34:58+00:00","dateModified":"2020-09-15T07:35:27+00:00","mainEntityOfPage":{"@id":"https:\/\/www.amanien.info\/news\/declaration-du-president-bedie-je-prends-acte-de-la-validation-de-ma-candidature\/"},"wordCount":97,"commentCount":0,"image":{"@id":"https:\/\/www.amanien.info\/news\/declaration-du-president-bedie-je-prends-acte-de-la-validation-de-ma-candidature\/#primaryimage"},"thumbnailUrl":"https:\/\/www.amanien.info\/news\/wp-content\/uploads\/2020\/09\/thumbnail-4.png","inLanguage":"fr-FR"},{"@type":"WebPage","@id":"https:\/\/www.amanien.info\/news\/declaration-du-president-bedie-je-prends-acte-de-la-validation-de-ma-candidature\/","url":"https:\/\/www.amanien.info\/news\/declaration-du-president-bedie-je-prends-acte-de-la-validation-de-ma-candidature\/","name":"D\u00e9claration du pr\u00e9sident. Bedi\u00e9:\u00a0 \" Je prends acte de la validation de ma candidature\"\u00a0 - Amanien| L&#039;actualit\u00e9 Ivoirienne et Internationale","isPartOf":{"@id":"https:\/\/www.amanien.info\/news\/#website"},"primaryImageOfPage":{"@id":"https:\/\/www.amanien.info\/news\/declaration-du-president-bedie-je-prends-acte-de-la-validation-de-ma-candidature\/#primaryimage"},"image":{"@id":"https:\/\/www.amanien.info\/news\/declaration-du-president-bedie-je-prends-acte-de-la-validation-de-ma-candidature\/#primaryimage"},"thumbnailUrl":"https:\/\/www.amanien.info\/news\/wp-content\/uploads\/2020\/09\/thumbnail-4.png","datePublished":"2020-09-15T07:34:58+00:00","dateModified":"2020-09-15T07:35:27+00:00","author":{"@id":"https:\/\/www.amanien.info\/news\/#\/schema\/person\/b21093345753a1a98242d505bd894f42"},"breadcrumb":{"@id":"https:\/\/www.amanien.info\/news\/declaration-du-president-bedie-je-prends-acte-de-la-validation-de-ma-candidature\/#breadcrumb"},"inLanguage":"fr-FR","potentialAction":[{"@type":"ReadAction","target":["https:\/\/www.amanien.info\/news\/declaration-du-president-bedie-je-prends-acte-de-la-validation-de-ma-candidature\/"]}]},{"@type":"ImageObject","inLanguage":"fr-FR","@id":"https:\/\/www.amanien.info\/news\/declaration-du-president-bedie-je-prends-acte-de-la-validation-de-ma-candidature\/#primaryimage","url":"https:\/\/www.amanien.info\/news\/wp-content\/uploads\/2020\/09\/thumbnail-4.png","contentUrl":"https:\/\/www.amanien.info\/news\/wp-content\/uploads\/2020\/09\/thumbnail-4.png","width":400,"height":266},{"@type":"BreadcrumbList","@id":"https:\/\/www.amanien.info\/news\/declaration-du-president-bedie-je-prends-acte-de-la-validation-de-ma-candidature\/#breadcrumb","itemListElement":[{"@type":"ListItem","position":1,"name":"Accueil","item":"https:\/\/www.amanien.info\/news\/"},{"@type":"ListItem","position":2,"name":"D\u00e9claration du pr\u00e9sident. Bedi\u00e9:\u00a0 \u00a0\u00bb Je prends acte de la validation de ma candidature\u00a0\u00bb\u00a0"}]},{"@type":"WebSite","@id":"https:\/\/www.amanien.info\/news\/#website","url":"https:\/\/www.amanien.info\/news\/","name":"Amanien| L&#039;actualit\u00e9 Ivoirienne et Internationale","description":"L&#039;actualit\u00e9 Ivoirienne et Internationale","potentialAction":[{"@type":"SearchAction","target":{"@type":"EntryPoint","urlTemplate":"https:\/\/www.amanien.info\/news\/?s={search_term_string}"},"query-input":{"@type":"PropertyValueSpecification","valueRequired":true,"valueName":"search_term_string"}}],"inLanguage":"fr-FR"},{"@type":"Person","@id":"https:\/\/www.amanien.info\/news\/#\/schema\/person\/b21093345753a1a98242d505bd894f42","name":"Germain Ndri","url":"https:\/\/www.amanien.info\/news\/author\/amanien-infos\/"}]}},"_links":{"self":[{"href":"https:\/\/www.amanien.info\/news\/wp-json\/wp\/v2\/posts\/1774","targetHints":{"allow":["GET"]}}],"collection":[{"href":"https:\/\/www.amanien.info\/news\/wp-json\/wp\/v2\/posts"}],"about":[{"href":"https:\/\/www.amanien.info\/news\/wp-json\/wp\/v2\/types\/post"}],"author":[{"embeddable":true,"href":"https:\/\/www.amanien.info\/news\/wp-json\/wp\/v2\/users\/2"}],"replies":[{"embeddable":true,"href":"https:\/\/www.amanien.info\/news\/wp-json\/wp\/v2\/comments?post=1774"}],"version-history":[{"count":0,"href":"https:\/\/www.amanien.info\/news\/wp-json\/wp\/v2\/posts\/1774\/revisions"}],"wp:featuredmedia":[{"embeddable":true,"href":"https:\/\/www.amanien.info\/news\/wp-json\/wp\/v2\/media\/1775"}],"wp:attachment":[{"href":"https:\/\/www.amanien.info\/news\/wp-json\/wp\/v2\/media?parent=1774"}],"wp:term":[{"taxonomy":"category","embeddable":true,"href":"https:\/\/www.amanien.info\/news\/wp-json\/wp\/v2\/categories?post=1774"},{"taxonomy":"post_tag","embeddable":true,"href":"https:\/\/www.amanien.info\/news\/wp-json\/wp\/v2\/tags?post=1774"}],"curies":[{"name":"wp","href":"https:\/\/api.w.org\/{rel}","templated":true}]}}