{"id":1765,"date":"2020-09-13T16:22:42","date_gmt":"2020-09-13T14:22:42","guid":{"rendered":"http:\/\/https:\/\/zozo.buyee.jp\/\/news\/?p=1765"},"modified":"2020-09-13T16:23:36","modified_gmt":"2020-09-13T14:23:36","slug":"elections-presidentielles-le-candidat-du-pdci-henri-konan-bedie-investi","status":"publish","type":"post","link":"https:\/\/www.amanien.info\/news\/elections-presidentielles-le-candidat-du-pdci-henri-konan-bedie-investi\/","title":{"rendered":"\u00c9lections Pr\u00e9sidentielles: Le candidat du PDCI Henri Konan Bedi\u00e9 investi"},"content":{"rendered":"<p>Le candidat du PDCI-RDA a l\u2019\u00e9lection pr\u00e9sidentielle du 31 octobre Henri Konan Bedi\u00e9 a \u00e9t\u00e9 investi le samedi 12 septembre 2020 \u00e0 Yamoussoukro. Dans son discours, le pr\u00e9sident Henri Konan B\u00e9di\u00e9 a annonc\u00e9 les grandes lignes de son projet de soci\u00e9t\u00e9 tout en fustigeant le parti au pouvoir.<\/p>\n<p>\u00a0\u00bb J\u2019accepte d\u2019\u00eatre candidat \u00e0 l\u2019\u00e9lection du 31 octobre et j\u2019invite les partis et plateformes qui le souhaitent a soutenir ma candidature\u00a0\u00bb a- t- il dit. Le candidat du PDCI-RDA a relev\u00e9 que la C\u00f4te d\u2019Ivoire a besoin d\u2019\u00eatre reconstruite et cette reconstruction doit \u00eatre une oeuvre collective. Il a expliqu\u00e9 que son ambition est de r\u00e9aliser \u00e0 court terme une reconstruction \u00e0 travers l\u2019adoption d\u2019un nouveau contrat social.<\/p>\n<p>Selon Henri Konan B\u00e9di\u00e9, la victoire du PDCI- RDA est \u00e0 port\u00e9e de main. Il a demand\u00e9 aux ivoiriens de porter leur choix sur lui. D\u00e8s son \u00e9lection il promet la mis en oeuvre 143 projets majeurs au cours de son mandat. \u00a0\u00bb Je m\u2019engage, une fois \u00e9lu a mettre en place un gouvernement de large ouverture avec le retour sans conditions de tous les exil\u00e9s et la lib\u00e9ration de tous les prisonniers politiques et militaires de la crise post-\u00e9lectorale\u00a0\u00bb, a dit Henri Konan Bedi\u00e9. Il a promis \u00e9galement un \u00c9tat de droit , une d\u00e9mocratie apais\u00e9e et participative. Il entend aussi r\u00e9former le fonctionnement de la police et de la gendarmerie et assurer la s\u00e9paration effective des pouvoirs. L\u2019emploi des jeunes et des femmes, la r\u00e9alisation des grands projets et la mise en place de 9 grands pools \u00e9conomiques \u00e0 travers le pays, font partie des priorit\u00e9s du candidat du PDCI. \u00a0\u00bb Pour lutter contre les inondations, nous pr\u00e9voyons de vaste programme d\u2019assainissement et de drainage pour am\u00e9liorer le cadre de vie de nos populations\u00a0\u00bb, a soulign\u00e9 Henri Konan B\u00e9di\u00e9. Sur le plan social, le PDCI-RDA envisage de revaloriser le smig, les pensions de retraite et r\u00e9duire les taux d\u2019imp\u00f4ts. Selon lui, le RHDP n\u2019a ni vision , ni objectif \u00e0 long terme.<\/p>\n","protected":false},"excerpt":{"rendered":"<p>Le candidat du PDCI-RDA a l\u2019\u00e9lection pr\u00e9sidentielle du 31 octobre Henri Konan Bedi\u00e9 a \u00e9t\u00e9 investi le samedi 12 septembre 2020 \u00e0 Yamoussoukro. Dans son discours, le pr\u00e9sident Henri Konan B\u00e9di\u00e9 a annonc\u00e9 les grandes lignes de son projet de soci\u00e9t\u00e9 tout en fustigeant le parti au pouvoir. \u00a0\u00bb J\u2019accepte d\u2019\u00eatre candidat \u00e0 l\u2019\u00e9lection du [&hellip;]<\/p>\n","protected":false},"author":2,"featured_media":1767,"comment_status":"open","ping_status":"open","sticky":true,"template":"","format":"standard","meta":{"_acf_changed":false,"footnotes":""},"categories":[],"tags":[],"class_list":["post-1765","post","type-post","status-publish","format-standard","has-post-thumbnail","hentry"],"acf":[],"yoast_head":"<!-- This site is optimized with the Yoast SEO plugin v27.5 - https:\/\/yoast.com\/product\/yoast-seo-wordpress\/ -->\n<title>\u00c9lections Pr\u00e9sidentielles: Le candidat du PDCI Henri Konan Bedi\u00e9 investi - Amanien| L&#039;actualit\u00e9 Ivoirienne et Internationale<\/title>\n<meta name=\"robots\" content=\"index, follow, max-snippet:-1, max-image-preview:large, max-video-preview:-1\" \/>\n<link rel=\"canonical\" href=\"https:\/\/www.amanien.info\/news\/elections-presidentielles-le-candidat-du-pdci-henri-konan-bedie-investi\/\" \/>\n<meta property=\"og:locale\" content=\"fr_FR\" \/>\n<meta property=\"og:type\" content=\"article\" \/>\n<meta property=\"og:title\" content=\"\u00c9lections Pr\u00e9sidentielles: Le candidat du PDCI Henri Konan Bedi\u00e9 investi - Amanien| L&#039;actualit\u00e9 Ivoirienne et Internationale\" \/>\n<meta property=\"og:description\" content=\"Le candidat du PDCI-RDA a l\u2019\u00e9lection pr\u00e9sidentielle du 31 octobre Henri Konan Bedi\u00e9 a \u00e9t\u00e9 investi le samedi 12 septembre 2020 \u00e0 Yamoussoukro. Dans son discours, le pr\u00e9sident Henri Konan B\u00e9di\u00e9 a annonc\u00e9 les grandes lignes de son projet de soci\u00e9t\u00e9 tout en fustigeant le parti au pouvoir. \u00a0\u00bb J\u2019accepte d\u2019\u00eatre candidat \u00e0 l\u2019\u00e9lection du [&hellip;]\" \/>\n<meta property=\"og:url\" content=\"https:\/\/www.amanien.info\/news\/elections-presidentielles-le-candidat-du-pdci-henri-konan-bedie-investi\/\" \/>\n<meta property=\"og:site_name\" content=\"Amanien| L&#039;actualit\u00e9 Ivoirienne et Internationale\" \/>\n<meta property=\"article:published_time\" content=\"2020-09-13T14:22:42+00:00\" \/>\n<meta property=\"article:modified_time\" content=\"2020-09-13T14:23:36+00:00\" \/>\n<meta property=\"og:image\" content=\"https:\/\/www.amanien.info\/news\/wp-content\/uploads\/2020\/09\/index.jpg\" \/>\n\t<meta property=\"og:image:width\" content=\"300\" \/>\n\t<meta property=\"og:image:height\" content=\"168\" \/>\n\t<meta property=\"og:image:type\" content=\"image\/jpeg\" \/>\n<meta name=\"author\" content=\"Germain Ndri\" \/>\n<meta name=\"twitter:card\" content=\"summary_large_image\" \/>\n<meta name=\"twitter:label1\" content=\"\u00c9crit par\" \/>\n\t<meta name=\"twitter:data1\" content=\"Germain Ndri\" \/>\n\t<meta name=\"twitter:label2\" content=\"Dur\u00e9e de lecture estim\u00e9e\" \/>\n\t<meta name=\"twitter:data2\" content=\"2 minutes\" \/>\n<script type=\"application\/ld+json\" class=\"yoast-schema-graph\">{\"@context\":\"https:\\\/\\\/schema.org\",\"@graph\":[{\"@type\":\"Article\",\"@id\":\"https:\\\/\\\/www.amanien.info\\\/news\\\/elections-presidentielles-le-candidat-du-pdci-henri-konan-bedie-investi\\\/#article\",\"isPartOf\":{\"@id\":\"https:\\\/\\\/www.amanien.info\\\/news\\\/elections-presidentielles-le-candidat-du-pdci-henri-konan-bedie-investi\\\/\"},\"author\":{\"name\":\"Germain Ndri\",\"@id\":\"https:\\\/\\\/www.amanien.info\\\/news\\\/#\\\/schema\\\/person\\\/b21093345753a1a98242d505bd894f42\"},\"headline\":\"\u00c9lections Pr\u00e9sidentielles: Le candidat du PDCI Henri Konan Bedi\u00e9 investi\",\"datePublished\":\"2020-09-13T14:22:42+00:00\",\"dateModified\":\"2020-09-13T14:23:36+00:00\",\"mainEntityOfPage\":{\"@id\":\"https:\\\/\\\/www.amanien.info\\\/news\\\/elections-presidentielles-le-candidat-du-pdci-henri-konan-bedie-investi\\\/\"},\"wordCount\":361,\"commentCount\":0,\"image\":{\"@id\":\"https:\\\/\\\/www.amanien.info\\\/news\\\/elections-presidentielles-le-candidat-du-pdci-henri-konan-bedie-investi\\\/#primaryimage\"},\"thumbnailUrl\":\"https:\\\/\\\/www.amanien.info\\\/news\\\/wp-content\\\/uploads\\\/2020\\\/09\\\/index.jpg\",\"inLanguage\":\"fr-FR\"},{\"@type\":\"WebPage\",\"@id\":\"https:\\\/\\\/www.amanien.info\\\/news\\\/elections-presidentielles-le-candidat-du-pdci-henri-konan-bedie-investi\\\/\",\"url\":\"https:\\\/\\\/www.amanien.info\\\/news\\\/elections-presidentielles-le-candidat-du-pdci-henri-konan-bedie-investi\\\/\",\"name\":\"\u00c9lections Pr\u00e9sidentielles: Le candidat du PDCI Henri Konan Bedi\u00e9 investi - Amanien| L&#039;actualit\u00e9 Ivoirienne et Internationale\",\"isPartOf\":{\"@id\":\"https:\\\/\\\/www.amanien.info\\\/news\\\/#website\"},\"primaryImageOfPage\":{\"@id\":\"https:\\\/\\\/www.amanien.info\\\/news\\\/elections-presidentielles-le-candidat-du-pdci-henri-konan-bedie-investi\\\/#primaryimage\"},\"image\":{\"@id\":\"https:\\\/\\\/www.amanien.info\\\/news\\\/elections-presidentielles-le-candidat-du-pdci-henri-konan-bedie-investi\\\/#primaryimage\"},\"thumbnailUrl\":\"https:\\\/\\\/www.amanien.info\\\/news\\\/wp-content\\\/uploads\\\/2020\\\/09\\\/index.jpg\",\"datePublished\":\"2020-09-13T14:22:42+00:00\",\"dateModified\":\"2020-09-13T14:23:36+00:00\",\"author\":{\"@id\":\"https:\\\/\\\/www.amanien.info\\\/news\\\/#\\\/schema\\\/person\\\/b21093345753a1a98242d505bd894f42\"},\"breadcrumb\":{\"@id\":\"https:\\\/\\\/www.amanien.info\\\/news\\\/elections-presidentielles-le-candidat-du-pdci-henri-konan-bedie-investi\\\/#breadcrumb\"},\"inLanguage\":\"fr-FR\",\"potentialAction\":[{\"@type\":\"ReadAction\",\"target\":[\"https:\\\/\\\/www.amanien.info\\\/news\\\/elections-presidentielles-le-candidat-du-pdci-henri-konan-bedie-investi\\\/\"]}]},{\"@type\":\"ImageObject\",\"inLanguage\":\"fr-FR\",\"@id\":\"https:\\\/\\\/www.amanien.info\\\/news\\\/elections-presidentielles-le-candidat-du-pdci-henri-konan-bedie-investi\\\/#primaryimage\",\"url\":\"https:\\\/\\\/www.amanien.info\\\/news\\\/wp-content\\\/uploads\\\/2020\\\/09\\\/index.jpg\",\"contentUrl\":\"https:\\\/\\\/www.amanien.info\\\/news\\\/wp-content\\\/uploads\\\/2020\\\/09\\\/index.jpg\",\"width\":300,\"height\":168},{\"@type\":\"BreadcrumbList\",\"@id\":\"https:\\\/\\\/www.amanien.info\\\/news\\\/elections-presidentielles-le-candidat-du-pdci-henri-konan-bedie-investi\\\/#breadcrumb\",\"itemListElement\":[{\"@type\":\"ListItem\",\"position\":1,\"name\":\"Accueil\",\"item\":\"https:\\\/\\\/www.amanien.info\\\/news\\\/\"},{\"@type\":\"ListItem\",\"position\":2,\"name\":\"\u00c9lections Pr\u00e9sidentielles: Le candidat du PDCI Henri Konan Bedi\u00e9 investi\"}]},{\"@type\":\"WebSite\",\"@id\":\"https:\\\/\\\/www.amanien.info\\\/news\\\/#website\",\"url\":\"https:\\\/\\\/www.amanien.info\\\/news\\\/\",\"name\":\"Amanien| L&#039;actualit\u00e9 Ivoirienne et Internationale\",\"description\":\"L&#039;actualit\u00e9 Ivoirienne et Internationale\",\"potentialAction\":[{\"@type\":\"SearchAction\",\"target\":{\"@type\":\"EntryPoint\",\"urlTemplate\":\"https:\\\/\\\/www.amanien.info\\\/news\\\/?s={search_term_string}\"},\"query-input\":{\"@type\":\"PropertyValueSpecification\",\"valueRequired\":true,\"valueName\":\"search_term_string\"}}],\"inLanguage\":\"fr-FR\"},{\"@type\":\"Person\",\"@id\":\"https:\\\/\\\/www.amanien.info\\\/news\\\/#\\\/schema\\\/person\\\/b21093345753a1a98242d505bd894f42\",\"name\":\"Germain Ndri\",\"url\":\"https:\\\/\\\/www.amanien.info\\\/news\\\/author\\\/amanien-infos\\\/\"}]}<\/script>\n<!-- \/ Yoast SEO plugin. -->","yoast_head_json":{"title":"\u00c9lections Pr\u00e9sidentielles: Le candidat du PDCI Henri Konan Bedi\u00e9 investi - Amanien| L&#039;actualit\u00e9 Ivoirienne et Internationale","robots":{"index":"index","follow":"follow","max-snippet":"max-snippet:-1","max-image-preview":"max-image-preview:large","max-video-preview":"max-video-preview:-1"},"canonical":"https:\/\/www.amanien.info\/news\/elections-presidentielles-le-candidat-du-pdci-henri-konan-bedie-investi\/","og_locale":"fr_FR","og_type":"article","og_title":"\u00c9lections Pr\u00e9sidentielles: Le candidat du PDCI Henri Konan Bedi\u00e9 investi - Amanien| L&#039;actualit\u00e9 Ivoirienne et Internationale","og_description":"Le candidat du PDCI-RDA a l\u2019\u00e9lection pr\u00e9sidentielle du 31 octobre Henri Konan Bedi\u00e9 a \u00e9t\u00e9 investi le samedi 12 septembre 2020 \u00e0 Yamoussoukro. Dans son discours, le pr\u00e9sident Henri Konan B\u00e9di\u00e9 a annonc\u00e9 les grandes lignes de son projet de soci\u00e9t\u00e9 tout en fustigeant le parti au pouvoir. \u00a0\u00bb J\u2019accepte d\u2019\u00eatre candidat \u00e0 l\u2019\u00e9lection du [&hellip;]","og_url":"https:\/\/www.amanien.info\/news\/elections-presidentielles-le-candidat-du-pdci-henri-konan-bedie-investi\/","og_site_name":"Amanien| L&#039;actualit\u00e9 Ivoirienne et Internationale","article_published_time":"2020-09-13T14:22:42+00:00","article_modified_time":"2020-09-13T14:23:36+00:00","og_image":[{"width":300,"height":168,"url":"https:\/\/www.amanien.info\/news\/wp-content\/uploads\/2020\/09\/index.jpg","type":"image\/jpeg"}],"author":"Germain Ndri","twitter_card":"summary_large_image","twitter_misc":{"\u00c9crit par":"Germain Ndri","Dur\u00e9e de lecture estim\u00e9e":"2 minutes"},"schema":{"@context":"https:\/\/schema.org","@graph":[{"@type":"Article","@id":"https:\/\/www.amanien.info\/news\/elections-presidentielles-le-candidat-du-pdci-henri-konan-bedie-investi\/#article","isPartOf":{"@id":"https:\/\/www.amanien.info\/news\/elections-presidentielles-le-candidat-du-pdci-henri-konan-bedie-investi\/"},"author":{"name":"Germain Ndri","@id":"https:\/\/www.amanien.info\/news\/#\/schema\/person\/b21093345753a1a98242d505bd894f42"},"headline":"\u00c9lections Pr\u00e9sidentielles: Le candidat du PDCI Henri Konan Bedi\u00e9 investi","datePublished":"2020-09-13T14:22:42+00:00","dateModified":"2020-09-13T14:23:36+00:00","mainEntityOfPage":{"@id":"https:\/\/www.amanien.info\/news\/elections-presidentielles-le-candidat-du-pdci-henri-konan-bedie-investi\/"},"wordCount":361,"commentCount":0,"image":{"@id":"https:\/\/www.amanien.info\/news\/elections-presidentielles-le-candidat-du-pdci-henri-konan-bedie-investi\/#primaryimage"},"thumbnailUrl":"https:\/\/www.amanien.info\/news\/wp-content\/uploads\/2020\/09\/index.jpg","inLanguage":"fr-FR"},{"@type":"WebPage","@id":"https:\/\/www.amanien.info\/news\/elections-presidentielles-le-candidat-du-pdci-henri-konan-bedie-investi\/","url":"https:\/\/www.amanien.info\/news\/elections-presidentielles-le-candidat-du-pdci-henri-konan-bedie-investi\/","name":"\u00c9lections Pr\u00e9sidentielles: Le candidat du PDCI Henri Konan Bedi\u00e9 investi - Amanien| L&#039;actualit\u00e9 Ivoirienne et Internationale","isPartOf":{"@id":"https:\/\/www.amanien.info\/news\/#website"},"primaryImageOfPage":{"@id":"https:\/\/www.amanien.info\/news\/elections-presidentielles-le-candidat-du-pdci-henri-konan-bedie-investi\/#primaryimage"},"image":{"@id":"https:\/\/www.amanien.info\/news\/elections-presidentielles-le-candidat-du-pdci-henri-konan-bedie-investi\/#primaryimage"},"thumbnailUrl":"https:\/\/www.amanien.info\/news\/wp-content\/uploads\/2020\/09\/index.jpg","datePublished":"2020-09-13T14:22:42+00:00","dateModified":"2020-09-13T14:23:36+00:00","author":{"@id":"https:\/\/www.amanien.info\/news\/#\/schema\/person\/b21093345753a1a98242d505bd894f42"},"breadcrumb":{"@id":"https:\/\/www.amanien.info\/news\/elections-presidentielles-le-candidat-du-pdci-henri-konan-bedie-investi\/#breadcrumb"},"inLanguage":"fr-FR","potentialAction":[{"@type":"ReadAction","target":["https:\/\/www.amanien.info\/news\/elections-presidentielles-le-candidat-du-pdci-henri-konan-bedie-investi\/"]}]},{"@type":"ImageObject","inLanguage":"fr-FR","@id":"https:\/\/www.amanien.info\/news\/elections-presidentielles-le-candidat-du-pdci-henri-konan-bedie-investi\/#primaryimage","url":"https:\/\/www.amanien.info\/news\/wp-content\/uploads\/2020\/09\/index.jpg","contentUrl":"https:\/\/www.amanien.info\/news\/wp-content\/uploads\/2020\/09\/index.jpg","width":300,"height":168},{"@type":"BreadcrumbList","@id":"https:\/\/www.amanien.info\/news\/elections-presidentielles-le-candidat-du-pdci-henri-konan-bedie-investi\/#breadcrumb","itemListElement":[{"@type":"ListItem","position":1,"name":"Accueil","item":"https:\/\/www.amanien.info\/news\/"},{"@type":"ListItem","position":2,"name":"\u00c9lections Pr\u00e9sidentielles: Le candidat du PDCI Henri Konan Bedi\u00e9 investi"}]},{"@type":"WebSite","@id":"https:\/\/www.amanien.info\/news\/#website","url":"https:\/\/www.amanien.info\/news\/","name":"Amanien| L&#039;actualit\u00e9 Ivoirienne et Internationale","description":"L&#039;actualit\u00e9 Ivoirienne et Internationale","potentialAction":[{"@type":"SearchAction","target":{"@type":"EntryPoint","urlTemplate":"https:\/\/www.amanien.info\/news\/?s={search_term_string}"},"query-input":{"@type":"PropertyValueSpecification","valueRequired":true,"valueName":"search_term_string"}}],"inLanguage":"fr-FR"},{"@type":"Person","@id":"https:\/\/www.amanien.info\/news\/#\/schema\/person\/b21093345753a1a98242d505bd894f42","name":"Germain Ndri","url":"https:\/\/www.amanien.info\/news\/author\/amanien-infos\/"}]}},"_links":{"self":[{"href":"https:\/\/www.amanien.info\/news\/wp-json\/wp\/v2\/posts\/1765","targetHints":{"allow":["GET"]}}],"collection":[{"href":"https:\/\/www.amanien.info\/news\/wp-json\/wp\/v2\/posts"}],"about":[{"href":"https:\/\/www.amanien.info\/news\/wp-json\/wp\/v2\/types\/post"}],"author":[{"embeddable":true,"href":"https:\/\/www.amanien.info\/news\/wp-json\/wp\/v2\/users\/2"}],"replies":[{"embeddable":true,"href":"https:\/\/www.amanien.info\/news\/wp-json\/wp\/v2\/comments?post=1765"}],"version-history":[{"count":0,"href":"https:\/\/www.amanien.info\/news\/wp-json\/wp\/v2\/posts\/1765\/revisions"}],"wp:featuredmedia":[{"embeddable":true,"href":"https:\/\/www.amanien.info\/news\/wp-json\/wp\/v2\/media\/1767"}],"wp:attachment":[{"href":"https:\/\/www.amanien.info\/news\/wp-json\/wp\/v2\/media?parent=1765"}],"wp:term":[{"taxonomy":"category","embeddable":true,"href":"https:\/\/www.amanien.info\/news\/wp-json\/wp\/v2\/categories?post=1765"},{"taxonomy":"post_tag","embeddable":true,"href":"https:\/\/www.amanien.info\/news\/wp-json\/wp\/v2\/tags?post=1765"}],"curies":[{"name":"wp","href":"https:\/\/api.w.org\/{rel}","templated":true}]}}