{"id":1759,"date":"2020-09-13T16:12:46","date_gmt":"2020-09-13T14:12:46","guid":{"rendered":"http:\/\/https:\/\/zozo.buyee.jp\/\/news\/?p=1759"},"modified":"2020-09-13T16:16:16","modified_gmt":"2020-09-13T14:16:16","slug":"eligibilite-aux-presidentielles-du-31-octobre-les-avocats-du-candidat-bedie-font-des-precisions","status":"publish","type":"post","link":"https:\/\/www.amanien.info\/news\/eligibilite-aux-presidentielles-du-31-octobre-les-avocats-du-candidat-bedie-font-des-precisions\/","title":{"rendered":"\u00c9ligibilit\u00e9 aux Pr\u00e9sidentielles du 31 octobre: Les avocats du candidat B\u00e9di\u00e9 font des pr\u00e9cisions"},"content":{"rendered":"<div class=\"I_52qC D_FY W_6D6F\" data-test-id=\"message-view-body\">\n<div class=\"msg-body P_wpofO mq_AS\" data-test-id=\"message-view-body-content\">\n<div class=\"jb_0 X_6MGW N_6Fd5\">\n<div>\n<div id=\"yiv7364781535\">\n<div>\n<div>\n<div>\n<div>Nous avons d\u00e9couvert, ce matin, sur divers r\u00e9seaux sociaux, un article de presse rendant compte d\u2019une audience qui a eu lieu, le 10 septembre 2020, devant le Conseil Constitutionnel, dans le cadre du contentieux de l\u2019\u00e9ligibilit\u00e9 des candidats \u00e0 l\u2019\u00e9lection pr\u00e9sidentielle du 31 octobre 2020. Par endroit, cet article \u00e9tait accompagn\u00e9 d\u2019une copie d\u2019une lettre du Pr\u00e9sident du PDCI-RDA, adress\u00e9e au Pr\u00e9sident du Conseil Constitutionnel.<\/p>\n<div>\nIl est curieux, voire choquant, de lire ou de voir sur les r\u00e9seaux, des propos ou pi\u00e8ces tir\u00e9s d\u2019une audience tenue, \u00e0 huis clos, devant le Conseil Constitutionnel.<br \/>\nNous d\u00e9non\u00e7ons fermement cette fa\u00e7on ill\u00e9gale et in\u00e9l\u00e9gante de faire.<br \/>\nEn r\u00e9ponse \u00e0 cet article qui a rendu tendancieusement et partiellement le compte rendu des d\u00e9bats qui ont port\u00e9 sur l\u2019\u00e9ligibilit\u00e9 de Son Excellence Henri Konan BEDIE \u00e0 l\u2019\u00e9lection pr\u00e9sidentielle du 31 octobre 2020, nous tenons \u00e0 faire les pr\u00e9cisions suivantes :<br \/>\n1. En violation des dispositions de l\u2019article 56 du code \u00e9lectoral, le candidat Alassane OUATTARA n\u2019a pas d\u00e9pos\u00e9 d\u2019observations devant le Conseil Constitutionnel, dans le d\u00e9lai requis, pour contester l\u2019\u00e9ligibilit\u00e9 du candidat BEDIE Konan Aim\u00e9 Henri. C\u2019est dans ses observations d\u00e9pos\u00e9es en r\u00e9plique \u00e0 la demande de rejet de sa candidature qu\u2019il a cru pouvoir plaider l\u2019in\u00e9ligibilit\u00e9 du Pr\u00e9sident Henri Konan BEDIE. Nous avons, bien \u00e9videmment, soulev\u00e9 l\u2019irrecevabilit\u00e9 de ces observations tardives, qui sont, par ailleurs, mal fond\u00e9es.<\/p>\n<p>2. En r\u00e9ponse aux pr\u00e9tentions du candidat Alassane OUATTARA, nous avons fait observer que l\u2019\u00e9ligibilit\u00e9 du Pr\u00e9sident Henri Konan BEDIE \u00e0 la prochaine \u00e9lection pr\u00e9sidentielle est incontestable, sa qualit\u00e9 suppos\u00e9e de Membre du Conseil Constitutionnel \u00e9tant inop\u00e9rante, en l\u2019esp\u00e8ce. En effet, contrairement \u00e0 ce que tente de faire croire le RHDP, le Pr\u00e9sident Henri Konan BEDIE n\u2019est pas membre du Conseil Constitutionnel. Et pour cause :<\/p>\n<p>&#8211; Primo, un membre de droit du Conseil Constitutionnel peut ne pas \u00eatre membre du Conseil Constitutionnel, puisque la Constitution lui reconna\u00eet le droit de renoncer \u00e0 cette qualit\u00e9, qu\u2019elle lui accorde, de droit. Ainsi, l\u2019ancien Pr\u00e9sident de la R\u00e9publique, membre de droit du Conseil Constitutionnel, n\u2019acquiert pas la qualit\u00e9 de membre du Conseil Constitutionnel, s\u2019il y renonce express\u00e9ment. Or c\u2019est bien ce qu\u2019a fait le Pr\u00e9sident Henri Konan BEDIE, par une lettre en date du 31 aout 2004, re\u00e7ue par le Pr\u00e9sident du Conseil Constitutionnel, le 17 septembre 2004.<\/p>\n<p>&#8211; Secundo, suivant l\u2019article 131 de la Constitution, \u00ab les fonctions de membre du Conseil Constitutionnel sont incompatibles avec l\u2019exercice de toute fonction politique, de tout emploi public ou mandat \u00e9lectif et de toute activit\u00e9 professionnelle. Est d\u00e9mis d\u2019office tout membre du Conseil constitutionnel se trouvant dans un des cas d\u2019incompatibilit\u00e9 \u00bb. En application de ce texte, un membre du Conseil Constitutionnel ne peut exercer une fonction politique. En pareille circonstance, il est d\u00e9mis d\u2019office. Or, il est de notori\u00e9t\u00e9 publique que le Pr\u00e9sident Henri Konan BEDIE est le Pr\u00e9sident d\u2019un Parti politique, le PDCI-RDA, depuis avril 1994. Il s\u2019agit l\u00e0 d\u2019une fonction politique. Se trouvant ainsi, de fa\u00e7on continue, dans un cas d\u2019incompatibilit\u00e9, il n\u2019a jamais pu acc\u00e9der \u00e0 la qualit\u00e9 de membre du Conseil constitutionnel.<\/p>\n<p>&#8211; Tertio, la qualit\u00e9 de membre du Conseil Constitutionnel est un droit que le Pr\u00e9sident Henri Konan BEDIE n\u2019a jamais exerc\u00e9 ou n\u2019a jamais entendu exercer. Il n\u2019a ainsi jamais per\u00e7u une quelconque r\u00e9mun\u00e9ration ou un avantage de quelque type que ce soit, li\u00e9 \u00e0 cette fonction. Il est, par cons\u00e9quent, illusoire de pr\u00e9tendre qu\u2019il devrait subir les cons\u00e9quences juridiques d\u2019un droit dont il ne s\u2019est jamais pr\u00e9valu.<br \/>\nEn cons\u00e9quence, nous restons convaincus que le Pr\u00e9sident Henri Konan BEDIE figurera bien sur la liste d\u00e9finitive des candidats \u00e0 l\u2019\u00e9lection pr\u00e9sidentielle du 31 octobre 2020.<\/p>\n<p>Fait \u00e0 Abidjan, le 11 septembre 2020<br \/>\nPour le Collectif des Avocats du candidat BEDIE Konan Aim\u00e9 Henri<\/p>\n<p>Ma\u00eetre SUY BI Gohor\u00e9 Emile<br \/>\nAvocat au Barreau de C\u00f4te d\u2019Ivoire<\/p><\/div>\n<\/div>\n<\/div>\n<\/div>\n<\/div>\n<\/div>\n<\/div>\n<\/div>\n<\/div>\n<div class=\"jb_0 X_6MGW N_6Fd5\"><\/div>\n<\/div>\n<div class=\"H_7jIs D_F ab_C Q_69H5 E_36RhU\" data-test-id=\"toolbar-hover-area\">\n<div class=\"D_F W_6D6F r_BN gl_C\" data-test-id=\"card-toolbar\">\n<div class=\"D_F ab_C en_0 b_Z14vXdP e_3mS2U I_52qC P_Z1otBpf\">\n<ul class=\"hd_n P_0 H_6D6F M_0 ir3_0 iy_h D_F ab_C\" tabindex=\"0\" role=\"menubar\" data-test-id=\"navigable-list\">\n<li class=\"G_e p_R\" role=\"menuitem\"><\/li>\n<\/ul>\n<\/div>\n<\/div>\n<\/div>\n","protected":false},"excerpt":{"rendered":"<p>Nous avons d\u00e9couvert, ce matin, sur divers r\u00e9seaux sociaux, un article de presse rendant compte d\u2019une audience qui a eu lieu, le 10 septembre 2020, devant le Conseil Constitutionnel, dans le cadre du contentieux de l\u2019\u00e9ligibilit\u00e9 des candidats \u00e0 l\u2019\u00e9lection pr\u00e9sidentielle du 31 octobre 2020. Par endroit, cet article \u00e9tait accompagn\u00e9 d\u2019une copie d\u2019une lettre [&hellip;]<\/p>\n","protected":false},"author":2,"featured_media":1760,"comment_status":"open","ping_status":"open","sticky":true,"template":"","format":"standard","meta":{"_acf_changed":false,"footnotes":""},"categories":[],"tags":[],"class_list":["post-1759","post","type-post","status-publish","format-standard","has-post-thumbnail","hentry"],"acf":[],"yoast_head":"<!-- This site is optimized with the Yoast SEO plugin v27.5 - https:\/\/yoast.com\/product\/yoast-seo-wordpress\/ -->\n<title>\u00c9ligibilit\u00e9 aux Pr\u00e9sidentielles du 31 octobre: Les avocats du candidat B\u00e9di\u00e9 font des pr\u00e9cisions - Amanien| L&#039;actualit\u00e9 Ivoirienne et Internationale<\/title>\n<meta name=\"robots\" content=\"index, follow, max-snippet:-1, max-image-preview:large, max-video-preview:-1\" \/>\n<link rel=\"canonical\" href=\"https:\/\/www.amanien.info\/news\/eligibilite-aux-presidentielles-du-31-octobre-les-avocats-du-candidat-bedie-font-des-precisions\/\" \/>\n<meta property=\"og:locale\" content=\"fr_FR\" \/>\n<meta property=\"og:type\" content=\"article\" \/>\n<meta property=\"og:title\" content=\"\u00c9ligibilit\u00e9 aux Pr\u00e9sidentielles du 31 octobre: Les avocats du candidat B\u00e9di\u00e9 font des pr\u00e9cisions - Amanien| L&#039;actualit\u00e9 Ivoirienne et Internationale\" \/>\n<meta property=\"og:description\" content=\"Nous avons d\u00e9couvert, ce matin, sur divers r\u00e9seaux sociaux, un article de presse rendant compte d\u2019une audience qui a eu lieu, le 10 septembre 2020, devant le Conseil Constitutionnel, dans le cadre du contentieux de l\u2019\u00e9ligibilit\u00e9 des candidats \u00e0 l\u2019\u00e9lection pr\u00e9sidentielle du 31 octobre 2020. Par endroit, cet article \u00e9tait accompagn\u00e9 d\u2019une copie d\u2019une lettre [&hellip;]\" \/>\n<meta property=\"og:url\" content=\"https:\/\/www.amanien.info\/news\/eligibilite-aux-presidentielles-du-31-octobre-les-avocats-du-candidat-bedie-font-des-precisions\/\" \/>\n<meta property=\"og:site_name\" content=\"Amanien| L&#039;actualit\u00e9 Ivoirienne et Internationale\" \/>\n<meta property=\"article:published_time\" content=\"2020-09-13T14:12:46+00:00\" \/>\n<meta property=\"article:modified_time\" content=\"2020-09-13T14:16:16+00:00\" \/>\n<meta property=\"og:image\" content=\"https:\/\/www.amanien.info\/news\/wp-content\/uploads\/2020\/09\/thumbnail-4.jpg\" \/>\n\t<meta property=\"og:image:width\" content=\"720\" \/>\n\t<meta property=\"og:image:height\" content=\"480\" \/>\n\t<meta property=\"og:image:type\" content=\"image\/jpeg\" \/>\n<meta name=\"author\" content=\"Germain Ndri\" \/>\n<meta name=\"twitter:card\" content=\"summary_large_image\" \/>\n<meta name=\"twitter:label1\" content=\"\u00c9crit par\" \/>\n\t<meta name=\"twitter:data1\" content=\"Germain Ndri\" \/>\n\t<meta name=\"twitter:label2\" content=\"Dur\u00e9e de lecture estim\u00e9e\" \/>\n\t<meta name=\"twitter:data2\" content=\"3 minutes\" \/>\n<script type=\"application\/ld+json\" class=\"yoast-schema-graph\">{\"@context\":\"https:\\\/\\\/schema.org\",\"@graph\":[{\"@type\":\"Article\",\"@id\":\"https:\\\/\\\/www.amanien.info\\\/news\\\/eligibilite-aux-presidentielles-du-31-octobre-les-avocats-du-candidat-bedie-font-des-precisions\\\/#article\",\"isPartOf\":{\"@id\":\"https:\\\/\\\/www.amanien.info\\\/news\\\/eligibilite-aux-presidentielles-du-31-octobre-les-avocats-du-candidat-bedie-font-des-precisions\\\/\"},\"author\":{\"name\":\"Germain Ndri\",\"@id\":\"https:\\\/\\\/www.amanien.info\\\/news\\\/#\\\/schema\\\/person\\\/b21093345753a1a98242d505bd894f42\"},\"headline\":\"\u00c9ligibilit\u00e9 aux Pr\u00e9sidentielles du 31 octobre: Les avocats du candidat B\u00e9di\u00e9 font des pr\u00e9cisions\",\"datePublished\":\"2020-09-13T14:12:46+00:00\",\"dateModified\":\"2020-09-13T14:16:16+00:00\",\"mainEntityOfPage\":{\"@id\":\"https:\\\/\\\/www.amanien.info\\\/news\\\/eligibilite-aux-presidentielles-du-31-octobre-les-avocats-du-candidat-bedie-font-des-precisions\\\/\"},\"wordCount\":715,\"commentCount\":0,\"image\":{\"@id\":\"https:\\\/\\\/www.amanien.info\\\/news\\\/eligibilite-aux-presidentielles-du-31-octobre-les-avocats-du-candidat-bedie-font-des-precisions\\\/#primaryimage\"},\"thumbnailUrl\":\"https:\\\/\\\/www.amanien.info\\\/news\\\/wp-content\\\/uploads\\\/2020\\\/09\\\/thumbnail-4.jpg\",\"inLanguage\":\"fr-FR\"},{\"@type\":\"WebPage\",\"@id\":\"https:\\\/\\\/www.amanien.info\\\/news\\\/eligibilite-aux-presidentielles-du-31-octobre-les-avocats-du-candidat-bedie-font-des-precisions\\\/\",\"url\":\"https:\\\/\\\/www.amanien.info\\\/news\\\/eligibilite-aux-presidentielles-du-31-octobre-les-avocats-du-candidat-bedie-font-des-precisions\\\/\",\"name\":\"\u00c9ligibilit\u00e9 aux Pr\u00e9sidentielles du 31 octobre: Les avocats du candidat B\u00e9di\u00e9 font des pr\u00e9cisions - Amanien| L&#039;actualit\u00e9 Ivoirienne et Internationale\",\"isPartOf\":{\"@id\":\"https:\\\/\\\/www.amanien.info\\\/news\\\/#website\"},\"primaryImageOfPage\":{\"@id\":\"https:\\\/\\\/www.amanien.info\\\/news\\\/eligibilite-aux-presidentielles-du-31-octobre-les-avocats-du-candidat-bedie-font-des-precisions\\\/#primaryimage\"},\"image\":{\"@id\":\"https:\\\/\\\/www.amanien.info\\\/news\\\/eligibilite-aux-presidentielles-du-31-octobre-les-avocats-du-candidat-bedie-font-des-precisions\\\/#primaryimage\"},\"thumbnailUrl\":\"https:\\\/\\\/www.amanien.info\\\/news\\\/wp-content\\\/uploads\\\/2020\\\/09\\\/thumbnail-4.jpg\",\"datePublished\":\"2020-09-13T14:12:46+00:00\",\"dateModified\":\"2020-09-13T14:16:16+00:00\",\"author\":{\"@id\":\"https:\\\/\\\/www.amanien.info\\\/news\\\/#\\\/schema\\\/person\\\/b21093345753a1a98242d505bd894f42\"},\"breadcrumb\":{\"@id\":\"https:\\\/\\\/www.amanien.info\\\/news\\\/eligibilite-aux-presidentielles-du-31-octobre-les-avocats-du-candidat-bedie-font-des-precisions\\\/#breadcrumb\"},\"inLanguage\":\"fr-FR\",\"potentialAction\":[{\"@type\":\"ReadAction\",\"target\":[\"https:\\\/\\\/www.amanien.info\\\/news\\\/eligibilite-aux-presidentielles-du-31-octobre-les-avocats-du-candidat-bedie-font-des-precisions\\\/\"]}]},{\"@type\":\"ImageObject\",\"inLanguage\":\"fr-FR\",\"@id\":\"https:\\\/\\\/www.amanien.info\\\/news\\\/eligibilite-aux-presidentielles-du-31-octobre-les-avocats-du-candidat-bedie-font-des-precisions\\\/#primaryimage\",\"url\":\"https:\\\/\\\/www.amanien.info\\\/news\\\/wp-content\\\/uploads\\\/2020\\\/09\\\/thumbnail-4.jpg\",\"contentUrl\":\"https:\\\/\\\/www.amanien.info\\\/news\\\/wp-content\\\/uploads\\\/2020\\\/09\\\/thumbnail-4.jpg\",\"width\":720,\"height\":480},{\"@type\":\"BreadcrumbList\",\"@id\":\"https:\\\/\\\/www.amanien.info\\\/news\\\/eligibilite-aux-presidentielles-du-31-octobre-les-avocats-du-candidat-bedie-font-des-precisions\\\/#breadcrumb\",\"itemListElement\":[{\"@type\":\"ListItem\",\"position\":1,\"name\":\"Accueil\",\"item\":\"https:\\\/\\\/www.amanien.info\\\/news\\\/\"},{\"@type\":\"ListItem\",\"position\":2,\"name\":\"\u00c9ligibilit\u00e9 aux Pr\u00e9sidentielles du 31 octobre: Les avocats du candidat B\u00e9di\u00e9 font des pr\u00e9cisions\"}]},{\"@type\":\"WebSite\",\"@id\":\"https:\\\/\\\/www.amanien.info\\\/news\\\/#website\",\"url\":\"https:\\\/\\\/www.amanien.info\\\/news\\\/\",\"name\":\"Amanien| L&#039;actualit\u00e9 Ivoirienne et Internationale\",\"description\":\"L&#039;actualit\u00e9 Ivoirienne et Internationale\",\"potentialAction\":[{\"@type\":\"SearchAction\",\"target\":{\"@type\":\"EntryPoint\",\"urlTemplate\":\"https:\\\/\\\/www.amanien.info\\\/news\\\/?s={search_term_string}\"},\"query-input\":{\"@type\":\"PropertyValueSpecification\",\"valueRequired\":true,\"valueName\":\"search_term_string\"}}],\"inLanguage\":\"fr-FR\"},{\"@type\":\"Person\",\"@id\":\"https:\\\/\\\/www.amanien.info\\\/news\\\/#\\\/schema\\\/person\\\/b21093345753a1a98242d505bd894f42\",\"name\":\"Germain Ndri\",\"url\":\"https:\\\/\\\/www.amanien.info\\\/news\\\/author\\\/amanien-infos\\\/\"}]}<\/script>\n<!-- \/ Yoast SEO plugin. -->","yoast_head_json":{"title":"\u00c9ligibilit\u00e9 aux Pr\u00e9sidentielles du 31 octobre: Les avocats du candidat B\u00e9di\u00e9 font des pr\u00e9cisions - Amanien| L&#039;actualit\u00e9 Ivoirienne et Internationale","robots":{"index":"index","follow":"follow","max-snippet":"max-snippet:-1","max-image-preview":"max-image-preview:large","max-video-preview":"max-video-preview:-1"},"canonical":"https:\/\/www.amanien.info\/news\/eligibilite-aux-presidentielles-du-31-octobre-les-avocats-du-candidat-bedie-font-des-precisions\/","og_locale":"fr_FR","og_type":"article","og_title":"\u00c9ligibilit\u00e9 aux Pr\u00e9sidentielles du 31 octobre: Les avocats du candidat B\u00e9di\u00e9 font des pr\u00e9cisions - Amanien| L&#039;actualit\u00e9 Ivoirienne et Internationale","og_description":"Nous avons d\u00e9couvert, ce matin, sur divers r\u00e9seaux sociaux, un article de presse rendant compte d\u2019une audience qui a eu lieu, le 10 septembre 2020, devant le Conseil Constitutionnel, dans le cadre du contentieux de l\u2019\u00e9ligibilit\u00e9 des candidats \u00e0 l\u2019\u00e9lection pr\u00e9sidentielle du 31 octobre 2020. Par endroit, cet article \u00e9tait accompagn\u00e9 d\u2019une copie d\u2019une lettre [&hellip;]","og_url":"https:\/\/www.amanien.info\/news\/eligibilite-aux-presidentielles-du-31-octobre-les-avocats-du-candidat-bedie-font-des-precisions\/","og_site_name":"Amanien| L&#039;actualit\u00e9 Ivoirienne et Internationale","article_published_time":"2020-09-13T14:12:46+00:00","article_modified_time":"2020-09-13T14:16:16+00:00","og_image":[{"width":720,"height":480,"url":"https:\/\/www.amanien.info\/news\/wp-content\/uploads\/2020\/09\/thumbnail-4.jpg","type":"image\/jpeg"}],"author":"Germain Ndri","twitter_card":"summary_large_image","twitter_misc":{"\u00c9crit par":"Germain Ndri","Dur\u00e9e de lecture estim\u00e9e":"3 minutes"},"schema":{"@context":"https:\/\/schema.org","@graph":[{"@type":"Article","@id":"https:\/\/www.amanien.info\/news\/eligibilite-aux-presidentielles-du-31-octobre-les-avocats-du-candidat-bedie-font-des-precisions\/#article","isPartOf":{"@id":"https:\/\/www.amanien.info\/news\/eligibilite-aux-presidentielles-du-31-octobre-les-avocats-du-candidat-bedie-font-des-precisions\/"},"author":{"name":"Germain Ndri","@id":"https:\/\/www.amanien.info\/news\/#\/schema\/person\/b21093345753a1a98242d505bd894f42"},"headline":"\u00c9ligibilit\u00e9 aux Pr\u00e9sidentielles du 31 octobre: Les avocats du candidat B\u00e9di\u00e9 font des pr\u00e9cisions","datePublished":"2020-09-13T14:12:46+00:00","dateModified":"2020-09-13T14:16:16+00:00","mainEntityOfPage":{"@id":"https:\/\/www.amanien.info\/news\/eligibilite-aux-presidentielles-du-31-octobre-les-avocats-du-candidat-bedie-font-des-precisions\/"},"wordCount":715,"commentCount":0,"image":{"@id":"https:\/\/www.amanien.info\/news\/eligibilite-aux-presidentielles-du-31-octobre-les-avocats-du-candidat-bedie-font-des-precisions\/#primaryimage"},"thumbnailUrl":"https:\/\/www.amanien.info\/news\/wp-content\/uploads\/2020\/09\/thumbnail-4.jpg","inLanguage":"fr-FR"},{"@type":"WebPage","@id":"https:\/\/www.amanien.info\/news\/eligibilite-aux-presidentielles-du-31-octobre-les-avocats-du-candidat-bedie-font-des-precisions\/","url":"https:\/\/www.amanien.info\/news\/eligibilite-aux-presidentielles-du-31-octobre-les-avocats-du-candidat-bedie-font-des-precisions\/","name":"\u00c9ligibilit\u00e9 aux Pr\u00e9sidentielles du 31 octobre: Les avocats du candidat B\u00e9di\u00e9 font des pr\u00e9cisions - Amanien| L&#039;actualit\u00e9 Ivoirienne et Internationale","isPartOf":{"@id":"https:\/\/www.amanien.info\/news\/#website"},"primaryImageOfPage":{"@id":"https:\/\/www.amanien.info\/news\/eligibilite-aux-presidentielles-du-31-octobre-les-avocats-du-candidat-bedie-font-des-precisions\/#primaryimage"},"image":{"@id":"https:\/\/www.amanien.info\/news\/eligibilite-aux-presidentielles-du-31-octobre-les-avocats-du-candidat-bedie-font-des-precisions\/#primaryimage"},"thumbnailUrl":"https:\/\/www.amanien.info\/news\/wp-content\/uploads\/2020\/09\/thumbnail-4.jpg","datePublished":"2020-09-13T14:12:46+00:00","dateModified":"2020-09-13T14:16:16+00:00","author":{"@id":"https:\/\/www.amanien.info\/news\/#\/schema\/person\/b21093345753a1a98242d505bd894f42"},"breadcrumb":{"@id":"https:\/\/www.amanien.info\/news\/eligibilite-aux-presidentielles-du-31-octobre-les-avocats-du-candidat-bedie-font-des-precisions\/#breadcrumb"},"inLanguage":"fr-FR","potentialAction":[{"@type":"ReadAction","target":["https:\/\/www.amanien.info\/news\/eligibilite-aux-presidentielles-du-31-octobre-les-avocats-du-candidat-bedie-font-des-precisions\/"]}]},{"@type":"ImageObject","inLanguage":"fr-FR","@id":"https:\/\/www.amanien.info\/news\/eligibilite-aux-presidentielles-du-31-octobre-les-avocats-du-candidat-bedie-font-des-precisions\/#primaryimage","url":"https:\/\/www.amanien.info\/news\/wp-content\/uploads\/2020\/09\/thumbnail-4.jpg","contentUrl":"https:\/\/www.amanien.info\/news\/wp-content\/uploads\/2020\/09\/thumbnail-4.jpg","width":720,"height":480},{"@type":"BreadcrumbList","@id":"https:\/\/www.amanien.info\/news\/eligibilite-aux-presidentielles-du-31-octobre-les-avocats-du-candidat-bedie-font-des-precisions\/#breadcrumb","itemListElement":[{"@type":"ListItem","position":1,"name":"Accueil","item":"https:\/\/www.amanien.info\/news\/"},{"@type":"ListItem","position":2,"name":"\u00c9ligibilit\u00e9 aux Pr\u00e9sidentielles du 31 octobre: Les avocats du candidat B\u00e9di\u00e9 font des pr\u00e9cisions"}]},{"@type":"WebSite","@id":"https:\/\/www.amanien.info\/news\/#website","url":"https:\/\/www.amanien.info\/news\/","name":"Amanien| L&#039;actualit\u00e9 Ivoirienne et Internationale","description":"L&#039;actualit\u00e9 Ivoirienne et Internationale","potentialAction":[{"@type":"SearchAction","target":{"@type":"EntryPoint","urlTemplate":"https:\/\/www.amanien.info\/news\/?s={search_term_string}"},"query-input":{"@type":"PropertyValueSpecification","valueRequired":true,"valueName":"search_term_string"}}],"inLanguage":"fr-FR"},{"@type":"Person","@id":"https:\/\/www.amanien.info\/news\/#\/schema\/person\/b21093345753a1a98242d505bd894f42","name":"Germain Ndri","url":"https:\/\/www.amanien.info\/news\/author\/amanien-infos\/"}]}},"_links":{"self":[{"href":"https:\/\/www.amanien.info\/news\/wp-json\/wp\/v2\/posts\/1759","targetHints":{"allow":["GET"]}}],"collection":[{"href":"https:\/\/www.amanien.info\/news\/wp-json\/wp\/v2\/posts"}],"about":[{"href":"https:\/\/www.amanien.info\/news\/wp-json\/wp\/v2\/types\/post"}],"author":[{"embeddable":true,"href":"https:\/\/www.amanien.info\/news\/wp-json\/wp\/v2\/users\/2"}],"replies":[{"embeddable":true,"href":"https:\/\/www.amanien.info\/news\/wp-json\/wp\/v2\/comments?post=1759"}],"version-history":[{"count":0,"href":"https:\/\/www.amanien.info\/news\/wp-json\/wp\/v2\/posts\/1759\/revisions"}],"wp:featuredmedia":[{"embeddable":true,"href":"https:\/\/www.amanien.info\/news\/wp-json\/wp\/v2\/media\/1760"}],"wp:attachment":[{"href":"https:\/\/www.amanien.info\/news\/wp-json\/wp\/v2\/media?parent=1759"}],"wp:term":[{"taxonomy":"category","embeddable":true,"href":"https:\/\/www.amanien.info\/news\/wp-json\/wp\/v2\/categories?post=1759"},{"taxonomy":"post_tag","embeddable":true,"href":"https:\/\/www.amanien.info\/news\/wp-json\/wp\/v2\/tags?post=1759"}],"curies":[{"name":"wp","href":"https:\/\/api.w.org\/{rel}","templated":true}]}}