{"id":1752,"date":"2020-09-07T12:08:23","date_gmt":"2020-09-07T10:08:23","guid":{"rendered":"http:\/\/https:\/\/zozo.buyee.jp\/\/news\/?p=1752"},"modified":"2020-09-07T12:08:59","modified_gmt":"2020-09-07T10:08:59","slug":"long-batouery-gnossoa-boane-dresse-son-bilan-dactivites-realisees-a-san-pedro","status":"publish","type":"post","link":"https:\/\/www.amanien.info\/news\/long-batouery-gnossoa-boane-dresse-son-bilan-dactivites-realisees-a-san-pedro\/","title":{"rendered":"L\u2019ONG BATOUERY GNOSSOA BOANE dresse son bilan d\u2019activit\u00e9s r\u00e9alis\u00e9es \u00e0 San-Pedro"},"content":{"rendered":"<div class=\"msg-body P_wpofO mq_AS\" data-test-id=\"message-view-body-content\">\n<div class=\"jb_0 X_6MGW N_6Fd5\">\n<div>\n<div id=\"yiv6932094017\">\n<div>\n<div>Dans un rapport remis \u00e0 la presse le vendredi 04 septembre 2020, l\u20190NG BGB a fait le bilan des 6 ans d\u2019activit\u00e9s r\u00e9alis\u00e9es dans le cadre de l\u2019am\u00e9lioration des conditions de vie des communaut\u00e9s locales \u00e0 qui elle apporte sans cesse son soutien.<\/div>\n<div>Selon la pr\u00e9sidente du conseil d\u2019administration de l\u2019ONG, Poliba Koud\u00e9 B\u00e9atrice, pour r\u00e9pondre aux situations d\u2019urgences, aux probl\u00e8mes\u00a0 et aux difficult\u00e9s que rencontrent les OEV et leur famille,\u00a0 son organisation qui manque de ressources financi\u00e8res pouvant lui assurer une prise en charge totale des enfants les plus d\u00e9munis et vuln\u00e9rables, a opt\u00e9 pour la sensibilisation \u00e0 l\u2019\u00e9ducation, l\u2019apprentissage, la sant\u00e9, la s\u00e9curit\u00e9 alimentaire et nutritionnelle des orphelins.<\/div>\n<div>Le rapport souligne que chaque ann\u00e9e, dans la ville de San-Pedro, des kits scolaires sont distribu\u00e9s \u00e0 176 enfants d\u00e9munis dont l\u2019\u00e2ge est compris en 7 et 15 ans.<\/div>\n<div>Dans le domaine de la sant\u00e9, l\u2019ONG a facilit\u00e9 l\u2019acc\u00e8s \u00e0 plusieurs orphelins,\u00a0 enfants\u00a0 d\u00e9munis et vuln\u00e9rables aux soins de sant\u00e9. Le m\u00eame document indique que les services offerts en sant\u00e9 englobent la promotion, la pr\u00e9vention et l\u2019appui aux soins.<\/div>\n<div>Egalement des caravanes de sensibilisation sur les IST, le VIH-SIDA et des campagnes de vaccination contre la m\u00e9ningite, fi\u00e8vre typho\u00efde et le t\u00e9tanos ont \u00e9t\u00e9 r\u00e9alis\u00e9es.<\/div>\n<div>En ce qui concerne la s\u00e9curit\u00e9 alimentaire et nutritionnelle, l\u2019ONG offre chaque ann\u00e9e, une assistance en denr\u00e9es alimentaires \u00e0 plus de 80 familles d\u00e9munies dans la localit\u00e9.<\/div>\n<div>Dans son programme de sensibilisation et de pr\u00e9vention, gr\u00e2ce \u00e0 un appui technique et financier de la Banque Mondiale, l\u2019ONG a \u00e9t\u00e9 mandat\u00e9e, \u00e0 mener cette campagne de sensibilisation dans la ville de San-P\u00e9dro lors de l\u2019ex\u00e9cution des travaux d\u2019am\u00e9nagement du Projet de Renaissance des Infrastructures de C\u00f4te d\u2019ivoire Financement Additionnel (PRICI-FA). Ces diff\u00e9rentes activit\u00e9s portaient sur le projet, l\u2019assainissement et la s\u00e9curit\u00e9 dans la zone des travaux.<\/div>\n<div>L\u2019objectif \u00e9tait de pr\u00e9venir les incidents et les accidents et d\u2019impliquer la population \u00e0 une\u00a0 meilleure gestion de leur cadre de vie, par l\u2019adoption de comportement \u00e9co-citoyen.<\/div>\n<div>Dans le cadre\u00a0 de la lutte contre la covid-19, le rapport indique \u00e9galement que,\u00a0 depuis plusieurs mois, cette organisation s\u2019implique activement \u00e0 travers des s\u00e9ances de sensibilisation.<\/div>\n<div>Par ailleurs, l\u2019ONG BATOUERY attend plus d\u2019un soutien financier en vue de s\u2019impliquer d\u2019avantage dans cette action.<\/div>\n<div>Pour cette rentr\u00e9e scolaire 2020-2021, 120 orphelins et enfants rendus vuln\u00e9rables (OEV) de la ville de San-Pedro b\u00e9n\u00e9ficieront de kits scolaires avec un co\u00fbt global de 1 750 000 FCFA.<\/div>\n<div>L\u2019ONG BATOUERY GNOSSOA BOANE est une organisation locale, identifi\u00e9e \u00e0 la f\u00e9d\u00e9ration des ONG de la ville de San-Pedro.<\/div>\n<div>L\u2019ONG a pour vocation d\u2019aider, de soutenir et de mener toutes activit\u00e9s ou actions pouvant concourir ou faciliter \u00e0 l\u2019am\u00e9lioration des conditions de vie et de bien-\u00eatre des orphelins et enfants rendus vuln\u00e9rables (OEV). Elle s\u2019occupe aussi des orphelins et autres enfants rendus vuln\u00e9rables du fait du VIH\/SIDA.<\/div>\n<div>L\u2019ONG BATOUERY apporte \u00e9galement aux populations, ainsi qu\u2019\u00e0 toutes autres populations vuln\u00e9rables, d\u00e9favoris\u00e9es ou marginalis\u00e9es vivant en C\u00f4te d\u2019ivoire, l\u2019assistance n\u00e9cessaire dont elles ont besoin en terme de d\u00e9fense des droits humains.<\/div>\n<div>Cr\u00e9\u00e9e en avril 2014 \u00e0 San-Pedro, l\u2019Organisation Non Gouvernementale, BATOUERY GNESSOA BOANE (B.G.B), est rest\u00e9e fid\u00e8le \u00e0 son cr\u00e9do, celle de redonner la dignit\u00e9, l\u2019espoir et la joie de vivre \u00e0 travers la solidarit\u00e9 affirm\u00e9e, l\u2019amour et l\u2019entraide\u00a0 entre les uns et les autres.<\/div>\n<div>Thierry\u00a0 Lagognon<\/div>\n<\/div>\n<\/div>\n<\/div>\n<\/div>\n<\/div>\n","protected":false},"excerpt":{"rendered":"<p>Dans un rapport remis \u00e0 la presse le vendredi 04 septembre 2020, l\u20190NG BGB a fait le bilan des 6 ans d\u2019activit\u00e9s r\u00e9alis\u00e9es dans le cadre de l\u2019am\u00e9lioration des conditions de vie des communaut\u00e9s locales \u00e0 qui elle apporte sans cesse son soutien. Selon la pr\u00e9sidente du conseil d\u2019administration de l\u2019ONG, Poliba Koud\u00e9 B\u00e9atrice, pour [&hellip;]<\/p>\n","protected":false},"author":2,"featured_media":1753,"comment_status":"open","ping_status":"open","sticky":true,"template":"","format":"standard","meta":{"_acf_changed":false,"footnotes":""},"categories":[],"tags":[],"class_list":["post-1752","post","type-post","status-publish","format-standard","has-post-thumbnail","hentry"],"acf":[],"yoast_head":"<!-- This site is optimized with the Yoast SEO plugin v27.5 - https:\/\/yoast.com\/product\/yoast-seo-wordpress\/ -->\n<title>L\u2019ONG BATOUERY GNOSSOA BOANE dresse son bilan d\u2019activit\u00e9s r\u00e9alis\u00e9es \u00e0 San-Pedro - Amanien| L&#039;actualit\u00e9 Ivoirienne et Internationale<\/title>\n<meta name=\"robots\" content=\"index, follow, max-snippet:-1, max-image-preview:large, max-video-preview:-1\" \/>\n<link rel=\"canonical\" href=\"https:\/\/www.amanien.info\/news\/long-batouery-gnossoa-boane-dresse-son-bilan-dactivites-realisees-a-san-pedro\/\" \/>\n<meta property=\"og:locale\" content=\"fr_FR\" \/>\n<meta property=\"og:type\" content=\"article\" \/>\n<meta property=\"og:title\" content=\"L\u2019ONG BATOUERY GNOSSOA BOANE dresse son bilan d\u2019activit\u00e9s r\u00e9alis\u00e9es \u00e0 San-Pedro - Amanien| L&#039;actualit\u00e9 Ivoirienne et Internationale\" \/>\n<meta property=\"og:description\" content=\"Dans un rapport remis \u00e0 la presse le vendredi 04 septembre 2020, l\u20190NG BGB a fait le bilan des 6 ans d\u2019activit\u00e9s r\u00e9alis\u00e9es dans le cadre de l\u2019am\u00e9lioration des conditions de vie des communaut\u00e9s locales \u00e0 qui elle apporte sans cesse son soutien. Selon la pr\u00e9sidente du conseil d\u2019administration de l\u2019ONG, Poliba Koud\u00e9 B\u00e9atrice, pour [&hellip;]\" \/>\n<meta property=\"og:url\" content=\"https:\/\/www.amanien.info\/news\/long-batouery-gnossoa-boane-dresse-son-bilan-dactivites-realisees-a-san-pedro\/\" \/>\n<meta property=\"og:site_name\" content=\"Amanien| L&#039;actualit\u00e9 Ivoirienne et Internationale\" \/>\n<meta property=\"article:published_time\" content=\"2020-09-07T10:08:23+00:00\" \/>\n<meta property=\"article:modified_time\" content=\"2020-09-07T10:08:59+00:00\" \/>\n<meta property=\"og:image\" content=\"https:\/\/www.amanien.info\/news\/wp-content\/uploads\/2020\/09\/IMG-20200904-WA0008.jpg\" \/>\n\t<meta property=\"og:image:width\" content=\"1040\" \/>\n\t<meta property=\"og:image:height\" content=\"780\" \/>\n\t<meta property=\"og:image:type\" content=\"image\/jpeg\" \/>\n<meta name=\"author\" content=\"Germain Ndri\" \/>\n<meta name=\"twitter:card\" content=\"summary_large_image\" \/>\n<meta name=\"twitter:label1\" content=\"\u00c9crit par\" \/>\n\t<meta name=\"twitter:data1\" content=\"Germain Ndri\" \/>\n\t<meta name=\"twitter:label2\" content=\"Dur\u00e9e de lecture estim\u00e9e\" \/>\n\t<meta name=\"twitter:data2\" content=\"3 minutes\" \/>\n<script type=\"application\/ld+json\" class=\"yoast-schema-graph\">{\"@context\":\"https:\\\/\\\/schema.org\",\"@graph\":[{\"@type\":\"Article\",\"@id\":\"https:\\\/\\\/www.amanien.info\\\/news\\\/long-batouery-gnossoa-boane-dresse-son-bilan-dactivites-realisees-a-san-pedro\\\/#article\",\"isPartOf\":{\"@id\":\"https:\\\/\\\/www.amanien.info\\\/news\\\/long-batouery-gnossoa-boane-dresse-son-bilan-dactivites-realisees-a-san-pedro\\\/\"},\"author\":{\"name\":\"Germain Ndri\",\"@id\":\"https:\\\/\\\/www.amanien.info\\\/news\\\/#\\\/schema\\\/person\\\/b21093345753a1a98242d505bd894f42\"},\"headline\":\"L\u2019ONG BATOUERY GNOSSOA BOANE dresse son bilan d\u2019activit\u00e9s r\u00e9alis\u00e9es \u00e0 San-Pedro\",\"datePublished\":\"2020-09-07T10:08:23+00:00\",\"dateModified\":\"2020-09-07T10:08:59+00:00\",\"mainEntityOfPage\":{\"@id\":\"https:\\\/\\\/www.amanien.info\\\/news\\\/long-batouery-gnossoa-boane-dresse-son-bilan-dactivites-realisees-a-san-pedro\\\/\"},\"wordCount\":644,\"commentCount\":0,\"image\":{\"@id\":\"https:\\\/\\\/www.amanien.info\\\/news\\\/long-batouery-gnossoa-boane-dresse-son-bilan-dactivites-realisees-a-san-pedro\\\/#primaryimage\"},\"thumbnailUrl\":\"https:\\\/\\\/www.amanien.info\\\/news\\\/wp-content\\\/uploads\\\/2020\\\/09\\\/IMG-20200904-WA0008.jpg\",\"inLanguage\":\"fr-FR\"},{\"@type\":\"WebPage\",\"@id\":\"https:\\\/\\\/www.amanien.info\\\/news\\\/long-batouery-gnossoa-boane-dresse-son-bilan-dactivites-realisees-a-san-pedro\\\/\",\"url\":\"https:\\\/\\\/www.amanien.info\\\/news\\\/long-batouery-gnossoa-boane-dresse-son-bilan-dactivites-realisees-a-san-pedro\\\/\",\"name\":\"L\u2019ONG BATOUERY GNOSSOA BOANE dresse son bilan d\u2019activit\u00e9s r\u00e9alis\u00e9es \u00e0 San-Pedro - Amanien| L&#039;actualit\u00e9 Ivoirienne et Internationale\",\"isPartOf\":{\"@id\":\"https:\\\/\\\/www.amanien.info\\\/news\\\/#website\"},\"primaryImageOfPage\":{\"@id\":\"https:\\\/\\\/www.amanien.info\\\/news\\\/long-batouery-gnossoa-boane-dresse-son-bilan-dactivites-realisees-a-san-pedro\\\/#primaryimage\"},\"image\":{\"@id\":\"https:\\\/\\\/www.amanien.info\\\/news\\\/long-batouery-gnossoa-boane-dresse-son-bilan-dactivites-realisees-a-san-pedro\\\/#primaryimage\"},\"thumbnailUrl\":\"https:\\\/\\\/www.amanien.info\\\/news\\\/wp-content\\\/uploads\\\/2020\\\/09\\\/IMG-20200904-WA0008.jpg\",\"datePublished\":\"2020-09-07T10:08:23+00:00\",\"dateModified\":\"2020-09-07T10:08:59+00:00\",\"author\":{\"@id\":\"https:\\\/\\\/www.amanien.info\\\/news\\\/#\\\/schema\\\/person\\\/b21093345753a1a98242d505bd894f42\"},\"breadcrumb\":{\"@id\":\"https:\\\/\\\/www.amanien.info\\\/news\\\/long-batouery-gnossoa-boane-dresse-son-bilan-dactivites-realisees-a-san-pedro\\\/#breadcrumb\"},\"inLanguage\":\"fr-FR\",\"potentialAction\":[{\"@type\":\"ReadAction\",\"target\":[\"https:\\\/\\\/www.amanien.info\\\/news\\\/long-batouery-gnossoa-boane-dresse-son-bilan-dactivites-realisees-a-san-pedro\\\/\"]}]},{\"@type\":\"ImageObject\",\"inLanguage\":\"fr-FR\",\"@id\":\"https:\\\/\\\/www.amanien.info\\\/news\\\/long-batouery-gnossoa-boane-dresse-son-bilan-dactivites-realisees-a-san-pedro\\\/#primaryimage\",\"url\":\"https:\\\/\\\/www.amanien.info\\\/news\\\/wp-content\\\/uploads\\\/2020\\\/09\\\/IMG-20200904-WA0008.jpg\",\"contentUrl\":\"https:\\\/\\\/www.amanien.info\\\/news\\\/wp-content\\\/uploads\\\/2020\\\/09\\\/IMG-20200904-WA0008.jpg\",\"width\":1040,\"height\":780},{\"@type\":\"BreadcrumbList\",\"@id\":\"https:\\\/\\\/www.amanien.info\\\/news\\\/long-batouery-gnossoa-boane-dresse-son-bilan-dactivites-realisees-a-san-pedro\\\/#breadcrumb\",\"itemListElement\":[{\"@type\":\"ListItem\",\"position\":1,\"name\":\"Accueil\",\"item\":\"https:\\\/\\\/www.amanien.info\\\/news\\\/\"},{\"@type\":\"ListItem\",\"position\":2,\"name\":\"L\u2019ONG BATOUERY GNOSSOA BOANE dresse son bilan d\u2019activit\u00e9s r\u00e9alis\u00e9es \u00e0 San-Pedro\"}]},{\"@type\":\"WebSite\",\"@id\":\"https:\\\/\\\/www.amanien.info\\\/news\\\/#website\",\"url\":\"https:\\\/\\\/www.amanien.info\\\/news\\\/\",\"name\":\"Amanien| L&#039;actualit\u00e9 Ivoirienne et Internationale\",\"description\":\"L&#039;actualit\u00e9 Ivoirienne et Internationale\",\"potentialAction\":[{\"@type\":\"SearchAction\",\"target\":{\"@type\":\"EntryPoint\",\"urlTemplate\":\"https:\\\/\\\/www.amanien.info\\\/news\\\/?s={search_term_string}\"},\"query-input\":{\"@type\":\"PropertyValueSpecification\",\"valueRequired\":true,\"valueName\":\"search_term_string\"}}],\"inLanguage\":\"fr-FR\"},{\"@type\":\"Person\",\"@id\":\"https:\\\/\\\/www.amanien.info\\\/news\\\/#\\\/schema\\\/person\\\/b21093345753a1a98242d505bd894f42\",\"name\":\"Germain Ndri\",\"url\":\"https:\\\/\\\/www.amanien.info\\\/news\\\/author\\\/amanien-infos\\\/\"}]}<\/script>\n<!-- \/ Yoast SEO plugin. -->","yoast_head_json":{"title":"L\u2019ONG BATOUERY GNOSSOA BOANE dresse son bilan d\u2019activit\u00e9s r\u00e9alis\u00e9es \u00e0 San-Pedro - Amanien| L&#039;actualit\u00e9 Ivoirienne et Internationale","robots":{"index":"index","follow":"follow","max-snippet":"max-snippet:-1","max-image-preview":"max-image-preview:large","max-video-preview":"max-video-preview:-1"},"canonical":"https:\/\/www.amanien.info\/news\/long-batouery-gnossoa-boane-dresse-son-bilan-dactivites-realisees-a-san-pedro\/","og_locale":"fr_FR","og_type":"article","og_title":"L\u2019ONG BATOUERY GNOSSOA BOANE dresse son bilan d\u2019activit\u00e9s r\u00e9alis\u00e9es \u00e0 San-Pedro - Amanien| L&#039;actualit\u00e9 Ivoirienne et Internationale","og_description":"Dans un rapport remis \u00e0 la presse le vendredi 04 septembre 2020, l\u20190NG BGB a fait le bilan des 6 ans d\u2019activit\u00e9s r\u00e9alis\u00e9es dans le cadre de l\u2019am\u00e9lioration des conditions de vie des communaut\u00e9s locales \u00e0 qui elle apporte sans cesse son soutien. Selon la pr\u00e9sidente du conseil d\u2019administration de l\u2019ONG, Poliba Koud\u00e9 B\u00e9atrice, pour [&hellip;]","og_url":"https:\/\/www.amanien.info\/news\/long-batouery-gnossoa-boane-dresse-son-bilan-dactivites-realisees-a-san-pedro\/","og_site_name":"Amanien| L&#039;actualit\u00e9 Ivoirienne et Internationale","article_published_time":"2020-09-07T10:08:23+00:00","article_modified_time":"2020-09-07T10:08:59+00:00","og_image":[{"width":1040,"height":780,"url":"https:\/\/www.amanien.info\/news\/wp-content\/uploads\/2020\/09\/IMG-20200904-WA0008.jpg","type":"image\/jpeg"}],"author":"Germain Ndri","twitter_card":"summary_large_image","twitter_misc":{"\u00c9crit par":"Germain Ndri","Dur\u00e9e de lecture estim\u00e9e":"3 minutes"},"schema":{"@context":"https:\/\/schema.org","@graph":[{"@type":"Article","@id":"https:\/\/www.amanien.info\/news\/long-batouery-gnossoa-boane-dresse-son-bilan-dactivites-realisees-a-san-pedro\/#article","isPartOf":{"@id":"https:\/\/www.amanien.info\/news\/long-batouery-gnossoa-boane-dresse-son-bilan-dactivites-realisees-a-san-pedro\/"},"author":{"name":"Germain Ndri","@id":"https:\/\/www.amanien.info\/news\/#\/schema\/person\/b21093345753a1a98242d505bd894f42"},"headline":"L\u2019ONG BATOUERY GNOSSOA BOANE dresse son bilan d\u2019activit\u00e9s r\u00e9alis\u00e9es \u00e0 San-Pedro","datePublished":"2020-09-07T10:08:23+00:00","dateModified":"2020-09-07T10:08:59+00:00","mainEntityOfPage":{"@id":"https:\/\/www.amanien.info\/news\/long-batouery-gnossoa-boane-dresse-son-bilan-dactivites-realisees-a-san-pedro\/"},"wordCount":644,"commentCount":0,"image":{"@id":"https:\/\/www.amanien.info\/news\/long-batouery-gnossoa-boane-dresse-son-bilan-dactivites-realisees-a-san-pedro\/#primaryimage"},"thumbnailUrl":"https:\/\/www.amanien.info\/news\/wp-content\/uploads\/2020\/09\/IMG-20200904-WA0008.jpg","inLanguage":"fr-FR"},{"@type":"WebPage","@id":"https:\/\/www.amanien.info\/news\/long-batouery-gnossoa-boane-dresse-son-bilan-dactivites-realisees-a-san-pedro\/","url":"https:\/\/www.amanien.info\/news\/long-batouery-gnossoa-boane-dresse-son-bilan-dactivites-realisees-a-san-pedro\/","name":"L\u2019ONG BATOUERY GNOSSOA BOANE dresse son bilan d\u2019activit\u00e9s r\u00e9alis\u00e9es \u00e0 San-Pedro - Amanien| L&#039;actualit\u00e9 Ivoirienne et Internationale","isPartOf":{"@id":"https:\/\/www.amanien.info\/news\/#website"},"primaryImageOfPage":{"@id":"https:\/\/www.amanien.info\/news\/long-batouery-gnossoa-boane-dresse-son-bilan-dactivites-realisees-a-san-pedro\/#primaryimage"},"image":{"@id":"https:\/\/www.amanien.info\/news\/long-batouery-gnossoa-boane-dresse-son-bilan-dactivites-realisees-a-san-pedro\/#primaryimage"},"thumbnailUrl":"https:\/\/www.amanien.info\/news\/wp-content\/uploads\/2020\/09\/IMG-20200904-WA0008.jpg","datePublished":"2020-09-07T10:08:23+00:00","dateModified":"2020-09-07T10:08:59+00:00","author":{"@id":"https:\/\/www.amanien.info\/news\/#\/schema\/person\/b21093345753a1a98242d505bd894f42"},"breadcrumb":{"@id":"https:\/\/www.amanien.info\/news\/long-batouery-gnossoa-boane-dresse-son-bilan-dactivites-realisees-a-san-pedro\/#breadcrumb"},"inLanguage":"fr-FR","potentialAction":[{"@type":"ReadAction","target":["https:\/\/www.amanien.info\/news\/long-batouery-gnossoa-boane-dresse-son-bilan-dactivites-realisees-a-san-pedro\/"]}]},{"@type":"ImageObject","inLanguage":"fr-FR","@id":"https:\/\/www.amanien.info\/news\/long-batouery-gnossoa-boane-dresse-son-bilan-dactivites-realisees-a-san-pedro\/#primaryimage","url":"https:\/\/www.amanien.info\/news\/wp-content\/uploads\/2020\/09\/IMG-20200904-WA0008.jpg","contentUrl":"https:\/\/www.amanien.info\/news\/wp-content\/uploads\/2020\/09\/IMG-20200904-WA0008.jpg","width":1040,"height":780},{"@type":"BreadcrumbList","@id":"https:\/\/www.amanien.info\/news\/long-batouery-gnossoa-boane-dresse-son-bilan-dactivites-realisees-a-san-pedro\/#breadcrumb","itemListElement":[{"@type":"ListItem","position":1,"name":"Accueil","item":"https:\/\/www.amanien.info\/news\/"},{"@type":"ListItem","position":2,"name":"L\u2019ONG BATOUERY GNOSSOA BOANE dresse son bilan d\u2019activit\u00e9s r\u00e9alis\u00e9es \u00e0 San-Pedro"}]},{"@type":"WebSite","@id":"https:\/\/www.amanien.info\/news\/#website","url":"https:\/\/www.amanien.info\/news\/","name":"Amanien| L&#039;actualit\u00e9 Ivoirienne et Internationale","description":"L&#039;actualit\u00e9 Ivoirienne et Internationale","potentialAction":[{"@type":"SearchAction","target":{"@type":"EntryPoint","urlTemplate":"https:\/\/www.amanien.info\/news\/?s={search_term_string}"},"query-input":{"@type":"PropertyValueSpecification","valueRequired":true,"valueName":"search_term_string"}}],"inLanguage":"fr-FR"},{"@type":"Person","@id":"https:\/\/www.amanien.info\/news\/#\/schema\/person\/b21093345753a1a98242d505bd894f42","name":"Germain Ndri","url":"https:\/\/www.amanien.info\/news\/author\/amanien-infos\/"}]}},"_links":{"self":[{"href":"https:\/\/www.amanien.info\/news\/wp-json\/wp\/v2\/posts\/1752","targetHints":{"allow":["GET"]}}],"collection":[{"href":"https:\/\/www.amanien.info\/news\/wp-json\/wp\/v2\/posts"}],"about":[{"href":"https:\/\/www.amanien.info\/news\/wp-json\/wp\/v2\/types\/post"}],"author":[{"embeddable":true,"href":"https:\/\/www.amanien.info\/news\/wp-json\/wp\/v2\/users\/2"}],"replies":[{"embeddable":true,"href":"https:\/\/www.amanien.info\/news\/wp-json\/wp\/v2\/comments?post=1752"}],"version-history":[{"count":0,"href":"https:\/\/www.amanien.info\/news\/wp-json\/wp\/v2\/posts\/1752\/revisions"}],"wp:featuredmedia":[{"embeddable":true,"href":"https:\/\/www.amanien.info\/news\/wp-json\/wp\/v2\/media\/1753"}],"wp:attachment":[{"href":"https:\/\/www.amanien.info\/news\/wp-json\/wp\/v2\/media?parent=1752"}],"wp:term":[{"taxonomy":"category","embeddable":true,"href":"https:\/\/www.amanien.info\/news\/wp-json\/wp\/v2\/categories?post=1752"},{"taxonomy":"post_tag","embeddable":true,"href":"https:\/\/www.amanien.info\/news\/wp-json\/wp\/v2\/tags?post=1752"}],"curies":[{"name":"wp","href":"https:\/\/api.w.org\/{rel}","templated":true}]}}