{"id":1749,"date":"2020-09-05T18:26:00","date_gmt":"2020-09-05T16:26:00","guid":{"rendered":"http:\/\/https:\/\/zozo.buyee.jp\/\/news\/?p=1749"},"modified":"2020-09-05T18:26:24","modified_gmt":"2020-09-05T16:26:24","slug":"cooperation-bilaterale-le-president-alassane-ouattara-a-eu-un-dejeuner-de-travail-avec-le-president-emmanuel-macron","status":"publish","type":"post","link":"https:\/\/www.amanien.info\/news\/cooperation-bilaterale-le-president-alassane-ouattara-a-eu-un-dejeuner-de-travail-avec-le-president-emmanuel-macron\/","title":{"rendered":"Coop\u00e9ration bilat\u00e9rale: Le Pr\u00e9sident Alassane OUATTARA a eu un d\u00e9jeuner de travail avec le Pr\u00e9sident Emmanuel MACRON"},"content":{"rendered":"<p>Le Pr\u00e9sident de la R\u00e9publique, S.E.M. Alassane OUATTARA, a eu un d\u00e9jeuner de travail, ce vendredi 4 septembre 2020, avec le Pr\u00e9sident de la R\u00e9publique fran\u00e7aise, S.E.M. Emmanuel MACRON, au Palais de l\u2019Elys\u00e9e.<\/p>\n<p>Les \u00e9changes ont port\u00e9 sur les relations bilat\u00e9rales, la situation dans la sous-r\u00e9gion ouest africaine, notamment la crise au Mali, ainsi que l\u2019actualit\u00e9 internationale, marqu\u00e9e par la pand\u00e9mie de COVID-19.<\/p>\n<p>Abordant les relations bilat\u00e9rales, les deux Chefs d\u2019Etat se sont f\u00e9licit\u00e9s de l\u2019excellence de la coop\u00e9ration entre la C\u00f4te d\u2019Ivoire et la France et ont r\u00e9affirm\u00e9 leur d\u00e9termination \u00e0 la renforcer davantage. Ils ont \u00e9galement fait un tour d\u2019horizon de la situation \u00e9conomique et politique de la C\u00f4te d\u2019Ivoire. Ils se sont f\u00e9licit\u00e9s des performances \u00e9conomiques et sociales exceptionnelles de la C\u00f4te d\u2019Ivoire au cours de ces derni\u00e8res ann\u00e9es. Ils ont \u00e9galement not\u00e9 la n\u00e9cessit\u00e9 de maintenir la paix et la stabilit\u00e9 retrouv\u00e9es. Dans ce cadre, l\u2019\u00e9lection pr\u00e9sidentielle du 31 octobre 2020 doit contribuer, selon eux, \u00e0 raffermir cette paix et cette stabilit\u00e9 en C\u00f4te d\u2019Ivoire.<\/p>\n<p>Sur le plan r\u00e9gional, le Pr\u00e9sident Alassane OUATTARA et son homologue fran\u00e7ais ont abord\u00e9 la situation sociopolitique au Mali, marqu\u00e9e par la d\u00e9mission du Pr\u00e9sident Ibrahim Boubakar KE\u00cfTA. \u00c0 cet \u00e9gard, ils ont r\u00e9it\u00e9r\u00e9 leur engagement aux c\u00f4t\u00e9s des maliens pour parvenir \u00e0 un Mali stable, en paix et en s\u00e9curit\u00e9, conform\u00e9ment aux d\u00e9cisions de la CEDEAO.<\/p>\n<p>Pour terminer, le Pr\u00e9sident de la R\u00e9publique a remerci\u00e9 le Pr\u00e9sident Emmanuel MACRON pour le soutien de la France dans le cadre de la lutte contre la COVID-19, \u00e0 travers notamment une contribution financi\u00e8re de l\u2019Agence Fran\u00e7aise de D\u00e9veloppement ( AFD), pour l\u2019assistance de la France dans la lutte contre le terrorisme ainsi que pour son appui dans le cadre de l\u2019assistance \u00e9lectorale, gage de la confiance de la France quant au processus en cours.<\/p>\n","protected":false},"excerpt":{"rendered":"<p>Le Pr\u00e9sident de la R\u00e9publique, S.E.M. Alassane OUATTARA, a eu un d\u00e9jeuner de travail, ce vendredi 4 septembre 2020, avec le Pr\u00e9sident de la R\u00e9publique fran\u00e7aise, S.E.M. Emmanuel MACRON, au Palais de l\u2019Elys\u00e9e. Les \u00e9changes ont port\u00e9 sur les relations bilat\u00e9rales, la situation dans la sous-r\u00e9gion ouest africaine, notamment la crise au Mali, ainsi que [&hellip;]<\/p>\n","protected":false},"author":2,"featured_media":1750,"comment_status":"open","ping_status":"open","sticky":true,"template":"","format":"standard","meta":{"_acf_changed":false,"footnotes":""},"categories":[],"tags":[],"class_list":["post-1749","post","type-post","status-publish","format-standard","has-post-thumbnail","hentry"],"acf":[],"yoast_head":"<!-- This site is optimized with the Yoast SEO plugin v27.5 - https:\/\/yoast.com\/product\/yoast-seo-wordpress\/ -->\n<title>Coop\u00e9ration bilat\u00e9rale: Le Pr\u00e9sident Alassane OUATTARA a eu un d\u00e9jeuner de travail avec le Pr\u00e9sident Emmanuel MACRON - Amanien| L&#039;actualit\u00e9 Ivoirienne et Internationale<\/title>\n<meta name=\"robots\" content=\"index, follow, max-snippet:-1, max-image-preview:large, max-video-preview:-1\" \/>\n<link rel=\"canonical\" href=\"https:\/\/www.amanien.info\/news\/cooperation-bilaterale-le-president-alassane-ouattara-a-eu-un-dejeuner-de-travail-avec-le-president-emmanuel-macron\/\" \/>\n<meta property=\"og:locale\" content=\"fr_FR\" \/>\n<meta property=\"og:type\" content=\"article\" \/>\n<meta property=\"og:title\" content=\"Coop\u00e9ration bilat\u00e9rale: Le Pr\u00e9sident Alassane OUATTARA a eu un d\u00e9jeuner de travail avec le Pr\u00e9sident Emmanuel MACRON - Amanien| L&#039;actualit\u00e9 Ivoirienne et Internationale\" \/>\n<meta property=\"og:description\" content=\"Le Pr\u00e9sident de la R\u00e9publique, S.E.M. Alassane OUATTARA, a eu un d\u00e9jeuner de travail, ce vendredi 4 septembre 2020, avec le Pr\u00e9sident de la R\u00e9publique fran\u00e7aise, S.E.M. Emmanuel MACRON, au Palais de l\u2019Elys\u00e9e. Les \u00e9changes ont port\u00e9 sur les relations bilat\u00e9rales, la situation dans la sous-r\u00e9gion ouest africaine, notamment la crise au Mali, ainsi que [&hellip;]\" \/>\n<meta property=\"og:url\" content=\"https:\/\/www.amanien.info\/news\/cooperation-bilaterale-le-president-alassane-ouattara-a-eu-un-dejeuner-de-travail-avec-le-president-emmanuel-macron\/\" \/>\n<meta property=\"og:site_name\" content=\"Amanien| L&#039;actualit\u00e9 Ivoirienne et Internationale\" \/>\n<meta property=\"article:published_time\" content=\"2020-09-05T16:26:00+00:00\" \/>\n<meta property=\"article:modified_time\" content=\"2020-09-05T16:26:24+00:00\" \/>\n<meta property=\"og:image\" content=\"https:\/\/www.amanien.info\/news\/wp-content\/uploads\/2020\/09\/thumbnail-2.jpg\" \/>\n\t<meta property=\"og:image:width\" content=\"400\" \/>\n\t<meta property=\"og:image:height\" content=\"300\" \/>\n\t<meta property=\"og:image:type\" content=\"image\/jpeg\" \/>\n<meta name=\"author\" content=\"Germain Ndri\" \/>\n<meta name=\"twitter:card\" content=\"summary_large_image\" \/>\n<meta name=\"twitter:label1\" content=\"\u00c9crit par\" \/>\n\t<meta name=\"twitter:data1\" content=\"Germain Ndri\" \/>\n\t<meta name=\"twitter:label2\" content=\"Dur\u00e9e de lecture estim\u00e9e\" \/>\n\t<meta name=\"twitter:data2\" content=\"2 minutes\" \/>\n<script type=\"application\/ld+json\" class=\"yoast-schema-graph\">{\"@context\":\"https:\\\/\\\/schema.org\",\"@graph\":[{\"@type\":\"Article\",\"@id\":\"https:\\\/\\\/www.amanien.info\\\/news\\\/cooperation-bilaterale-le-president-alassane-ouattara-a-eu-un-dejeuner-de-travail-avec-le-president-emmanuel-macron\\\/#article\",\"isPartOf\":{\"@id\":\"https:\\\/\\\/www.amanien.info\\\/news\\\/cooperation-bilaterale-le-president-alassane-ouattara-a-eu-un-dejeuner-de-travail-avec-le-president-emmanuel-macron\\\/\"},\"author\":{\"name\":\"Germain Ndri\",\"@id\":\"https:\\\/\\\/www.amanien.info\\\/news\\\/#\\\/schema\\\/person\\\/b21093345753a1a98242d505bd894f42\"},\"headline\":\"Coop\u00e9ration bilat\u00e9rale: Le Pr\u00e9sident Alassane OUATTARA a eu un d\u00e9jeuner de travail avec le Pr\u00e9sident Emmanuel MACRON\",\"datePublished\":\"2020-09-05T16:26:00+00:00\",\"dateModified\":\"2020-09-05T16:26:24+00:00\",\"mainEntityOfPage\":{\"@id\":\"https:\\\/\\\/www.amanien.info\\\/news\\\/cooperation-bilaterale-le-president-alassane-ouattara-a-eu-un-dejeuner-de-travail-avec-le-president-emmanuel-macron\\\/\"},\"wordCount\":378,\"commentCount\":0,\"image\":{\"@id\":\"https:\\\/\\\/www.amanien.info\\\/news\\\/cooperation-bilaterale-le-president-alassane-ouattara-a-eu-un-dejeuner-de-travail-avec-le-president-emmanuel-macron\\\/#primaryimage\"},\"thumbnailUrl\":\"https:\\\/\\\/www.amanien.info\\\/news\\\/wp-content\\\/uploads\\\/2020\\\/09\\\/thumbnail-2.jpg\",\"inLanguage\":\"fr-FR\"},{\"@type\":\"WebPage\",\"@id\":\"https:\\\/\\\/www.amanien.info\\\/news\\\/cooperation-bilaterale-le-president-alassane-ouattara-a-eu-un-dejeuner-de-travail-avec-le-president-emmanuel-macron\\\/\",\"url\":\"https:\\\/\\\/www.amanien.info\\\/news\\\/cooperation-bilaterale-le-president-alassane-ouattara-a-eu-un-dejeuner-de-travail-avec-le-president-emmanuel-macron\\\/\",\"name\":\"Coop\u00e9ration bilat\u00e9rale: Le Pr\u00e9sident Alassane OUATTARA a eu un d\u00e9jeuner de travail avec le Pr\u00e9sident Emmanuel MACRON - Amanien| L&#039;actualit\u00e9 Ivoirienne et Internationale\",\"isPartOf\":{\"@id\":\"https:\\\/\\\/www.amanien.info\\\/news\\\/#website\"},\"primaryImageOfPage\":{\"@id\":\"https:\\\/\\\/www.amanien.info\\\/news\\\/cooperation-bilaterale-le-president-alassane-ouattara-a-eu-un-dejeuner-de-travail-avec-le-president-emmanuel-macron\\\/#primaryimage\"},\"image\":{\"@id\":\"https:\\\/\\\/www.amanien.info\\\/news\\\/cooperation-bilaterale-le-president-alassane-ouattara-a-eu-un-dejeuner-de-travail-avec-le-president-emmanuel-macron\\\/#primaryimage\"},\"thumbnailUrl\":\"https:\\\/\\\/www.amanien.info\\\/news\\\/wp-content\\\/uploads\\\/2020\\\/09\\\/thumbnail-2.jpg\",\"datePublished\":\"2020-09-05T16:26:00+00:00\",\"dateModified\":\"2020-09-05T16:26:24+00:00\",\"author\":{\"@id\":\"https:\\\/\\\/www.amanien.info\\\/news\\\/#\\\/schema\\\/person\\\/b21093345753a1a98242d505bd894f42\"},\"breadcrumb\":{\"@id\":\"https:\\\/\\\/www.amanien.info\\\/news\\\/cooperation-bilaterale-le-president-alassane-ouattara-a-eu-un-dejeuner-de-travail-avec-le-president-emmanuel-macron\\\/#breadcrumb\"},\"inLanguage\":\"fr-FR\",\"potentialAction\":[{\"@type\":\"ReadAction\",\"target\":[\"https:\\\/\\\/www.amanien.info\\\/news\\\/cooperation-bilaterale-le-president-alassane-ouattara-a-eu-un-dejeuner-de-travail-avec-le-president-emmanuel-macron\\\/\"]}]},{\"@type\":\"ImageObject\",\"inLanguage\":\"fr-FR\",\"@id\":\"https:\\\/\\\/www.amanien.info\\\/news\\\/cooperation-bilaterale-le-president-alassane-ouattara-a-eu-un-dejeuner-de-travail-avec-le-president-emmanuel-macron\\\/#primaryimage\",\"url\":\"https:\\\/\\\/www.amanien.info\\\/news\\\/wp-content\\\/uploads\\\/2020\\\/09\\\/thumbnail-2.jpg\",\"contentUrl\":\"https:\\\/\\\/www.amanien.info\\\/news\\\/wp-content\\\/uploads\\\/2020\\\/09\\\/thumbnail-2.jpg\",\"width\":400,\"height\":300},{\"@type\":\"BreadcrumbList\",\"@id\":\"https:\\\/\\\/www.amanien.info\\\/news\\\/cooperation-bilaterale-le-president-alassane-ouattara-a-eu-un-dejeuner-de-travail-avec-le-president-emmanuel-macron\\\/#breadcrumb\",\"itemListElement\":[{\"@type\":\"ListItem\",\"position\":1,\"name\":\"Accueil\",\"item\":\"https:\\\/\\\/www.amanien.info\\\/news\\\/\"},{\"@type\":\"ListItem\",\"position\":2,\"name\":\"Coop\u00e9ration bilat\u00e9rale: Le Pr\u00e9sident Alassane OUATTARA a eu un d\u00e9jeuner de travail avec le Pr\u00e9sident Emmanuel MACRON\"}]},{\"@type\":\"WebSite\",\"@id\":\"https:\\\/\\\/www.amanien.info\\\/news\\\/#website\",\"url\":\"https:\\\/\\\/www.amanien.info\\\/news\\\/\",\"name\":\"Amanien| L&#039;actualit\u00e9 Ivoirienne et Internationale\",\"description\":\"L&#039;actualit\u00e9 Ivoirienne et Internationale\",\"potentialAction\":[{\"@type\":\"SearchAction\",\"target\":{\"@type\":\"EntryPoint\",\"urlTemplate\":\"https:\\\/\\\/www.amanien.info\\\/news\\\/?s={search_term_string}\"},\"query-input\":{\"@type\":\"PropertyValueSpecification\",\"valueRequired\":true,\"valueName\":\"search_term_string\"}}],\"inLanguage\":\"fr-FR\"},{\"@type\":\"Person\",\"@id\":\"https:\\\/\\\/www.amanien.info\\\/news\\\/#\\\/schema\\\/person\\\/b21093345753a1a98242d505bd894f42\",\"name\":\"Germain Ndri\",\"url\":\"https:\\\/\\\/www.amanien.info\\\/news\\\/author\\\/amanien-infos\\\/\"}]}<\/script>\n<!-- \/ Yoast SEO plugin. -->","yoast_head_json":{"title":"Coop\u00e9ration bilat\u00e9rale: Le Pr\u00e9sident Alassane OUATTARA a eu un d\u00e9jeuner de travail avec le Pr\u00e9sident Emmanuel MACRON - Amanien| L&#039;actualit\u00e9 Ivoirienne et Internationale","robots":{"index":"index","follow":"follow","max-snippet":"max-snippet:-1","max-image-preview":"max-image-preview:large","max-video-preview":"max-video-preview:-1"},"canonical":"https:\/\/www.amanien.info\/news\/cooperation-bilaterale-le-president-alassane-ouattara-a-eu-un-dejeuner-de-travail-avec-le-president-emmanuel-macron\/","og_locale":"fr_FR","og_type":"article","og_title":"Coop\u00e9ration bilat\u00e9rale: Le Pr\u00e9sident Alassane OUATTARA a eu un d\u00e9jeuner de travail avec le Pr\u00e9sident Emmanuel MACRON - Amanien| L&#039;actualit\u00e9 Ivoirienne et Internationale","og_description":"Le Pr\u00e9sident de la R\u00e9publique, S.E.M. Alassane OUATTARA, a eu un d\u00e9jeuner de travail, ce vendredi 4 septembre 2020, avec le Pr\u00e9sident de la R\u00e9publique fran\u00e7aise, S.E.M. Emmanuel MACRON, au Palais de l\u2019Elys\u00e9e. Les \u00e9changes ont port\u00e9 sur les relations bilat\u00e9rales, la situation dans la sous-r\u00e9gion ouest africaine, notamment la crise au Mali, ainsi que [&hellip;]","og_url":"https:\/\/www.amanien.info\/news\/cooperation-bilaterale-le-president-alassane-ouattara-a-eu-un-dejeuner-de-travail-avec-le-president-emmanuel-macron\/","og_site_name":"Amanien| L&#039;actualit\u00e9 Ivoirienne et Internationale","article_published_time":"2020-09-05T16:26:00+00:00","article_modified_time":"2020-09-05T16:26:24+00:00","og_image":[{"width":400,"height":300,"url":"https:\/\/www.amanien.info\/news\/wp-content\/uploads\/2020\/09\/thumbnail-2.jpg","type":"image\/jpeg"}],"author":"Germain Ndri","twitter_card":"summary_large_image","twitter_misc":{"\u00c9crit par":"Germain Ndri","Dur\u00e9e de lecture estim\u00e9e":"2 minutes"},"schema":{"@context":"https:\/\/schema.org","@graph":[{"@type":"Article","@id":"https:\/\/www.amanien.info\/news\/cooperation-bilaterale-le-president-alassane-ouattara-a-eu-un-dejeuner-de-travail-avec-le-president-emmanuel-macron\/#article","isPartOf":{"@id":"https:\/\/www.amanien.info\/news\/cooperation-bilaterale-le-president-alassane-ouattara-a-eu-un-dejeuner-de-travail-avec-le-president-emmanuel-macron\/"},"author":{"name":"Germain Ndri","@id":"https:\/\/www.amanien.info\/news\/#\/schema\/person\/b21093345753a1a98242d505bd894f42"},"headline":"Coop\u00e9ration bilat\u00e9rale: Le Pr\u00e9sident Alassane OUATTARA a eu un d\u00e9jeuner de travail avec le Pr\u00e9sident Emmanuel MACRON","datePublished":"2020-09-05T16:26:00+00:00","dateModified":"2020-09-05T16:26:24+00:00","mainEntityOfPage":{"@id":"https:\/\/www.amanien.info\/news\/cooperation-bilaterale-le-president-alassane-ouattara-a-eu-un-dejeuner-de-travail-avec-le-president-emmanuel-macron\/"},"wordCount":378,"commentCount":0,"image":{"@id":"https:\/\/www.amanien.info\/news\/cooperation-bilaterale-le-president-alassane-ouattara-a-eu-un-dejeuner-de-travail-avec-le-president-emmanuel-macron\/#primaryimage"},"thumbnailUrl":"https:\/\/www.amanien.info\/news\/wp-content\/uploads\/2020\/09\/thumbnail-2.jpg","inLanguage":"fr-FR"},{"@type":"WebPage","@id":"https:\/\/www.amanien.info\/news\/cooperation-bilaterale-le-president-alassane-ouattara-a-eu-un-dejeuner-de-travail-avec-le-president-emmanuel-macron\/","url":"https:\/\/www.amanien.info\/news\/cooperation-bilaterale-le-president-alassane-ouattara-a-eu-un-dejeuner-de-travail-avec-le-president-emmanuel-macron\/","name":"Coop\u00e9ration bilat\u00e9rale: Le Pr\u00e9sident Alassane OUATTARA a eu un d\u00e9jeuner de travail avec le Pr\u00e9sident Emmanuel MACRON - Amanien| L&#039;actualit\u00e9 Ivoirienne et Internationale","isPartOf":{"@id":"https:\/\/www.amanien.info\/news\/#website"},"primaryImageOfPage":{"@id":"https:\/\/www.amanien.info\/news\/cooperation-bilaterale-le-president-alassane-ouattara-a-eu-un-dejeuner-de-travail-avec-le-president-emmanuel-macron\/#primaryimage"},"image":{"@id":"https:\/\/www.amanien.info\/news\/cooperation-bilaterale-le-president-alassane-ouattara-a-eu-un-dejeuner-de-travail-avec-le-president-emmanuel-macron\/#primaryimage"},"thumbnailUrl":"https:\/\/www.amanien.info\/news\/wp-content\/uploads\/2020\/09\/thumbnail-2.jpg","datePublished":"2020-09-05T16:26:00+00:00","dateModified":"2020-09-05T16:26:24+00:00","author":{"@id":"https:\/\/www.amanien.info\/news\/#\/schema\/person\/b21093345753a1a98242d505bd894f42"},"breadcrumb":{"@id":"https:\/\/www.amanien.info\/news\/cooperation-bilaterale-le-president-alassane-ouattara-a-eu-un-dejeuner-de-travail-avec-le-president-emmanuel-macron\/#breadcrumb"},"inLanguage":"fr-FR","potentialAction":[{"@type":"ReadAction","target":["https:\/\/www.amanien.info\/news\/cooperation-bilaterale-le-president-alassane-ouattara-a-eu-un-dejeuner-de-travail-avec-le-president-emmanuel-macron\/"]}]},{"@type":"ImageObject","inLanguage":"fr-FR","@id":"https:\/\/www.amanien.info\/news\/cooperation-bilaterale-le-president-alassane-ouattara-a-eu-un-dejeuner-de-travail-avec-le-president-emmanuel-macron\/#primaryimage","url":"https:\/\/www.amanien.info\/news\/wp-content\/uploads\/2020\/09\/thumbnail-2.jpg","contentUrl":"https:\/\/www.amanien.info\/news\/wp-content\/uploads\/2020\/09\/thumbnail-2.jpg","width":400,"height":300},{"@type":"BreadcrumbList","@id":"https:\/\/www.amanien.info\/news\/cooperation-bilaterale-le-president-alassane-ouattara-a-eu-un-dejeuner-de-travail-avec-le-president-emmanuel-macron\/#breadcrumb","itemListElement":[{"@type":"ListItem","position":1,"name":"Accueil","item":"https:\/\/www.amanien.info\/news\/"},{"@type":"ListItem","position":2,"name":"Coop\u00e9ration bilat\u00e9rale: Le Pr\u00e9sident Alassane OUATTARA a eu un d\u00e9jeuner de travail avec le Pr\u00e9sident Emmanuel MACRON"}]},{"@type":"WebSite","@id":"https:\/\/www.amanien.info\/news\/#website","url":"https:\/\/www.amanien.info\/news\/","name":"Amanien| L&#039;actualit\u00e9 Ivoirienne et Internationale","description":"L&#039;actualit\u00e9 Ivoirienne et Internationale","potentialAction":[{"@type":"SearchAction","target":{"@type":"EntryPoint","urlTemplate":"https:\/\/www.amanien.info\/news\/?s={search_term_string}"},"query-input":{"@type":"PropertyValueSpecification","valueRequired":true,"valueName":"search_term_string"}}],"inLanguage":"fr-FR"},{"@type":"Person","@id":"https:\/\/www.amanien.info\/news\/#\/schema\/person\/b21093345753a1a98242d505bd894f42","name":"Germain Ndri","url":"https:\/\/www.amanien.info\/news\/author\/amanien-infos\/"}]}},"_links":{"self":[{"href":"https:\/\/www.amanien.info\/news\/wp-json\/wp\/v2\/posts\/1749","targetHints":{"allow":["GET"]}}],"collection":[{"href":"https:\/\/www.amanien.info\/news\/wp-json\/wp\/v2\/posts"}],"about":[{"href":"https:\/\/www.amanien.info\/news\/wp-json\/wp\/v2\/types\/post"}],"author":[{"embeddable":true,"href":"https:\/\/www.amanien.info\/news\/wp-json\/wp\/v2\/users\/2"}],"replies":[{"embeddable":true,"href":"https:\/\/www.amanien.info\/news\/wp-json\/wp\/v2\/comments?post=1749"}],"version-history":[{"count":0,"href":"https:\/\/www.amanien.info\/news\/wp-json\/wp\/v2\/posts\/1749\/revisions"}],"wp:featuredmedia":[{"embeddable":true,"href":"https:\/\/www.amanien.info\/news\/wp-json\/wp\/v2\/media\/1750"}],"wp:attachment":[{"href":"https:\/\/www.amanien.info\/news\/wp-json\/wp\/v2\/media?parent=1749"}],"wp:term":[{"taxonomy":"category","embeddable":true,"href":"https:\/\/www.amanien.info\/news\/wp-json\/wp\/v2\/categories?post=1749"},{"taxonomy":"post_tag","embeddable":true,"href":"https:\/\/www.amanien.info\/news\/wp-json\/wp\/v2\/tags?post=1749"}],"curies":[{"name":"wp","href":"https:\/\/api.w.org\/{rel}","templated":true}]}}