{"id":1745,"date":"2020-09-03T20:54:52","date_gmt":"2020-09-03T18:54:52","guid":{"rendered":"http:\/\/https:\/\/zozo.buyee.jp\/\/news\/?p=1745"},"modified":"2020-09-03T20:55:14","modified_gmt":"2020-09-03T18:55:14","slug":"affaire-adjoumani-chefs-traditionnels-et-guides-religieux-du-gontougo-se-concertent","status":"publish","type":"post","link":"https:\/\/www.amanien.info\/news\/affaire-adjoumani-chefs-traditionnels-et-guides-religieux-du-gontougo-se-concertent\/","title":{"rendered":"Affaire Adjoumani : Chefs traditionnels et guides religieux du Gontougo se concertent"},"content":{"rendered":"<p>Suite \u00e0 cette \u00e9ni\u00e8me sortie du Ministre Kobena Kouassi Adjoumani dans l&rsquo;enceinte de la cath\u00e9drale d&rsquo;Abidjan contre les propos de l &lsquo; Archev\u00eaque d &lsquo;Abidjan Mgr Jean pierre Kutwa, qui a qualifi\u00e9 la candidature au 3\u00e8me mandat du pr\u00e9sident Alassane Ouattara de \u00a0\u00bb <strong>pas n\u00e9cessaire<\/strong>&lsquo;, les populations du goutougo en particuliers, Chefs traditionnels et guides religieux se concertent selon une source bien introduite.<\/p>\n<p>Selon cette source bien introduite , les raisons de cette concertation est premi\u00e8rement de parler \u00e0 leur fils \u00e0 plus de responsabilit\u00e9 dans ses actes et ses propos , deuxi\u00e8mement de rencontrer le cardinal Jean Pierre Kutwa.<\/p>\n<p>Ces responsables du Gontougo n&rsquo;arrivent pas \u00e0 comprendre cette \u00e9ni\u00e8me attitude de leur fils car selon eux avant la sortie de l &lsquo;Archev\u00eaque d&rsquo; Abidjan, le guide religieux musulman l&rsquo; iman Aguib Tour\u00e9 a qualifi\u00e9 ce troisi\u00e8me mandat d&rsquo;Alassane Ouattara d &lsquo;ill\u00e9gal et aucune r\u00e9action du Ministre n &lsquo;a \u00e9t\u00e9 observ\u00e9e. Aucune mosqu\u00e9e n&rsquo;a \u00e9t\u00e9 choisie pour riposter aux propos de ce guide religieux.<\/p>\n","protected":false},"excerpt":{"rendered":"<p>Suite \u00e0 cette \u00e9ni\u00e8me sortie du Ministre Kobena Kouassi Adjoumani dans l&rsquo;enceinte de la cath\u00e9drale d&rsquo;Abidjan contre les propos de l &lsquo; Archev\u00eaque d &lsquo;Abidjan Mgr Jean pierre Kutwa, qui a qualifi\u00e9 la candidature au 3\u00e8me mandat du pr\u00e9sident Alassane Ouattara de \u00a0\u00bb pas n\u00e9cessaire&lsquo;, les populations du goutougo en particuliers, Chefs traditionnels et guides [&hellip;]<\/p>\n","protected":false},"author":2,"featured_media":1746,"comment_status":"open","ping_status":"open","sticky":true,"template":"","format":"standard","meta":{"_acf_changed":false,"footnotes":""},"categories":[],"tags":[],"class_list":["post-1745","post","type-post","status-publish","format-standard","has-post-thumbnail","hentry"],"acf":[],"yoast_head":"<!-- This site is optimized with the Yoast SEO plugin v27.5 - https:\/\/yoast.com\/product\/yoast-seo-wordpress\/ -->\n<title>Affaire Adjoumani : Chefs traditionnels et guides religieux du Gontougo se concertent - Amanien| L&#039;actualit\u00e9 Ivoirienne et Internationale<\/title>\n<meta name=\"robots\" content=\"index, follow, max-snippet:-1, max-image-preview:large, max-video-preview:-1\" \/>\n<link rel=\"canonical\" href=\"https:\/\/www.amanien.info\/news\/affaire-adjoumani-chefs-traditionnels-et-guides-religieux-du-gontougo-se-concertent\/\" \/>\n<meta property=\"og:locale\" content=\"fr_FR\" \/>\n<meta property=\"og:type\" content=\"article\" \/>\n<meta property=\"og:title\" content=\"Affaire Adjoumani : Chefs traditionnels et guides religieux du Gontougo se concertent - Amanien| L&#039;actualit\u00e9 Ivoirienne et Internationale\" \/>\n<meta property=\"og:description\" content=\"Suite \u00e0 cette \u00e9ni\u00e8me sortie du Ministre Kobena Kouassi Adjoumani dans l&rsquo;enceinte de la cath\u00e9drale d&rsquo;Abidjan contre les propos de l &lsquo; Archev\u00eaque d &lsquo;Abidjan Mgr Jean pierre Kutwa, qui a qualifi\u00e9 la candidature au 3\u00e8me mandat du pr\u00e9sident Alassane Ouattara de \u00a0\u00bb pas n\u00e9cessaire&lsquo;, les populations du goutougo en particuliers, Chefs traditionnels et guides [&hellip;]\" \/>\n<meta property=\"og:url\" content=\"https:\/\/www.amanien.info\/news\/affaire-adjoumani-chefs-traditionnels-et-guides-religieux-du-gontougo-se-concertent\/\" \/>\n<meta property=\"og:site_name\" content=\"Amanien| L&#039;actualit\u00e9 Ivoirienne et Internationale\" \/>\n<meta property=\"article:published_time\" content=\"2020-09-03T18:54:52+00:00\" \/>\n<meta property=\"article:modified_time\" content=\"2020-09-03T18:55:14+00:00\" \/>\n<meta property=\"og:image\" content=\"https:\/\/www.amanien.info\/news\/wp-content\/uploads\/2020\/09\/Sans-titre.jpg\" \/>\n\t<meta property=\"og:image:width\" content=\"605\" \/>\n\t<meta property=\"og:image:height\" content=\"403\" \/>\n\t<meta property=\"og:image:type\" content=\"image\/jpeg\" \/>\n<meta name=\"author\" content=\"Germain Ndri\" \/>\n<meta name=\"twitter:card\" content=\"summary_large_image\" \/>\n<meta name=\"twitter:label1\" content=\"\u00c9crit par\" \/>\n\t<meta name=\"twitter:data1\" content=\"Germain Ndri\" \/>\n\t<meta name=\"twitter:label2\" content=\"Dur\u00e9e de lecture estim\u00e9e\" \/>\n\t<meta name=\"twitter:data2\" content=\"1 minute\" \/>\n<script type=\"application\/ld+json\" class=\"yoast-schema-graph\">{\"@context\":\"https:\\\/\\\/schema.org\",\"@graph\":[{\"@type\":\"Article\",\"@id\":\"https:\\\/\\\/www.amanien.info\\\/news\\\/affaire-adjoumani-chefs-traditionnels-et-guides-religieux-du-gontougo-se-concertent\\\/#article\",\"isPartOf\":{\"@id\":\"https:\\\/\\\/www.amanien.info\\\/news\\\/affaire-adjoumani-chefs-traditionnels-et-guides-religieux-du-gontougo-se-concertent\\\/\"},\"author\":{\"name\":\"Germain Ndri\",\"@id\":\"https:\\\/\\\/www.amanien.info\\\/news\\\/#\\\/schema\\\/person\\\/b21093345753a1a98242d505bd894f42\"},\"headline\":\"Affaire Adjoumani : Chefs traditionnels et guides religieux du Gontougo se concertent\",\"datePublished\":\"2020-09-03T18:54:52+00:00\",\"dateModified\":\"2020-09-03T18:55:14+00:00\",\"mainEntityOfPage\":{\"@id\":\"https:\\\/\\\/www.amanien.info\\\/news\\\/affaire-adjoumani-chefs-traditionnels-et-guides-religieux-du-gontougo-se-concertent\\\/\"},\"wordCount\":186,\"commentCount\":0,\"image\":{\"@id\":\"https:\\\/\\\/www.amanien.info\\\/news\\\/affaire-adjoumani-chefs-traditionnels-et-guides-religieux-du-gontougo-se-concertent\\\/#primaryimage\"},\"thumbnailUrl\":\"https:\\\/\\\/www.amanien.info\\\/news\\\/wp-content\\\/uploads\\\/2020\\\/09\\\/Sans-titre.jpg\",\"inLanguage\":\"fr-FR\"},{\"@type\":\"WebPage\",\"@id\":\"https:\\\/\\\/www.amanien.info\\\/news\\\/affaire-adjoumani-chefs-traditionnels-et-guides-religieux-du-gontougo-se-concertent\\\/\",\"url\":\"https:\\\/\\\/www.amanien.info\\\/news\\\/affaire-adjoumani-chefs-traditionnels-et-guides-religieux-du-gontougo-se-concertent\\\/\",\"name\":\"Affaire Adjoumani : Chefs traditionnels et guides religieux du Gontougo se concertent - Amanien| L&#039;actualit\u00e9 Ivoirienne et Internationale\",\"isPartOf\":{\"@id\":\"https:\\\/\\\/www.amanien.info\\\/news\\\/#website\"},\"primaryImageOfPage\":{\"@id\":\"https:\\\/\\\/www.amanien.info\\\/news\\\/affaire-adjoumani-chefs-traditionnels-et-guides-religieux-du-gontougo-se-concertent\\\/#primaryimage\"},\"image\":{\"@id\":\"https:\\\/\\\/www.amanien.info\\\/news\\\/affaire-adjoumani-chefs-traditionnels-et-guides-religieux-du-gontougo-se-concertent\\\/#primaryimage\"},\"thumbnailUrl\":\"https:\\\/\\\/www.amanien.info\\\/news\\\/wp-content\\\/uploads\\\/2020\\\/09\\\/Sans-titre.jpg\",\"datePublished\":\"2020-09-03T18:54:52+00:00\",\"dateModified\":\"2020-09-03T18:55:14+00:00\",\"author\":{\"@id\":\"https:\\\/\\\/www.amanien.info\\\/news\\\/#\\\/schema\\\/person\\\/b21093345753a1a98242d505bd894f42\"},\"breadcrumb\":{\"@id\":\"https:\\\/\\\/www.amanien.info\\\/news\\\/affaire-adjoumani-chefs-traditionnels-et-guides-religieux-du-gontougo-se-concertent\\\/#breadcrumb\"},\"inLanguage\":\"fr-FR\",\"potentialAction\":[{\"@type\":\"ReadAction\",\"target\":[\"https:\\\/\\\/www.amanien.info\\\/news\\\/affaire-adjoumani-chefs-traditionnels-et-guides-religieux-du-gontougo-se-concertent\\\/\"]}]},{\"@type\":\"ImageObject\",\"inLanguage\":\"fr-FR\",\"@id\":\"https:\\\/\\\/www.amanien.info\\\/news\\\/affaire-adjoumani-chefs-traditionnels-et-guides-religieux-du-gontougo-se-concertent\\\/#primaryimage\",\"url\":\"https:\\\/\\\/www.amanien.info\\\/news\\\/wp-content\\\/uploads\\\/2020\\\/09\\\/Sans-titre.jpg\",\"contentUrl\":\"https:\\\/\\\/www.amanien.info\\\/news\\\/wp-content\\\/uploads\\\/2020\\\/09\\\/Sans-titre.jpg\",\"width\":605,\"height\":403},{\"@type\":\"BreadcrumbList\",\"@id\":\"https:\\\/\\\/www.amanien.info\\\/news\\\/affaire-adjoumani-chefs-traditionnels-et-guides-religieux-du-gontougo-se-concertent\\\/#breadcrumb\",\"itemListElement\":[{\"@type\":\"ListItem\",\"position\":1,\"name\":\"Accueil\",\"item\":\"https:\\\/\\\/www.amanien.info\\\/news\\\/\"},{\"@type\":\"ListItem\",\"position\":2,\"name\":\"Affaire Adjoumani : Chefs traditionnels et guides religieux du Gontougo se concertent\"}]},{\"@type\":\"WebSite\",\"@id\":\"https:\\\/\\\/www.amanien.info\\\/news\\\/#website\",\"url\":\"https:\\\/\\\/www.amanien.info\\\/news\\\/\",\"name\":\"Amanien| L&#039;actualit\u00e9 Ivoirienne et Internationale\",\"description\":\"L&#039;actualit\u00e9 Ivoirienne et Internationale\",\"potentialAction\":[{\"@type\":\"SearchAction\",\"target\":{\"@type\":\"EntryPoint\",\"urlTemplate\":\"https:\\\/\\\/www.amanien.info\\\/news\\\/?s={search_term_string}\"},\"query-input\":{\"@type\":\"PropertyValueSpecification\",\"valueRequired\":true,\"valueName\":\"search_term_string\"}}],\"inLanguage\":\"fr-FR\"},{\"@type\":\"Person\",\"@id\":\"https:\\\/\\\/www.amanien.info\\\/news\\\/#\\\/schema\\\/person\\\/b21093345753a1a98242d505bd894f42\",\"name\":\"Germain Ndri\",\"url\":\"https:\\\/\\\/www.amanien.info\\\/news\\\/author\\\/amanien-infos\\\/\"}]}<\/script>\n<!-- \/ Yoast SEO plugin. -->","yoast_head_json":{"title":"Affaire Adjoumani : Chefs traditionnels et guides religieux du Gontougo se concertent - Amanien| L&#039;actualit\u00e9 Ivoirienne et Internationale","robots":{"index":"index","follow":"follow","max-snippet":"max-snippet:-1","max-image-preview":"max-image-preview:large","max-video-preview":"max-video-preview:-1"},"canonical":"https:\/\/www.amanien.info\/news\/affaire-adjoumani-chefs-traditionnels-et-guides-religieux-du-gontougo-se-concertent\/","og_locale":"fr_FR","og_type":"article","og_title":"Affaire Adjoumani : Chefs traditionnels et guides religieux du Gontougo se concertent - Amanien| L&#039;actualit\u00e9 Ivoirienne et Internationale","og_description":"Suite \u00e0 cette \u00e9ni\u00e8me sortie du Ministre Kobena Kouassi Adjoumani dans l&rsquo;enceinte de la cath\u00e9drale d&rsquo;Abidjan contre les propos de l &lsquo; Archev\u00eaque d &lsquo;Abidjan Mgr Jean pierre Kutwa, qui a qualifi\u00e9 la candidature au 3\u00e8me mandat du pr\u00e9sident Alassane Ouattara de \u00a0\u00bb pas n\u00e9cessaire&lsquo;, les populations du goutougo en particuliers, Chefs traditionnels et guides [&hellip;]","og_url":"https:\/\/www.amanien.info\/news\/affaire-adjoumani-chefs-traditionnels-et-guides-religieux-du-gontougo-se-concertent\/","og_site_name":"Amanien| L&#039;actualit\u00e9 Ivoirienne et Internationale","article_published_time":"2020-09-03T18:54:52+00:00","article_modified_time":"2020-09-03T18:55:14+00:00","og_image":[{"width":605,"height":403,"url":"https:\/\/www.amanien.info\/news\/wp-content\/uploads\/2020\/09\/Sans-titre.jpg","type":"image\/jpeg"}],"author":"Germain Ndri","twitter_card":"summary_large_image","twitter_misc":{"\u00c9crit par":"Germain Ndri","Dur\u00e9e de lecture estim\u00e9e":"1 minute"},"schema":{"@context":"https:\/\/schema.org","@graph":[{"@type":"Article","@id":"https:\/\/www.amanien.info\/news\/affaire-adjoumani-chefs-traditionnels-et-guides-religieux-du-gontougo-se-concertent\/#article","isPartOf":{"@id":"https:\/\/www.amanien.info\/news\/affaire-adjoumani-chefs-traditionnels-et-guides-religieux-du-gontougo-se-concertent\/"},"author":{"name":"Germain Ndri","@id":"https:\/\/www.amanien.info\/news\/#\/schema\/person\/b21093345753a1a98242d505bd894f42"},"headline":"Affaire Adjoumani : Chefs traditionnels et guides religieux du Gontougo se concertent","datePublished":"2020-09-03T18:54:52+00:00","dateModified":"2020-09-03T18:55:14+00:00","mainEntityOfPage":{"@id":"https:\/\/www.amanien.info\/news\/affaire-adjoumani-chefs-traditionnels-et-guides-religieux-du-gontougo-se-concertent\/"},"wordCount":186,"commentCount":0,"image":{"@id":"https:\/\/www.amanien.info\/news\/affaire-adjoumani-chefs-traditionnels-et-guides-religieux-du-gontougo-se-concertent\/#primaryimage"},"thumbnailUrl":"https:\/\/www.amanien.info\/news\/wp-content\/uploads\/2020\/09\/Sans-titre.jpg","inLanguage":"fr-FR"},{"@type":"WebPage","@id":"https:\/\/www.amanien.info\/news\/affaire-adjoumani-chefs-traditionnels-et-guides-religieux-du-gontougo-se-concertent\/","url":"https:\/\/www.amanien.info\/news\/affaire-adjoumani-chefs-traditionnels-et-guides-religieux-du-gontougo-se-concertent\/","name":"Affaire Adjoumani : Chefs traditionnels et guides religieux du Gontougo se concertent - Amanien| L&#039;actualit\u00e9 Ivoirienne et Internationale","isPartOf":{"@id":"https:\/\/www.amanien.info\/news\/#website"},"primaryImageOfPage":{"@id":"https:\/\/www.amanien.info\/news\/affaire-adjoumani-chefs-traditionnels-et-guides-religieux-du-gontougo-se-concertent\/#primaryimage"},"image":{"@id":"https:\/\/www.amanien.info\/news\/affaire-adjoumani-chefs-traditionnels-et-guides-religieux-du-gontougo-se-concertent\/#primaryimage"},"thumbnailUrl":"https:\/\/www.amanien.info\/news\/wp-content\/uploads\/2020\/09\/Sans-titre.jpg","datePublished":"2020-09-03T18:54:52+00:00","dateModified":"2020-09-03T18:55:14+00:00","author":{"@id":"https:\/\/www.amanien.info\/news\/#\/schema\/person\/b21093345753a1a98242d505bd894f42"},"breadcrumb":{"@id":"https:\/\/www.amanien.info\/news\/affaire-adjoumani-chefs-traditionnels-et-guides-religieux-du-gontougo-se-concertent\/#breadcrumb"},"inLanguage":"fr-FR","potentialAction":[{"@type":"ReadAction","target":["https:\/\/www.amanien.info\/news\/affaire-adjoumani-chefs-traditionnels-et-guides-religieux-du-gontougo-se-concertent\/"]}]},{"@type":"ImageObject","inLanguage":"fr-FR","@id":"https:\/\/www.amanien.info\/news\/affaire-adjoumani-chefs-traditionnels-et-guides-religieux-du-gontougo-se-concertent\/#primaryimage","url":"https:\/\/www.amanien.info\/news\/wp-content\/uploads\/2020\/09\/Sans-titre.jpg","contentUrl":"https:\/\/www.amanien.info\/news\/wp-content\/uploads\/2020\/09\/Sans-titre.jpg","width":605,"height":403},{"@type":"BreadcrumbList","@id":"https:\/\/www.amanien.info\/news\/affaire-adjoumani-chefs-traditionnels-et-guides-religieux-du-gontougo-se-concertent\/#breadcrumb","itemListElement":[{"@type":"ListItem","position":1,"name":"Accueil","item":"https:\/\/www.amanien.info\/news\/"},{"@type":"ListItem","position":2,"name":"Affaire Adjoumani : Chefs traditionnels et guides religieux du Gontougo se concertent"}]},{"@type":"WebSite","@id":"https:\/\/www.amanien.info\/news\/#website","url":"https:\/\/www.amanien.info\/news\/","name":"Amanien| L&#039;actualit\u00e9 Ivoirienne et Internationale","description":"L&#039;actualit\u00e9 Ivoirienne et Internationale","potentialAction":[{"@type":"SearchAction","target":{"@type":"EntryPoint","urlTemplate":"https:\/\/www.amanien.info\/news\/?s={search_term_string}"},"query-input":{"@type":"PropertyValueSpecification","valueRequired":true,"valueName":"search_term_string"}}],"inLanguage":"fr-FR"},{"@type":"Person","@id":"https:\/\/www.amanien.info\/news\/#\/schema\/person\/b21093345753a1a98242d505bd894f42","name":"Germain Ndri","url":"https:\/\/www.amanien.info\/news\/author\/amanien-infos\/"}]}},"_links":{"self":[{"href":"https:\/\/www.amanien.info\/news\/wp-json\/wp\/v2\/posts\/1745","targetHints":{"allow":["GET"]}}],"collection":[{"href":"https:\/\/www.amanien.info\/news\/wp-json\/wp\/v2\/posts"}],"about":[{"href":"https:\/\/www.amanien.info\/news\/wp-json\/wp\/v2\/types\/post"}],"author":[{"embeddable":true,"href":"https:\/\/www.amanien.info\/news\/wp-json\/wp\/v2\/users\/2"}],"replies":[{"embeddable":true,"href":"https:\/\/www.amanien.info\/news\/wp-json\/wp\/v2\/comments?post=1745"}],"version-history":[{"count":0,"href":"https:\/\/www.amanien.info\/news\/wp-json\/wp\/v2\/posts\/1745\/revisions"}],"wp:featuredmedia":[{"embeddable":true,"href":"https:\/\/www.amanien.info\/news\/wp-json\/wp\/v2\/media\/1746"}],"wp:attachment":[{"href":"https:\/\/www.amanien.info\/news\/wp-json\/wp\/v2\/media?parent=1745"}],"wp:term":[{"taxonomy":"category","embeddable":true,"href":"https:\/\/www.amanien.info\/news\/wp-json\/wp\/v2\/categories?post=1745"},{"taxonomy":"post_tag","embeddable":true,"href":"https:\/\/www.amanien.info\/news\/wp-json\/wp\/v2\/tags?post=1745"}],"curies":[{"name":"wp","href":"https:\/\/api.w.org\/{rel}","templated":true}]}}