{"id":1738,"date":"2020-09-03T17:36:35","date_gmt":"2020-09-03T15:36:35","guid":{"rendered":"http:\/\/https:\/\/zozo.buyee.jp\/\/news\/?p=1738"},"modified":"2020-09-03T17:36:57","modified_gmt":"2020-09-03T15:36:57","slug":"campagne-electorale-le-ramede-dit-non-a-l-utilisation-des-enfants","status":"publish","type":"post","link":"https:\/\/www.amanien.info\/news\/campagne-electorale-le-ramede-dit-non-a-l-utilisation-des-enfants\/","title":{"rendered":"Campagne \u00e9lectorale: Le Ramede dit non \u00e0 l&rsquo; utilisation des enfants"},"content":{"rendered":"<p dir=\"ltr\">Le R\u00e9seau des Acteurs de M\u00e9dias pour les Droits de l\u2019Enfant en C\u00f4te d\u2019Ivoire (RAMEDE-CI), pr\u00e9sid\u00e9 par Mamadou Doumbia, constate avec beaucoup d\u2019amertume la pr\u00e9sence des enfants dans des manifestations politiques depuis quelques jours. Depuis l&rsquo; an 2000, les p\u00e9riodes \u00e9lectorales en C\u00f4te d\u2019Ivoire sont marqu\u00e9es par la passionet la violence qui repr\u00e9sentent des risques \u00e9normes surtout pour les enfants.<\/p>\n<p dir=\"ltr\">Cette situation malheureuse qui a toujours \u00e9t\u00e9 d\u00e9nonc\u00e9e par le RAMEDE-CI depuis 2010 refait surface. Pourtant, les professionnels des m\u00e9dias sont conscients que tout adulte devrait s\u2019engager \u00e0 prot\u00e9ger l\u2019enfant, g\u00e9n\u00e9ralement expos\u00e9 aux violations r\u00e9currentes de ses droits fondamentaux.<\/p>\n<p dir=\"ltr\">&#8211; Consid\u00e9rant qu\u2019en p\u00e9riode de conflits les violations des droits de l\u2019enfant se multiplient, l\u2019exposant \u00e0 des risques accrus pouvant le conduire \u00e0 la mort ;<\/p>\n<p dir=\"ltr\">&#8211; Tenant compte du r\u00f4le important des m\u00e9dias dans la soci\u00e9t\u00e9 en g\u00e9n\u00e9rale, leurs responsabilit\u00e9s dans l\u2019orientation, le contenu et les cons\u00e9quences de leurs productions sur l\u2019\u00e9panouissement de l\u2019enfant ;<\/p>\n<p dir=\"ltr\">&#8211; Rappelant les dispositions de la Convention relative aux Droits de l\u2019Enfant de l\u2019ONU (CDE) et de la Charte Africaine des Droits et du bien-\u00eatre de l\u2019Enfant de l\u2019Union Africaine (CADBE) sur la n\u00e9cessit\u00e9 d\u2019accorder une protection sp\u00e9ciale \u00e0 l\u2019enfant en vue de promouvoir son bien-\u00eatre physique, moral et social ;<\/p>\n<p dir=\"ltr\">&#8211; Ayant \u00e0 l\u2019esprit la Charte Ivoirienne des professionnels des m\u00e9dias pour la protection des enfants, des normes d\u00e9ontologiques et les principes qui r\u00e9gissent leur profession\u00a0;<\/p>\n<p dir=\"ltr\">Le R\u00e9seau des Acteurs de M\u00e9dias pour les Droits de l\u2019Enfant en C\u00f4te d\u2019Ivoire r\u00e9it\u00e8re son engagement \u00e0 prot\u00e9ger et \u00e0 promouvoir les droits de l\u2019enfant et son bien-\u00eatre \u00e0 travers les m\u00e9dias.<\/p>\n<p dir=\"ltr\">Rappelons qu\u2019en 2010, de nombreuses victimes ont \u00e9t\u00e9 enregistr\u00e9es parmi les enfants lors du premier tour de l\u2019\u00e9lection pr\u00e9sidentielle, dont le cas de l\u2019enfant battu \u00e0 mort dans la ville de Danan\u00e9, pour avoir d\u00e9chir\u00e9 l\u2019affiche d\u2019un candidat. La population ivoirienne a encore en m\u00e9moire l\u2019assassinat de trois (3) enfants innocents tu\u00e9s le 12 f\u00e9vrier 2010 \u00e0 Gagnoa, au cours des manifestations de protestation politique\u00a0; pour ne citer que ces cas.<\/p>\n<p dir=\"ltr\">Le RAMEDE-CI note avec inqui\u00e9tude comme en 2010 l\u2019implication des enfants dans des manifestations, \u00e0 l\u2019appel de certains partis politiques.<\/p>\n<p dir=\"ltr\">Le RAMEDE-CI en appelle au sens de la responsabilit\u00e9 des uns et des autres et les partis politiques \u00e0 prendre en compte l\u2019int\u00e9r\u00eat sup\u00e9rieur des enfants dans toutes leurs d\u00e9cisions.<\/p>\n<p dir=\"ltr\">Le RAMEDE-CI invite les parents et les acteurs politiques \u00e0 tenir les enfants loin de toute manifestation politique.<\/p>\n<p dir=\"ltr\">La situation sera encore plus difficile cette ann\u00e9e avec l\u2019importance des r\u00e9seaux sociaux. Toute la communaut\u00e9 virtuelle des r\u00e9seaux sociaux a constat\u00e9 r\u00e9cemment avec stup\u00e9faction l\u2019appel \u00e0 la haine sur Facebook d\u2019une jeune fille, sous la dict\u00e9e de sa maman. Une d\u00e9claration qui s\u2019est faite \u00e0 visage d\u00e9couvert, exposant ainsi la fillette \u00e0 des risques \u00e9normes pour son int\u00e9grit\u00e9 physique.<\/p>\n<p dir=\"ltr\">En tout \u00e9tat de cause, le R\u00e9seau des Acteurs de M\u00e9dias pour les Droits de l\u2019Enfant en C\u00f4te d\u2019Ivoire entend dans les prochains jours, organiser des rencontres avec les principaux groupements politiques afin de partager avec eux sa pr\u00e9occupation.<\/p>\n<p dir=\"ltr\">Le RAMEDE-CI invite toutes les parties politiques, les communaut\u00e9s religieuses, sociales et culturelles ainsi que les parents \u00e0 prendre la pleine mesure de cette d\u00e9claration et \u00e0 s\u2019approprier de l\u2019appel du Parlement des Jeunes proclamer tout r\u00e9cemment. Notre combat \u00e0 tous se doit de l\u00e9guer \u00e0 nos enfants un environnement sain, apais\u00e9 et propice \u00e0 leur d\u00e9veloppement et leur \u00e9ducation.<\/p>\n","protected":false},"excerpt":{"rendered":"<p>Le R\u00e9seau des Acteurs de M\u00e9dias pour les Droits de l\u2019Enfant en C\u00f4te d\u2019Ivoire (RAMEDE-CI), pr\u00e9sid\u00e9 par Mamadou Doumbia, constate avec beaucoup d\u2019amertume la pr\u00e9sence des enfants dans des manifestations politiques depuis quelques jours. Depuis l&rsquo; an 2000, les p\u00e9riodes \u00e9lectorales en C\u00f4te d\u2019Ivoire sont marqu\u00e9es par la passionet la violence qui repr\u00e9sentent des risques [&hellip;]<\/p>\n","protected":false},"author":2,"featured_media":1739,"comment_status":"open","ping_status":"open","sticky":true,"template":"","format":"standard","meta":{"_acf_changed":false,"footnotes":""},"categories":[],"tags":[],"class_list":["post-1738","post","type-post","status-publish","format-standard","has-post-thumbnail","hentry"],"acf":[],"yoast_head":"<!-- This site is optimized with the Yoast SEO plugin v27.5 - https:\/\/yoast.com\/product\/yoast-seo-wordpress\/ -->\n<title>Campagne \u00e9lectorale: Le Ramede dit non \u00e0 l&#039; utilisation des enfants - Amanien| L&#039;actualit\u00e9 Ivoirienne et Internationale<\/title>\n<meta name=\"robots\" content=\"index, follow, max-snippet:-1, max-image-preview:large, max-video-preview:-1\" \/>\n<link rel=\"canonical\" href=\"https:\/\/www.amanien.info\/news\/campagne-electorale-le-ramede-dit-non-a-l-utilisation-des-enfants\/\" \/>\n<meta property=\"og:locale\" content=\"fr_FR\" \/>\n<meta property=\"og:type\" content=\"article\" \/>\n<meta property=\"og:title\" content=\"Campagne \u00e9lectorale: Le Ramede dit non \u00e0 l&#039; utilisation des enfants - Amanien| L&#039;actualit\u00e9 Ivoirienne et Internationale\" \/>\n<meta property=\"og:description\" content=\"Le R\u00e9seau des Acteurs de M\u00e9dias pour les Droits de l\u2019Enfant en C\u00f4te d\u2019Ivoire (RAMEDE-CI), pr\u00e9sid\u00e9 par Mamadou Doumbia, constate avec beaucoup d\u2019amertume la pr\u00e9sence des enfants dans des manifestations politiques depuis quelques jours. Depuis l&rsquo; an 2000, les p\u00e9riodes \u00e9lectorales en C\u00f4te d\u2019Ivoire sont marqu\u00e9es par la passionet la violence qui repr\u00e9sentent des risques [&hellip;]\" \/>\n<meta property=\"og:url\" content=\"https:\/\/www.amanien.info\/news\/campagne-electorale-le-ramede-dit-non-a-l-utilisation-des-enfants\/\" \/>\n<meta property=\"og:site_name\" content=\"Amanien| L&#039;actualit\u00e9 Ivoirienne et Internationale\" \/>\n<meta property=\"article:published_time\" content=\"2020-09-03T15:36:35+00:00\" \/>\n<meta property=\"article:modified_time\" content=\"2020-09-03T15:36:57+00:00\" \/>\n<meta property=\"og:image\" content=\"https:\/\/www.amanien.info\/news\/wp-content\/uploads\/2020\/09\/thumbnail-1.jpg\" \/>\n\t<meta property=\"og:image:width\" content=\"1080\" \/>\n\t<meta property=\"og:image:height\" content=\"720\" \/>\n\t<meta property=\"og:image:type\" content=\"image\/jpeg\" \/>\n<meta name=\"author\" content=\"Germain Ndri\" \/>\n<meta name=\"twitter:card\" content=\"summary_large_image\" \/>\n<meta name=\"twitter:label1\" content=\"\u00c9crit par\" \/>\n\t<meta name=\"twitter:data1\" content=\"Germain Ndri\" \/>\n\t<meta name=\"twitter:label2\" content=\"Dur\u00e9e de lecture estim\u00e9e\" \/>\n\t<meta name=\"twitter:data2\" content=\"3 minutes\" \/>\n<script type=\"application\/ld+json\" class=\"yoast-schema-graph\">{\"@context\":\"https:\\\/\\\/schema.org\",\"@graph\":[{\"@type\":\"Article\",\"@id\":\"https:\\\/\\\/www.amanien.info\\\/news\\\/campagne-electorale-le-ramede-dit-non-a-l-utilisation-des-enfants\\\/#article\",\"isPartOf\":{\"@id\":\"https:\\\/\\\/www.amanien.info\\\/news\\\/campagne-electorale-le-ramede-dit-non-a-l-utilisation-des-enfants\\\/\"},\"author\":{\"name\":\"Germain Ndri\",\"@id\":\"https:\\\/\\\/www.amanien.info\\\/news\\\/#\\\/schema\\\/person\\\/b21093345753a1a98242d505bd894f42\"},\"headline\":\"Campagne \u00e9lectorale: Le Ramede dit non \u00e0 l&rsquo; utilisation des enfants\",\"datePublished\":\"2020-09-03T15:36:35+00:00\",\"dateModified\":\"2020-09-03T15:36:57+00:00\",\"mainEntityOfPage\":{\"@id\":\"https:\\\/\\\/www.amanien.info\\\/news\\\/campagne-electorale-le-ramede-dit-non-a-l-utilisation-des-enfants\\\/\"},\"wordCount\":650,\"commentCount\":0,\"image\":{\"@id\":\"https:\\\/\\\/www.amanien.info\\\/news\\\/campagne-electorale-le-ramede-dit-non-a-l-utilisation-des-enfants\\\/#primaryimage\"},\"thumbnailUrl\":\"https:\\\/\\\/www.amanien.info\\\/news\\\/wp-content\\\/uploads\\\/2020\\\/09\\\/thumbnail-1.jpg\",\"inLanguage\":\"fr-FR\"},{\"@type\":\"WebPage\",\"@id\":\"https:\\\/\\\/www.amanien.info\\\/news\\\/campagne-electorale-le-ramede-dit-non-a-l-utilisation-des-enfants\\\/\",\"url\":\"https:\\\/\\\/www.amanien.info\\\/news\\\/campagne-electorale-le-ramede-dit-non-a-l-utilisation-des-enfants\\\/\",\"name\":\"Campagne \u00e9lectorale: Le Ramede dit non \u00e0 l' utilisation des enfants - Amanien| L&#039;actualit\u00e9 Ivoirienne et Internationale\",\"isPartOf\":{\"@id\":\"https:\\\/\\\/www.amanien.info\\\/news\\\/#website\"},\"primaryImageOfPage\":{\"@id\":\"https:\\\/\\\/www.amanien.info\\\/news\\\/campagne-electorale-le-ramede-dit-non-a-l-utilisation-des-enfants\\\/#primaryimage\"},\"image\":{\"@id\":\"https:\\\/\\\/www.amanien.info\\\/news\\\/campagne-electorale-le-ramede-dit-non-a-l-utilisation-des-enfants\\\/#primaryimage\"},\"thumbnailUrl\":\"https:\\\/\\\/www.amanien.info\\\/news\\\/wp-content\\\/uploads\\\/2020\\\/09\\\/thumbnail-1.jpg\",\"datePublished\":\"2020-09-03T15:36:35+00:00\",\"dateModified\":\"2020-09-03T15:36:57+00:00\",\"author\":{\"@id\":\"https:\\\/\\\/www.amanien.info\\\/news\\\/#\\\/schema\\\/person\\\/b21093345753a1a98242d505bd894f42\"},\"breadcrumb\":{\"@id\":\"https:\\\/\\\/www.amanien.info\\\/news\\\/campagne-electorale-le-ramede-dit-non-a-l-utilisation-des-enfants\\\/#breadcrumb\"},\"inLanguage\":\"fr-FR\",\"potentialAction\":[{\"@type\":\"ReadAction\",\"target\":[\"https:\\\/\\\/www.amanien.info\\\/news\\\/campagne-electorale-le-ramede-dit-non-a-l-utilisation-des-enfants\\\/\"]}]},{\"@type\":\"ImageObject\",\"inLanguage\":\"fr-FR\",\"@id\":\"https:\\\/\\\/www.amanien.info\\\/news\\\/campagne-electorale-le-ramede-dit-non-a-l-utilisation-des-enfants\\\/#primaryimage\",\"url\":\"https:\\\/\\\/www.amanien.info\\\/news\\\/wp-content\\\/uploads\\\/2020\\\/09\\\/thumbnail-1.jpg\",\"contentUrl\":\"https:\\\/\\\/www.amanien.info\\\/news\\\/wp-content\\\/uploads\\\/2020\\\/09\\\/thumbnail-1.jpg\",\"width\":1080,\"height\":720},{\"@type\":\"BreadcrumbList\",\"@id\":\"https:\\\/\\\/www.amanien.info\\\/news\\\/campagne-electorale-le-ramede-dit-non-a-l-utilisation-des-enfants\\\/#breadcrumb\",\"itemListElement\":[{\"@type\":\"ListItem\",\"position\":1,\"name\":\"Accueil\",\"item\":\"https:\\\/\\\/www.amanien.info\\\/news\\\/\"},{\"@type\":\"ListItem\",\"position\":2,\"name\":\"Campagne \u00e9lectorale: Le Ramede dit non \u00e0 l&rsquo; utilisation des enfants\"}]},{\"@type\":\"WebSite\",\"@id\":\"https:\\\/\\\/www.amanien.info\\\/news\\\/#website\",\"url\":\"https:\\\/\\\/www.amanien.info\\\/news\\\/\",\"name\":\"Amanien| L&#039;actualit\u00e9 Ivoirienne et Internationale\",\"description\":\"L&#039;actualit\u00e9 Ivoirienne et Internationale\",\"potentialAction\":[{\"@type\":\"SearchAction\",\"target\":{\"@type\":\"EntryPoint\",\"urlTemplate\":\"https:\\\/\\\/www.amanien.info\\\/news\\\/?s={search_term_string}\"},\"query-input\":{\"@type\":\"PropertyValueSpecification\",\"valueRequired\":true,\"valueName\":\"search_term_string\"}}],\"inLanguage\":\"fr-FR\"},{\"@type\":\"Person\",\"@id\":\"https:\\\/\\\/www.amanien.info\\\/news\\\/#\\\/schema\\\/person\\\/b21093345753a1a98242d505bd894f42\",\"name\":\"Germain Ndri\",\"url\":\"https:\\\/\\\/www.amanien.info\\\/news\\\/author\\\/amanien-infos\\\/\"}]}<\/script>\n<!-- \/ Yoast SEO plugin. -->","yoast_head_json":{"title":"Campagne \u00e9lectorale: Le Ramede dit non \u00e0 l' utilisation des enfants - Amanien| L&#039;actualit\u00e9 Ivoirienne et Internationale","robots":{"index":"index","follow":"follow","max-snippet":"max-snippet:-1","max-image-preview":"max-image-preview:large","max-video-preview":"max-video-preview:-1"},"canonical":"https:\/\/www.amanien.info\/news\/campagne-electorale-le-ramede-dit-non-a-l-utilisation-des-enfants\/","og_locale":"fr_FR","og_type":"article","og_title":"Campagne \u00e9lectorale: Le Ramede dit non \u00e0 l' utilisation des enfants - Amanien| L&#039;actualit\u00e9 Ivoirienne et Internationale","og_description":"Le R\u00e9seau des Acteurs de M\u00e9dias pour les Droits de l\u2019Enfant en C\u00f4te d\u2019Ivoire (RAMEDE-CI), pr\u00e9sid\u00e9 par Mamadou Doumbia, constate avec beaucoup d\u2019amertume la pr\u00e9sence des enfants dans des manifestations politiques depuis quelques jours. Depuis l&rsquo; an 2000, les p\u00e9riodes \u00e9lectorales en C\u00f4te d\u2019Ivoire sont marqu\u00e9es par la passionet la violence qui repr\u00e9sentent des risques [&hellip;]","og_url":"https:\/\/www.amanien.info\/news\/campagne-electorale-le-ramede-dit-non-a-l-utilisation-des-enfants\/","og_site_name":"Amanien| L&#039;actualit\u00e9 Ivoirienne et Internationale","article_published_time":"2020-09-03T15:36:35+00:00","article_modified_time":"2020-09-03T15:36:57+00:00","og_image":[{"width":1080,"height":720,"url":"https:\/\/www.amanien.info\/news\/wp-content\/uploads\/2020\/09\/thumbnail-1.jpg","type":"image\/jpeg"}],"author":"Germain Ndri","twitter_card":"summary_large_image","twitter_misc":{"\u00c9crit par":"Germain Ndri","Dur\u00e9e de lecture estim\u00e9e":"3 minutes"},"schema":{"@context":"https:\/\/schema.org","@graph":[{"@type":"Article","@id":"https:\/\/www.amanien.info\/news\/campagne-electorale-le-ramede-dit-non-a-l-utilisation-des-enfants\/#article","isPartOf":{"@id":"https:\/\/www.amanien.info\/news\/campagne-electorale-le-ramede-dit-non-a-l-utilisation-des-enfants\/"},"author":{"name":"Germain Ndri","@id":"https:\/\/www.amanien.info\/news\/#\/schema\/person\/b21093345753a1a98242d505bd894f42"},"headline":"Campagne \u00e9lectorale: Le Ramede dit non \u00e0 l&rsquo; utilisation des enfants","datePublished":"2020-09-03T15:36:35+00:00","dateModified":"2020-09-03T15:36:57+00:00","mainEntityOfPage":{"@id":"https:\/\/www.amanien.info\/news\/campagne-electorale-le-ramede-dit-non-a-l-utilisation-des-enfants\/"},"wordCount":650,"commentCount":0,"image":{"@id":"https:\/\/www.amanien.info\/news\/campagne-electorale-le-ramede-dit-non-a-l-utilisation-des-enfants\/#primaryimage"},"thumbnailUrl":"https:\/\/www.amanien.info\/news\/wp-content\/uploads\/2020\/09\/thumbnail-1.jpg","inLanguage":"fr-FR"},{"@type":"WebPage","@id":"https:\/\/www.amanien.info\/news\/campagne-electorale-le-ramede-dit-non-a-l-utilisation-des-enfants\/","url":"https:\/\/www.amanien.info\/news\/campagne-electorale-le-ramede-dit-non-a-l-utilisation-des-enfants\/","name":"Campagne \u00e9lectorale: Le Ramede dit non \u00e0 l' utilisation des enfants - Amanien| L&#039;actualit\u00e9 Ivoirienne et Internationale","isPartOf":{"@id":"https:\/\/www.amanien.info\/news\/#website"},"primaryImageOfPage":{"@id":"https:\/\/www.amanien.info\/news\/campagne-electorale-le-ramede-dit-non-a-l-utilisation-des-enfants\/#primaryimage"},"image":{"@id":"https:\/\/www.amanien.info\/news\/campagne-electorale-le-ramede-dit-non-a-l-utilisation-des-enfants\/#primaryimage"},"thumbnailUrl":"https:\/\/www.amanien.info\/news\/wp-content\/uploads\/2020\/09\/thumbnail-1.jpg","datePublished":"2020-09-03T15:36:35+00:00","dateModified":"2020-09-03T15:36:57+00:00","author":{"@id":"https:\/\/www.amanien.info\/news\/#\/schema\/person\/b21093345753a1a98242d505bd894f42"},"breadcrumb":{"@id":"https:\/\/www.amanien.info\/news\/campagne-electorale-le-ramede-dit-non-a-l-utilisation-des-enfants\/#breadcrumb"},"inLanguage":"fr-FR","potentialAction":[{"@type":"ReadAction","target":["https:\/\/www.amanien.info\/news\/campagne-electorale-le-ramede-dit-non-a-l-utilisation-des-enfants\/"]}]},{"@type":"ImageObject","inLanguage":"fr-FR","@id":"https:\/\/www.amanien.info\/news\/campagne-electorale-le-ramede-dit-non-a-l-utilisation-des-enfants\/#primaryimage","url":"https:\/\/www.amanien.info\/news\/wp-content\/uploads\/2020\/09\/thumbnail-1.jpg","contentUrl":"https:\/\/www.amanien.info\/news\/wp-content\/uploads\/2020\/09\/thumbnail-1.jpg","width":1080,"height":720},{"@type":"BreadcrumbList","@id":"https:\/\/www.amanien.info\/news\/campagne-electorale-le-ramede-dit-non-a-l-utilisation-des-enfants\/#breadcrumb","itemListElement":[{"@type":"ListItem","position":1,"name":"Accueil","item":"https:\/\/www.amanien.info\/news\/"},{"@type":"ListItem","position":2,"name":"Campagne \u00e9lectorale: Le Ramede dit non \u00e0 l&rsquo; utilisation des enfants"}]},{"@type":"WebSite","@id":"https:\/\/www.amanien.info\/news\/#website","url":"https:\/\/www.amanien.info\/news\/","name":"Amanien| L&#039;actualit\u00e9 Ivoirienne et Internationale","description":"L&#039;actualit\u00e9 Ivoirienne et Internationale","potentialAction":[{"@type":"SearchAction","target":{"@type":"EntryPoint","urlTemplate":"https:\/\/www.amanien.info\/news\/?s={search_term_string}"},"query-input":{"@type":"PropertyValueSpecification","valueRequired":true,"valueName":"search_term_string"}}],"inLanguage":"fr-FR"},{"@type":"Person","@id":"https:\/\/www.amanien.info\/news\/#\/schema\/person\/b21093345753a1a98242d505bd894f42","name":"Germain Ndri","url":"https:\/\/www.amanien.info\/news\/author\/amanien-infos\/"}]}},"_links":{"self":[{"href":"https:\/\/www.amanien.info\/news\/wp-json\/wp\/v2\/posts\/1738","targetHints":{"allow":["GET"]}}],"collection":[{"href":"https:\/\/www.amanien.info\/news\/wp-json\/wp\/v2\/posts"}],"about":[{"href":"https:\/\/www.amanien.info\/news\/wp-json\/wp\/v2\/types\/post"}],"author":[{"embeddable":true,"href":"https:\/\/www.amanien.info\/news\/wp-json\/wp\/v2\/users\/2"}],"replies":[{"embeddable":true,"href":"https:\/\/www.amanien.info\/news\/wp-json\/wp\/v2\/comments?post=1738"}],"version-history":[{"count":0,"href":"https:\/\/www.amanien.info\/news\/wp-json\/wp\/v2\/posts\/1738\/revisions"}],"wp:featuredmedia":[{"embeddable":true,"href":"https:\/\/www.amanien.info\/news\/wp-json\/wp\/v2\/media\/1739"}],"wp:attachment":[{"href":"https:\/\/www.amanien.info\/news\/wp-json\/wp\/v2\/media?parent=1738"}],"wp:term":[{"taxonomy":"category","embeddable":true,"href":"https:\/\/www.amanien.info\/news\/wp-json\/wp\/v2\/categories?post=1738"},{"taxonomy":"post_tag","embeddable":true,"href":"https:\/\/www.amanien.info\/news\/wp-json\/wp\/v2\/tags?post=1738"}],"curies":[{"name":"wp","href":"https:\/\/api.w.org\/{rel}","templated":true}]}}