{"id":1707,"date":"2020-08-27T19:04:21","date_gmt":"2020-08-27T17:04:21","guid":{"rendered":"http:\/\/https:\/\/zozo.buyee.jp\/\/news\/?p=1707"},"modified":"2020-08-27T19:04:50","modified_gmt":"2020-08-27T17:04:50","slug":"grande-mobilisation-des-militants-du-pdci-pour-accompagner-le-depot-de-la-candidature-de-bedie","status":"publish","type":"post","link":"https:\/\/www.amanien.info\/news\/grande-mobilisation-des-militants-du-pdci-pour-accompagner-le-depot-de-la-candidature-de-bedie\/","title":{"rendered":"Grande mobilisation des militants du PDCI pour accompagner le d\u00e9p\u00f4t de la candidature de Bedi\u00e9"},"content":{"rendered":"<p>Ce jeudi 27 ao\u00fbt 2020 marque le jour de d\u00e9p\u00f4t du dossier de candidature du pr\u00e9sident Henri Konan Bedi\u00e9, candidat du PDCI-RDA \u00e0 la pr\u00e9sidentielle du 31 octobre 2020, au si\u00e8ge de la commission \u00e9lectorale ind\u00e9pendante sis dans la commune de Cocody.<\/p>\n<p>Le pr\u00e9sident Bedi\u00e9 a \u00e9t\u00e9 d\u00e9sign\u00e9 candidat du Parti D\u00e9mocratique de C\u00f4te d&rsquo;Ivoire \u00e0 l&rsquo;issue de la convention du parti, le 27 juillet 2020. Candidat unique \u00e0 cette \u00e9lection interne, le Sphinx de Daoukro a en effet \u00e9t\u00e9 pl\u00e9biscit\u00e9 avec plus de 99, 70 % des suffrages exprim\u00e9s, soit 7259 voix sur les 7282. Ce pl\u00e9biscite fait donc de B\u00e9di\u00e9 le candidat officiel du PDCI au scrutin pr\u00e9sidentiel du 31 octobre 2020.<\/p>\n<p>Pour marquer leur soutien et un amour ind\u00e9fectible \u00e0 leur leader, les militants du PDCI-RDA ont d\u00e9cid\u00e9 de l&rsquo;accompagner pour le d\u00e9p\u00f4t de son dossier de candidature.<\/p>\n<p>Plus d&rsquo;une centaine de militants du PDCI-RDA sont donc r\u00e9unis devant le si\u00e8ge de la CEI chantant et en dansant au rythme de chants \u00e0 la gloire du pr\u00e9sident Henri Konan Bedi\u00e9.<\/p>\n<p>Ce d\u00e9p\u00f4t de candidature du pr\u00e9sident Bedi\u00e9 fait suite \u00e0 celui du pr\u00e9sident Ouattara et de l&rsquo;honorable Kouadio Konan Bertin.<\/p>\n","protected":false},"excerpt":{"rendered":"<p>Ce jeudi 27 ao\u00fbt 2020 marque le jour de d\u00e9p\u00f4t du dossier de candidature du pr\u00e9sident Henri Konan Bedi\u00e9, candidat du PDCI-RDA \u00e0 la pr\u00e9sidentielle du 31 octobre 2020, au si\u00e8ge de la commission \u00e9lectorale ind\u00e9pendante sis dans la commune de Cocody. Le pr\u00e9sident Bedi\u00e9 a \u00e9t\u00e9 d\u00e9sign\u00e9 candidat du Parti D\u00e9mocratique de C\u00f4te d&rsquo;Ivoire [&hellip;]<\/p>\n","protected":false},"author":2,"featured_media":1708,"comment_status":"open","ping_status":"open","sticky":true,"template":"","format":"standard","meta":{"_acf_changed":false,"footnotes":""},"categories":[],"tags":[],"class_list":["post-1707","post","type-post","status-publish","format-standard","has-post-thumbnail","hentry"],"acf":[],"yoast_head":"<!-- This site is optimized with the Yoast SEO plugin v27.5 - https:\/\/yoast.com\/product\/yoast-seo-wordpress\/ -->\n<title>Grande mobilisation des militants du PDCI pour accompagner le d\u00e9p\u00f4t de la candidature de Bedi\u00e9 - Amanien| L&#039;actualit\u00e9 Ivoirienne et Internationale<\/title>\n<meta name=\"robots\" content=\"index, follow, max-snippet:-1, max-image-preview:large, max-video-preview:-1\" \/>\n<link rel=\"canonical\" href=\"https:\/\/www.amanien.info\/news\/grande-mobilisation-des-militants-du-pdci-pour-accompagner-le-depot-de-la-candidature-de-bedie\/\" \/>\n<meta property=\"og:locale\" content=\"fr_FR\" \/>\n<meta property=\"og:type\" content=\"article\" \/>\n<meta property=\"og:title\" content=\"Grande mobilisation des militants du PDCI pour accompagner le d\u00e9p\u00f4t de la candidature de Bedi\u00e9 - Amanien| L&#039;actualit\u00e9 Ivoirienne et Internationale\" \/>\n<meta property=\"og:description\" content=\"Ce jeudi 27 ao\u00fbt 2020 marque le jour de d\u00e9p\u00f4t du dossier de candidature du pr\u00e9sident Henri Konan Bedi\u00e9, candidat du PDCI-RDA \u00e0 la pr\u00e9sidentielle du 31 octobre 2020, au si\u00e8ge de la commission \u00e9lectorale ind\u00e9pendante sis dans la commune de Cocody. Le pr\u00e9sident Bedi\u00e9 a \u00e9t\u00e9 d\u00e9sign\u00e9 candidat du Parti D\u00e9mocratique de C\u00f4te d&rsquo;Ivoire [&hellip;]\" \/>\n<meta property=\"og:url\" content=\"https:\/\/www.amanien.info\/news\/grande-mobilisation-des-militants-du-pdci-pour-accompagner-le-depot-de-la-candidature-de-bedie\/\" \/>\n<meta property=\"og:site_name\" content=\"Amanien| L&#039;actualit\u00e9 Ivoirienne et Internationale\" \/>\n<meta property=\"article:published_time\" content=\"2020-08-27T17:04:21+00:00\" \/>\n<meta property=\"article:modified_time\" content=\"2020-08-27T17:04:50+00:00\" \/>\n<meta property=\"og:image\" content=\"https:\/\/www.amanien.info\/news\/wp-content\/uploads\/2020\/08\/1fa9f9fcdbe2d24b6e8730b7102db038.jpg\" \/>\n\t<meta property=\"og:image:width\" content=\"720\" \/>\n\t<meta property=\"og:image:height\" content=\"493\" \/>\n\t<meta property=\"og:image:type\" content=\"image\/jpeg\" \/>\n<meta name=\"author\" content=\"Germain Ndri\" \/>\n<meta name=\"twitter:card\" content=\"summary_large_image\" \/>\n<meta name=\"twitter:label1\" content=\"\u00c9crit par\" \/>\n\t<meta name=\"twitter:data1\" content=\"Germain Ndri\" \/>\n\t<meta name=\"twitter:label2\" content=\"Dur\u00e9e de lecture estim\u00e9e\" \/>\n\t<meta name=\"twitter:data2\" content=\"1 minute\" \/>\n<script type=\"application\/ld+json\" class=\"yoast-schema-graph\">{\"@context\":\"https:\\\/\\\/schema.org\",\"@graph\":[{\"@type\":\"Article\",\"@id\":\"https:\\\/\\\/www.amanien.info\\\/news\\\/grande-mobilisation-des-militants-du-pdci-pour-accompagner-le-depot-de-la-candidature-de-bedie\\\/#article\",\"isPartOf\":{\"@id\":\"https:\\\/\\\/www.amanien.info\\\/news\\\/grande-mobilisation-des-militants-du-pdci-pour-accompagner-le-depot-de-la-candidature-de-bedie\\\/\"},\"author\":{\"name\":\"Germain Ndri\",\"@id\":\"https:\\\/\\\/www.amanien.info\\\/news\\\/#\\\/schema\\\/person\\\/b21093345753a1a98242d505bd894f42\"},\"headline\":\"Grande mobilisation des militants du PDCI pour accompagner le d\u00e9p\u00f4t de la candidature de Bedi\u00e9\",\"datePublished\":\"2020-08-27T17:04:21+00:00\",\"dateModified\":\"2020-08-27T17:04:50+00:00\",\"mainEntityOfPage\":{\"@id\":\"https:\\\/\\\/www.amanien.info\\\/news\\\/grande-mobilisation-des-militants-du-pdci-pour-accompagner-le-depot-de-la-candidature-de-bedie\\\/\"},\"wordCount\":223,\"commentCount\":0,\"image\":{\"@id\":\"https:\\\/\\\/www.amanien.info\\\/news\\\/grande-mobilisation-des-militants-du-pdci-pour-accompagner-le-depot-de-la-candidature-de-bedie\\\/#primaryimage\"},\"thumbnailUrl\":\"https:\\\/\\\/www.amanien.info\\\/news\\\/wp-content\\\/uploads\\\/2020\\\/08\\\/1fa9f9fcdbe2d24b6e8730b7102db038.jpg\",\"inLanguage\":\"fr-FR\"},{\"@type\":\"WebPage\",\"@id\":\"https:\\\/\\\/www.amanien.info\\\/news\\\/grande-mobilisation-des-militants-du-pdci-pour-accompagner-le-depot-de-la-candidature-de-bedie\\\/\",\"url\":\"https:\\\/\\\/www.amanien.info\\\/news\\\/grande-mobilisation-des-militants-du-pdci-pour-accompagner-le-depot-de-la-candidature-de-bedie\\\/\",\"name\":\"Grande mobilisation des militants du PDCI pour accompagner le d\u00e9p\u00f4t de la candidature de Bedi\u00e9 - Amanien| L&#039;actualit\u00e9 Ivoirienne et Internationale\",\"isPartOf\":{\"@id\":\"https:\\\/\\\/www.amanien.info\\\/news\\\/#website\"},\"primaryImageOfPage\":{\"@id\":\"https:\\\/\\\/www.amanien.info\\\/news\\\/grande-mobilisation-des-militants-du-pdci-pour-accompagner-le-depot-de-la-candidature-de-bedie\\\/#primaryimage\"},\"image\":{\"@id\":\"https:\\\/\\\/www.amanien.info\\\/news\\\/grande-mobilisation-des-militants-du-pdci-pour-accompagner-le-depot-de-la-candidature-de-bedie\\\/#primaryimage\"},\"thumbnailUrl\":\"https:\\\/\\\/www.amanien.info\\\/news\\\/wp-content\\\/uploads\\\/2020\\\/08\\\/1fa9f9fcdbe2d24b6e8730b7102db038.jpg\",\"datePublished\":\"2020-08-27T17:04:21+00:00\",\"dateModified\":\"2020-08-27T17:04:50+00:00\",\"author\":{\"@id\":\"https:\\\/\\\/www.amanien.info\\\/news\\\/#\\\/schema\\\/person\\\/b21093345753a1a98242d505bd894f42\"},\"breadcrumb\":{\"@id\":\"https:\\\/\\\/www.amanien.info\\\/news\\\/grande-mobilisation-des-militants-du-pdci-pour-accompagner-le-depot-de-la-candidature-de-bedie\\\/#breadcrumb\"},\"inLanguage\":\"fr-FR\",\"potentialAction\":[{\"@type\":\"ReadAction\",\"target\":[\"https:\\\/\\\/www.amanien.info\\\/news\\\/grande-mobilisation-des-militants-du-pdci-pour-accompagner-le-depot-de-la-candidature-de-bedie\\\/\"]}]},{\"@type\":\"ImageObject\",\"inLanguage\":\"fr-FR\",\"@id\":\"https:\\\/\\\/www.amanien.info\\\/news\\\/grande-mobilisation-des-militants-du-pdci-pour-accompagner-le-depot-de-la-candidature-de-bedie\\\/#primaryimage\",\"url\":\"https:\\\/\\\/www.amanien.info\\\/news\\\/wp-content\\\/uploads\\\/2020\\\/08\\\/1fa9f9fcdbe2d24b6e8730b7102db038.jpg\",\"contentUrl\":\"https:\\\/\\\/www.amanien.info\\\/news\\\/wp-content\\\/uploads\\\/2020\\\/08\\\/1fa9f9fcdbe2d24b6e8730b7102db038.jpg\",\"width\":720,\"height\":493},{\"@type\":\"BreadcrumbList\",\"@id\":\"https:\\\/\\\/www.amanien.info\\\/news\\\/grande-mobilisation-des-militants-du-pdci-pour-accompagner-le-depot-de-la-candidature-de-bedie\\\/#breadcrumb\",\"itemListElement\":[{\"@type\":\"ListItem\",\"position\":1,\"name\":\"Accueil\",\"item\":\"https:\\\/\\\/www.amanien.info\\\/news\\\/\"},{\"@type\":\"ListItem\",\"position\":2,\"name\":\"Grande mobilisation des militants du PDCI pour accompagner le d\u00e9p\u00f4t de la candidature de Bedi\u00e9\"}]},{\"@type\":\"WebSite\",\"@id\":\"https:\\\/\\\/www.amanien.info\\\/news\\\/#website\",\"url\":\"https:\\\/\\\/www.amanien.info\\\/news\\\/\",\"name\":\"Amanien| L&#039;actualit\u00e9 Ivoirienne et Internationale\",\"description\":\"L&#039;actualit\u00e9 Ivoirienne et Internationale\",\"potentialAction\":[{\"@type\":\"SearchAction\",\"target\":{\"@type\":\"EntryPoint\",\"urlTemplate\":\"https:\\\/\\\/www.amanien.info\\\/news\\\/?s={search_term_string}\"},\"query-input\":{\"@type\":\"PropertyValueSpecification\",\"valueRequired\":true,\"valueName\":\"search_term_string\"}}],\"inLanguage\":\"fr-FR\"},{\"@type\":\"Person\",\"@id\":\"https:\\\/\\\/www.amanien.info\\\/news\\\/#\\\/schema\\\/person\\\/b21093345753a1a98242d505bd894f42\",\"name\":\"Germain Ndri\",\"url\":\"https:\\\/\\\/www.amanien.info\\\/news\\\/author\\\/amanien-infos\\\/\"}]}<\/script>\n<!-- \/ Yoast SEO plugin. -->","yoast_head_json":{"title":"Grande mobilisation des militants du PDCI pour accompagner le d\u00e9p\u00f4t de la candidature de Bedi\u00e9 - Amanien| L&#039;actualit\u00e9 Ivoirienne et Internationale","robots":{"index":"index","follow":"follow","max-snippet":"max-snippet:-1","max-image-preview":"max-image-preview:large","max-video-preview":"max-video-preview:-1"},"canonical":"https:\/\/www.amanien.info\/news\/grande-mobilisation-des-militants-du-pdci-pour-accompagner-le-depot-de-la-candidature-de-bedie\/","og_locale":"fr_FR","og_type":"article","og_title":"Grande mobilisation des militants du PDCI pour accompagner le d\u00e9p\u00f4t de la candidature de Bedi\u00e9 - Amanien| L&#039;actualit\u00e9 Ivoirienne et Internationale","og_description":"Ce jeudi 27 ao\u00fbt 2020 marque le jour de d\u00e9p\u00f4t du dossier de candidature du pr\u00e9sident Henri Konan Bedi\u00e9, candidat du PDCI-RDA \u00e0 la pr\u00e9sidentielle du 31 octobre 2020, au si\u00e8ge de la commission \u00e9lectorale ind\u00e9pendante sis dans la commune de Cocody. Le pr\u00e9sident Bedi\u00e9 a \u00e9t\u00e9 d\u00e9sign\u00e9 candidat du Parti D\u00e9mocratique de C\u00f4te d&rsquo;Ivoire [&hellip;]","og_url":"https:\/\/www.amanien.info\/news\/grande-mobilisation-des-militants-du-pdci-pour-accompagner-le-depot-de-la-candidature-de-bedie\/","og_site_name":"Amanien| L&#039;actualit\u00e9 Ivoirienne et Internationale","article_published_time":"2020-08-27T17:04:21+00:00","article_modified_time":"2020-08-27T17:04:50+00:00","og_image":[{"width":720,"height":493,"url":"https:\/\/www.amanien.info\/news\/wp-content\/uploads\/2020\/08\/1fa9f9fcdbe2d24b6e8730b7102db038.jpg","type":"image\/jpeg"}],"author":"Germain Ndri","twitter_card":"summary_large_image","twitter_misc":{"\u00c9crit par":"Germain Ndri","Dur\u00e9e de lecture estim\u00e9e":"1 minute"},"schema":{"@context":"https:\/\/schema.org","@graph":[{"@type":"Article","@id":"https:\/\/www.amanien.info\/news\/grande-mobilisation-des-militants-du-pdci-pour-accompagner-le-depot-de-la-candidature-de-bedie\/#article","isPartOf":{"@id":"https:\/\/www.amanien.info\/news\/grande-mobilisation-des-militants-du-pdci-pour-accompagner-le-depot-de-la-candidature-de-bedie\/"},"author":{"name":"Germain Ndri","@id":"https:\/\/www.amanien.info\/news\/#\/schema\/person\/b21093345753a1a98242d505bd894f42"},"headline":"Grande mobilisation des militants du PDCI pour accompagner le d\u00e9p\u00f4t de la candidature de Bedi\u00e9","datePublished":"2020-08-27T17:04:21+00:00","dateModified":"2020-08-27T17:04:50+00:00","mainEntityOfPage":{"@id":"https:\/\/www.amanien.info\/news\/grande-mobilisation-des-militants-du-pdci-pour-accompagner-le-depot-de-la-candidature-de-bedie\/"},"wordCount":223,"commentCount":0,"image":{"@id":"https:\/\/www.amanien.info\/news\/grande-mobilisation-des-militants-du-pdci-pour-accompagner-le-depot-de-la-candidature-de-bedie\/#primaryimage"},"thumbnailUrl":"https:\/\/www.amanien.info\/news\/wp-content\/uploads\/2020\/08\/1fa9f9fcdbe2d24b6e8730b7102db038.jpg","inLanguage":"fr-FR"},{"@type":"WebPage","@id":"https:\/\/www.amanien.info\/news\/grande-mobilisation-des-militants-du-pdci-pour-accompagner-le-depot-de-la-candidature-de-bedie\/","url":"https:\/\/www.amanien.info\/news\/grande-mobilisation-des-militants-du-pdci-pour-accompagner-le-depot-de-la-candidature-de-bedie\/","name":"Grande mobilisation des militants du PDCI pour accompagner le d\u00e9p\u00f4t de la candidature de Bedi\u00e9 - Amanien| L&#039;actualit\u00e9 Ivoirienne et Internationale","isPartOf":{"@id":"https:\/\/www.amanien.info\/news\/#website"},"primaryImageOfPage":{"@id":"https:\/\/www.amanien.info\/news\/grande-mobilisation-des-militants-du-pdci-pour-accompagner-le-depot-de-la-candidature-de-bedie\/#primaryimage"},"image":{"@id":"https:\/\/www.amanien.info\/news\/grande-mobilisation-des-militants-du-pdci-pour-accompagner-le-depot-de-la-candidature-de-bedie\/#primaryimage"},"thumbnailUrl":"https:\/\/www.amanien.info\/news\/wp-content\/uploads\/2020\/08\/1fa9f9fcdbe2d24b6e8730b7102db038.jpg","datePublished":"2020-08-27T17:04:21+00:00","dateModified":"2020-08-27T17:04:50+00:00","author":{"@id":"https:\/\/www.amanien.info\/news\/#\/schema\/person\/b21093345753a1a98242d505bd894f42"},"breadcrumb":{"@id":"https:\/\/www.amanien.info\/news\/grande-mobilisation-des-militants-du-pdci-pour-accompagner-le-depot-de-la-candidature-de-bedie\/#breadcrumb"},"inLanguage":"fr-FR","potentialAction":[{"@type":"ReadAction","target":["https:\/\/www.amanien.info\/news\/grande-mobilisation-des-militants-du-pdci-pour-accompagner-le-depot-de-la-candidature-de-bedie\/"]}]},{"@type":"ImageObject","inLanguage":"fr-FR","@id":"https:\/\/www.amanien.info\/news\/grande-mobilisation-des-militants-du-pdci-pour-accompagner-le-depot-de-la-candidature-de-bedie\/#primaryimage","url":"https:\/\/www.amanien.info\/news\/wp-content\/uploads\/2020\/08\/1fa9f9fcdbe2d24b6e8730b7102db038.jpg","contentUrl":"https:\/\/www.amanien.info\/news\/wp-content\/uploads\/2020\/08\/1fa9f9fcdbe2d24b6e8730b7102db038.jpg","width":720,"height":493},{"@type":"BreadcrumbList","@id":"https:\/\/www.amanien.info\/news\/grande-mobilisation-des-militants-du-pdci-pour-accompagner-le-depot-de-la-candidature-de-bedie\/#breadcrumb","itemListElement":[{"@type":"ListItem","position":1,"name":"Accueil","item":"https:\/\/www.amanien.info\/news\/"},{"@type":"ListItem","position":2,"name":"Grande mobilisation des militants du PDCI pour accompagner le d\u00e9p\u00f4t de la candidature de Bedi\u00e9"}]},{"@type":"WebSite","@id":"https:\/\/www.amanien.info\/news\/#website","url":"https:\/\/www.amanien.info\/news\/","name":"Amanien| L&#039;actualit\u00e9 Ivoirienne et Internationale","description":"L&#039;actualit\u00e9 Ivoirienne et Internationale","potentialAction":[{"@type":"SearchAction","target":{"@type":"EntryPoint","urlTemplate":"https:\/\/www.amanien.info\/news\/?s={search_term_string}"},"query-input":{"@type":"PropertyValueSpecification","valueRequired":true,"valueName":"search_term_string"}}],"inLanguage":"fr-FR"},{"@type":"Person","@id":"https:\/\/www.amanien.info\/news\/#\/schema\/person\/b21093345753a1a98242d505bd894f42","name":"Germain Ndri","url":"https:\/\/www.amanien.info\/news\/author\/amanien-infos\/"}]}},"_links":{"self":[{"href":"https:\/\/www.amanien.info\/news\/wp-json\/wp\/v2\/posts\/1707","targetHints":{"allow":["GET"]}}],"collection":[{"href":"https:\/\/www.amanien.info\/news\/wp-json\/wp\/v2\/posts"}],"about":[{"href":"https:\/\/www.amanien.info\/news\/wp-json\/wp\/v2\/types\/post"}],"author":[{"embeddable":true,"href":"https:\/\/www.amanien.info\/news\/wp-json\/wp\/v2\/users\/2"}],"replies":[{"embeddable":true,"href":"https:\/\/www.amanien.info\/news\/wp-json\/wp\/v2\/comments?post=1707"}],"version-history":[{"count":0,"href":"https:\/\/www.amanien.info\/news\/wp-json\/wp\/v2\/posts\/1707\/revisions"}],"wp:featuredmedia":[{"embeddable":true,"href":"https:\/\/www.amanien.info\/news\/wp-json\/wp\/v2\/media\/1708"}],"wp:attachment":[{"href":"https:\/\/www.amanien.info\/news\/wp-json\/wp\/v2\/media?parent=1707"}],"wp:term":[{"taxonomy":"category","embeddable":true,"href":"https:\/\/www.amanien.info\/news\/wp-json\/wp\/v2\/categories?post=1707"},{"taxonomy":"post_tag","embeddable":true,"href":"https:\/\/www.amanien.info\/news\/wp-json\/wp\/v2\/tags?post=1707"}],"curies":[{"name":"wp","href":"https:\/\/api.w.org\/{rel}","templated":true}]}}