{"id":1679,"date":"2020-08-23T14:53:26","date_gmt":"2020-08-23T12:53:26","guid":{"rendered":"http:\/\/https:\/\/zozo.buyee.jp\/\/news\/?p=1679"},"modified":"2020-08-23T14:53:59","modified_gmt":"2020-08-23T12:53:59","slug":"affaire-341-magasins-fermes-a-koumassi-le-collectif-des-commercants-et-le-sycaopao-interpellent-le-premier-ministre","status":"publish","type":"post","link":"https:\/\/www.amanien.info\/news\/affaire-341-magasins-fermes-a-koumassi-le-collectif-des-commercants-et-le-sycaopao-interpellent-le-premier-ministre\/","title":{"rendered":"Affaire 341 magasins ferm\u00e9s \u00e0 Koumassi: Le Collectif des commer\u00e7ants et le Sycaopao interpellent le Premier ministre"},"content":{"rendered":"<p>Les commer\u00e7ants de Haoussabougou, dans la commune de Koumassi, sont toujours dans le d\u00e9sarroi. En effet, ferm\u00e9s depuis le 31 d\u00e9cembre dernier par le la maire de ladite commune, Ibrahim Ciss\u00e9 Bacongo, \u00a0leurs magasins, au nombre de 341, ne sont toujours pas ouverts. Saisi de l\u2019affaire, le Syndicat des commer\u00e7ants, artisans et op\u00e9rateurs \u00e9conomiques de l\u2019Afrique de l\u2019Ouest (Sycaopao), alors pr\u00e9sid\u00e9 par feu\u00a0Kon\u00e9 Mamadou, a fait mains et pieds aupr\u00e8s de toutes les autorit\u00e9s comp\u00e9tentes. Mais h\u00e9las! Il n\u2019a obtenu aucun gain de cause. Apr\u00e8s son rappel \u00e0 Dieu le 28 ao\u00fbt, Kon\u00e9 Mamadou\u00a0 \u00e9t\u00e9 remplac\u00e9 \u00e0 ce poste par Souhalio Karamoko. Juste apr\u00e8s sa nomination, \u2018\u2019Kara\u2019\u2019, comme on l\u2019appelle dans le milieu syndical, a plac\u00e9 le dossier de Koumassi en premi\u00e8re ligne de ses priorit\u00e9s. C\u2019est dans ce contexte, qu\u2019accompagn\u00e9 d\u2019une forte d\u00e9l\u00e9gation, il s\u2019est rendu sur le site des magasins ferm\u00e9s le 19 ao\u00fbt. Sa rencontre avec le Collectif des commer\u00e7ants sinistr\u00e9s a eu un seul point \u00e0 l\u2019ordre du jour\u00a0: l\u2019ouverture imm\u00e9diate des magasins. Sur la question, le nouveau patron su Sycaopao, n\u2019est pas all\u00e9 du dos de la cuill\u00e8re. Sans chercher la formule qui frappe, il a d\u00e9cid\u00e9 d\u2019adresser un courrier au chef du gouvernement, le Premier Ministre Hamed Bakayoko.\u00a0Un autre a \u00e9t\u00e9 d\u00e9pos\u00e9 chez le M\u00e9diateur de la R\u00e9publique, sans oublier d\u2019autres institutions. Pour sa part, le pr\u00e9sident du Collectif, Sidib\u00e9 Moustapha, s\u2019est dit heureux de ces initiatives de l\u2019actuel n\u00b01 du Sycaopao. \u00ab(\u2026) Pr\u00e9sident,\u00a0 vos\u00a0 premiers mots nous vont droit au c\u0153ur. C\u2019est la preuve qu\u2019en d\u00e9pit du rappel \u00e0 Dieu de votre pr\u00e9d\u00e9cesseur, vous \u00eates d\u00e9cid\u00e9s \u00e0 nous soutenir dans cette affaire. Fasse Dieu nous aider \u00e0 obtenir gain de cause cette fois ci\u00a0\u00bb, dit-il. Ainsi, les plaidoyers pour l\u2019ouverture des magasins continuent toujours.<\/p>\n<p>SK<\/p>\n","protected":false},"excerpt":{"rendered":"<p>Les commer\u00e7ants de Haoussabougou, dans la commune de Koumassi, sont toujours dans le d\u00e9sarroi. En effet, ferm\u00e9s depuis le 31 d\u00e9cembre dernier par le la maire de ladite commune, Ibrahim Ciss\u00e9 Bacongo, \u00a0leurs magasins, au nombre de 341, ne sont toujours pas ouverts. Saisi de l\u2019affaire, le Syndicat des commer\u00e7ants, artisans et op\u00e9rateurs \u00e9conomiques de [&hellip;]<\/p>\n","protected":false},"author":2,"featured_media":1680,"comment_status":"open","ping_status":"open","sticky":true,"template":"","format":"standard","meta":{"_acf_changed":false,"footnotes":""},"categories":[],"tags":[],"class_list":["post-1679","post","type-post","status-publish","format-standard","has-post-thumbnail","hentry"],"acf":[],"yoast_head":"<!-- This site is optimized with the Yoast SEO plugin v27.5 - https:\/\/yoast.com\/product\/yoast-seo-wordpress\/ -->\n<title>Affaire 341 magasins ferm\u00e9s \u00e0 Koumassi: Le Collectif des commer\u00e7ants et le Sycaopao interpellent le Premier ministre - Amanien| L&#039;actualit\u00e9 Ivoirienne et Internationale<\/title>\n<meta name=\"robots\" content=\"index, follow, max-snippet:-1, max-image-preview:large, max-video-preview:-1\" \/>\n<link rel=\"canonical\" href=\"https:\/\/www.amanien.info\/news\/affaire-341-magasins-fermes-a-koumassi-le-collectif-des-commercants-et-le-sycaopao-interpellent-le-premier-ministre\/\" \/>\n<meta property=\"og:locale\" content=\"fr_FR\" \/>\n<meta property=\"og:type\" content=\"article\" \/>\n<meta property=\"og:title\" content=\"Affaire 341 magasins ferm\u00e9s \u00e0 Koumassi: Le Collectif des commer\u00e7ants et le Sycaopao interpellent le Premier ministre - Amanien| L&#039;actualit\u00e9 Ivoirienne et Internationale\" \/>\n<meta property=\"og:description\" content=\"Les commer\u00e7ants de Haoussabougou, dans la commune de Koumassi, sont toujours dans le d\u00e9sarroi. En effet, ferm\u00e9s depuis le 31 d\u00e9cembre dernier par le la maire de ladite commune, Ibrahim Ciss\u00e9 Bacongo, \u00a0leurs magasins, au nombre de 341, ne sont toujours pas ouverts. Saisi de l\u2019affaire, le Syndicat des commer\u00e7ants, artisans et op\u00e9rateurs \u00e9conomiques de [&hellip;]\" \/>\n<meta property=\"og:url\" content=\"https:\/\/www.amanien.info\/news\/affaire-341-magasins-fermes-a-koumassi-le-collectif-des-commercants-et-le-sycaopao-interpellent-le-premier-ministre\/\" \/>\n<meta property=\"og:site_name\" content=\"Amanien| L&#039;actualit\u00e9 Ivoirienne et Internationale\" \/>\n<meta property=\"article:published_time\" content=\"2020-08-23T12:53:26+00:00\" \/>\n<meta property=\"article:modified_time\" content=\"2020-08-23T12:53:59+00:00\" \/>\n<meta property=\"og:image\" content=\"https:\/\/www.amanien.info\/news\/wp-content\/uploads\/2020\/08\/thumbnail-22.jpg\" \/>\n\t<meta property=\"og:image:width\" content=\"1080\" \/>\n\t<meta property=\"og:image:height\" content=\"810\" \/>\n\t<meta property=\"og:image:type\" content=\"image\/jpeg\" \/>\n<meta name=\"author\" content=\"Germain Ndri\" \/>\n<meta name=\"twitter:card\" content=\"summary_large_image\" \/>\n<meta name=\"twitter:label1\" content=\"\u00c9crit par\" \/>\n\t<meta name=\"twitter:data1\" content=\"Germain Ndri\" \/>\n\t<meta name=\"twitter:label2\" content=\"Dur\u00e9e de lecture estim\u00e9e\" \/>\n\t<meta name=\"twitter:data2\" content=\"2 minutes\" \/>\n<script type=\"application\/ld+json\" class=\"yoast-schema-graph\">{\"@context\":\"https:\\\/\\\/schema.org\",\"@graph\":[{\"@type\":\"Article\",\"@id\":\"https:\\\/\\\/www.amanien.info\\\/news\\\/affaire-341-magasins-fermes-a-koumassi-le-collectif-des-commercants-et-le-sycaopao-interpellent-le-premier-ministre\\\/#article\",\"isPartOf\":{\"@id\":\"https:\\\/\\\/www.amanien.info\\\/news\\\/affaire-341-magasins-fermes-a-koumassi-le-collectif-des-commercants-et-le-sycaopao-interpellent-le-premier-ministre\\\/\"},\"author\":{\"name\":\"Germain Ndri\",\"@id\":\"https:\\\/\\\/www.amanien.info\\\/news\\\/#\\\/schema\\\/person\\\/b21093345753a1a98242d505bd894f42\"},\"headline\":\"Affaire 341 magasins ferm\u00e9s \u00e0 Koumassi: Le Collectif des commer\u00e7ants et le Sycaopao interpellent le Premier ministre\",\"datePublished\":\"2020-08-23T12:53:26+00:00\",\"dateModified\":\"2020-08-23T12:53:59+00:00\",\"mainEntityOfPage\":{\"@id\":\"https:\\\/\\\/www.amanien.info\\\/news\\\/affaire-341-magasins-fermes-a-koumassi-le-collectif-des-commercants-et-le-sycaopao-interpellent-le-premier-ministre\\\/\"},\"wordCount\":355,\"commentCount\":0,\"image\":{\"@id\":\"https:\\\/\\\/www.amanien.info\\\/news\\\/affaire-341-magasins-fermes-a-koumassi-le-collectif-des-commercants-et-le-sycaopao-interpellent-le-premier-ministre\\\/#primaryimage\"},\"thumbnailUrl\":\"https:\\\/\\\/www.amanien.info\\\/news\\\/wp-content\\\/uploads\\\/2020\\\/08\\\/thumbnail-22.jpg\",\"inLanguage\":\"fr-FR\"},{\"@type\":\"WebPage\",\"@id\":\"https:\\\/\\\/www.amanien.info\\\/news\\\/affaire-341-magasins-fermes-a-koumassi-le-collectif-des-commercants-et-le-sycaopao-interpellent-le-premier-ministre\\\/\",\"url\":\"https:\\\/\\\/www.amanien.info\\\/news\\\/affaire-341-magasins-fermes-a-koumassi-le-collectif-des-commercants-et-le-sycaopao-interpellent-le-premier-ministre\\\/\",\"name\":\"Affaire 341 magasins ferm\u00e9s \u00e0 Koumassi: Le Collectif des commer\u00e7ants et le Sycaopao interpellent le Premier ministre - Amanien| L&#039;actualit\u00e9 Ivoirienne et Internationale\",\"isPartOf\":{\"@id\":\"https:\\\/\\\/www.amanien.info\\\/news\\\/#website\"},\"primaryImageOfPage\":{\"@id\":\"https:\\\/\\\/www.amanien.info\\\/news\\\/affaire-341-magasins-fermes-a-koumassi-le-collectif-des-commercants-et-le-sycaopao-interpellent-le-premier-ministre\\\/#primaryimage\"},\"image\":{\"@id\":\"https:\\\/\\\/www.amanien.info\\\/news\\\/affaire-341-magasins-fermes-a-koumassi-le-collectif-des-commercants-et-le-sycaopao-interpellent-le-premier-ministre\\\/#primaryimage\"},\"thumbnailUrl\":\"https:\\\/\\\/www.amanien.info\\\/news\\\/wp-content\\\/uploads\\\/2020\\\/08\\\/thumbnail-22.jpg\",\"datePublished\":\"2020-08-23T12:53:26+00:00\",\"dateModified\":\"2020-08-23T12:53:59+00:00\",\"author\":{\"@id\":\"https:\\\/\\\/www.amanien.info\\\/news\\\/#\\\/schema\\\/person\\\/b21093345753a1a98242d505bd894f42\"},\"breadcrumb\":{\"@id\":\"https:\\\/\\\/www.amanien.info\\\/news\\\/affaire-341-magasins-fermes-a-koumassi-le-collectif-des-commercants-et-le-sycaopao-interpellent-le-premier-ministre\\\/#breadcrumb\"},\"inLanguage\":\"fr-FR\",\"potentialAction\":[{\"@type\":\"ReadAction\",\"target\":[\"https:\\\/\\\/www.amanien.info\\\/news\\\/affaire-341-magasins-fermes-a-koumassi-le-collectif-des-commercants-et-le-sycaopao-interpellent-le-premier-ministre\\\/\"]}]},{\"@type\":\"ImageObject\",\"inLanguage\":\"fr-FR\",\"@id\":\"https:\\\/\\\/www.amanien.info\\\/news\\\/affaire-341-magasins-fermes-a-koumassi-le-collectif-des-commercants-et-le-sycaopao-interpellent-le-premier-ministre\\\/#primaryimage\",\"url\":\"https:\\\/\\\/www.amanien.info\\\/news\\\/wp-content\\\/uploads\\\/2020\\\/08\\\/thumbnail-22.jpg\",\"contentUrl\":\"https:\\\/\\\/www.amanien.info\\\/news\\\/wp-content\\\/uploads\\\/2020\\\/08\\\/thumbnail-22.jpg\",\"width\":1080,\"height\":810},{\"@type\":\"BreadcrumbList\",\"@id\":\"https:\\\/\\\/www.amanien.info\\\/news\\\/affaire-341-magasins-fermes-a-koumassi-le-collectif-des-commercants-et-le-sycaopao-interpellent-le-premier-ministre\\\/#breadcrumb\",\"itemListElement\":[{\"@type\":\"ListItem\",\"position\":1,\"name\":\"Accueil\",\"item\":\"https:\\\/\\\/www.amanien.info\\\/news\\\/\"},{\"@type\":\"ListItem\",\"position\":2,\"name\":\"Affaire 341 magasins ferm\u00e9s \u00e0 Koumassi: Le Collectif des commer\u00e7ants et le Sycaopao interpellent le Premier ministre\"}]},{\"@type\":\"WebSite\",\"@id\":\"https:\\\/\\\/www.amanien.info\\\/news\\\/#website\",\"url\":\"https:\\\/\\\/www.amanien.info\\\/news\\\/\",\"name\":\"Amanien| L&#039;actualit\u00e9 Ivoirienne et Internationale\",\"description\":\"L&#039;actualit\u00e9 Ivoirienne et Internationale\",\"potentialAction\":[{\"@type\":\"SearchAction\",\"target\":{\"@type\":\"EntryPoint\",\"urlTemplate\":\"https:\\\/\\\/www.amanien.info\\\/news\\\/?s={search_term_string}\"},\"query-input\":{\"@type\":\"PropertyValueSpecification\",\"valueRequired\":true,\"valueName\":\"search_term_string\"}}],\"inLanguage\":\"fr-FR\"},{\"@type\":\"Person\",\"@id\":\"https:\\\/\\\/www.amanien.info\\\/news\\\/#\\\/schema\\\/person\\\/b21093345753a1a98242d505bd894f42\",\"name\":\"Germain Ndri\",\"url\":\"https:\\\/\\\/www.amanien.info\\\/news\\\/author\\\/amanien-infos\\\/\"}]}<\/script>\n<!-- \/ Yoast SEO plugin. -->","yoast_head_json":{"title":"Affaire 341 magasins ferm\u00e9s \u00e0 Koumassi: Le Collectif des commer\u00e7ants et le Sycaopao interpellent le Premier ministre - Amanien| L&#039;actualit\u00e9 Ivoirienne et Internationale","robots":{"index":"index","follow":"follow","max-snippet":"max-snippet:-1","max-image-preview":"max-image-preview:large","max-video-preview":"max-video-preview:-1"},"canonical":"https:\/\/www.amanien.info\/news\/affaire-341-magasins-fermes-a-koumassi-le-collectif-des-commercants-et-le-sycaopao-interpellent-le-premier-ministre\/","og_locale":"fr_FR","og_type":"article","og_title":"Affaire 341 magasins ferm\u00e9s \u00e0 Koumassi: Le Collectif des commer\u00e7ants et le Sycaopao interpellent le Premier ministre - Amanien| L&#039;actualit\u00e9 Ivoirienne et Internationale","og_description":"Les commer\u00e7ants de Haoussabougou, dans la commune de Koumassi, sont toujours dans le d\u00e9sarroi. En effet, ferm\u00e9s depuis le 31 d\u00e9cembre dernier par le la maire de ladite commune, Ibrahim Ciss\u00e9 Bacongo, \u00a0leurs magasins, au nombre de 341, ne sont toujours pas ouverts. Saisi de l\u2019affaire, le Syndicat des commer\u00e7ants, artisans et op\u00e9rateurs \u00e9conomiques de [&hellip;]","og_url":"https:\/\/www.amanien.info\/news\/affaire-341-magasins-fermes-a-koumassi-le-collectif-des-commercants-et-le-sycaopao-interpellent-le-premier-ministre\/","og_site_name":"Amanien| L&#039;actualit\u00e9 Ivoirienne et Internationale","article_published_time":"2020-08-23T12:53:26+00:00","article_modified_time":"2020-08-23T12:53:59+00:00","og_image":[{"width":1080,"height":810,"url":"https:\/\/www.amanien.info\/news\/wp-content\/uploads\/2020\/08\/thumbnail-22.jpg","type":"image\/jpeg"}],"author":"Germain Ndri","twitter_card":"summary_large_image","twitter_misc":{"\u00c9crit par":"Germain Ndri","Dur\u00e9e de lecture estim\u00e9e":"2 minutes"},"schema":{"@context":"https:\/\/schema.org","@graph":[{"@type":"Article","@id":"https:\/\/www.amanien.info\/news\/affaire-341-magasins-fermes-a-koumassi-le-collectif-des-commercants-et-le-sycaopao-interpellent-le-premier-ministre\/#article","isPartOf":{"@id":"https:\/\/www.amanien.info\/news\/affaire-341-magasins-fermes-a-koumassi-le-collectif-des-commercants-et-le-sycaopao-interpellent-le-premier-ministre\/"},"author":{"name":"Germain Ndri","@id":"https:\/\/www.amanien.info\/news\/#\/schema\/person\/b21093345753a1a98242d505bd894f42"},"headline":"Affaire 341 magasins ferm\u00e9s \u00e0 Koumassi: Le Collectif des commer\u00e7ants et le Sycaopao interpellent le Premier ministre","datePublished":"2020-08-23T12:53:26+00:00","dateModified":"2020-08-23T12:53:59+00:00","mainEntityOfPage":{"@id":"https:\/\/www.amanien.info\/news\/affaire-341-magasins-fermes-a-koumassi-le-collectif-des-commercants-et-le-sycaopao-interpellent-le-premier-ministre\/"},"wordCount":355,"commentCount":0,"image":{"@id":"https:\/\/www.amanien.info\/news\/affaire-341-magasins-fermes-a-koumassi-le-collectif-des-commercants-et-le-sycaopao-interpellent-le-premier-ministre\/#primaryimage"},"thumbnailUrl":"https:\/\/www.amanien.info\/news\/wp-content\/uploads\/2020\/08\/thumbnail-22.jpg","inLanguage":"fr-FR"},{"@type":"WebPage","@id":"https:\/\/www.amanien.info\/news\/affaire-341-magasins-fermes-a-koumassi-le-collectif-des-commercants-et-le-sycaopao-interpellent-le-premier-ministre\/","url":"https:\/\/www.amanien.info\/news\/affaire-341-magasins-fermes-a-koumassi-le-collectif-des-commercants-et-le-sycaopao-interpellent-le-premier-ministre\/","name":"Affaire 341 magasins ferm\u00e9s \u00e0 Koumassi: Le Collectif des commer\u00e7ants et le Sycaopao interpellent le Premier ministre - Amanien| L&#039;actualit\u00e9 Ivoirienne et Internationale","isPartOf":{"@id":"https:\/\/www.amanien.info\/news\/#website"},"primaryImageOfPage":{"@id":"https:\/\/www.amanien.info\/news\/affaire-341-magasins-fermes-a-koumassi-le-collectif-des-commercants-et-le-sycaopao-interpellent-le-premier-ministre\/#primaryimage"},"image":{"@id":"https:\/\/www.amanien.info\/news\/affaire-341-magasins-fermes-a-koumassi-le-collectif-des-commercants-et-le-sycaopao-interpellent-le-premier-ministre\/#primaryimage"},"thumbnailUrl":"https:\/\/www.amanien.info\/news\/wp-content\/uploads\/2020\/08\/thumbnail-22.jpg","datePublished":"2020-08-23T12:53:26+00:00","dateModified":"2020-08-23T12:53:59+00:00","author":{"@id":"https:\/\/www.amanien.info\/news\/#\/schema\/person\/b21093345753a1a98242d505bd894f42"},"breadcrumb":{"@id":"https:\/\/www.amanien.info\/news\/affaire-341-magasins-fermes-a-koumassi-le-collectif-des-commercants-et-le-sycaopao-interpellent-le-premier-ministre\/#breadcrumb"},"inLanguage":"fr-FR","potentialAction":[{"@type":"ReadAction","target":["https:\/\/www.amanien.info\/news\/affaire-341-magasins-fermes-a-koumassi-le-collectif-des-commercants-et-le-sycaopao-interpellent-le-premier-ministre\/"]}]},{"@type":"ImageObject","inLanguage":"fr-FR","@id":"https:\/\/www.amanien.info\/news\/affaire-341-magasins-fermes-a-koumassi-le-collectif-des-commercants-et-le-sycaopao-interpellent-le-premier-ministre\/#primaryimage","url":"https:\/\/www.amanien.info\/news\/wp-content\/uploads\/2020\/08\/thumbnail-22.jpg","contentUrl":"https:\/\/www.amanien.info\/news\/wp-content\/uploads\/2020\/08\/thumbnail-22.jpg","width":1080,"height":810},{"@type":"BreadcrumbList","@id":"https:\/\/www.amanien.info\/news\/affaire-341-magasins-fermes-a-koumassi-le-collectif-des-commercants-et-le-sycaopao-interpellent-le-premier-ministre\/#breadcrumb","itemListElement":[{"@type":"ListItem","position":1,"name":"Accueil","item":"https:\/\/www.amanien.info\/news\/"},{"@type":"ListItem","position":2,"name":"Affaire 341 magasins ferm\u00e9s \u00e0 Koumassi: Le Collectif des commer\u00e7ants et le Sycaopao interpellent le Premier ministre"}]},{"@type":"WebSite","@id":"https:\/\/www.amanien.info\/news\/#website","url":"https:\/\/www.amanien.info\/news\/","name":"Amanien| L&#039;actualit\u00e9 Ivoirienne et Internationale","description":"L&#039;actualit\u00e9 Ivoirienne et Internationale","potentialAction":[{"@type":"SearchAction","target":{"@type":"EntryPoint","urlTemplate":"https:\/\/www.amanien.info\/news\/?s={search_term_string}"},"query-input":{"@type":"PropertyValueSpecification","valueRequired":true,"valueName":"search_term_string"}}],"inLanguage":"fr-FR"},{"@type":"Person","@id":"https:\/\/www.amanien.info\/news\/#\/schema\/person\/b21093345753a1a98242d505bd894f42","name":"Germain Ndri","url":"https:\/\/www.amanien.info\/news\/author\/amanien-infos\/"}]}},"_links":{"self":[{"href":"https:\/\/www.amanien.info\/news\/wp-json\/wp\/v2\/posts\/1679","targetHints":{"allow":["GET"]}}],"collection":[{"href":"https:\/\/www.amanien.info\/news\/wp-json\/wp\/v2\/posts"}],"about":[{"href":"https:\/\/www.amanien.info\/news\/wp-json\/wp\/v2\/types\/post"}],"author":[{"embeddable":true,"href":"https:\/\/www.amanien.info\/news\/wp-json\/wp\/v2\/users\/2"}],"replies":[{"embeddable":true,"href":"https:\/\/www.amanien.info\/news\/wp-json\/wp\/v2\/comments?post=1679"}],"version-history":[{"count":0,"href":"https:\/\/www.amanien.info\/news\/wp-json\/wp\/v2\/posts\/1679\/revisions"}],"wp:featuredmedia":[{"embeddable":true,"href":"https:\/\/www.amanien.info\/news\/wp-json\/wp\/v2\/media\/1680"}],"wp:attachment":[{"href":"https:\/\/www.amanien.info\/news\/wp-json\/wp\/v2\/media?parent=1679"}],"wp:term":[{"taxonomy":"category","embeddable":true,"href":"https:\/\/www.amanien.info\/news\/wp-json\/wp\/v2\/categories?post=1679"},{"taxonomy":"post_tag","embeddable":true,"href":"https:\/\/www.amanien.info\/news\/wp-json\/wp\/v2\/tags?post=1679"}],"curies":[{"name":"wp","href":"https:\/\/api.w.org\/{rel}","templated":true}]}}