{"id":1626,"date":"2020-08-12T13:49:18","date_gmt":"2020-08-12T11:49:18","guid":{"rendered":"http:\/\/https:\/\/zozo.buyee.jp\/\/news\/?p=1626"},"modified":"2020-08-12T13:56:15","modified_gmt":"2020-08-12T11:56:15","slug":"federation-ivoirienne-de-football-le-processus-electoral-suspendu","status":"publish","type":"post","link":"https:\/\/www.amanien.info\/news\/federation-ivoirienne-de-football-le-processus-electoral-suspendu\/","title":{"rendered":"F\u00e9d\u00e9ration Ivoirienne de Football: Le processus \u00e9lectoral suspendu"},"content":{"rendered":"<p>Ce jour, mardi 11 ao\u00fbt 2020, \u00e0 18 heures 30 minutes, le Comit\u00e9 d\u2019urgence du Comit\u00e9 ex\u00e9cutif de la FIF a fait le constat, par voie d\u2019huissier, du d\u00e9faut de notification par la Commission \u00e9lectorale, dans le d\u00e9lai prescrit par les dispositions du code \u00e9lectoral, de sa d\u00e9cision aux diff\u00e9rents candidats \u00e0 la pr\u00e9sidence de la FIF.<\/p>\n<p>Pour rappel, l\u2019Assembl\u00e9e G\u00e9n\u00e9rale Ordinaire de la FIF a eu lieu le samedi 04 juillet 2020 \u00e0 Yamoussoukro.<\/p>\n<p>\u00c0 cette occasion, l\u2019Assembl\u00e9e G\u00e9n\u00e9rale a proc\u00e9d\u00e9 \u00e0 l\u2019\u00e9lection de la Commission \u00e9lectorale de la FIF, en application des dispositions pr\u00e9vues \u00e0 l\u2019article 4 du Code Electoral de la FIF.<\/p>\n<p>Cette Commission, install\u00e9e le mardi 07 juillet 2020, a d\u00e9but\u00e9 ses travaux le lundi 13 juillet 2020. \u00c0 cette date, elle a publi\u00e9 un communiqu\u00e9 pour fixer la p\u00e9riode de d\u00e9p\u00f4t des candidatures et pour rappeler les conditions d\u2019\u00e9ligibilit\u00e9.<\/p>\n<p>Un second communiqu\u00e9 de la Commission \u00e9lectorale a \u00e9t\u00e9 publi\u00e9 le 23 juillet 2020 pour reporter au samedi 1er ao\u00fbt 2020 la date limite de d\u00e9p\u00f4t des dossiers de candidature, en raison de la c\u00e9l\u00e9bration de la f\u00eate de la Tabaski, le vendredi 31 juillet 2020, jour f\u00e9ri\u00e9 non pris en compte dans le calendrier \u00e9lectoral initial.<\/p>\n<p>Tous les membres actifs de la FIF ont not\u00e9 l\u2019effervescence entourant les d\u00e9p\u00f4ts de candidatures.<\/p>\n<p>Et ils attendaient les conclusions des travaux de la Commission \u00e9lectorale quand, le lundi 10 ao\u00fbt 2020, le Directeur ex\u00e9cutif qui assure, en application des dispositions de l\u2019article 5 du Code Electoral de la FIF, les fonctions de Secr\u00e9taire de la Commission \u00e9lectorale, a produit un rapport circonstanci\u00e9.<\/p>\n<p>Le rapport du Secr\u00e9taire de la Commission \u00e9lectorale, fait ressortir de graves manquements dans la conduite du processus \u00e9lectoral par ladite commission. Il a fait part de son refus de signer un proc\u00e8s-verbal de d\u00e9lib\u00e9rations qui n\u2019\u00e9tait pas conforme aux d\u00e9cisions arr\u00eat\u00e9es par la Commission \u00e9lectorale et qui comportait des conclusions portant atteinte aux textes de la FIF.<\/p>\n<p>Devant la gravit\u00e9 des manquements rapport\u00e9s, le Pr\u00e9sident de la FIF a interpell\u00e9 le Pr\u00e9sident de la Commission \u00e9lectorale par courrier en date du 10 ao\u00fbt 2020. Dans sa r\u00e9ponse dat\u00e9e du m\u00eame jour, le Pr\u00e9sident de la Commission \u00e9lectorale a indiqu\u00e9 \u00ab avoir agi en toute na\u00efvet\u00e9, pour pr\u00e9server la coh\u00e9sion sociale, en cette p\u00e9riode sensible \u00bb. Il a ajout\u00e9, avoir trouv\u00e9, avec les \u00ab \u00e9minents juristes, membres de la Commission, une solution ad \u2019hoc \u00bb. Enfin, le Pr\u00e9sident de la Commission a d\u00e9clar\u00e9 s\u2019en remettre \u00e0 la d\u00e9cision qui sera prise et ne pas s\u2019opposer \u00e0 une \u00e9ventuelle r\u00e9cusation.<\/p>\n<p>Par courriers en date du 10 ao\u00fbt 2020, le Pr\u00e9sident de la FIF a inform\u00e9 la FIFA et la CAF de cette situation et de la convocation du Comit\u00e9 d\u2019urgence du Comit\u00e9 ex\u00e9cutif de la FIF pour arr\u00eater les mesures n\u00e9cessaires.<\/p>\n<p>Le mardi 11 ao\u00fbt 2020, le Pr\u00e9sident de la FIF a re\u00e7u une note, \u00e0 lui adress\u00e9e par 4 membres de la Commission \u00e9lectorale, d\u00e9non\u00e7ant les agissements du Pr\u00e9sident de leur commission et d\u00e9clarant ne pas se reconna\u00eetre dans la d\u00e9cision que lui et certains membres de la commission ont adopt\u00e9e le dimanche 09 ao\u00fbt 2020. Il est \u00e0 pr\u00e9ciser que la commission est compos\u00e9e de 7 membres.<\/p>\n<p>Les faits rapport\u00e9s r\u00e9v\u00e8lent des violations graves et r\u00e9p\u00e9t\u00e9es des dispositions des articles 2 et 8 du Code \u00e9lectoral, ainsi que des dispositions finales dudit Code.<\/p>\n<p>\u00c0 ce stade, le Comit\u00e9 d\u2019urgence du Comit\u00e9 ex\u00e9cutif de la FIF a fait les constats suivants :<\/p>\n<p>&#8211; La Commission \u00e9lectorale a viol\u00e9 le Code \u00e9lectoral de la FIF et le mandat qui lui a \u00e9t\u00e9 donn\u00e9 par l\u2019Assembl\u00e9e G\u00e9n\u00e9rale ;<br \/>\n&#8211; La Commission a ignor\u00e9 les statuts, r\u00e8glements et directives de la FIF ;<br \/>\n&#8211; La confidentialit\u00e9 des travaux de la Commission \u00e9lectorale a \u00e9t\u00e9 viol\u00e9e par les interventions d\u2019un de ses membres sur les m\u00e9dias et les r\u00e9seaux sociaux ;<br \/>\n&#8211; La cr\u00e9dibilit\u00e9 des d\u00e9cisions de la Commission \u00e9lectorale est atteinte ;<br \/>\n&#8211; La neutralit\u00e9 de certains membres de la Commission \u00e9lectorale est remise en cause ;<br \/>\n&#8211; Le processus \u00e9lectoral en cours n\u2019inspire plus confiance ;<br \/>\n&#8211; Le d\u00e9lai imparti \u00e0 la Commission \u00e9lectorale pour l\u2019examen et la publication des candidatures a pris fin le mardi 11 ao\u00fbt 2020 \u00e0 18 heures, sans d\u00e9cision rendue par celle-ci.<\/p>\n<p>Ces constats, qui d\u00e9notent la d\u00e9faillance de la Commission \u00e9lectorale, ont conduit le Comit\u00e9 d\u2019urgence du Comit\u00e9 ex\u00e9cutif de la FIF \u00e0 arr\u00eater les d\u00e9cisions suivantes :<\/p>\n<p>&#8211; Suspension du processus \u00e9lectoral de la FIF, en application des articles 48 et 100 des statuts de la FIF ;<br \/>\n&#8211; Convocation d\u2019une Assembl\u00e9e G\u00e9n\u00e9rale de la FIF, en session extraordinaire, en application de l\u2019article 36 des statuts de la FIF, pour examiner les dispositions \u00e0 prendre pour la poursuite des op\u00e9rations \u00e9lectorales ;<br \/>\n&#8211; Organisation de l\u2019Assembl\u00e9e G\u00e9n\u00e9rale Extraordinaire de la FIF le samedi 29 ao\u00fbt 2020 \u00e0 Abidjan, pour d\u00e9lib\u00e9rer sur l\u2019ordre du jour suivant :<br \/>\no Rapport du Comit\u00e9 ex\u00e9cutif sur la d\u00e9cision de suspension du processus \u00e9lectoral ;<br \/>\no Recomposition de la Commission \u00e9lectorale et poursuite des op\u00e9rations \u00e9lectorales ;<br \/>\no Divers.<\/p>\n<p>Le Comit\u00e9 ex\u00e9cutif de la FIF rappelle qu\u2019il est de son devoir de s\u2019assurer que le processus \u00e9lectoral soit conforme aux textes de la FIF, de la FIFA et de la CAF, et de veiller \u00e0 ce qu\u2019il soit irr\u00e9prochable.<\/p>\n<p>\u200b\u200b\u200b\u200b\u200b\u200b\u200b\u200bFait \u00e0 Abidjan, le 11 ao\u00fbt 2020.<br \/>\n\u200b\u200b\u200b\u200b\u200b\u200b\u200b\u200bAugustin Sidy DIALLO<br \/>\n\u200b\u200b\u200b\u200b\u200b\u200b\u200b\u200bPr\u00e9sident de la FIF.<\/p>\n","protected":false},"excerpt":{"rendered":"<p>Ce jour, mardi 11 ao\u00fbt 2020, \u00e0 18 heures 30 minutes, le Comit\u00e9 d\u2019urgence du Comit\u00e9 ex\u00e9cutif de la FIF a fait le constat, par voie d\u2019huissier, du d\u00e9faut de notification par la Commission \u00e9lectorale, dans le d\u00e9lai prescrit par les dispositions du code \u00e9lectoral, de sa d\u00e9cision aux diff\u00e9rents candidats \u00e0 la pr\u00e9sidence de [&hellip;]<\/p>\n","protected":false},"author":2,"featured_media":1627,"comment_status":"open","ping_status":"open","sticky":true,"template":"","format":"standard","meta":{"_acf_changed":false,"footnotes":""},"categories":[],"tags":[],"class_list":["post-1626","post","type-post","status-publish","format-standard","has-post-thumbnail","hentry"],"acf":[],"yoast_head":"<!-- This site is optimized with the Yoast SEO plugin v27.5 - https:\/\/yoast.com\/product\/yoast-seo-wordpress\/ -->\n<title>F\u00e9d\u00e9ration Ivoirienne de Football: Le processus \u00e9lectoral suspendu - Amanien| L&#039;actualit\u00e9 Ivoirienne et Internationale<\/title>\n<meta name=\"robots\" content=\"index, follow, max-snippet:-1, max-image-preview:large, max-video-preview:-1\" \/>\n<link rel=\"canonical\" href=\"https:\/\/www.amanien.info\/news\/federation-ivoirienne-de-football-le-processus-electoral-suspendu\/\" \/>\n<meta property=\"og:locale\" content=\"fr_FR\" \/>\n<meta property=\"og:type\" content=\"article\" \/>\n<meta property=\"og:title\" content=\"F\u00e9d\u00e9ration Ivoirienne de Football: Le processus \u00e9lectoral suspendu - Amanien| L&#039;actualit\u00e9 Ivoirienne et Internationale\" \/>\n<meta property=\"og:description\" content=\"Ce jour, mardi 11 ao\u00fbt 2020, \u00e0 18 heures 30 minutes, le Comit\u00e9 d\u2019urgence du Comit\u00e9 ex\u00e9cutif de la FIF a fait le constat, par voie d\u2019huissier, du d\u00e9faut de notification par la Commission \u00e9lectorale, dans le d\u00e9lai prescrit par les dispositions du code \u00e9lectoral, de sa d\u00e9cision aux diff\u00e9rents candidats \u00e0 la pr\u00e9sidence de [&hellip;]\" \/>\n<meta property=\"og:url\" content=\"https:\/\/www.amanien.info\/news\/federation-ivoirienne-de-football-le-processus-electoral-suspendu\/\" \/>\n<meta property=\"og:site_name\" content=\"Amanien| L&#039;actualit\u00e9 Ivoirienne et Internationale\" \/>\n<meta property=\"article:published_time\" content=\"2020-08-12T11:49:18+00:00\" \/>\n<meta property=\"article:modified_time\" content=\"2020-08-12T11:56:15+00:00\" \/>\n<meta property=\"og:image\" content=\"https:\/\/www.amanien.info\/news\/wp-content\/uploads\/2020\/08\/IMG_04483-400x266-1.jpg\" \/>\n\t<meta property=\"og:image:width\" content=\"400\" \/>\n\t<meta property=\"og:image:height\" content=\"266\" \/>\n\t<meta property=\"og:image:type\" content=\"image\/jpeg\" \/>\n<meta name=\"author\" content=\"Germain Ndri\" \/>\n<meta name=\"twitter:card\" content=\"summary_large_image\" \/>\n<meta name=\"twitter:label1\" content=\"\u00c9crit par\" \/>\n\t<meta name=\"twitter:data1\" content=\"Germain Ndri\" \/>\n\t<meta name=\"twitter:label2\" content=\"Dur\u00e9e de lecture estim\u00e9e\" \/>\n\t<meta name=\"twitter:data2\" content=\"5 minutes\" \/>\n<script type=\"application\/ld+json\" class=\"yoast-schema-graph\">{\"@context\":\"https:\\\/\\\/schema.org\",\"@graph\":[{\"@type\":\"Article\",\"@id\":\"https:\\\/\\\/www.amanien.info\\\/news\\\/federation-ivoirienne-de-football-le-processus-electoral-suspendu\\\/#article\",\"isPartOf\":{\"@id\":\"https:\\\/\\\/www.amanien.info\\\/news\\\/federation-ivoirienne-de-football-le-processus-electoral-suspendu\\\/\"},\"author\":{\"name\":\"Germain Ndri\",\"@id\":\"https:\\\/\\\/www.amanien.info\\\/news\\\/#\\\/schema\\\/person\\\/b21093345753a1a98242d505bd894f42\"},\"headline\":\"F\u00e9d\u00e9ration Ivoirienne de Football: Le processus \u00e9lectoral suspendu\",\"datePublished\":\"2020-08-12T11:49:18+00:00\",\"dateModified\":\"2020-08-12T11:56:15+00:00\",\"mainEntityOfPage\":{\"@id\":\"https:\\\/\\\/www.amanien.info\\\/news\\\/federation-ivoirienne-de-football-le-processus-electoral-suspendu\\\/\"},\"wordCount\":971,\"commentCount\":0,\"image\":{\"@id\":\"https:\\\/\\\/www.amanien.info\\\/news\\\/federation-ivoirienne-de-football-le-processus-electoral-suspendu\\\/#primaryimage\"},\"thumbnailUrl\":\"https:\\\/\\\/www.amanien.info\\\/news\\\/wp-content\\\/uploads\\\/2020\\\/08\\\/IMG_04483-400x266-1.jpg\",\"inLanguage\":\"fr-FR\"},{\"@type\":\"WebPage\",\"@id\":\"https:\\\/\\\/www.amanien.info\\\/news\\\/federation-ivoirienne-de-football-le-processus-electoral-suspendu\\\/\",\"url\":\"https:\\\/\\\/www.amanien.info\\\/news\\\/federation-ivoirienne-de-football-le-processus-electoral-suspendu\\\/\",\"name\":\"F\u00e9d\u00e9ration Ivoirienne de Football: Le processus \u00e9lectoral suspendu - Amanien| L&#039;actualit\u00e9 Ivoirienne et Internationale\",\"isPartOf\":{\"@id\":\"https:\\\/\\\/www.amanien.info\\\/news\\\/#website\"},\"primaryImageOfPage\":{\"@id\":\"https:\\\/\\\/www.amanien.info\\\/news\\\/federation-ivoirienne-de-football-le-processus-electoral-suspendu\\\/#primaryimage\"},\"image\":{\"@id\":\"https:\\\/\\\/www.amanien.info\\\/news\\\/federation-ivoirienne-de-football-le-processus-electoral-suspendu\\\/#primaryimage\"},\"thumbnailUrl\":\"https:\\\/\\\/www.amanien.info\\\/news\\\/wp-content\\\/uploads\\\/2020\\\/08\\\/IMG_04483-400x266-1.jpg\",\"datePublished\":\"2020-08-12T11:49:18+00:00\",\"dateModified\":\"2020-08-12T11:56:15+00:00\",\"author\":{\"@id\":\"https:\\\/\\\/www.amanien.info\\\/news\\\/#\\\/schema\\\/person\\\/b21093345753a1a98242d505bd894f42\"},\"breadcrumb\":{\"@id\":\"https:\\\/\\\/www.amanien.info\\\/news\\\/federation-ivoirienne-de-football-le-processus-electoral-suspendu\\\/#breadcrumb\"},\"inLanguage\":\"fr-FR\",\"potentialAction\":[{\"@type\":\"ReadAction\",\"target\":[\"https:\\\/\\\/www.amanien.info\\\/news\\\/federation-ivoirienne-de-football-le-processus-electoral-suspendu\\\/\"]}]},{\"@type\":\"ImageObject\",\"inLanguage\":\"fr-FR\",\"@id\":\"https:\\\/\\\/www.amanien.info\\\/news\\\/federation-ivoirienne-de-football-le-processus-electoral-suspendu\\\/#primaryimage\",\"url\":\"https:\\\/\\\/www.amanien.info\\\/news\\\/wp-content\\\/uploads\\\/2020\\\/08\\\/IMG_04483-400x266-1.jpg\",\"contentUrl\":\"https:\\\/\\\/www.amanien.info\\\/news\\\/wp-content\\\/uploads\\\/2020\\\/08\\\/IMG_04483-400x266-1.jpg\",\"width\":400,\"height\":266},{\"@type\":\"BreadcrumbList\",\"@id\":\"https:\\\/\\\/www.amanien.info\\\/news\\\/federation-ivoirienne-de-football-le-processus-electoral-suspendu\\\/#breadcrumb\",\"itemListElement\":[{\"@type\":\"ListItem\",\"position\":1,\"name\":\"Accueil\",\"item\":\"https:\\\/\\\/www.amanien.info\\\/news\\\/\"},{\"@type\":\"ListItem\",\"position\":2,\"name\":\"F\u00e9d\u00e9ration Ivoirienne de Football: Le processus \u00e9lectoral suspendu\"}]},{\"@type\":\"WebSite\",\"@id\":\"https:\\\/\\\/www.amanien.info\\\/news\\\/#website\",\"url\":\"https:\\\/\\\/www.amanien.info\\\/news\\\/\",\"name\":\"Amanien| L&#039;actualit\u00e9 Ivoirienne et Internationale\",\"description\":\"L&#039;actualit\u00e9 Ivoirienne et Internationale\",\"potentialAction\":[{\"@type\":\"SearchAction\",\"target\":{\"@type\":\"EntryPoint\",\"urlTemplate\":\"https:\\\/\\\/www.amanien.info\\\/news\\\/?s={search_term_string}\"},\"query-input\":{\"@type\":\"PropertyValueSpecification\",\"valueRequired\":true,\"valueName\":\"search_term_string\"}}],\"inLanguage\":\"fr-FR\"},{\"@type\":\"Person\",\"@id\":\"https:\\\/\\\/www.amanien.info\\\/news\\\/#\\\/schema\\\/person\\\/b21093345753a1a98242d505bd894f42\",\"name\":\"Germain Ndri\",\"url\":\"https:\\\/\\\/www.amanien.info\\\/news\\\/author\\\/amanien-infos\\\/\"}]}<\/script>\n<!-- \/ Yoast SEO plugin. -->","yoast_head_json":{"title":"F\u00e9d\u00e9ration Ivoirienne de Football: Le processus \u00e9lectoral suspendu - Amanien| L&#039;actualit\u00e9 Ivoirienne et Internationale","robots":{"index":"index","follow":"follow","max-snippet":"max-snippet:-1","max-image-preview":"max-image-preview:large","max-video-preview":"max-video-preview:-1"},"canonical":"https:\/\/www.amanien.info\/news\/federation-ivoirienne-de-football-le-processus-electoral-suspendu\/","og_locale":"fr_FR","og_type":"article","og_title":"F\u00e9d\u00e9ration Ivoirienne de Football: Le processus \u00e9lectoral suspendu - Amanien| L&#039;actualit\u00e9 Ivoirienne et Internationale","og_description":"Ce jour, mardi 11 ao\u00fbt 2020, \u00e0 18 heures 30 minutes, le Comit\u00e9 d\u2019urgence du Comit\u00e9 ex\u00e9cutif de la FIF a fait le constat, par voie d\u2019huissier, du d\u00e9faut de notification par la Commission \u00e9lectorale, dans le d\u00e9lai prescrit par les dispositions du code \u00e9lectoral, de sa d\u00e9cision aux diff\u00e9rents candidats \u00e0 la pr\u00e9sidence de [&hellip;]","og_url":"https:\/\/www.amanien.info\/news\/federation-ivoirienne-de-football-le-processus-electoral-suspendu\/","og_site_name":"Amanien| L&#039;actualit\u00e9 Ivoirienne et Internationale","article_published_time":"2020-08-12T11:49:18+00:00","article_modified_time":"2020-08-12T11:56:15+00:00","og_image":[{"width":400,"height":266,"url":"https:\/\/www.amanien.info\/news\/wp-content\/uploads\/2020\/08\/IMG_04483-400x266-1.jpg","type":"image\/jpeg"}],"author":"Germain Ndri","twitter_card":"summary_large_image","twitter_misc":{"\u00c9crit par":"Germain Ndri","Dur\u00e9e de lecture estim\u00e9e":"5 minutes"},"schema":{"@context":"https:\/\/schema.org","@graph":[{"@type":"Article","@id":"https:\/\/www.amanien.info\/news\/federation-ivoirienne-de-football-le-processus-electoral-suspendu\/#article","isPartOf":{"@id":"https:\/\/www.amanien.info\/news\/federation-ivoirienne-de-football-le-processus-electoral-suspendu\/"},"author":{"name":"Germain Ndri","@id":"https:\/\/www.amanien.info\/news\/#\/schema\/person\/b21093345753a1a98242d505bd894f42"},"headline":"F\u00e9d\u00e9ration Ivoirienne de Football: Le processus \u00e9lectoral suspendu","datePublished":"2020-08-12T11:49:18+00:00","dateModified":"2020-08-12T11:56:15+00:00","mainEntityOfPage":{"@id":"https:\/\/www.amanien.info\/news\/federation-ivoirienne-de-football-le-processus-electoral-suspendu\/"},"wordCount":971,"commentCount":0,"image":{"@id":"https:\/\/www.amanien.info\/news\/federation-ivoirienne-de-football-le-processus-electoral-suspendu\/#primaryimage"},"thumbnailUrl":"https:\/\/www.amanien.info\/news\/wp-content\/uploads\/2020\/08\/IMG_04483-400x266-1.jpg","inLanguage":"fr-FR"},{"@type":"WebPage","@id":"https:\/\/www.amanien.info\/news\/federation-ivoirienne-de-football-le-processus-electoral-suspendu\/","url":"https:\/\/www.amanien.info\/news\/federation-ivoirienne-de-football-le-processus-electoral-suspendu\/","name":"F\u00e9d\u00e9ration Ivoirienne de Football: Le processus \u00e9lectoral suspendu - Amanien| L&#039;actualit\u00e9 Ivoirienne et Internationale","isPartOf":{"@id":"https:\/\/www.amanien.info\/news\/#website"},"primaryImageOfPage":{"@id":"https:\/\/www.amanien.info\/news\/federation-ivoirienne-de-football-le-processus-electoral-suspendu\/#primaryimage"},"image":{"@id":"https:\/\/www.amanien.info\/news\/federation-ivoirienne-de-football-le-processus-electoral-suspendu\/#primaryimage"},"thumbnailUrl":"https:\/\/www.amanien.info\/news\/wp-content\/uploads\/2020\/08\/IMG_04483-400x266-1.jpg","datePublished":"2020-08-12T11:49:18+00:00","dateModified":"2020-08-12T11:56:15+00:00","author":{"@id":"https:\/\/www.amanien.info\/news\/#\/schema\/person\/b21093345753a1a98242d505bd894f42"},"breadcrumb":{"@id":"https:\/\/www.amanien.info\/news\/federation-ivoirienne-de-football-le-processus-electoral-suspendu\/#breadcrumb"},"inLanguage":"fr-FR","potentialAction":[{"@type":"ReadAction","target":["https:\/\/www.amanien.info\/news\/federation-ivoirienne-de-football-le-processus-electoral-suspendu\/"]}]},{"@type":"ImageObject","inLanguage":"fr-FR","@id":"https:\/\/www.amanien.info\/news\/federation-ivoirienne-de-football-le-processus-electoral-suspendu\/#primaryimage","url":"https:\/\/www.amanien.info\/news\/wp-content\/uploads\/2020\/08\/IMG_04483-400x266-1.jpg","contentUrl":"https:\/\/www.amanien.info\/news\/wp-content\/uploads\/2020\/08\/IMG_04483-400x266-1.jpg","width":400,"height":266},{"@type":"BreadcrumbList","@id":"https:\/\/www.amanien.info\/news\/federation-ivoirienne-de-football-le-processus-electoral-suspendu\/#breadcrumb","itemListElement":[{"@type":"ListItem","position":1,"name":"Accueil","item":"https:\/\/www.amanien.info\/news\/"},{"@type":"ListItem","position":2,"name":"F\u00e9d\u00e9ration Ivoirienne de Football: Le processus \u00e9lectoral suspendu"}]},{"@type":"WebSite","@id":"https:\/\/www.amanien.info\/news\/#website","url":"https:\/\/www.amanien.info\/news\/","name":"Amanien| L&#039;actualit\u00e9 Ivoirienne et Internationale","description":"L&#039;actualit\u00e9 Ivoirienne et Internationale","potentialAction":[{"@type":"SearchAction","target":{"@type":"EntryPoint","urlTemplate":"https:\/\/www.amanien.info\/news\/?s={search_term_string}"},"query-input":{"@type":"PropertyValueSpecification","valueRequired":true,"valueName":"search_term_string"}}],"inLanguage":"fr-FR"},{"@type":"Person","@id":"https:\/\/www.amanien.info\/news\/#\/schema\/person\/b21093345753a1a98242d505bd894f42","name":"Germain Ndri","url":"https:\/\/www.amanien.info\/news\/author\/amanien-infos\/"}]}},"_links":{"self":[{"href":"https:\/\/www.amanien.info\/news\/wp-json\/wp\/v2\/posts\/1626","targetHints":{"allow":["GET"]}}],"collection":[{"href":"https:\/\/www.amanien.info\/news\/wp-json\/wp\/v2\/posts"}],"about":[{"href":"https:\/\/www.amanien.info\/news\/wp-json\/wp\/v2\/types\/post"}],"author":[{"embeddable":true,"href":"https:\/\/www.amanien.info\/news\/wp-json\/wp\/v2\/users\/2"}],"replies":[{"embeddable":true,"href":"https:\/\/www.amanien.info\/news\/wp-json\/wp\/v2\/comments?post=1626"}],"version-history":[{"count":0,"href":"https:\/\/www.amanien.info\/news\/wp-json\/wp\/v2\/posts\/1626\/revisions"}],"wp:featuredmedia":[{"embeddable":true,"href":"https:\/\/www.amanien.info\/news\/wp-json\/wp\/v2\/media\/1627"}],"wp:attachment":[{"href":"https:\/\/www.amanien.info\/news\/wp-json\/wp\/v2\/media?parent=1626"}],"wp:term":[{"taxonomy":"category","embeddable":true,"href":"https:\/\/www.amanien.info\/news\/wp-json\/wp\/v2\/categories?post=1626"},{"taxonomy":"post_tag","embeddable":true,"href":"https:\/\/www.amanien.info\/news\/wp-json\/wp\/v2\/tags?post=1626"}],"curies":[{"name":"wp","href":"https:\/\/api.w.org\/{rel}","templated":true}]}}