{"id":1564,"date":"2020-08-02T16:17:37","date_gmt":"2020-08-02T14:17:37","guid":{"rendered":"http:\/\/https:\/\/zozo.buyee.jp\/\/news\/?p=1564"},"modified":"2020-08-02T16:18:49","modified_gmt":"2020-08-02T14:18:49","slug":"tabaski-ou-laid-el-kebir-2020-toure-adama-a-prie-a-la-moquee-zawiya-de-gbeba-avec-les-enfants-de-la-gare","status":"publish","type":"post","link":"https:\/\/www.amanien.info\/news\/tabaski-ou-laid-el-kebir-2020-toure-adama-a-prie-a-la-moquee-zawiya-de-gbeba-avec-les-enfants-de-la-gare\/","title":{"rendered":"Tabaski ou l\u2019A\u00efd-el-Kebir 2020: Tour\u00e9 Adama a pri\u00e9 \u00e0 la moqu\u00e9e Zawiya de Gb\u00eaba avec les enfants de la gare."},"content":{"rendered":"<p>A l\u2019instar de toutes les communaut\u00e9s musulmanes, celles de la gare Gb\u00eaba d\u2019Adjam\u00e9, notamment les enfants qui y dorment,\u00a0 ont\u00a0 c\u00e9l\u00e9br\u00e9 la Tabaski ou \u00a0l\u2019A\u00efd-el-k\u00e9bir dans l\u2019all\u00e9gresse et la joie. A leurs c\u00f4t\u00e9s, El Hadj Tour\u00e9 Adama, le pr\u00e9sident de la Coordination nationale des gares routi\u00e8res de C\u00f4te d\u2019Ivoire \u00a0(CNGR-CI). Apr\u00e8s la pri\u00e8re dite par l\u2019imam Sylla Mohazou, place a \u00e9t\u00e9 faite \u00e0 l\u2019allocution du n\u00b01 de la CNGR-CI, suivie du partage de repas. A cet effet, ce sont plus de 500 kits alimentaires qui ont \u00e9t\u00e9 distribu\u00e9s \u00e0 ces enfants, pour leur permettre de bien manger et bien s\u2019\u00e9gailler. S\u2019agissant de son intervention, Tour\u00e9 Adama, a essentiellement orient\u00e9 ses propos vers la modernisation des gares routi\u00e8res\u00a0: \u00ab(\u2026) Nous souhaitons la bienvenue au Premier ministre Hamed Bakayoko, \u00e0 ce prestigieux poste. Fasse Dieu lui donner une sant\u00e9 de fer et la force n\u00e9cessaire de relever tous les challenges. Toutefois, les acteurs du transport terrestre que nous sommes, plaidons d\u00e9j\u00e0 pour des gares modernes, dignes de cette appellation pour l\u2019honneur et l\u2019image de la C\u00f4te d\u2019Ivoire. Si au niveau des infrastructures routi\u00e8res, nous enregistrons d\u2019ind\u00e9niables satisfactions, force est de reconnaitre que toutes nos gares continuent de patauger dans la boue, le d\u00e9sordre ambiant, les crevasses, la puanteur. Face \u00e0 ce solde d\u00e9ficitaire, nous demandons un urgent plan de r\u00e9novation, et d\u2019embellissement\u00a0\u00bb, a-t-il dit en substance. Et d\u2019arguer\u00a0que toutes les gares routi\u00e8res sont dans le d\u00e9labrement total, avec un point d\u2019honneur au niveau de Gb\u00eaba, la plus grande gare routi\u00e8re d\u2019Abidjan. \u00ab(\u2026) La gare Gb\u00eaba, repr\u00e9sente le gagne pain de milliers de personnes\u00a0 par jour. Au del\u00e0, toutes les compagnies\u00a0 nationales comme internationales y sont. Il serait alors incongru de continuer \u00e0 laisser tout ce monde dans la boue\u00a0\u00bb, a-t-il ajout\u00e9. Pour lui donc, celle \u2013ci m\u00e9rite d\u2019\u00eatre bitum\u00e9e et modernis\u00e9e. Revenant sur la c\u00e9l\u00e9bration\u00a0 de la Tabaski \u00e0 la gare Gb\u00eaba, il a expliqu\u00e9 que cette f\u00eate \u00e9tant un moment de partage et de \u2018\u2019Samb\u00ea-Samb\u00ea\u2019\u2019, c\u2019est alors de l\u2019ordre normal des choses d\u2019\u00eatre aux c\u00f4t\u00e9s des enfants qui dorment et font tout \u00e0 la gare.<\/p>\n","protected":false},"excerpt":{"rendered":"<p>A l\u2019instar de toutes les communaut\u00e9s musulmanes, celles de la gare Gb\u00eaba d\u2019Adjam\u00e9, notamment les enfants qui y dorment,\u00a0 ont\u00a0 c\u00e9l\u00e9br\u00e9 la Tabaski ou \u00a0l\u2019A\u00efd-el-k\u00e9bir dans l\u2019all\u00e9gresse et la joie. A leurs c\u00f4t\u00e9s, El Hadj Tour\u00e9 Adama, le pr\u00e9sident de la Coordination nationale des gares routi\u00e8res de C\u00f4te d\u2019Ivoire \u00a0(CNGR-CI). Apr\u00e8s la pri\u00e8re dite par [&hellip;]<\/p>\n","protected":false},"author":2,"featured_media":1565,"comment_status":"open","ping_status":"open","sticky":true,"template":"","format":"standard","meta":{"_acf_changed":false,"footnotes":""},"categories":[],"tags":[],"class_list":["post-1564","post","type-post","status-publish","format-standard","has-post-thumbnail","hentry"],"acf":[],"yoast_head":"<!-- This site is optimized with the Yoast SEO plugin v27.5 - https:\/\/yoast.com\/product\/yoast-seo-wordpress\/ -->\n<title>Tabaski ou l\u2019A\u00efd-el-Kebir 2020: Tour\u00e9 Adama a pri\u00e9 \u00e0 la moqu\u00e9e Zawiya de Gb\u00eaba avec les enfants de la gare. - Amanien| L&#039;actualit\u00e9 Ivoirienne et Internationale<\/title>\n<meta name=\"robots\" content=\"index, follow, max-snippet:-1, max-image-preview:large, max-video-preview:-1\" \/>\n<link rel=\"canonical\" href=\"https:\/\/www.amanien.info\/news\/tabaski-ou-laid-el-kebir-2020-toure-adama-a-prie-a-la-moquee-zawiya-de-gbeba-avec-les-enfants-de-la-gare\/\" \/>\n<meta property=\"og:locale\" content=\"fr_FR\" \/>\n<meta property=\"og:type\" content=\"article\" \/>\n<meta property=\"og:title\" content=\"Tabaski ou l\u2019A\u00efd-el-Kebir 2020: Tour\u00e9 Adama a pri\u00e9 \u00e0 la moqu\u00e9e Zawiya de Gb\u00eaba avec les enfants de la gare. - Amanien| L&#039;actualit\u00e9 Ivoirienne et Internationale\" \/>\n<meta property=\"og:description\" content=\"A l\u2019instar de toutes les communaut\u00e9s musulmanes, celles de la gare Gb\u00eaba d\u2019Adjam\u00e9, notamment les enfants qui y dorment,\u00a0 ont\u00a0 c\u00e9l\u00e9br\u00e9 la Tabaski ou \u00a0l\u2019A\u00efd-el-k\u00e9bir dans l\u2019all\u00e9gresse et la joie. A leurs c\u00f4t\u00e9s, El Hadj Tour\u00e9 Adama, le pr\u00e9sident de la Coordination nationale des gares routi\u00e8res de C\u00f4te d\u2019Ivoire \u00a0(CNGR-CI). Apr\u00e8s la pri\u00e8re dite par [&hellip;]\" \/>\n<meta property=\"og:url\" content=\"https:\/\/www.amanien.info\/news\/tabaski-ou-laid-el-kebir-2020-toure-adama-a-prie-a-la-moquee-zawiya-de-gbeba-avec-les-enfants-de-la-gare\/\" \/>\n<meta property=\"og:site_name\" content=\"Amanien| L&#039;actualit\u00e9 Ivoirienne et Internationale\" \/>\n<meta property=\"article:published_time\" content=\"2020-08-02T14:17:37+00:00\" \/>\n<meta property=\"article:modified_time\" content=\"2020-08-02T14:18:49+00:00\" \/>\n<meta property=\"og:image\" content=\"https:\/\/www.amanien.info\/news\/wp-content\/uploads\/2020\/08\/thumbnail.jpg\" \/>\n\t<meta property=\"og:image:width\" content=\"1080\" \/>\n\t<meta property=\"og:image:height\" content=\"810\" \/>\n\t<meta property=\"og:image:type\" content=\"image\/jpeg\" \/>\n<meta name=\"author\" content=\"Germain Ndri\" \/>\n<meta name=\"twitter:card\" content=\"summary_large_image\" \/>\n<meta name=\"twitter:label1\" content=\"\u00c9crit par\" \/>\n\t<meta name=\"twitter:data1\" content=\"Germain Ndri\" \/>\n\t<meta name=\"twitter:label2\" content=\"Dur\u00e9e de lecture estim\u00e9e\" \/>\n\t<meta name=\"twitter:data2\" content=\"2 minutes\" \/>\n<script type=\"application\/ld+json\" class=\"yoast-schema-graph\">{\"@context\":\"https:\\\/\\\/schema.org\",\"@graph\":[{\"@type\":\"Article\",\"@id\":\"https:\\\/\\\/www.amanien.info\\\/news\\\/tabaski-ou-laid-el-kebir-2020-toure-adama-a-prie-a-la-moquee-zawiya-de-gbeba-avec-les-enfants-de-la-gare\\\/#article\",\"isPartOf\":{\"@id\":\"https:\\\/\\\/www.amanien.info\\\/news\\\/tabaski-ou-laid-el-kebir-2020-toure-adama-a-prie-a-la-moquee-zawiya-de-gbeba-avec-les-enfants-de-la-gare\\\/\"},\"author\":{\"name\":\"Germain Ndri\",\"@id\":\"https:\\\/\\\/www.amanien.info\\\/news\\\/#\\\/schema\\\/person\\\/b21093345753a1a98242d505bd894f42\"},\"headline\":\"Tabaski ou l\u2019A\u00efd-el-Kebir 2020: Tour\u00e9 Adama a pri\u00e9 \u00e0 la moqu\u00e9e Zawiya de Gb\u00eaba avec les enfants de la gare.\",\"datePublished\":\"2020-08-02T14:17:37+00:00\",\"dateModified\":\"2020-08-02T14:18:49+00:00\",\"mainEntityOfPage\":{\"@id\":\"https:\\\/\\\/www.amanien.info\\\/news\\\/tabaski-ou-laid-el-kebir-2020-toure-adama-a-prie-a-la-moquee-zawiya-de-gbeba-avec-les-enfants-de-la-gare\\\/\"},\"wordCount\":418,\"commentCount\":0,\"image\":{\"@id\":\"https:\\\/\\\/www.amanien.info\\\/news\\\/tabaski-ou-laid-el-kebir-2020-toure-adama-a-prie-a-la-moquee-zawiya-de-gbeba-avec-les-enfants-de-la-gare\\\/#primaryimage\"},\"thumbnailUrl\":\"https:\\\/\\\/www.amanien.info\\\/news\\\/wp-content\\\/uploads\\\/2020\\\/08\\\/thumbnail.jpg\",\"inLanguage\":\"fr-FR\"},{\"@type\":\"WebPage\",\"@id\":\"https:\\\/\\\/www.amanien.info\\\/news\\\/tabaski-ou-laid-el-kebir-2020-toure-adama-a-prie-a-la-moquee-zawiya-de-gbeba-avec-les-enfants-de-la-gare\\\/\",\"url\":\"https:\\\/\\\/www.amanien.info\\\/news\\\/tabaski-ou-laid-el-kebir-2020-toure-adama-a-prie-a-la-moquee-zawiya-de-gbeba-avec-les-enfants-de-la-gare\\\/\",\"name\":\"Tabaski ou l\u2019A\u00efd-el-Kebir 2020: Tour\u00e9 Adama a pri\u00e9 \u00e0 la moqu\u00e9e Zawiya de Gb\u00eaba avec les enfants de la gare. - Amanien| L&#039;actualit\u00e9 Ivoirienne et Internationale\",\"isPartOf\":{\"@id\":\"https:\\\/\\\/www.amanien.info\\\/news\\\/#website\"},\"primaryImageOfPage\":{\"@id\":\"https:\\\/\\\/www.amanien.info\\\/news\\\/tabaski-ou-laid-el-kebir-2020-toure-adama-a-prie-a-la-moquee-zawiya-de-gbeba-avec-les-enfants-de-la-gare\\\/#primaryimage\"},\"image\":{\"@id\":\"https:\\\/\\\/www.amanien.info\\\/news\\\/tabaski-ou-laid-el-kebir-2020-toure-adama-a-prie-a-la-moquee-zawiya-de-gbeba-avec-les-enfants-de-la-gare\\\/#primaryimage\"},\"thumbnailUrl\":\"https:\\\/\\\/www.amanien.info\\\/news\\\/wp-content\\\/uploads\\\/2020\\\/08\\\/thumbnail.jpg\",\"datePublished\":\"2020-08-02T14:17:37+00:00\",\"dateModified\":\"2020-08-02T14:18:49+00:00\",\"author\":{\"@id\":\"https:\\\/\\\/www.amanien.info\\\/news\\\/#\\\/schema\\\/person\\\/b21093345753a1a98242d505bd894f42\"},\"breadcrumb\":{\"@id\":\"https:\\\/\\\/www.amanien.info\\\/news\\\/tabaski-ou-laid-el-kebir-2020-toure-adama-a-prie-a-la-moquee-zawiya-de-gbeba-avec-les-enfants-de-la-gare\\\/#breadcrumb\"},\"inLanguage\":\"fr-FR\",\"potentialAction\":[{\"@type\":\"ReadAction\",\"target\":[\"https:\\\/\\\/www.amanien.info\\\/news\\\/tabaski-ou-laid-el-kebir-2020-toure-adama-a-prie-a-la-moquee-zawiya-de-gbeba-avec-les-enfants-de-la-gare\\\/\"]}]},{\"@type\":\"ImageObject\",\"inLanguage\":\"fr-FR\",\"@id\":\"https:\\\/\\\/www.amanien.info\\\/news\\\/tabaski-ou-laid-el-kebir-2020-toure-adama-a-prie-a-la-moquee-zawiya-de-gbeba-avec-les-enfants-de-la-gare\\\/#primaryimage\",\"url\":\"https:\\\/\\\/www.amanien.info\\\/news\\\/wp-content\\\/uploads\\\/2020\\\/08\\\/thumbnail.jpg\",\"contentUrl\":\"https:\\\/\\\/www.amanien.info\\\/news\\\/wp-content\\\/uploads\\\/2020\\\/08\\\/thumbnail.jpg\",\"width\":1080,\"height\":810},{\"@type\":\"BreadcrumbList\",\"@id\":\"https:\\\/\\\/www.amanien.info\\\/news\\\/tabaski-ou-laid-el-kebir-2020-toure-adama-a-prie-a-la-moquee-zawiya-de-gbeba-avec-les-enfants-de-la-gare\\\/#breadcrumb\",\"itemListElement\":[{\"@type\":\"ListItem\",\"position\":1,\"name\":\"Accueil\",\"item\":\"https:\\\/\\\/www.amanien.info\\\/news\\\/\"},{\"@type\":\"ListItem\",\"position\":2,\"name\":\"Tabaski ou l\u2019A\u00efd-el-Kebir 2020: Tour\u00e9 Adama a pri\u00e9 \u00e0 la moqu\u00e9e Zawiya de Gb\u00eaba avec les enfants de la gare.\"}]},{\"@type\":\"WebSite\",\"@id\":\"https:\\\/\\\/www.amanien.info\\\/news\\\/#website\",\"url\":\"https:\\\/\\\/www.amanien.info\\\/news\\\/\",\"name\":\"Amanien| L&#039;actualit\u00e9 Ivoirienne et Internationale\",\"description\":\"L&#039;actualit\u00e9 Ivoirienne et Internationale\",\"potentialAction\":[{\"@type\":\"SearchAction\",\"target\":{\"@type\":\"EntryPoint\",\"urlTemplate\":\"https:\\\/\\\/www.amanien.info\\\/news\\\/?s={search_term_string}\"},\"query-input\":{\"@type\":\"PropertyValueSpecification\",\"valueRequired\":true,\"valueName\":\"search_term_string\"}}],\"inLanguage\":\"fr-FR\"},{\"@type\":\"Person\",\"@id\":\"https:\\\/\\\/www.amanien.info\\\/news\\\/#\\\/schema\\\/person\\\/b21093345753a1a98242d505bd894f42\",\"name\":\"Germain Ndri\",\"url\":\"https:\\\/\\\/www.amanien.info\\\/news\\\/author\\\/amanien-infos\\\/\"}]}<\/script>\n<!-- \/ Yoast SEO plugin. -->","yoast_head_json":{"title":"Tabaski ou l\u2019A\u00efd-el-Kebir 2020: Tour\u00e9 Adama a pri\u00e9 \u00e0 la moqu\u00e9e Zawiya de Gb\u00eaba avec les enfants de la gare. - Amanien| L&#039;actualit\u00e9 Ivoirienne et Internationale","robots":{"index":"index","follow":"follow","max-snippet":"max-snippet:-1","max-image-preview":"max-image-preview:large","max-video-preview":"max-video-preview:-1"},"canonical":"https:\/\/www.amanien.info\/news\/tabaski-ou-laid-el-kebir-2020-toure-adama-a-prie-a-la-moquee-zawiya-de-gbeba-avec-les-enfants-de-la-gare\/","og_locale":"fr_FR","og_type":"article","og_title":"Tabaski ou l\u2019A\u00efd-el-Kebir 2020: Tour\u00e9 Adama a pri\u00e9 \u00e0 la moqu\u00e9e Zawiya de Gb\u00eaba avec les enfants de la gare. - Amanien| L&#039;actualit\u00e9 Ivoirienne et Internationale","og_description":"A l\u2019instar de toutes les communaut\u00e9s musulmanes, celles de la gare Gb\u00eaba d\u2019Adjam\u00e9, notamment les enfants qui y dorment,\u00a0 ont\u00a0 c\u00e9l\u00e9br\u00e9 la Tabaski ou \u00a0l\u2019A\u00efd-el-k\u00e9bir dans l\u2019all\u00e9gresse et la joie. A leurs c\u00f4t\u00e9s, El Hadj Tour\u00e9 Adama, le pr\u00e9sident de la Coordination nationale des gares routi\u00e8res de C\u00f4te d\u2019Ivoire \u00a0(CNGR-CI). Apr\u00e8s la pri\u00e8re dite par [&hellip;]","og_url":"https:\/\/www.amanien.info\/news\/tabaski-ou-laid-el-kebir-2020-toure-adama-a-prie-a-la-moquee-zawiya-de-gbeba-avec-les-enfants-de-la-gare\/","og_site_name":"Amanien| L&#039;actualit\u00e9 Ivoirienne et Internationale","article_published_time":"2020-08-02T14:17:37+00:00","article_modified_time":"2020-08-02T14:18:49+00:00","og_image":[{"width":1080,"height":810,"url":"https:\/\/www.amanien.info\/news\/wp-content\/uploads\/2020\/08\/thumbnail.jpg","type":"image\/jpeg"}],"author":"Germain Ndri","twitter_card":"summary_large_image","twitter_misc":{"\u00c9crit par":"Germain Ndri","Dur\u00e9e de lecture estim\u00e9e":"2 minutes"},"schema":{"@context":"https:\/\/schema.org","@graph":[{"@type":"Article","@id":"https:\/\/www.amanien.info\/news\/tabaski-ou-laid-el-kebir-2020-toure-adama-a-prie-a-la-moquee-zawiya-de-gbeba-avec-les-enfants-de-la-gare\/#article","isPartOf":{"@id":"https:\/\/www.amanien.info\/news\/tabaski-ou-laid-el-kebir-2020-toure-adama-a-prie-a-la-moquee-zawiya-de-gbeba-avec-les-enfants-de-la-gare\/"},"author":{"name":"Germain Ndri","@id":"https:\/\/www.amanien.info\/news\/#\/schema\/person\/b21093345753a1a98242d505bd894f42"},"headline":"Tabaski ou l\u2019A\u00efd-el-Kebir 2020: Tour\u00e9 Adama a pri\u00e9 \u00e0 la moqu\u00e9e Zawiya de Gb\u00eaba avec les enfants de la gare.","datePublished":"2020-08-02T14:17:37+00:00","dateModified":"2020-08-02T14:18:49+00:00","mainEntityOfPage":{"@id":"https:\/\/www.amanien.info\/news\/tabaski-ou-laid-el-kebir-2020-toure-adama-a-prie-a-la-moquee-zawiya-de-gbeba-avec-les-enfants-de-la-gare\/"},"wordCount":418,"commentCount":0,"image":{"@id":"https:\/\/www.amanien.info\/news\/tabaski-ou-laid-el-kebir-2020-toure-adama-a-prie-a-la-moquee-zawiya-de-gbeba-avec-les-enfants-de-la-gare\/#primaryimage"},"thumbnailUrl":"https:\/\/www.amanien.info\/news\/wp-content\/uploads\/2020\/08\/thumbnail.jpg","inLanguage":"fr-FR"},{"@type":"WebPage","@id":"https:\/\/www.amanien.info\/news\/tabaski-ou-laid-el-kebir-2020-toure-adama-a-prie-a-la-moquee-zawiya-de-gbeba-avec-les-enfants-de-la-gare\/","url":"https:\/\/www.amanien.info\/news\/tabaski-ou-laid-el-kebir-2020-toure-adama-a-prie-a-la-moquee-zawiya-de-gbeba-avec-les-enfants-de-la-gare\/","name":"Tabaski ou l\u2019A\u00efd-el-Kebir 2020: Tour\u00e9 Adama a pri\u00e9 \u00e0 la moqu\u00e9e Zawiya de Gb\u00eaba avec les enfants de la gare. - Amanien| L&#039;actualit\u00e9 Ivoirienne et Internationale","isPartOf":{"@id":"https:\/\/www.amanien.info\/news\/#website"},"primaryImageOfPage":{"@id":"https:\/\/www.amanien.info\/news\/tabaski-ou-laid-el-kebir-2020-toure-adama-a-prie-a-la-moquee-zawiya-de-gbeba-avec-les-enfants-de-la-gare\/#primaryimage"},"image":{"@id":"https:\/\/www.amanien.info\/news\/tabaski-ou-laid-el-kebir-2020-toure-adama-a-prie-a-la-moquee-zawiya-de-gbeba-avec-les-enfants-de-la-gare\/#primaryimage"},"thumbnailUrl":"https:\/\/www.amanien.info\/news\/wp-content\/uploads\/2020\/08\/thumbnail.jpg","datePublished":"2020-08-02T14:17:37+00:00","dateModified":"2020-08-02T14:18:49+00:00","author":{"@id":"https:\/\/www.amanien.info\/news\/#\/schema\/person\/b21093345753a1a98242d505bd894f42"},"breadcrumb":{"@id":"https:\/\/www.amanien.info\/news\/tabaski-ou-laid-el-kebir-2020-toure-adama-a-prie-a-la-moquee-zawiya-de-gbeba-avec-les-enfants-de-la-gare\/#breadcrumb"},"inLanguage":"fr-FR","potentialAction":[{"@type":"ReadAction","target":["https:\/\/www.amanien.info\/news\/tabaski-ou-laid-el-kebir-2020-toure-adama-a-prie-a-la-moquee-zawiya-de-gbeba-avec-les-enfants-de-la-gare\/"]}]},{"@type":"ImageObject","inLanguage":"fr-FR","@id":"https:\/\/www.amanien.info\/news\/tabaski-ou-laid-el-kebir-2020-toure-adama-a-prie-a-la-moquee-zawiya-de-gbeba-avec-les-enfants-de-la-gare\/#primaryimage","url":"https:\/\/www.amanien.info\/news\/wp-content\/uploads\/2020\/08\/thumbnail.jpg","contentUrl":"https:\/\/www.amanien.info\/news\/wp-content\/uploads\/2020\/08\/thumbnail.jpg","width":1080,"height":810},{"@type":"BreadcrumbList","@id":"https:\/\/www.amanien.info\/news\/tabaski-ou-laid-el-kebir-2020-toure-adama-a-prie-a-la-moquee-zawiya-de-gbeba-avec-les-enfants-de-la-gare\/#breadcrumb","itemListElement":[{"@type":"ListItem","position":1,"name":"Accueil","item":"https:\/\/www.amanien.info\/news\/"},{"@type":"ListItem","position":2,"name":"Tabaski ou l\u2019A\u00efd-el-Kebir 2020: Tour\u00e9 Adama a pri\u00e9 \u00e0 la moqu\u00e9e Zawiya de Gb\u00eaba avec les enfants de la gare."}]},{"@type":"WebSite","@id":"https:\/\/www.amanien.info\/news\/#website","url":"https:\/\/www.amanien.info\/news\/","name":"Amanien| L&#039;actualit\u00e9 Ivoirienne et Internationale","description":"L&#039;actualit\u00e9 Ivoirienne et Internationale","potentialAction":[{"@type":"SearchAction","target":{"@type":"EntryPoint","urlTemplate":"https:\/\/www.amanien.info\/news\/?s={search_term_string}"},"query-input":{"@type":"PropertyValueSpecification","valueRequired":true,"valueName":"search_term_string"}}],"inLanguage":"fr-FR"},{"@type":"Person","@id":"https:\/\/www.amanien.info\/news\/#\/schema\/person\/b21093345753a1a98242d505bd894f42","name":"Germain Ndri","url":"https:\/\/www.amanien.info\/news\/author\/amanien-infos\/"}]}},"_links":{"self":[{"href":"https:\/\/www.amanien.info\/news\/wp-json\/wp\/v2\/posts\/1564","targetHints":{"allow":["GET"]}}],"collection":[{"href":"https:\/\/www.amanien.info\/news\/wp-json\/wp\/v2\/posts"}],"about":[{"href":"https:\/\/www.amanien.info\/news\/wp-json\/wp\/v2\/types\/post"}],"author":[{"embeddable":true,"href":"https:\/\/www.amanien.info\/news\/wp-json\/wp\/v2\/users\/2"}],"replies":[{"embeddable":true,"href":"https:\/\/www.amanien.info\/news\/wp-json\/wp\/v2\/comments?post=1564"}],"version-history":[{"count":0,"href":"https:\/\/www.amanien.info\/news\/wp-json\/wp\/v2\/posts\/1564\/revisions"}],"wp:featuredmedia":[{"embeddable":true,"href":"https:\/\/www.amanien.info\/news\/wp-json\/wp\/v2\/media\/1565"}],"wp:attachment":[{"href":"https:\/\/www.amanien.info\/news\/wp-json\/wp\/v2\/media?parent=1564"}],"wp:term":[{"taxonomy":"category","embeddable":true,"href":"https:\/\/www.amanien.info\/news\/wp-json\/wp\/v2\/categories?post=1564"},{"taxonomy":"post_tag","embeddable":true,"href":"https:\/\/www.amanien.info\/news\/wp-json\/wp\/v2\/tags?post=1564"}],"curies":[{"name":"wp","href":"https:\/\/api.w.org\/{rel}","templated":true}]}}