{"id":1549,"date":"2020-07-30T13:36:02","date_gmt":"2020-07-30T11:36:02","guid":{"rendered":"http:\/\/https:\/\/zozo.buyee.jp\/\/news\/?p=1549"},"modified":"2020-07-30T13:36:46","modified_gmt":"2020-07-30T11:36:46","slug":"communique-du-conseil-des-ministres-du-29-juillet-le-plan-d-actions-prioritaire-se-poursuit","status":"publish","type":"post","link":"https:\/\/www.amanien.info\/news\/communique-du-conseil-des-ministres-du-29-juillet-le-plan-d-actions-prioritaire-se-poursuit\/","title":{"rendered":"Communiqu\u00e9 du conseil des ministres du 29 juillet: Le plan d&rsquo; actions prioritaire\u00a0 se poursuit"},"content":{"rendered":"<p>Le mercredi 29 juillet 2020, un Conseil des Ministres s\u2019est tenu de 10h00 \u00e0 12h45, au Palais de la Pr\u00e9sidence de la R\u00e9publique \u00e0 Abidjan, sous la pr\u00e9sidence de Son Excellence Monsieur Alassane OUATTARA, Pr\u00e9sident de la R\u00e9publique, Chef de l\u2019Etat.<\/p>\n<p>L\u2019ordre du jour de cette r\u00e9union comportait les points suivants :<\/p>\n<p>A\/-Mesures G\u00e9n\u00e9rales<br \/>\n\u2212 Projets de loi et d\u2019ordonnance<br \/>\n\u2212 Projets de d\u00e9crets<br \/>\nB\/-Mesures Individuelles<br \/>\nC\/-Communication<\/p>\n<p>A\/\u2013 MESURES GENERALES<\/p>\n<p>PROJETS DE LOI ET D\u2019ORDONNANCE<\/p>\n<p>Au titre du Minist\u00e8re de la Justice et des Droits de l\u2019Homme ;<\/p>\n<p>Le Conseil a adopt\u00e9 une ordonnance portant prorogation du mandat des membres de la Haute Autorit\u00e9 pour la Bonne Gouvernance (HABG) autres que le Pr\u00e9sident, ainsi que son projet de loi de ratification.<\/p>\n<p>En attendant la nomination de leurs rempla\u00e7ants, cette ordonnance proroge, jusqu\u2019au 31 d\u00e9cembre 2020, le mandat des membres de la Haute Autorit\u00e9 pour la Bonne Gouvernance, nomm\u00e9s par d\u00e9cret n\u00b0 2014-216 du 16 avril 2014.<\/p>\n<p>PROJETS DE DECRETS<\/p>\n<p>1- Au titre du Minist\u00e8re des Affaires Etrang\u00e8res, en liaison avec le Minist\u00e8re du Plan et du D\u00e9veloppement, le Minist\u00e8re de l\u2019Economie et des Finances, le Minist\u00e8re de la Sant\u00e9 et de l\u2019Hygi\u00e8ne Publique et le Minist\u00e8re aupr\u00e8s du Premier Ministre, charg\u00e9 du Budget et du Portefeuille de l\u2019Etat ;<\/p>\n<p>Le Conseil a adopt\u00e9 un d\u00e9cret portant ratification de l\u2019Accord de pr\u00eat n\u00b02000200004699, d\u2019un montant total de soixante-quinze millions (75 000 000) d\u2019euros, soit quarante-neuf milliards cent quatre-vingt-seize millions sept cent soixante-quinze mille (49 196 775 000) francs CFA, conclu le 03 juillet 2020 entre la Banque Africaine de D\u00e9veloppement (BAD) et la R\u00e9publique de C\u00f4te d\u2019Ivoire, en vue du financement du programme d\u2019appui \u00e0 la riposte contre la COVID-19.<\/p>\n<p>Ce financement est une op\u00e9ration d\u2019appui budg\u00e9taire en r\u00e9ponse \u00e0 la pand\u00e9mie de la COVID-19 et \u00e0 ses cons\u00e9quences. Il permettra de renforcer les conditions de r\u00e9ponse \u00e0 la crise sanitaire et de consolider la r\u00e9silience \u00e9conomique et sociale.<\/p>\n<p>2- Au titre du Minist\u00e8re des Affaires Etrang\u00e8res, en liaison avec le Minist\u00e8re des Transports ;<\/p>\n<p>Le Conseil a adopt\u00e9 un d\u00e9cret portant ratification de l\u2019Accord entre le Gouvernement de la R\u00e9publique de C\u00f4te d\u2019Ivoire et le Gouvernement de l\u2019Etat du Qatar, sur les transports maritimes, sign\u00e9 le 17 septembre 2018, \u00e0 Doha au Qatar.<\/p>\n<p>Cet accord vise \u00e0 renforcer la coop\u00e9ration dans le domaine du transport maritime, en vue de faciliter les relations \u00e9conomiques et commerciales entre les deux (02) Etats. Il pr\u00e9voit notamment, la reconnaissance mutuelle des documents des navires et des pi\u00e8ces d\u2019identit\u00e9 des gens de mer d\u00fbment d\u00e9livr\u00e9s par les autorit\u00e9s comp\u00e9tentes des deux (02) pays, ainsi que la mutualisation des moyens dans le cadre de la lutte contre la pollution maritime par les navires.<\/p>\n<p>La ratification de cet accord ouvrira \u00e0 la C\u00f4te d\u2019Ivoire, le droit d\u2019effectuer le transport maritime sur les ports commerciaux internationaux de l\u2019Etat du Qatar ouverts \u00e0 la navigation et de prot\u00e9ger au mieux l\u2019environnement marin national.<\/p>\n<p>3- Au titre du Minist\u00e8re des Mines et de la G\u00e9ologie, en liaison avec le Minist\u00e8re de l\u2019Economie et des Finances, le Minist\u00e8re de l\u2019Environnement et du D\u00e9veloppement Durable et le Minist\u00e8re aupr\u00e8s du Premier Ministre, charg\u00e9 du Budget et du Portefeuille de l\u2019Etat ;<\/p>\n<p>Le Conseil a adopt\u00e9 un d\u00e9cret portant attribution d\u2019un permis de recherche mini\u00e8re, valable pour l\u2019or, \u00e0 la soci\u00e9t\u00e9 \u00ab MAKO COTE D\u2019IVOIRE SARLU, en abr\u00e9g\u00e9 MAKO CI SARLU \u00bb, dans le d\u00e9partement de Korhogo.<\/p>\n<p>Ce permis est d\u00e9livr\u00e9 pour une dur\u00e9e de validit\u00e9 de quatre (04) ans.<\/p>\n<p>B\/\u2013 MESURES INDIVIDUELLES<\/p>\n<p>1-Au titre du Minist\u00e8re de la Justice et des Droits de l\u2019Homme;<\/p>\n<p>A la suite du renouvellement, par d\u00e9cret n\u00b0 2020-572 du 20 juillet 2020, du mandat du Pr\u00e9sident de la Haute Autorit\u00e9 pour la Bonne Gouvernance, Monsieur N\u2019Golo Fatogoma COULIBALY, le Conseil a adopt\u00e9 deux (02) d\u00e9crets :<\/p>\n<p>\u2022 Le premier d\u00e9cret porte renouvellement, pour une dur\u00e9e de trois (03) ans, du mandat des membres de la Haute Autorit\u00e9 pour la Bonne Gouvernance ci-apr\u00e8s :<\/p>\n<p>&#8211; Monsieur Moussa KONE, Magistrat Hors Hi\u00e9rarchie ;<br \/>\n&#8211; Monsieur Boniface Obou OURAGA, Professeur d\u2019Universit\u00e9.<\/p>\n<p>\u2022 Le deuxi\u00e8me d\u00e9cret porte nomination des personnes ci-apr\u00e8s en qualit\u00e9 de membres de la Haute Autorit\u00e9 pour la Bonne Gouvernance, pour un mandat de trois (03) ans, \u00e0 compter du 1er septembre 2020 :<\/p>\n<p>&#8211; Monsieur ASSI Emmanuel ;<br \/>\n&#8211; Monsieur Louis-Andr\u00e9 DACOURY-TABLEY.<\/p>\n<p>2-Au titre du Minist\u00e8re des Affaires Etrang\u00e8res ;<\/p>\n<p>Le Conseil a donn\u00e9 son accord en vue de la nomination de Madame Catherine Gr\u00e2ce BROOKER en qualit\u00e9 d\u2019Ambassadeur Extraordinaire et Pl\u00e9nipotentiaire du Royaume-Uni de Grande-Bretagne et d\u2019Irlande du Nord pr\u00e8s la R\u00e9publique de C\u00f4te d\u2019Ivoire, avec r\u00e9sidence \u00e0 Abidjan.<\/p>\n<p>C\/\u2013 COMMUNICATION<\/p>\n<p>Au titre du Premier Ministre, Chef du Gouvernement, Ministre du Budget et du Portefeuille de l\u2019Etat ;<\/p>\n<p>Le Conseil a adopt\u00e9 une communication relative au bilan de la mise en \u0153uvre des activit\u00e9s du Plan d\u2019Actions Prioritaires (PAP) \u00e0 fin juin 2020.<\/p>\n<p>Le premier semestre de la mise en \u0153uvre du PAP de 2020, adopt\u00e9 en janvier 2020, a \u00e9t\u00e9 marqu\u00e9 par la pand\u00e9mie de la COVID-19 qui a notamment entra\u00een\u00e9 les limitations des d\u00e9placements, le confinement des populations, ainsi que le ralentissement des activit\u00e9s \u00e9conomiques.<\/p>\n<p>Ainsi, le d\u00e9ficit budg\u00e9taire, qui avait \u00e9t\u00e9 ramen\u00e9 \u00e0 la norme communautaire de 3% du Produit Int\u00e9rieur Brut (PIB), gr\u00e2ce \u00e0 une gestion rigoureuse et une discipline budg\u00e9taire renforc\u00e9e, devrait se creuser et aller au-del\u00e0 de 5,1% du PIB comme convenu avec le Fonds Mon\u00e9taire International (FMI) au d\u00e9but de la pand\u00e9mie.<\/p>\n<p>En d\u00e9pit de cette pand\u00e9mie, le Gouvernement a maintenu la dynamique de la transformation \u00e9conomique, \u00e0 travers l\u2019accroissement de l\u2019offre de services publics dans divers domaines, notamment dans la sant\u00e9, l\u2019\u00e9ducation-formation, la fourniture d\u2019eau potable, l\u2019assainissement, l\u2019\u00e9lectrification et les routes.<\/p>\n<p>L\u2019action gouvernementale sur le second semestre de 2020 sera consacr\u00e9e, d\u2019une part, \u00e0 la poursuite des actions programm\u00e9es qui ont connu un frein dans leur mise en \u0153uvre en raison de la crise sanitaire et, d\u2019autre part, \u00e0 la poursuite de la mise en \u0153uvre du Programme Social du Gouvernement (PSGouv), avec en prime, la riposte contre la pand\u00e9mie de la COVID-19.<\/p>\n<p>Aussi, le Gouvernement entend poursuivre son action avec la pr\u00e9paration et l\u2019organisation des \u00e9lections pr\u00e9sidentielles, la confection des Cartes Nationales d\u2019Identit\u00e9 (CNI), l\u2019acc\u00e9l\u00e9ration de la r\u00e9alisation des grands projets structurants, notamment l\u2019Autoroute du Nord au niveau de la section Yamoussoukro-Ti\u00e9bissou-Bouak\u00e9, le train urbain, le quatri\u00e8me pont, l\u2019autoroute p\u00e9riph\u00e9rique Y4, ainsi que les complexes sportifs de la Coupe d&rsquo;Afrique des Nations (CAN) 2023.<\/p>\n<p>Fait \u00e0 Abidjan, le 29 juillet 2020<br \/>\nSidi Ti\u00e9moko TOURE<br \/>\nMinistre de la Communication et des M\u00e9dias,<br \/>\nPorte-parole du Gouvernement<br \/>\n<a href=\"mailto:porteparolat@communication.gouv.ci\" target=\"_blank\" rel=\"nofollow noopener noreferrer\">porteparolat@communication.gouv.ci<\/a><\/p>\n","protected":false},"excerpt":{"rendered":"<p>Le mercredi 29 juillet 2020, un Conseil des Ministres s\u2019est tenu de 10h00 \u00e0 12h45, au Palais de la Pr\u00e9sidence de la R\u00e9publique \u00e0 Abidjan, sous la pr\u00e9sidence de Son Excellence Monsieur Alassane OUATTARA, Pr\u00e9sident de la R\u00e9publique, Chef de l\u2019Etat. L\u2019ordre du jour de cette r\u00e9union comportait les points suivants : A\/-Mesures G\u00e9n\u00e9rales \u2212 [&hellip;]<\/p>\n","protected":false},"author":2,"featured_media":1550,"comment_status":"open","ping_status":"open","sticky":true,"template":"","format":"standard","meta":{"_acf_changed":false,"footnotes":""},"categories":[],"tags":[],"class_list":["post-1549","post","type-post","status-publish","format-standard","has-post-thumbnail","hentry"],"acf":[],"yoast_head":"<!-- This site is optimized with the Yoast SEO plugin v27.5 - https:\/\/yoast.com\/product\/yoast-seo-wordpress\/ -->\n<title>Communiqu\u00e9 du conseil des ministres du 29 juillet: Le plan d&#039; actions prioritaire\u00a0 se poursuit - Amanien| L&#039;actualit\u00e9 Ivoirienne et Internationale<\/title>\n<meta name=\"robots\" content=\"index, follow, max-snippet:-1, max-image-preview:large, max-video-preview:-1\" \/>\n<link rel=\"canonical\" href=\"https:\/\/www.amanien.info\/news\/communique-du-conseil-des-ministres-du-29-juillet-le-plan-d-actions-prioritaire-se-poursuit\/\" \/>\n<meta property=\"og:locale\" content=\"fr_FR\" \/>\n<meta property=\"og:type\" content=\"article\" \/>\n<meta property=\"og:title\" content=\"Communiqu\u00e9 du conseil des ministres du 29 juillet: Le plan d&#039; actions prioritaire\u00a0 se poursuit - Amanien| L&#039;actualit\u00e9 Ivoirienne et Internationale\" \/>\n<meta property=\"og:description\" content=\"Le mercredi 29 juillet 2020, un Conseil des Ministres s\u2019est tenu de 10h00 \u00e0 12h45, au Palais de la Pr\u00e9sidence de la R\u00e9publique \u00e0 Abidjan, sous la pr\u00e9sidence de Son Excellence Monsieur Alassane OUATTARA, Pr\u00e9sident de la R\u00e9publique, Chef de l\u2019Etat. L\u2019ordre du jour de cette r\u00e9union comportait les points suivants : A\/-Mesures G\u00e9n\u00e9rales \u2212 [&hellip;]\" \/>\n<meta property=\"og:url\" content=\"https:\/\/www.amanien.info\/news\/communique-du-conseil-des-ministres-du-29-juillet-le-plan-d-actions-prioritaire-se-poursuit\/\" \/>\n<meta property=\"og:site_name\" content=\"Amanien| L&#039;actualit\u00e9 Ivoirienne et Internationale\" \/>\n<meta property=\"article:published_time\" content=\"2020-07-30T11:36:02+00:00\" \/>\n<meta property=\"article:modified_time\" content=\"2020-07-30T11:36:46+00:00\" \/>\n<meta property=\"og:image\" content=\"https:\/\/www.amanien.info\/news\/wp-content\/uploads\/2020\/07\/1596066591774-926981847.png\" \/>\n\t<meta property=\"og:image:width\" content=\"720\" \/>\n\t<meta property=\"og:image:height\" content=\"480\" \/>\n\t<meta property=\"og:image:type\" content=\"image\/png\" \/>\n<meta name=\"author\" content=\"Germain Ndri\" \/>\n<meta name=\"twitter:card\" content=\"summary_large_image\" \/>\n<meta name=\"twitter:label1\" content=\"\u00c9crit par\" \/>\n\t<meta name=\"twitter:data1\" content=\"Germain Ndri\" \/>\n\t<meta name=\"twitter:label2\" content=\"Dur\u00e9e de lecture estim\u00e9e\" \/>\n\t<meta name=\"twitter:data2\" content=\"6 minutes\" \/>\n<script type=\"application\/ld+json\" class=\"yoast-schema-graph\">{\"@context\":\"https:\\\/\\\/schema.org\",\"@graph\":[{\"@type\":\"Article\",\"@id\":\"https:\\\/\\\/www.amanien.info\\\/news\\\/communique-du-conseil-des-ministres-du-29-juillet-le-plan-d-actions-prioritaire-se-poursuit\\\/#article\",\"isPartOf\":{\"@id\":\"https:\\\/\\\/www.amanien.info\\\/news\\\/communique-du-conseil-des-ministres-du-29-juillet-le-plan-d-actions-prioritaire-se-poursuit\\\/\"},\"author\":{\"name\":\"Germain Ndri\",\"@id\":\"https:\\\/\\\/www.amanien.info\\\/news\\\/#\\\/schema\\\/person\\\/b21093345753a1a98242d505bd894f42\"},\"headline\":\"Communiqu\u00e9 du conseil des ministres du 29 juillet: Le plan d&rsquo; actions prioritaire\u00a0 se poursuit\",\"datePublished\":\"2020-07-30T11:36:02+00:00\",\"dateModified\":\"2020-07-30T11:36:46+00:00\",\"mainEntityOfPage\":{\"@id\":\"https:\\\/\\\/www.amanien.info\\\/news\\\/communique-du-conseil-des-ministres-du-29-juillet-le-plan-d-actions-prioritaire-se-poursuit\\\/\"},\"wordCount\":1203,\"commentCount\":0,\"image\":{\"@id\":\"https:\\\/\\\/www.amanien.info\\\/news\\\/communique-du-conseil-des-ministres-du-29-juillet-le-plan-d-actions-prioritaire-se-poursuit\\\/#primaryimage\"},\"thumbnailUrl\":\"https:\\\/\\\/www.amanien.info\\\/news\\\/wp-content\\\/uploads\\\/2020\\\/07\\\/1596066591774-926981847.png\",\"inLanguage\":\"fr-FR\"},{\"@type\":\"WebPage\",\"@id\":\"https:\\\/\\\/www.amanien.info\\\/news\\\/communique-du-conseil-des-ministres-du-29-juillet-le-plan-d-actions-prioritaire-se-poursuit\\\/\",\"url\":\"https:\\\/\\\/www.amanien.info\\\/news\\\/communique-du-conseil-des-ministres-du-29-juillet-le-plan-d-actions-prioritaire-se-poursuit\\\/\",\"name\":\"Communiqu\u00e9 du conseil des ministres du 29 juillet: Le plan d' actions prioritaire\u00a0 se poursuit - Amanien| L&#039;actualit\u00e9 Ivoirienne et Internationale\",\"isPartOf\":{\"@id\":\"https:\\\/\\\/www.amanien.info\\\/news\\\/#website\"},\"primaryImageOfPage\":{\"@id\":\"https:\\\/\\\/www.amanien.info\\\/news\\\/communique-du-conseil-des-ministres-du-29-juillet-le-plan-d-actions-prioritaire-se-poursuit\\\/#primaryimage\"},\"image\":{\"@id\":\"https:\\\/\\\/www.amanien.info\\\/news\\\/communique-du-conseil-des-ministres-du-29-juillet-le-plan-d-actions-prioritaire-se-poursuit\\\/#primaryimage\"},\"thumbnailUrl\":\"https:\\\/\\\/www.amanien.info\\\/news\\\/wp-content\\\/uploads\\\/2020\\\/07\\\/1596066591774-926981847.png\",\"datePublished\":\"2020-07-30T11:36:02+00:00\",\"dateModified\":\"2020-07-30T11:36:46+00:00\",\"author\":{\"@id\":\"https:\\\/\\\/www.amanien.info\\\/news\\\/#\\\/schema\\\/person\\\/b21093345753a1a98242d505bd894f42\"},\"breadcrumb\":{\"@id\":\"https:\\\/\\\/www.amanien.info\\\/news\\\/communique-du-conseil-des-ministres-du-29-juillet-le-plan-d-actions-prioritaire-se-poursuit\\\/#breadcrumb\"},\"inLanguage\":\"fr-FR\",\"potentialAction\":[{\"@type\":\"ReadAction\",\"target\":[\"https:\\\/\\\/www.amanien.info\\\/news\\\/communique-du-conseil-des-ministres-du-29-juillet-le-plan-d-actions-prioritaire-se-poursuit\\\/\"]}]},{\"@type\":\"ImageObject\",\"inLanguage\":\"fr-FR\",\"@id\":\"https:\\\/\\\/www.amanien.info\\\/news\\\/communique-du-conseil-des-ministres-du-29-juillet-le-plan-d-actions-prioritaire-se-poursuit\\\/#primaryimage\",\"url\":\"https:\\\/\\\/www.amanien.info\\\/news\\\/wp-content\\\/uploads\\\/2020\\\/07\\\/1596066591774-926981847.png\",\"contentUrl\":\"https:\\\/\\\/www.amanien.info\\\/news\\\/wp-content\\\/uploads\\\/2020\\\/07\\\/1596066591774-926981847.png\",\"width\":720,\"height\":480},{\"@type\":\"BreadcrumbList\",\"@id\":\"https:\\\/\\\/www.amanien.info\\\/news\\\/communique-du-conseil-des-ministres-du-29-juillet-le-plan-d-actions-prioritaire-se-poursuit\\\/#breadcrumb\",\"itemListElement\":[{\"@type\":\"ListItem\",\"position\":1,\"name\":\"Accueil\",\"item\":\"https:\\\/\\\/www.amanien.info\\\/news\\\/\"},{\"@type\":\"ListItem\",\"position\":2,\"name\":\"Communiqu\u00e9 du conseil des ministres du 29 juillet: Le plan d&rsquo; actions prioritaire\u00a0 se poursuit\"}]},{\"@type\":\"WebSite\",\"@id\":\"https:\\\/\\\/www.amanien.info\\\/news\\\/#website\",\"url\":\"https:\\\/\\\/www.amanien.info\\\/news\\\/\",\"name\":\"Amanien| L&#039;actualit\u00e9 Ivoirienne et Internationale\",\"description\":\"L&#039;actualit\u00e9 Ivoirienne et Internationale\",\"potentialAction\":[{\"@type\":\"SearchAction\",\"target\":{\"@type\":\"EntryPoint\",\"urlTemplate\":\"https:\\\/\\\/www.amanien.info\\\/news\\\/?s={search_term_string}\"},\"query-input\":{\"@type\":\"PropertyValueSpecification\",\"valueRequired\":true,\"valueName\":\"search_term_string\"}}],\"inLanguage\":\"fr-FR\"},{\"@type\":\"Person\",\"@id\":\"https:\\\/\\\/www.amanien.info\\\/news\\\/#\\\/schema\\\/person\\\/b21093345753a1a98242d505bd894f42\",\"name\":\"Germain Ndri\",\"url\":\"https:\\\/\\\/www.amanien.info\\\/news\\\/author\\\/amanien-infos\\\/\"}]}<\/script>\n<!-- \/ Yoast SEO plugin. -->","yoast_head_json":{"title":"Communiqu\u00e9 du conseil des ministres du 29 juillet: Le plan d' actions prioritaire\u00a0 se poursuit - Amanien| L&#039;actualit\u00e9 Ivoirienne et Internationale","robots":{"index":"index","follow":"follow","max-snippet":"max-snippet:-1","max-image-preview":"max-image-preview:large","max-video-preview":"max-video-preview:-1"},"canonical":"https:\/\/www.amanien.info\/news\/communique-du-conseil-des-ministres-du-29-juillet-le-plan-d-actions-prioritaire-se-poursuit\/","og_locale":"fr_FR","og_type":"article","og_title":"Communiqu\u00e9 du conseil des ministres du 29 juillet: Le plan d' actions prioritaire\u00a0 se poursuit - Amanien| L&#039;actualit\u00e9 Ivoirienne et Internationale","og_description":"Le mercredi 29 juillet 2020, un Conseil des Ministres s\u2019est tenu de 10h00 \u00e0 12h45, au Palais de la Pr\u00e9sidence de la R\u00e9publique \u00e0 Abidjan, sous la pr\u00e9sidence de Son Excellence Monsieur Alassane OUATTARA, Pr\u00e9sident de la R\u00e9publique, Chef de l\u2019Etat. L\u2019ordre du jour de cette r\u00e9union comportait les points suivants : A\/-Mesures G\u00e9n\u00e9rales \u2212 [&hellip;]","og_url":"https:\/\/www.amanien.info\/news\/communique-du-conseil-des-ministres-du-29-juillet-le-plan-d-actions-prioritaire-se-poursuit\/","og_site_name":"Amanien| L&#039;actualit\u00e9 Ivoirienne et Internationale","article_published_time":"2020-07-30T11:36:02+00:00","article_modified_time":"2020-07-30T11:36:46+00:00","og_image":[{"width":720,"height":480,"url":"https:\/\/www.amanien.info\/news\/wp-content\/uploads\/2020\/07\/1596066591774-926981847.png","type":"image\/png"}],"author":"Germain Ndri","twitter_card":"summary_large_image","twitter_misc":{"\u00c9crit par":"Germain Ndri","Dur\u00e9e de lecture estim\u00e9e":"6 minutes"},"schema":{"@context":"https:\/\/schema.org","@graph":[{"@type":"Article","@id":"https:\/\/www.amanien.info\/news\/communique-du-conseil-des-ministres-du-29-juillet-le-plan-d-actions-prioritaire-se-poursuit\/#article","isPartOf":{"@id":"https:\/\/www.amanien.info\/news\/communique-du-conseil-des-ministres-du-29-juillet-le-plan-d-actions-prioritaire-se-poursuit\/"},"author":{"name":"Germain Ndri","@id":"https:\/\/www.amanien.info\/news\/#\/schema\/person\/b21093345753a1a98242d505bd894f42"},"headline":"Communiqu\u00e9 du conseil des ministres du 29 juillet: Le plan d&rsquo; actions prioritaire\u00a0 se poursuit","datePublished":"2020-07-30T11:36:02+00:00","dateModified":"2020-07-30T11:36:46+00:00","mainEntityOfPage":{"@id":"https:\/\/www.amanien.info\/news\/communique-du-conseil-des-ministres-du-29-juillet-le-plan-d-actions-prioritaire-se-poursuit\/"},"wordCount":1203,"commentCount":0,"image":{"@id":"https:\/\/www.amanien.info\/news\/communique-du-conseil-des-ministres-du-29-juillet-le-plan-d-actions-prioritaire-se-poursuit\/#primaryimage"},"thumbnailUrl":"https:\/\/www.amanien.info\/news\/wp-content\/uploads\/2020\/07\/1596066591774-926981847.png","inLanguage":"fr-FR"},{"@type":"WebPage","@id":"https:\/\/www.amanien.info\/news\/communique-du-conseil-des-ministres-du-29-juillet-le-plan-d-actions-prioritaire-se-poursuit\/","url":"https:\/\/www.amanien.info\/news\/communique-du-conseil-des-ministres-du-29-juillet-le-plan-d-actions-prioritaire-se-poursuit\/","name":"Communiqu\u00e9 du conseil des ministres du 29 juillet: Le plan d' actions prioritaire\u00a0 se poursuit - Amanien| L&#039;actualit\u00e9 Ivoirienne et Internationale","isPartOf":{"@id":"https:\/\/www.amanien.info\/news\/#website"},"primaryImageOfPage":{"@id":"https:\/\/www.amanien.info\/news\/communique-du-conseil-des-ministres-du-29-juillet-le-plan-d-actions-prioritaire-se-poursuit\/#primaryimage"},"image":{"@id":"https:\/\/www.amanien.info\/news\/communique-du-conseil-des-ministres-du-29-juillet-le-plan-d-actions-prioritaire-se-poursuit\/#primaryimage"},"thumbnailUrl":"https:\/\/www.amanien.info\/news\/wp-content\/uploads\/2020\/07\/1596066591774-926981847.png","datePublished":"2020-07-30T11:36:02+00:00","dateModified":"2020-07-30T11:36:46+00:00","author":{"@id":"https:\/\/www.amanien.info\/news\/#\/schema\/person\/b21093345753a1a98242d505bd894f42"},"breadcrumb":{"@id":"https:\/\/www.amanien.info\/news\/communique-du-conseil-des-ministres-du-29-juillet-le-plan-d-actions-prioritaire-se-poursuit\/#breadcrumb"},"inLanguage":"fr-FR","potentialAction":[{"@type":"ReadAction","target":["https:\/\/www.amanien.info\/news\/communique-du-conseil-des-ministres-du-29-juillet-le-plan-d-actions-prioritaire-se-poursuit\/"]}]},{"@type":"ImageObject","inLanguage":"fr-FR","@id":"https:\/\/www.amanien.info\/news\/communique-du-conseil-des-ministres-du-29-juillet-le-plan-d-actions-prioritaire-se-poursuit\/#primaryimage","url":"https:\/\/www.amanien.info\/news\/wp-content\/uploads\/2020\/07\/1596066591774-926981847.png","contentUrl":"https:\/\/www.amanien.info\/news\/wp-content\/uploads\/2020\/07\/1596066591774-926981847.png","width":720,"height":480},{"@type":"BreadcrumbList","@id":"https:\/\/www.amanien.info\/news\/communique-du-conseil-des-ministres-du-29-juillet-le-plan-d-actions-prioritaire-se-poursuit\/#breadcrumb","itemListElement":[{"@type":"ListItem","position":1,"name":"Accueil","item":"https:\/\/www.amanien.info\/news\/"},{"@type":"ListItem","position":2,"name":"Communiqu\u00e9 du conseil des ministres du 29 juillet: Le plan d&rsquo; actions prioritaire\u00a0 se poursuit"}]},{"@type":"WebSite","@id":"https:\/\/www.amanien.info\/news\/#website","url":"https:\/\/www.amanien.info\/news\/","name":"Amanien| L&#039;actualit\u00e9 Ivoirienne et Internationale","description":"L&#039;actualit\u00e9 Ivoirienne et Internationale","potentialAction":[{"@type":"SearchAction","target":{"@type":"EntryPoint","urlTemplate":"https:\/\/www.amanien.info\/news\/?s={search_term_string}"},"query-input":{"@type":"PropertyValueSpecification","valueRequired":true,"valueName":"search_term_string"}}],"inLanguage":"fr-FR"},{"@type":"Person","@id":"https:\/\/www.amanien.info\/news\/#\/schema\/person\/b21093345753a1a98242d505bd894f42","name":"Germain Ndri","url":"https:\/\/www.amanien.info\/news\/author\/amanien-infos\/"}]}},"_links":{"self":[{"href":"https:\/\/www.amanien.info\/news\/wp-json\/wp\/v2\/posts\/1549","targetHints":{"allow":["GET"]}}],"collection":[{"href":"https:\/\/www.amanien.info\/news\/wp-json\/wp\/v2\/posts"}],"about":[{"href":"https:\/\/www.amanien.info\/news\/wp-json\/wp\/v2\/types\/post"}],"author":[{"embeddable":true,"href":"https:\/\/www.amanien.info\/news\/wp-json\/wp\/v2\/users\/2"}],"replies":[{"embeddable":true,"href":"https:\/\/www.amanien.info\/news\/wp-json\/wp\/v2\/comments?post=1549"}],"version-history":[{"count":0,"href":"https:\/\/www.amanien.info\/news\/wp-json\/wp\/v2\/posts\/1549\/revisions"}],"wp:featuredmedia":[{"embeddable":true,"href":"https:\/\/www.amanien.info\/news\/wp-json\/wp\/v2\/media\/1550"}],"wp:attachment":[{"href":"https:\/\/www.amanien.info\/news\/wp-json\/wp\/v2\/media?parent=1549"}],"wp:term":[{"taxonomy":"category","embeddable":true,"href":"https:\/\/www.amanien.info\/news\/wp-json\/wp\/v2\/categories?post=1549"},{"taxonomy":"post_tag","embeddable":true,"href":"https:\/\/www.amanien.info\/news\/wp-json\/wp\/v2\/tags?post=1549"}],"curies":[{"name":"wp","href":"https:\/\/api.w.org\/{rel}","templated":true}]}}