{"id":1545,"date":"2020-07-27T13:22:40","date_gmt":"2020-07-27T11:22:40","guid":{"rendered":"http:\/\/https:\/\/zozo.buyee.jp\/\/news\/?p=1545"},"modified":"2020-07-27T13:22:40","modified_gmt":"2020-07-27T11:22:40","slug":"convention-eclatee-du-pdci-rda-les-militants-choisissent-henri-konan-bedie-a-san-pedro","status":"publish","type":"post","link":"https:\/\/www.amanien.info\/news\/convention-eclatee-du-pdci-rda-les-militants-choisissent-henri-konan-bedie-a-san-pedro\/","title":{"rendered":"Convention \u00e9clat\u00e9e du PDCI-RDA: Les militants choisissent Henri Konan B\u00e9di\u00e9 \u00e0 San-Pedro"},"content":{"rendered":"<div class=\"msg-body P_wpofO mq_AS\" data-test-id=\"message-view-body-content\">\n<div class=\"jb_0 X_6MGW N_6Fd5\">\n<div>\n<div id=\"yiv5242506770\">\n<div dir=\"ltr\">\n<p class=\"yiv5242506770MsoNormal\">La consultation interne au PDCI-RDA pour l\u2019\u00e9lection pr\u00e9sidentielle\u00a0 d\u2019octobre 2020\u00a0 se d\u00e9roule du 25 au 26 juillet 2020, et vise \u00e0 d\u00e9finir, par une convention \u00e9clat\u00e9e sur l&rsquo;\u00e9tendue du territoire national pour le choix du candidat dudit parti.<\/p>\n<p class=\"yiv5242506770MsoNormal\">Cette convention est plac\u00e9e sous le th\u00e8me\u00a0: \u00ab\u00a0Le PDCI-RDA, exp\u00e9rience et sagesse pour le changement de la gouvernance et la construction d\u2019une C\u00f4te d&rsquo;ivoire r\u00e9concili\u00e9e, unie et prosp\u00e8re\u00a0\u00bb.<\/p>\n<p class=\"yiv5242506770MsoNormal\">A San-Pedro, les secr\u00e9taires de section, les membres du grand conseil,\u00a0 les membres du\u00a0 bureau politique, les pr\u00e9sidentes des UFPDCI, les coordonnateurs JPDCI, le comit\u00e9 de sage de la coordination d\u00e9partementale du PDCI San-Pedro se sont r\u00e9unis ce dimanche 26 juillet 2020 au si\u00e8ge du parti situ\u00e9 au quartier Cit\u00e9.<\/p>\n<p class=\"yiv5242506770MsoNormal\">M. Linda Diplo, 1<sup>\u00e8re <\/sup>vice-pr\u00e9sidente de l\u2019UFPDCI nationale, par ailleurs pr\u00e9sidente d\u00e9l\u00e9gu\u00e9 de la convention locale \u00a0de San-Pedro, a d&rsquo;abord salu\u00e9 la mobilisation des militants avant de \u00a0situer le cadre de cette rencontre.<\/p>\n<p class=\"yiv5242506770MsoNormal\">\u2018\u2019Le PDCI-RDA qui est un parti d\u00e9mocratique, organise une convention \u00e9clat\u00e9e pour choisir son candidat qui va porter haut le flambeau du parti\u2019\u2019, a-t-elle indiqu\u00e9, tout en expliquant que son souhait de voir reconduire le PDCI-RDA\u00a0 \u00e0 la magistrature supr\u00eame est motiv\u00e9 par son sens de rassemblement, de conciliation des ivoiriens et \u00a0sa culture de paix.<\/p>\n<p class=\"yiv5242506770MsoNormal\">\u00ab\u00a0Quand le PDCI-RDA, \u00e9tait au pouvoir, avait forg\u00e9 en faisant de l&rsquo;ivoirien un homme de paix, de dialogue, de solidarit\u00e9, d&rsquo;hospitalit\u00e9 et d&rsquo;ouverture. Ce mod\u00e8le est aujourd\u2019hui perverti et \u00e9vers\u00e9 par des actes de violences et de destruction perp\u00e9tr\u00e9s par des hommes et des jeunes dit en conflit avec la loi\u00a0\u00bb<\/p>\n<p class=\"yiv5242506770MsoNormal\">S\u2019appuyant sur le th\u00e8me de la convention, Linda Diplo estime que, \u00a0\u2018\u2019Henri Konan B\u00e9di\u00e9, du haut de ses 86 ans, est celui qui a de l&rsquo;exp\u00e9rience parce qu\u2019il a \u00e9t\u00e9 ambassadeur, d\u00e9put\u00e9, pr\u00e9sident de l&rsquo;assembl\u00e9e nationale et pr\u00e9sident de la r\u00e9publique\u2019\u2019.<\/p>\n<p class=\"yiv5242506770MsoNormal\">En effet, au nombre de 123 responsables des structures du parti que compose la coordination d\u00e9partementale PDCI-RDA San-Pedro, tous ont port\u00e9 leur choix sur Henri Konan B\u00e9di\u00e9 comme candidat du parti pour les \u00e9lections prochaines.<\/p>\n<p class=\"yiv5242506770MsoNormal\">Notons qu&rsquo;\u00e0 la suite des 184 conventions \u00e9clat\u00e9es, le candidat d\u00e9sign\u00e9 par la base, sera officiellement pr\u00e9sent\u00e9 \u00e0 la convention nationale d&rsquo;investiture qui se tiendra \u00a0\u00e0 Yamoussoukro.<\/p>\n<p class=\"yiv5242506770MsoNormal\"><b>Lagognon Thierry<\/b><\/p>\n<\/div>\n<\/div>\n<\/div>\n<\/div>\n<\/div>\n<div class=\"jb_0 X_6MGW N_6Fd5\">\n<div class=\"P_0 je_fq7\">\n<ul class=\"hd_n D_F eo_HB M_gQyVX P_0\">\n<li class=\"E_6Fd5 Y_6LEV\" data-test-id=\"attachment-tray-list-item\">\n<div class=\"W_3n93F p_R\" data-test-id=\"attachment-item\">\n<div class=\"I_2iedTo k_w H_7yHc p_R o_h\" data-test-id=\"attachment-container\">\n<div class=\"D_F ab_C gl_C H_6D6F\"><img decoding=\"async\" class=\"W_6D6F\" src=\"https:\/\/apis.mail.yahoo.com\/ws\/v3\/mailboxes\/@.id==VjN-7Ssm2yBRnzKSJQuVdbTA6hxPI5FIRq6ESQMY9wRMzjwZUwvSwOCozEW9fVMs-175fuSv2dyYKMLOAEoHrmKWWA\/messages\/@.id==AGngYydCv5P2Xx6seAgeIEtlBMo\/content\/parts\/@.id==2\/thumbnail?appId=YMailNorrin&amp;size=150w&amp;w=150&amp;h=150\" data-test-id=\"attachment-thumbnail\" \/><\/div>\n<\/div>\n<\/div>\n<\/li>\n<\/ul>\n<\/div>\n<\/div>\n","protected":false},"excerpt":{"rendered":"<p>La consultation interne au PDCI-RDA pour l\u2019\u00e9lection pr\u00e9sidentielle\u00a0 d\u2019octobre 2020\u00a0 se d\u00e9roule du 25 au 26 juillet 2020, et vise \u00e0 d\u00e9finir, par une convention \u00e9clat\u00e9e sur l&rsquo;\u00e9tendue du territoire national pour le choix du candidat dudit parti. Cette convention est plac\u00e9e sous le th\u00e8me\u00a0: \u00ab\u00a0Le PDCI-RDA, exp\u00e9rience et sagesse pour le changement de la [&hellip;]<\/p>\n","protected":false},"author":2,"featured_media":1547,"comment_status":"open","ping_status":"open","sticky":false,"template":"","format":"standard","meta":{"_acf_changed":false,"footnotes":""},"categories":[],"tags":[],"class_list":["post-1545","post","type-post","status-publish","format-standard","has-post-thumbnail","hentry"],"acf":[],"yoast_head":"<!-- This site is optimized with the Yoast SEO plugin v27.5 - https:\/\/yoast.com\/product\/yoast-seo-wordpress\/ -->\n<title>Convention \u00e9clat\u00e9e du PDCI-RDA: Les militants choisissent Henri Konan B\u00e9di\u00e9 \u00e0 San-Pedro - Amanien| L&#039;actualit\u00e9 Ivoirienne et Internationale<\/title>\n<meta name=\"robots\" content=\"index, follow, max-snippet:-1, max-image-preview:large, max-video-preview:-1\" \/>\n<link rel=\"canonical\" href=\"https:\/\/www.amanien.info\/news\/convention-eclatee-du-pdci-rda-les-militants-choisissent-henri-konan-bedie-a-san-pedro\/\" \/>\n<meta property=\"og:locale\" content=\"fr_FR\" \/>\n<meta property=\"og:type\" content=\"article\" \/>\n<meta property=\"og:title\" content=\"Convention \u00e9clat\u00e9e du PDCI-RDA: Les militants choisissent Henri Konan B\u00e9di\u00e9 \u00e0 San-Pedro - Amanien| L&#039;actualit\u00e9 Ivoirienne et Internationale\" \/>\n<meta property=\"og:description\" content=\"La consultation interne au PDCI-RDA pour l\u2019\u00e9lection pr\u00e9sidentielle\u00a0 d\u2019octobre 2020\u00a0 se d\u00e9roule du 25 au 26 juillet 2020, et vise \u00e0 d\u00e9finir, par une convention \u00e9clat\u00e9e sur l&rsquo;\u00e9tendue du territoire national pour le choix du candidat dudit parti. Cette convention est plac\u00e9e sous le th\u00e8me\u00a0: \u00ab\u00a0Le PDCI-RDA, exp\u00e9rience et sagesse pour le changement de la [&hellip;]\" \/>\n<meta property=\"og:url\" content=\"https:\/\/www.amanien.info\/news\/convention-eclatee-du-pdci-rda-les-militants-choisissent-henri-konan-bedie-a-san-pedro\/\" \/>\n<meta property=\"og:site_name\" content=\"Amanien| L&#039;actualit\u00e9 Ivoirienne et Internationale\" \/>\n<meta property=\"article:published_time\" content=\"2020-07-27T11:22:40+00:00\" \/>\n<meta property=\"og:image\" content=\"https:\/\/www.amanien.info\/news\/wp-content\/uploads\/2020\/07\/thumbnail1-1.jpg\" \/>\n\t<meta property=\"og:image:width\" content=\"1080\" \/>\n\t<meta property=\"og:image:height\" content=\"608\" \/>\n\t<meta property=\"og:image:type\" content=\"image\/jpeg\" \/>\n<meta name=\"author\" content=\"Germain Ndri\" \/>\n<meta name=\"twitter:card\" content=\"summary_large_image\" \/>\n<meta name=\"twitter:label1\" content=\"\u00c9crit par\" \/>\n\t<meta name=\"twitter:data1\" content=\"Germain Ndri\" \/>\n\t<meta name=\"twitter:label2\" content=\"Dur\u00e9e de lecture estim\u00e9e\" \/>\n\t<meta name=\"twitter:data2\" content=\"2 minutes\" \/>\n<script type=\"application\/ld+json\" class=\"yoast-schema-graph\">{\"@context\":\"https:\\\/\\\/schema.org\",\"@graph\":[{\"@type\":\"Article\",\"@id\":\"https:\\\/\\\/www.amanien.info\\\/news\\\/convention-eclatee-du-pdci-rda-les-militants-choisissent-henri-konan-bedie-a-san-pedro\\\/#article\",\"isPartOf\":{\"@id\":\"https:\\\/\\\/www.amanien.info\\\/news\\\/convention-eclatee-du-pdci-rda-les-militants-choisissent-henri-konan-bedie-a-san-pedro\\\/\"},\"author\":{\"name\":\"Germain Ndri\",\"@id\":\"https:\\\/\\\/www.amanien.info\\\/news\\\/#\\\/schema\\\/person\\\/b21093345753a1a98242d505bd894f42\"},\"headline\":\"Convention \u00e9clat\u00e9e du PDCI-RDA: Les militants choisissent Henri Konan B\u00e9di\u00e9 \u00e0 San-Pedro\",\"datePublished\":\"2020-07-27T11:22:40+00:00\",\"mainEntityOfPage\":{\"@id\":\"https:\\\/\\\/www.amanien.info\\\/news\\\/convention-eclatee-du-pdci-rda-les-militants-choisissent-henri-konan-bedie-a-san-pedro\\\/\"},\"wordCount\":416,\"commentCount\":0,\"image\":{\"@id\":\"https:\\\/\\\/www.amanien.info\\\/news\\\/convention-eclatee-du-pdci-rda-les-militants-choisissent-henri-konan-bedie-a-san-pedro\\\/#primaryimage\"},\"thumbnailUrl\":\"https:\\\/\\\/www.amanien.info\\\/news\\\/wp-content\\\/uploads\\\/2020\\\/07\\\/thumbnail1-1.jpg\",\"inLanguage\":\"fr-FR\"},{\"@type\":\"WebPage\",\"@id\":\"https:\\\/\\\/www.amanien.info\\\/news\\\/convention-eclatee-du-pdci-rda-les-militants-choisissent-henri-konan-bedie-a-san-pedro\\\/\",\"url\":\"https:\\\/\\\/www.amanien.info\\\/news\\\/convention-eclatee-du-pdci-rda-les-militants-choisissent-henri-konan-bedie-a-san-pedro\\\/\",\"name\":\"Convention \u00e9clat\u00e9e du PDCI-RDA: Les militants choisissent Henri Konan B\u00e9di\u00e9 \u00e0 San-Pedro - Amanien| L&#039;actualit\u00e9 Ivoirienne et Internationale\",\"isPartOf\":{\"@id\":\"https:\\\/\\\/www.amanien.info\\\/news\\\/#website\"},\"primaryImageOfPage\":{\"@id\":\"https:\\\/\\\/www.amanien.info\\\/news\\\/convention-eclatee-du-pdci-rda-les-militants-choisissent-henri-konan-bedie-a-san-pedro\\\/#primaryimage\"},\"image\":{\"@id\":\"https:\\\/\\\/www.amanien.info\\\/news\\\/convention-eclatee-du-pdci-rda-les-militants-choisissent-henri-konan-bedie-a-san-pedro\\\/#primaryimage\"},\"thumbnailUrl\":\"https:\\\/\\\/www.amanien.info\\\/news\\\/wp-content\\\/uploads\\\/2020\\\/07\\\/thumbnail1-1.jpg\",\"datePublished\":\"2020-07-27T11:22:40+00:00\",\"author\":{\"@id\":\"https:\\\/\\\/www.amanien.info\\\/news\\\/#\\\/schema\\\/person\\\/b21093345753a1a98242d505bd894f42\"},\"breadcrumb\":{\"@id\":\"https:\\\/\\\/www.amanien.info\\\/news\\\/convention-eclatee-du-pdci-rda-les-militants-choisissent-henri-konan-bedie-a-san-pedro\\\/#breadcrumb\"},\"inLanguage\":\"fr-FR\",\"potentialAction\":[{\"@type\":\"ReadAction\",\"target\":[\"https:\\\/\\\/www.amanien.info\\\/news\\\/convention-eclatee-du-pdci-rda-les-militants-choisissent-henri-konan-bedie-a-san-pedro\\\/\"]}]},{\"@type\":\"ImageObject\",\"inLanguage\":\"fr-FR\",\"@id\":\"https:\\\/\\\/www.amanien.info\\\/news\\\/convention-eclatee-du-pdci-rda-les-militants-choisissent-henri-konan-bedie-a-san-pedro\\\/#primaryimage\",\"url\":\"https:\\\/\\\/www.amanien.info\\\/news\\\/wp-content\\\/uploads\\\/2020\\\/07\\\/thumbnail1-1.jpg\",\"contentUrl\":\"https:\\\/\\\/www.amanien.info\\\/news\\\/wp-content\\\/uploads\\\/2020\\\/07\\\/thumbnail1-1.jpg\",\"width\":1080,\"height\":608},{\"@type\":\"BreadcrumbList\",\"@id\":\"https:\\\/\\\/www.amanien.info\\\/news\\\/convention-eclatee-du-pdci-rda-les-militants-choisissent-henri-konan-bedie-a-san-pedro\\\/#breadcrumb\",\"itemListElement\":[{\"@type\":\"ListItem\",\"position\":1,\"name\":\"Accueil\",\"item\":\"https:\\\/\\\/www.amanien.info\\\/news\\\/\"},{\"@type\":\"ListItem\",\"position\":2,\"name\":\"Convention \u00e9clat\u00e9e du PDCI-RDA: Les militants choisissent Henri Konan B\u00e9di\u00e9 \u00e0 San-Pedro\"}]},{\"@type\":\"WebSite\",\"@id\":\"https:\\\/\\\/www.amanien.info\\\/news\\\/#website\",\"url\":\"https:\\\/\\\/www.amanien.info\\\/news\\\/\",\"name\":\"Amanien| L&#039;actualit\u00e9 Ivoirienne et Internationale\",\"description\":\"L&#039;actualit\u00e9 Ivoirienne et Internationale\",\"potentialAction\":[{\"@type\":\"SearchAction\",\"target\":{\"@type\":\"EntryPoint\",\"urlTemplate\":\"https:\\\/\\\/www.amanien.info\\\/news\\\/?s={search_term_string}\"},\"query-input\":{\"@type\":\"PropertyValueSpecification\",\"valueRequired\":true,\"valueName\":\"search_term_string\"}}],\"inLanguage\":\"fr-FR\"},{\"@type\":\"Person\",\"@id\":\"https:\\\/\\\/www.amanien.info\\\/news\\\/#\\\/schema\\\/person\\\/b21093345753a1a98242d505bd894f42\",\"name\":\"Germain Ndri\",\"url\":\"https:\\\/\\\/www.amanien.info\\\/news\\\/author\\\/amanien-infos\\\/\"}]}<\/script>\n<!-- \/ Yoast SEO plugin. -->","yoast_head_json":{"title":"Convention \u00e9clat\u00e9e du PDCI-RDA: Les militants choisissent Henri Konan B\u00e9di\u00e9 \u00e0 San-Pedro - Amanien| L&#039;actualit\u00e9 Ivoirienne et Internationale","robots":{"index":"index","follow":"follow","max-snippet":"max-snippet:-1","max-image-preview":"max-image-preview:large","max-video-preview":"max-video-preview:-1"},"canonical":"https:\/\/www.amanien.info\/news\/convention-eclatee-du-pdci-rda-les-militants-choisissent-henri-konan-bedie-a-san-pedro\/","og_locale":"fr_FR","og_type":"article","og_title":"Convention \u00e9clat\u00e9e du PDCI-RDA: Les militants choisissent Henri Konan B\u00e9di\u00e9 \u00e0 San-Pedro - Amanien| L&#039;actualit\u00e9 Ivoirienne et Internationale","og_description":"La consultation interne au PDCI-RDA pour l\u2019\u00e9lection pr\u00e9sidentielle\u00a0 d\u2019octobre 2020\u00a0 se d\u00e9roule du 25 au 26 juillet 2020, et vise \u00e0 d\u00e9finir, par une convention \u00e9clat\u00e9e sur l&rsquo;\u00e9tendue du territoire national pour le choix du candidat dudit parti. Cette convention est plac\u00e9e sous le th\u00e8me\u00a0: \u00ab\u00a0Le PDCI-RDA, exp\u00e9rience et sagesse pour le changement de la [&hellip;]","og_url":"https:\/\/www.amanien.info\/news\/convention-eclatee-du-pdci-rda-les-militants-choisissent-henri-konan-bedie-a-san-pedro\/","og_site_name":"Amanien| L&#039;actualit\u00e9 Ivoirienne et Internationale","article_published_time":"2020-07-27T11:22:40+00:00","og_image":[{"width":1080,"height":608,"url":"https:\/\/www.amanien.info\/news\/wp-content\/uploads\/2020\/07\/thumbnail1-1.jpg","type":"image\/jpeg"}],"author":"Germain Ndri","twitter_card":"summary_large_image","twitter_misc":{"\u00c9crit par":"Germain Ndri","Dur\u00e9e de lecture estim\u00e9e":"2 minutes"},"schema":{"@context":"https:\/\/schema.org","@graph":[{"@type":"Article","@id":"https:\/\/www.amanien.info\/news\/convention-eclatee-du-pdci-rda-les-militants-choisissent-henri-konan-bedie-a-san-pedro\/#article","isPartOf":{"@id":"https:\/\/www.amanien.info\/news\/convention-eclatee-du-pdci-rda-les-militants-choisissent-henri-konan-bedie-a-san-pedro\/"},"author":{"name":"Germain Ndri","@id":"https:\/\/www.amanien.info\/news\/#\/schema\/person\/b21093345753a1a98242d505bd894f42"},"headline":"Convention \u00e9clat\u00e9e du PDCI-RDA: Les militants choisissent Henri Konan B\u00e9di\u00e9 \u00e0 San-Pedro","datePublished":"2020-07-27T11:22:40+00:00","mainEntityOfPage":{"@id":"https:\/\/www.amanien.info\/news\/convention-eclatee-du-pdci-rda-les-militants-choisissent-henri-konan-bedie-a-san-pedro\/"},"wordCount":416,"commentCount":0,"image":{"@id":"https:\/\/www.amanien.info\/news\/convention-eclatee-du-pdci-rda-les-militants-choisissent-henri-konan-bedie-a-san-pedro\/#primaryimage"},"thumbnailUrl":"https:\/\/www.amanien.info\/news\/wp-content\/uploads\/2020\/07\/thumbnail1-1.jpg","inLanguage":"fr-FR"},{"@type":"WebPage","@id":"https:\/\/www.amanien.info\/news\/convention-eclatee-du-pdci-rda-les-militants-choisissent-henri-konan-bedie-a-san-pedro\/","url":"https:\/\/www.amanien.info\/news\/convention-eclatee-du-pdci-rda-les-militants-choisissent-henri-konan-bedie-a-san-pedro\/","name":"Convention \u00e9clat\u00e9e du PDCI-RDA: Les militants choisissent Henri Konan B\u00e9di\u00e9 \u00e0 San-Pedro - Amanien| L&#039;actualit\u00e9 Ivoirienne et Internationale","isPartOf":{"@id":"https:\/\/www.amanien.info\/news\/#website"},"primaryImageOfPage":{"@id":"https:\/\/www.amanien.info\/news\/convention-eclatee-du-pdci-rda-les-militants-choisissent-henri-konan-bedie-a-san-pedro\/#primaryimage"},"image":{"@id":"https:\/\/www.amanien.info\/news\/convention-eclatee-du-pdci-rda-les-militants-choisissent-henri-konan-bedie-a-san-pedro\/#primaryimage"},"thumbnailUrl":"https:\/\/www.amanien.info\/news\/wp-content\/uploads\/2020\/07\/thumbnail1-1.jpg","datePublished":"2020-07-27T11:22:40+00:00","author":{"@id":"https:\/\/www.amanien.info\/news\/#\/schema\/person\/b21093345753a1a98242d505bd894f42"},"breadcrumb":{"@id":"https:\/\/www.amanien.info\/news\/convention-eclatee-du-pdci-rda-les-militants-choisissent-henri-konan-bedie-a-san-pedro\/#breadcrumb"},"inLanguage":"fr-FR","potentialAction":[{"@type":"ReadAction","target":["https:\/\/www.amanien.info\/news\/convention-eclatee-du-pdci-rda-les-militants-choisissent-henri-konan-bedie-a-san-pedro\/"]}]},{"@type":"ImageObject","inLanguage":"fr-FR","@id":"https:\/\/www.amanien.info\/news\/convention-eclatee-du-pdci-rda-les-militants-choisissent-henri-konan-bedie-a-san-pedro\/#primaryimage","url":"https:\/\/www.amanien.info\/news\/wp-content\/uploads\/2020\/07\/thumbnail1-1.jpg","contentUrl":"https:\/\/www.amanien.info\/news\/wp-content\/uploads\/2020\/07\/thumbnail1-1.jpg","width":1080,"height":608},{"@type":"BreadcrumbList","@id":"https:\/\/www.amanien.info\/news\/convention-eclatee-du-pdci-rda-les-militants-choisissent-henri-konan-bedie-a-san-pedro\/#breadcrumb","itemListElement":[{"@type":"ListItem","position":1,"name":"Accueil","item":"https:\/\/www.amanien.info\/news\/"},{"@type":"ListItem","position":2,"name":"Convention \u00e9clat\u00e9e du PDCI-RDA: Les militants choisissent Henri Konan B\u00e9di\u00e9 \u00e0 San-Pedro"}]},{"@type":"WebSite","@id":"https:\/\/www.amanien.info\/news\/#website","url":"https:\/\/www.amanien.info\/news\/","name":"Amanien| L&#039;actualit\u00e9 Ivoirienne et Internationale","description":"L&#039;actualit\u00e9 Ivoirienne et Internationale","potentialAction":[{"@type":"SearchAction","target":{"@type":"EntryPoint","urlTemplate":"https:\/\/www.amanien.info\/news\/?s={search_term_string}"},"query-input":{"@type":"PropertyValueSpecification","valueRequired":true,"valueName":"search_term_string"}}],"inLanguage":"fr-FR"},{"@type":"Person","@id":"https:\/\/www.amanien.info\/news\/#\/schema\/person\/b21093345753a1a98242d505bd894f42","name":"Germain Ndri","url":"https:\/\/www.amanien.info\/news\/author\/amanien-infos\/"}]}},"_links":{"self":[{"href":"https:\/\/www.amanien.info\/news\/wp-json\/wp\/v2\/posts\/1545","targetHints":{"allow":["GET"]}}],"collection":[{"href":"https:\/\/www.amanien.info\/news\/wp-json\/wp\/v2\/posts"}],"about":[{"href":"https:\/\/www.amanien.info\/news\/wp-json\/wp\/v2\/types\/post"}],"author":[{"embeddable":true,"href":"https:\/\/www.amanien.info\/news\/wp-json\/wp\/v2\/users\/2"}],"replies":[{"embeddable":true,"href":"https:\/\/www.amanien.info\/news\/wp-json\/wp\/v2\/comments?post=1545"}],"version-history":[{"count":0,"href":"https:\/\/www.amanien.info\/news\/wp-json\/wp\/v2\/posts\/1545\/revisions"}],"wp:featuredmedia":[{"embeddable":true,"href":"https:\/\/www.amanien.info\/news\/wp-json\/wp\/v2\/media\/1547"}],"wp:attachment":[{"href":"https:\/\/www.amanien.info\/news\/wp-json\/wp\/v2\/media?parent=1545"}],"wp:term":[{"taxonomy":"category","embeddable":true,"href":"https:\/\/www.amanien.info\/news\/wp-json\/wp\/v2\/categories?post=1545"},{"taxonomy":"post_tag","embeddable":true,"href":"https:\/\/www.amanien.info\/news\/wp-json\/wp\/v2\/tags?post=1545"}],"curies":[{"name":"wp","href":"https:\/\/api.w.org\/{rel}","templated":true}]}}