{"id":1539,"date":"2020-07-26T13:48:40","date_gmt":"2020-07-26T11:48:40","guid":{"rendered":"http:\/\/https:\/\/zozo.buyee.jp\/\/news\/?p=1539"},"modified":"2020-07-26T13:48:58","modified_gmt":"2020-07-26T11:48:58","slug":"paix-et-cohesion-sociale-en-prelude-aux-elections-a-venir-le-president-de-lorganisation-notre-nation-presente-son-bureau","status":"publish","type":"post","link":"https:\/\/www.amanien.info\/news\/paix-et-cohesion-sociale-en-prelude-aux-elections-a-venir-le-president-de-lorganisation-notre-nation-presente-son-bureau\/","title":{"rendered":"Paix et coh\u00e9sion sociale \/ En pr\u00e9lude aux \u00e9lections \u00e0 venir: Le pr\u00e9sident de l\u2019organisation \u00a0\u2018\u2019Notre Nation\u2019\u2019 pr\u00e9sente son bureau"},"content":{"rendered":"<p>C\u2019est un commando de vingt (20) personnes qui compose le Bureau ex\u00e9cutif national (Ben), de la Coalition des organisations pour le soutien aux id\u00e9aux de paix et de coh\u00e9sion sociale \u2018\u2019Notre Nation\u2019\u2019, pr\u00e9sid\u00e9e par Me. Gb\u00ea Gonssan Henri. Il a rendu public sa liste le 25 juillet dernier \u00e0 Abobo. Selon lui, son bureau est investi d\u2019une feuille de route claire\u00a0: pr\u00f4ner la paix et la coh\u00e9sion sociale par tous les moyens qu\u2019il faut, afin de pr\u00e9server la C\u00f4te d\u2019Ivoire d\u2019une autre crise en p\u00e9riode \u00e9lectorale. De fait, ses lieutenants, tout comme lui-m\u00eame, auront la lourde t\u00e2che, selon lui, d\u2019aller \u00e0 la rencontre de tous les leaders politiques, tous les animateurs de vie politique Ivoirienne, toutes les t\u00eates couronn\u00e9es, les \u00e9lus, les guides spirituels, dans toutes contr\u00e9es et tous hameaux, les institutions nationales et internationales accr\u00e9dit\u00e9es en C\u00f4te d\u2019Ivoire, les minist\u00e8res, la Primature et la Pr\u00e9sidence, afin d\u2019insister sur l\u2019importance et la n\u00e9cessit\u00e9 d\u2019une paix durable, la coh\u00e9sion et la fraternit\u00e9. Selon Me. Gb\u00ea Gonssan, \u00e0 partir du moment o\u00f9 la C\u00f4te d\u2019Ivoire est une et indivisible, la faiti\u00e8re \u2018\u2019Notre nation\u2019\u2019 qui a vu le jour le 27 juin dernier,\u00a0 se veut alors une structure citoyenne regroupant une cinquantaine d\u2019organisations, partageant les m\u00eames visions, les m\u00eames ambitions et les m\u00eames pr\u00e9occupations\u00a0: l\u2019instauration d\u2019une paix durable dans le pays, gage de tout d\u00e9veloppement.\u00a0A cet effet, dira-t-il en substance que \u2018\u2019Notre Nation \u2018\u2019, envisage \u00eatre la sonnette d\u2019alarme pour la C\u00f4te d\u2019Ivoire, \u00e0 l\u2019aur\u00e9e des \u00e9lections Pr\u00e9sidentielles d\u2019octobre prochain, et celles de toutes les autres qui vont s\u2019en suivre. Selon lui, les ann\u00e9es pass\u00e9es, lors des \u00e9lections, \u00e0 cause des incompr\u00e9hensions, le pays a\u00a0 \u00e9t\u00e9 plong\u00e9 dans des t\u00e9n\u00e8bres de guerres, avec ses corolaires de morts endeuillant les familles, et causant d\u2019\u00e9normes d\u00e9sastres. Ainsi, argumente \u2013t-il, voyant les m\u00eames spectres, il est tout \u00e0 fait normal d\u2019y anticiper. \u00ab(\u2026) C\u2019est maintenant qu\u2019il faut \u00eatre ambassadeur de paix, faire la promotion de cette vertu, pour une coh\u00e9sion sociale in\u00e9branlable. De sorte qu\u2019on ne revive plus ce qu\u2019on a v\u00e9cu par le pass\u00e9\u00a0\u00bb, note Me. Gb\u00ea. Il est question pour lui, d\u2019investir toutes les contr\u00e9es du pays, afin de pr\u00eacher la paix. \u00a0Me. Gb\u00ea, il faut le savoir, est Ambassadeur de paix de la F\u00e9d\u00e9ration pour la paix universelle. Reconnu pour ses actions de paix, c\u2019est un v\u00e9ritable sensibilisateur des leaders du monde politique. Il les appelle \u00e0 d\u00e9sarmer leur c\u0153ur, et \u00e0 s\u2019affranchir de la politique politicienne.<\/p>\n","protected":false},"excerpt":{"rendered":"<p>C\u2019est un commando de vingt (20) personnes qui compose le Bureau ex\u00e9cutif national (Ben), de la Coalition des organisations pour le soutien aux id\u00e9aux de paix et de coh\u00e9sion sociale \u2018\u2019Notre Nation\u2019\u2019, pr\u00e9sid\u00e9e par Me. Gb\u00ea Gonssan Henri. Il a rendu public sa liste le 25 juillet dernier \u00e0 Abobo. Selon lui, son bureau est [&hellip;]<\/p>\n","protected":false},"author":2,"featured_media":1540,"comment_status":"open","ping_status":"open","sticky":true,"template":"","format":"standard","meta":{"_acf_changed":false,"footnotes":""},"categories":[],"tags":[],"class_list":["post-1539","post","type-post","status-publish","format-standard","has-post-thumbnail","hentry"],"acf":[],"yoast_head":"<!-- This site is optimized with the Yoast SEO plugin v27.5 - https:\/\/yoast.com\/product\/yoast-seo-wordpress\/ -->\n<title>Paix et coh\u00e9sion sociale \/ En pr\u00e9lude aux \u00e9lections \u00e0 venir: Le pr\u00e9sident de l\u2019organisation \u00a0\u2018\u2019Notre Nation\u2019\u2019 pr\u00e9sente son bureau - Amanien| L&#039;actualit\u00e9 Ivoirienne et Internationale<\/title>\n<meta name=\"robots\" content=\"index, follow, max-snippet:-1, max-image-preview:large, max-video-preview:-1\" \/>\n<link rel=\"canonical\" href=\"https:\/\/www.amanien.info\/news\/paix-et-cohesion-sociale-en-prelude-aux-elections-a-venir-le-president-de-lorganisation-notre-nation-presente-son-bureau\/\" \/>\n<meta property=\"og:locale\" content=\"fr_FR\" \/>\n<meta property=\"og:type\" content=\"article\" \/>\n<meta property=\"og:title\" content=\"Paix et coh\u00e9sion sociale \/ En pr\u00e9lude aux \u00e9lections \u00e0 venir: Le pr\u00e9sident de l\u2019organisation \u00a0\u2018\u2019Notre Nation\u2019\u2019 pr\u00e9sente son bureau - Amanien| L&#039;actualit\u00e9 Ivoirienne et Internationale\" \/>\n<meta property=\"og:description\" content=\"C\u2019est un commando de vingt (20) personnes qui compose le Bureau ex\u00e9cutif national (Ben), de la Coalition des organisations pour le soutien aux id\u00e9aux de paix et de coh\u00e9sion sociale \u2018\u2019Notre Nation\u2019\u2019, pr\u00e9sid\u00e9e par Me. Gb\u00ea Gonssan Henri. Il a rendu public sa liste le 25 juillet dernier \u00e0 Abobo. Selon lui, son bureau est [&hellip;]\" \/>\n<meta property=\"og:url\" content=\"https:\/\/www.amanien.info\/news\/paix-et-cohesion-sociale-en-prelude-aux-elections-a-venir-le-president-de-lorganisation-notre-nation-presente-son-bureau\/\" \/>\n<meta property=\"og:site_name\" content=\"Amanien| L&#039;actualit\u00e9 Ivoirienne et Internationale\" \/>\n<meta property=\"article:published_time\" content=\"2020-07-26T11:48:40+00:00\" \/>\n<meta property=\"article:modified_time\" content=\"2020-07-26T11:48:58+00:00\" \/>\n<meta property=\"og:image\" content=\"https:\/\/www.amanien.info\/news\/wp-content\/uploads\/2020\/07\/thumbnail-9.jpg\" \/>\n\t<meta property=\"og:image:width\" content=\"1080\" \/>\n\t<meta property=\"og:image:height\" content=\"810\" \/>\n\t<meta property=\"og:image:type\" content=\"image\/jpeg\" \/>\n<meta name=\"author\" content=\"Germain Ndri\" \/>\n<meta name=\"twitter:card\" content=\"summary_large_image\" \/>\n<meta name=\"twitter:label1\" content=\"\u00c9crit par\" \/>\n\t<meta name=\"twitter:data1\" content=\"Germain Ndri\" \/>\n\t<meta name=\"twitter:label2\" content=\"Dur\u00e9e de lecture estim\u00e9e\" \/>\n\t<meta name=\"twitter:data2\" content=\"2 minutes\" \/>\n<script type=\"application\/ld+json\" class=\"yoast-schema-graph\">{\"@context\":\"https:\\\/\\\/schema.org\",\"@graph\":[{\"@type\":\"Article\",\"@id\":\"https:\\\/\\\/www.amanien.info\\\/news\\\/paix-et-cohesion-sociale-en-prelude-aux-elections-a-venir-le-president-de-lorganisation-notre-nation-presente-son-bureau\\\/#article\",\"isPartOf\":{\"@id\":\"https:\\\/\\\/www.amanien.info\\\/news\\\/paix-et-cohesion-sociale-en-prelude-aux-elections-a-venir-le-president-de-lorganisation-notre-nation-presente-son-bureau\\\/\"},\"author\":{\"name\":\"Germain Ndri\",\"@id\":\"https:\\\/\\\/www.amanien.info\\\/news\\\/#\\\/schema\\\/person\\\/b21093345753a1a98242d505bd894f42\"},\"headline\":\"Paix et coh\u00e9sion sociale \\\/ En pr\u00e9lude aux \u00e9lections \u00e0 venir: Le pr\u00e9sident de l\u2019organisation \u00a0\u2018\u2019Notre Nation\u2019\u2019 pr\u00e9sente son bureau\",\"datePublished\":\"2020-07-26T11:48:40+00:00\",\"dateModified\":\"2020-07-26T11:48:58+00:00\",\"mainEntityOfPage\":{\"@id\":\"https:\\\/\\\/www.amanien.info\\\/news\\\/paix-et-cohesion-sociale-en-prelude-aux-elections-a-venir-le-president-de-lorganisation-notre-nation-presente-son-bureau\\\/\"},\"wordCount\":492,\"commentCount\":0,\"image\":{\"@id\":\"https:\\\/\\\/www.amanien.info\\\/news\\\/paix-et-cohesion-sociale-en-prelude-aux-elections-a-venir-le-president-de-lorganisation-notre-nation-presente-son-bureau\\\/#primaryimage\"},\"thumbnailUrl\":\"https:\\\/\\\/www.amanien.info\\\/news\\\/wp-content\\\/uploads\\\/2020\\\/07\\\/thumbnail-9.jpg\",\"inLanguage\":\"fr-FR\"},{\"@type\":\"WebPage\",\"@id\":\"https:\\\/\\\/www.amanien.info\\\/news\\\/paix-et-cohesion-sociale-en-prelude-aux-elections-a-venir-le-president-de-lorganisation-notre-nation-presente-son-bureau\\\/\",\"url\":\"https:\\\/\\\/www.amanien.info\\\/news\\\/paix-et-cohesion-sociale-en-prelude-aux-elections-a-venir-le-president-de-lorganisation-notre-nation-presente-son-bureau\\\/\",\"name\":\"Paix et coh\u00e9sion sociale \\\/ En pr\u00e9lude aux \u00e9lections \u00e0 venir: Le pr\u00e9sident de l\u2019organisation \u00a0\u2018\u2019Notre Nation\u2019\u2019 pr\u00e9sente son bureau - Amanien| L&#039;actualit\u00e9 Ivoirienne et Internationale\",\"isPartOf\":{\"@id\":\"https:\\\/\\\/www.amanien.info\\\/news\\\/#website\"},\"primaryImageOfPage\":{\"@id\":\"https:\\\/\\\/www.amanien.info\\\/news\\\/paix-et-cohesion-sociale-en-prelude-aux-elections-a-venir-le-president-de-lorganisation-notre-nation-presente-son-bureau\\\/#primaryimage\"},\"image\":{\"@id\":\"https:\\\/\\\/www.amanien.info\\\/news\\\/paix-et-cohesion-sociale-en-prelude-aux-elections-a-venir-le-president-de-lorganisation-notre-nation-presente-son-bureau\\\/#primaryimage\"},\"thumbnailUrl\":\"https:\\\/\\\/www.amanien.info\\\/news\\\/wp-content\\\/uploads\\\/2020\\\/07\\\/thumbnail-9.jpg\",\"datePublished\":\"2020-07-26T11:48:40+00:00\",\"dateModified\":\"2020-07-26T11:48:58+00:00\",\"author\":{\"@id\":\"https:\\\/\\\/www.amanien.info\\\/news\\\/#\\\/schema\\\/person\\\/b21093345753a1a98242d505bd894f42\"},\"breadcrumb\":{\"@id\":\"https:\\\/\\\/www.amanien.info\\\/news\\\/paix-et-cohesion-sociale-en-prelude-aux-elections-a-venir-le-president-de-lorganisation-notre-nation-presente-son-bureau\\\/#breadcrumb\"},\"inLanguage\":\"fr-FR\",\"potentialAction\":[{\"@type\":\"ReadAction\",\"target\":[\"https:\\\/\\\/www.amanien.info\\\/news\\\/paix-et-cohesion-sociale-en-prelude-aux-elections-a-venir-le-president-de-lorganisation-notre-nation-presente-son-bureau\\\/\"]}]},{\"@type\":\"ImageObject\",\"inLanguage\":\"fr-FR\",\"@id\":\"https:\\\/\\\/www.amanien.info\\\/news\\\/paix-et-cohesion-sociale-en-prelude-aux-elections-a-venir-le-president-de-lorganisation-notre-nation-presente-son-bureau\\\/#primaryimage\",\"url\":\"https:\\\/\\\/www.amanien.info\\\/news\\\/wp-content\\\/uploads\\\/2020\\\/07\\\/thumbnail-9.jpg\",\"contentUrl\":\"https:\\\/\\\/www.amanien.info\\\/news\\\/wp-content\\\/uploads\\\/2020\\\/07\\\/thumbnail-9.jpg\",\"width\":1080,\"height\":810},{\"@type\":\"BreadcrumbList\",\"@id\":\"https:\\\/\\\/www.amanien.info\\\/news\\\/paix-et-cohesion-sociale-en-prelude-aux-elections-a-venir-le-president-de-lorganisation-notre-nation-presente-son-bureau\\\/#breadcrumb\",\"itemListElement\":[{\"@type\":\"ListItem\",\"position\":1,\"name\":\"Accueil\",\"item\":\"https:\\\/\\\/www.amanien.info\\\/news\\\/\"},{\"@type\":\"ListItem\",\"position\":2,\"name\":\"Paix et coh\u00e9sion sociale \\\/ En pr\u00e9lude aux \u00e9lections \u00e0 venir: Le pr\u00e9sident de l\u2019organisation \u00a0\u2018\u2019Notre Nation\u2019\u2019 pr\u00e9sente son bureau\"}]},{\"@type\":\"WebSite\",\"@id\":\"https:\\\/\\\/www.amanien.info\\\/news\\\/#website\",\"url\":\"https:\\\/\\\/www.amanien.info\\\/news\\\/\",\"name\":\"Amanien| L&#039;actualit\u00e9 Ivoirienne et Internationale\",\"description\":\"L&#039;actualit\u00e9 Ivoirienne et Internationale\",\"potentialAction\":[{\"@type\":\"SearchAction\",\"target\":{\"@type\":\"EntryPoint\",\"urlTemplate\":\"https:\\\/\\\/www.amanien.info\\\/news\\\/?s={search_term_string}\"},\"query-input\":{\"@type\":\"PropertyValueSpecification\",\"valueRequired\":true,\"valueName\":\"search_term_string\"}}],\"inLanguage\":\"fr-FR\"},{\"@type\":\"Person\",\"@id\":\"https:\\\/\\\/www.amanien.info\\\/news\\\/#\\\/schema\\\/person\\\/b21093345753a1a98242d505bd894f42\",\"name\":\"Germain Ndri\",\"url\":\"https:\\\/\\\/www.amanien.info\\\/news\\\/author\\\/amanien-infos\\\/\"}]}<\/script>\n<!-- \/ Yoast SEO plugin. -->","yoast_head_json":{"title":"Paix et coh\u00e9sion sociale \/ En pr\u00e9lude aux \u00e9lections \u00e0 venir: Le pr\u00e9sident de l\u2019organisation \u00a0\u2018\u2019Notre Nation\u2019\u2019 pr\u00e9sente son bureau - Amanien| L&#039;actualit\u00e9 Ivoirienne et Internationale","robots":{"index":"index","follow":"follow","max-snippet":"max-snippet:-1","max-image-preview":"max-image-preview:large","max-video-preview":"max-video-preview:-1"},"canonical":"https:\/\/www.amanien.info\/news\/paix-et-cohesion-sociale-en-prelude-aux-elections-a-venir-le-president-de-lorganisation-notre-nation-presente-son-bureau\/","og_locale":"fr_FR","og_type":"article","og_title":"Paix et coh\u00e9sion sociale \/ En pr\u00e9lude aux \u00e9lections \u00e0 venir: Le pr\u00e9sident de l\u2019organisation \u00a0\u2018\u2019Notre Nation\u2019\u2019 pr\u00e9sente son bureau - Amanien| L&#039;actualit\u00e9 Ivoirienne et Internationale","og_description":"C\u2019est un commando de vingt (20) personnes qui compose le Bureau ex\u00e9cutif national (Ben), de la Coalition des organisations pour le soutien aux id\u00e9aux de paix et de coh\u00e9sion sociale \u2018\u2019Notre Nation\u2019\u2019, pr\u00e9sid\u00e9e par Me. Gb\u00ea Gonssan Henri. Il a rendu public sa liste le 25 juillet dernier \u00e0 Abobo. Selon lui, son bureau est [&hellip;]","og_url":"https:\/\/www.amanien.info\/news\/paix-et-cohesion-sociale-en-prelude-aux-elections-a-venir-le-president-de-lorganisation-notre-nation-presente-son-bureau\/","og_site_name":"Amanien| L&#039;actualit\u00e9 Ivoirienne et Internationale","article_published_time":"2020-07-26T11:48:40+00:00","article_modified_time":"2020-07-26T11:48:58+00:00","og_image":[{"width":1080,"height":810,"url":"https:\/\/www.amanien.info\/news\/wp-content\/uploads\/2020\/07\/thumbnail-9.jpg","type":"image\/jpeg"}],"author":"Germain Ndri","twitter_card":"summary_large_image","twitter_misc":{"\u00c9crit par":"Germain Ndri","Dur\u00e9e de lecture estim\u00e9e":"2 minutes"},"schema":{"@context":"https:\/\/schema.org","@graph":[{"@type":"Article","@id":"https:\/\/www.amanien.info\/news\/paix-et-cohesion-sociale-en-prelude-aux-elections-a-venir-le-president-de-lorganisation-notre-nation-presente-son-bureau\/#article","isPartOf":{"@id":"https:\/\/www.amanien.info\/news\/paix-et-cohesion-sociale-en-prelude-aux-elections-a-venir-le-president-de-lorganisation-notre-nation-presente-son-bureau\/"},"author":{"name":"Germain Ndri","@id":"https:\/\/www.amanien.info\/news\/#\/schema\/person\/b21093345753a1a98242d505bd894f42"},"headline":"Paix et coh\u00e9sion sociale \/ En pr\u00e9lude aux \u00e9lections \u00e0 venir: Le pr\u00e9sident de l\u2019organisation \u00a0\u2018\u2019Notre Nation\u2019\u2019 pr\u00e9sente son bureau","datePublished":"2020-07-26T11:48:40+00:00","dateModified":"2020-07-26T11:48:58+00:00","mainEntityOfPage":{"@id":"https:\/\/www.amanien.info\/news\/paix-et-cohesion-sociale-en-prelude-aux-elections-a-venir-le-president-de-lorganisation-notre-nation-presente-son-bureau\/"},"wordCount":492,"commentCount":0,"image":{"@id":"https:\/\/www.amanien.info\/news\/paix-et-cohesion-sociale-en-prelude-aux-elections-a-venir-le-president-de-lorganisation-notre-nation-presente-son-bureau\/#primaryimage"},"thumbnailUrl":"https:\/\/www.amanien.info\/news\/wp-content\/uploads\/2020\/07\/thumbnail-9.jpg","inLanguage":"fr-FR"},{"@type":"WebPage","@id":"https:\/\/www.amanien.info\/news\/paix-et-cohesion-sociale-en-prelude-aux-elections-a-venir-le-president-de-lorganisation-notre-nation-presente-son-bureau\/","url":"https:\/\/www.amanien.info\/news\/paix-et-cohesion-sociale-en-prelude-aux-elections-a-venir-le-president-de-lorganisation-notre-nation-presente-son-bureau\/","name":"Paix et coh\u00e9sion sociale \/ En pr\u00e9lude aux \u00e9lections \u00e0 venir: Le pr\u00e9sident de l\u2019organisation \u00a0\u2018\u2019Notre Nation\u2019\u2019 pr\u00e9sente son bureau - Amanien| L&#039;actualit\u00e9 Ivoirienne et Internationale","isPartOf":{"@id":"https:\/\/www.amanien.info\/news\/#website"},"primaryImageOfPage":{"@id":"https:\/\/www.amanien.info\/news\/paix-et-cohesion-sociale-en-prelude-aux-elections-a-venir-le-president-de-lorganisation-notre-nation-presente-son-bureau\/#primaryimage"},"image":{"@id":"https:\/\/www.amanien.info\/news\/paix-et-cohesion-sociale-en-prelude-aux-elections-a-venir-le-president-de-lorganisation-notre-nation-presente-son-bureau\/#primaryimage"},"thumbnailUrl":"https:\/\/www.amanien.info\/news\/wp-content\/uploads\/2020\/07\/thumbnail-9.jpg","datePublished":"2020-07-26T11:48:40+00:00","dateModified":"2020-07-26T11:48:58+00:00","author":{"@id":"https:\/\/www.amanien.info\/news\/#\/schema\/person\/b21093345753a1a98242d505bd894f42"},"breadcrumb":{"@id":"https:\/\/www.amanien.info\/news\/paix-et-cohesion-sociale-en-prelude-aux-elections-a-venir-le-president-de-lorganisation-notre-nation-presente-son-bureau\/#breadcrumb"},"inLanguage":"fr-FR","potentialAction":[{"@type":"ReadAction","target":["https:\/\/www.amanien.info\/news\/paix-et-cohesion-sociale-en-prelude-aux-elections-a-venir-le-president-de-lorganisation-notre-nation-presente-son-bureau\/"]}]},{"@type":"ImageObject","inLanguage":"fr-FR","@id":"https:\/\/www.amanien.info\/news\/paix-et-cohesion-sociale-en-prelude-aux-elections-a-venir-le-president-de-lorganisation-notre-nation-presente-son-bureau\/#primaryimage","url":"https:\/\/www.amanien.info\/news\/wp-content\/uploads\/2020\/07\/thumbnail-9.jpg","contentUrl":"https:\/\/www.amanien.info\/news\/wp-content\/uploads\/2020\/07\/thumbnail-9.jpg","width":1080,"height":810},{"@type":"BreadcrumbList","@id":"https:\/\/www.amanien.info\/news\/paix-et-cohesion-sociale-en-prelude-aux-elections-a-venir-le-president-de-lorganisation-notre-nation-presente-son-bureau\/#breadcrumb","itemListElement":[{"@type":"ListItem","position":1,"name":"Accueil","item":"https:\/\/www.amanien.info\/news\/"},{"@type":"ListItem","position":2,"name":"Paix et coh\u00e9sion sociale \/ En pr\u00e9lude aux \u00e9lections \u00e0 venir: Le pr\u00e9sident de l\u2019organisation \u00a0\u2018\u2019Notre Nation\u2019\u2019 pr\u00e9sente son bureau"}]},{"@type":"WebSite","@id":"https:\/\/www.amanien.info\/news\/#website","url":"https:\/\/www.amanien.info\/news\/","name":"Amanien| L&#039;actualit\u00e9 Ivoirienne et Internationale","description":"L&#039;actualit\u00e9 Ivoirienne et Internationale","potentialAction":[{"@type":"SearchAction","target":{"@type":"EntryPoint","urlTemplate":"https:\/\/www.amanien.info\/news\/?s={search_term_string}"},"query-input":{"@type":"PropertyValueSpecification","valueRequired":true,"valueName":"search_term_string"}}],"inLanguage":"fr-FR"},{"@type":"Person","@id":"https:\/\/www.amanien.info\/news\/#\/schema\/person\/b21093345753a1a98242d505bd894f42","name":"Germain Ndri","url":"https:\/\/www.amanien.info\/news\/author\/amanien-infos\/"}]}},"_links":{"self":[{"href":"https:\/\/www.amanien.info\/news\/wp-json\/wp\/v2\/posts\/1539","targetHints":{"allow":["GET"]}}],"collection":[{"href":"https:\/\/www.amanien.info\/news\/wp-json\/wp\/v2\/posts"}],"about":[{"href":"https:\/\/www.amanien.info\/news\/wp-json\/wp\/v2\/types\/post"}],"author":[{"embeddable":true,"href":"https:\/\/www.amanien.info\/news\/wp-json\/wp\/v2\/users\/2"}],"replies":[{"embeddable":true,"href":"https:\/\/www.amanien.info\/news\/wp-json\/wp\/v2\/comments?post=1539"}],"version-history":[{"count":0,"href":"https:\/\/www.amanien.info\/news\/wp-json\/wp\/v2\/posts\/1539\/revisions"}],"wp:featuredmedia":[{"embeddable":true,"href":"https:\/\/www.amanien.info\/news\/wp-json\/wp\/v2\/media\/1540"}],"wp:attachment":[{"href":"https:\/\/www.amanien.info\/news\/wp-json\/wp\/v2\/media?parent=1539"}],"wp:term":[{"taxonomy":"category","embeddable":true,"href":"https:\/\/www.amanien.info\/news\/wp-json\/wp\/v2\/categories?post=1539"},{"taxonomy":"post_tag","embeddable":true,"href":"https:\/\/www.amanien.info\/news\/wp-json\/wp\/v2\/tags?post=1539"}],"curies":[{"name":"wp","href":"https:\/\/api.w.org\/{rel}","templated":true}]}}