{"id":1533,"date":"2020-07-23T20:02:23","date_gmt":"2020-07-23T18:02:23","guid":{"rendered":"http:\/\/https:\/\/zozo.buyee.jp\/\/news\/?p=1533"},"modified":"2020-07-23T20:04:14","modified_gmt":"2020-07-23T18:04:14","slug":"m-seydou-elimane-diarra-ancien-premier-ministre-de-cote-divoire","status":"publish","type":"post","link":"https:\/\/www.amanien.info\/news\/m-seydou-elimane-diarra-ancien-premier-ministre-de-cote-divoire\/","title":{"rendered":"M. Seydou Elimane DIARRA   Ancien Premier ministre de C\u00f4te dIvoire"},"content":{"rendered":"<p>M. Seydou Elimane DIARRA Ancien Premier ministre de C\u00f4te dIvoire, d\u00e9c\u00e8s survenu le <span style=\"font-family: Arial;\"><b>dimanche 19 juillet 2020<\/b><\/span><\/p>\n<p>Mardi 21, Mercredi 22 et Jeudi 23 juillet 2020 :<br \/>\n18 h 00 \u2013 20 h 00 : Pr\u00e9sentation des condol\u00e9ances au domicile du d\u00e9funt sis aux Deux Plateaux<br \/>\n20 h 00 \u2013 21 h 00: Lecture coranique organis\u00e9e par le COSIM<\/p>\n<p>Vendredi 24 juillet 2020 :<br \/>\n07 h 30 \u2013 09 h 30 : Lev\u00e9e du corps \u00e0 Ivosep<br \/>\n10 h 00 \u2013 12 h 00 : &#8211; Hommage de la Nation \u00e0 la Primature<br \/>\n13 h 00 : Pri\u00e8re du Vendredi suivie de la pri\u00e8re mortuaire \u00e0 la Grande Mosqu\u00e9e de la Riviera Golf<br \/>\n14 h 30 : Inhumation dans la stricte intimit\u00e9 familiale<br \/>\n15 h 00 \u2013 17 h 00: C\u00e9r\u00e9monies de 3\u00e8me et 7\u00e8me jour \u00e0 la Grande Mosqu\u00e9e de la Riviera Golf<\/p>\n<p>Samedi 25 juillet 2020 :<br \/>\n15 h 00: Messe d\u2019action de gr\u00e2ce \u00e0 l\u2019Eglise Saint Jacques des Deux Plateaux<\/p>\n","protected":false},"excerpt":{"rendered":"<p>M. Seydou Elimane DIARRA Ancien Premier ministre de C\u00f4te dIvoire, d\u00e9c\u00e8s survenu le dimanche 19 juillet 2020 Mardi 21, Mercredi 22 et Jeudi 23 juillet 2020 : 18 h 00 \u2013 20 h 00 : Pr\u00e9sentation des condol\u00e9ances au domicile du d\u00e9funt sis aux Deux Plateaux 20 h 00 \u2013 21 h 00: Lecture coranique [&hellip;]<\/p>\n","protected":false},"author":2,"featured_media":1535,"comment_status":"open","ping_status":"open","sticky":false,"template":"","format":"standard","meta":{"_acf_changed":false,"footnotes":""},"categories":[],"tags":[],"class_list":["post-1533","post","type-post","status-publish","format-standard","has-post-thumbnail","hentry"],"acf":[],"yoast_head":"<!-- This site is optimized with the Yoast SEO plugin v27.5 - https:\/\/yoast.com\/product\/yoast-seo-wordpress\/ -->\n<title>M. Seydou Elimane DIARRA  Ancien Premier ministre de C\u00f4te dIvoire - Amanien| L&#039;actualit\u00e9 Ivoirienne et Internationale<\/title>\n<meta name=\"robots\" content=\"index, follow, max-snippet:-1, max-image-preview:large, max-video-preview:-1\" \/>\n<link rel=\"canonical\" href=\"https:\/\/www.amanien.info\/news\/m-seydou-elimane-diarra-ancien-premier-ministre-de-cote-divoire\/\" \/>\n<meta property=\"og:locale\" content=\"fr_FR\" \/>\n<meta property=\"og:type\" content=\"article\" \/>\n<meta property=\"og:title\" content=\"M. Seydou Elimane DIARRA  Ancien Premier ministre de C\u00f4te dIvoire - Amanien| L&#039;actualit\u00e9 Ivoirienne et Internationale\" \/>\n<meta property=\"og:description\" content=\"M. Seydou Elimane DIARRA Ancien Premier ministre de C\u00f4te dIvoire, d\u00e9c\u00e8s survenu le dimanche 19 juillet 2020 Mardi 21, Mercredi 22 et Jeudi 23 juillet 2020 : 18 h 00 \u2013 20 h 00 : Pr\u00e9sentation des condol\u00e9ances au domicile du d\u00e9funt sis aux Deux Plateaux 20 h 00 \u2013 21 h 00: Lecture coranique [&hellip;]\" \/>\n<meta property=\"og:url\" content=\"https:\/\/www.amanien.info\/news\/m-seydou-elimane-diarra-ancien-premier-ministre-de-cote-divoire\/\" \/>\n<meta property=\"og:site_name\" content=\"Amanien| L&#039;actualit\u00e9 Ivoirienne et Internationale\" \/>\n<meta property=\"article:published_time\" content=\"2020-07-23T18:02:23+00:00\" \/>\n<meta property=\"article:modified_time\" content=\"2020-07-23T18:04:14+00:00\" \/>\n<meta property=\"og:image\" content=\"https:\/\/www.amanien.info\/news\/wp-content\/uploads\/2020\/07\/seydouDiarra.jpg\" \/>\n\t<meta property=\"og:image:width\" content=\"137\" \/>\n\t<meta property=\"og:image:height\" content=\"177\" \/>\n\t<meta property=\"og:image:type\" content=\"image\/jpeg\" \/>\n<meta name=\"author\" content=\"Germain Ndri\" \/>\n<meta name=\"twitter:card\" content=\"summary_large_image\" \/>\n<meta name=\"twitter:label1\" content=\"\u00c9crit par\" \/>\n\t<meta name=\"twitter:data1\" content=\"Germain Ndri\" \/>\n\t<meta name=\"twitter:label2\" content=\"Dur\u00e9e de lecture estim\u00e9e\" \/>\n\t<meta name=\"twitter:data2\" content=\"1 minute\" \/>\n<script type=\"application\/ld+json\" class=\"yoast-schema-graph\">{\"@context\":\"https:\\\/\\\/schema.org\",\"@graph\":[{\"@type\":\"Article\",\"@id\":\"https:\\\/\\\/www.amanien.info\\\/news\\\/m-seydou-elimane-diarra-ancien-premier-ministre-de-cote-divoire\\\/#article\",\"isPartOf\":{\"@id\":\"https:\\\/\\\/www.amanien.info\\\/news\\\/m-seydou-elimane-diarra-ancien-premier-ministre-de-cote-divoire\\\/\"},\"author\":{\"name\":\"Germain Ndri\",\"@id\":\"https:\\\/\\\/www.amanien.info\\\/news\\\/#\\\/schema\\\/person\\\/b21093345753a1a98242d505bd894f42\"},\"headline\":\"M. Seydou Elimane DIARRA Ancien Premier ministre de C\u00f4te dIvoire\",\"datePublished\":\"2020-07-23T18:02:23+00:00\",\"dateModified\":\"2020-07-23T18:04:14+00:00\",\"mainEntityOfPage\":{\"@id\":\"https:\\\/\\\/www.amanien.info\\\/news\\\/m-seydou-elimane-diarra-ancien-premier-ministre-de-cote-divoire\\\/\"},\"wordCount\":137,\"commentCount\":0,\"image\":{\"@id\":\"https:\\\/\\\/www.amanien.info\\\/news\\\/m-seydou-elimane-diarra-ancien-premier-ministre-de-cote-divoire\\\/#primaryimage\"},\"thumbnailUrl\":\"https:\\\/\\\/www.amanien.info\\\/news\\\/wp-content\\\/uploads\\\/2020\\\/07\\\/seydouDiarra.jpg\",\"inLanguage\":\"fr-FR\"},{\"@type\":\"WebPage\",\"@id\":\"https:\\\/\\\/www.amanien.info\\\/news\\\/m-seydou-elimane-diarra-ancien-premier-ministre-de-cote-divoire\\\/\",\"url\":\"https:\\\/\\\/www.amanien.info\\\/news\\\/m-seydou-elimane-diarra-ancien-premier-ministre-de-cote-divoire\\\/\",\"name\":\"M. Seydou Elimane DIARRA Ancien Premier ministre de C\u00f4te dIvoire - Amanien| L&#039;actualit\u00e9 Ivoirienne et Internationale\",\"isPartOf\":{\"@id\":\"https:\\\/\\\/www.amanien.info\\\/news\\\/#website\"},\"primaryImageOfPage\":{\"@id\":\"https:\\\/\\\/www.amanien.info\\\/news\\\/m-seydou-elimane-diarra-ancien-premier-ministre-de-cote-divoire\\\/#primaryimage\"},\"image\":{\"@id\":\"https:\\\/\\\/www.amanien.info\\\/news\\\/m-seydou-elimane-diarra-ancien-premier-ministre-de-cote-divoire\\\/#primaryimage\"},\"thumbnailUrl\":\"https:\\\/\\\/www.amanien.info\\\/news\\\/wp-content\\\/uploads\\\/2020\\\/07\\\/seydouDiarra.jpg\",\"datePublished\":\"2020-07-23T18:02:23+00:00\",\"dateModified\":\"2020-07-23T18:04:14+00:00\",\"author\":{\"@id\":\"https:\\\/\\\/www.amanien.info\\\/news\\\/#\\\/schema\\\/person\\\/b21093345753a1a98242d505bd894f42\"},\"breadcrumb\":{\"@id\":\"https:\\\/\\\/www.amanien.info\\\/news\\\/m-seydou-elimane-diarra-ancien-premier-ministre-de-cote-divoire\\\/#breadcrumb\"},\"inLanguage\":\"fr-FR\",\"potentialAction\":[{\"@type\":\"ReadAction\",\"target\":[\"https:\\\/\\\/www.amanien.info\\\/news\\\/m-seydou-elimane-diarra-ancien-premier-ministre-de-cote-divoire\\\/\"]}]},{\"@type\":\"ImageObject\",\"inLanguage\":\"fr-FR\",\"@id\":\"https:\\\/\\\/www.amanien.info\\\/news\\\/m-seydou-elimane-diarra-ancien-premier-ministre-de-cote-divoire\\\/#primaryimage\",\"url\":\"https:\\\/\\\/www.amanien.info\\\/news\\\/wp-content\\\/uploads\\\/2020\\\/07\\\/seydouDiarra.jpg\",\"contentUrl\":\"https:\\\/\\\/www.amanien.info\\\/news\\\/wp-content\\\/uploads\\\/2020\\\/07\\\/seydouDiarra.jpg\",\"width\":137,\"height\":177},{\"@type\":\"BreadcrumbList\",\"@id\":\"https:\\\/\\\/www.amanien.info\\\/news\\\/m-seydou-elimane-diarra-ancien-premier-ministre-de-cote-divoire\\\/#breadcrumb\",\"itemListElement\":[{\"@type\":\"ListItem\",\"position\":1,\"name\":\"Accueil\",\"item\":\"https:\\\/\\\/www.amanien.info\\\/news\\\/\"},{\"@type\":\"ListItem\",\"position\":2,\"name\":\"M. Seydou Elimane DIARRA Ancien Premier ministre de C\u00f4te dIvoire\"}]},{\"@type\":\"WebSite\",\"@id\":\"https:\\\/\\\/www.amanien.info\\\/news\\\/#website\",\"url\":\"https:\\\/\\\/www.amanien.info\\\/news\\\/\",\"name\":\"Amanien| L&#039;actualit\u00e9 Ivoirienne et Internationale\",\"description\":\"L&#039;actualit\u00e9 Ivoirienne et Internationale\",\"potentialAction\":[{\"@type\":\"SearchAction\",\"target\":{\"@type\":\"EntryPoint\",\"urlTemplate\":\"https:\\\/\\\/www.amanien.info\\\/news\\\/?s={search_term_string}\"},\"query-input\":{\"@type\":\"PropertyValueSpecification\",\"valueRequired\":true,\"valueName\":\"search_term_string\"}}],\"inLanguage\":\"fr-FR\"},{\"@type\":\"Person\",\"@id\":\"https:\\\/\\\/www.amanien.info\\\/news\\\/#\\\/schema\\\/person\\\/b21093345753a1a98242d505bd894f42\",\"name\":\"Germain Ndri\",\"url\":\"https:\\\/\\\/www.amanien.info\\\/news\\\/author\\\/amanien-infos\\\/\"}]}<\/script>\n<!-- \/ Yoast SEO plugin. -->","yoast_head_json":{"title":"M. Seydou Elimane DIARRA  Ancien Premier ministre de C\u00f4te dIvoire - Amanien| L&#039;actualit\u00e9 Ivoirienne et Internationale","robots":{"index":"index","follow":"follow","max-snippet":"max-snippet:-1","max-image-preview":"max-image-preview:large","max-video-preview":"max-video-preview:-1"},"canonical":"https:\/\/www.amanien.info\/news\/m-seydou-elimane-diarra-ancien-premier-ministre-de-cote-divoire\/","og_locale":"fr_FR","og_type":"article","og_title":"M. Seydou Elimane DIARRA  Ancien Premier ministre de C\u00f4te dIvoire - Amanien| L&#039;actualit\u00e9 Ivoirienne et Internationale","og_description":"M. Seydou Elimane DIARRA Ancien Premier ministre de C\u00f4te dIvoire, d\u00e9c\u00e8s survenu le dimanche 19 juillet 2020 Mardi 21, Mercredi 22 et Jeudi 23 juillet 2020 : 18 h 00 \u2013 20 h 00 : Pr\u00e9sentation des condol\u00e9ances au domicile du d\u00e9funt sis aux Deux Plateaux 20 h 00 \u2013 21 h 00: Lecture coranique [&hellip;]","og_url":"https:\/\/www.amanien.info\/news\/m-seydou-elimane-diarra-ancien-premier-ministre-de-cote-divoire\/","og_site_name":"Amanien| L&#039;actualit\u00e9 Ivoirienne et Internationale","article_published_time":"2020-07-23T18:02:23+00:00","article_modified_time":"2020-07-23T18:04:14+00:00","og_image":[{"width":137,"height":177,"url":"https:\/\/www.amanien.info\/news\/wp-content\/uploads\/2020\/07\/seydouDiarra.jpg","type":"image\/jpeg"}],"author":"Germain Ndri","twitter_card":"summary_large_image","twitter_misc":{"\u00c9crit par":"Germain Ndri","Dur\u00e9e de lecture estim\u00e9e":"1 minute"},"schema":{"@context":"https:\/\/schema.org","@graph":[{"@type":"Article","@id":"https:\/\/www.amanien.info\/news\/m-seydou-elimane-diarra-ancien-premier-ministre-de-cote-divoire\/#article","isPartOf":{"@id":"https:\/\/www.amanien.info\/news\/m-seydou-elimane-diarra-ancien-premier-ministre-de-cote-divoire\/"},"author":{"name":"Germain Ndri","@id":"https:\/\/www.amanien.info\/news\/#\/schema\/person\/b21093345753a1a98242d505bd894f42"},"headline":"M. Seydou Elimane DIARRA Ancien Premier ministre de C\u00f4te dIvoire","datePublished":"2020-07-23T18:02:23+00:00","dateModified":"2020-07-23T18:04:14+00:00","mainEntityOfPage":{"@id":"https:\/\/www.amanien.info\/news\/m-seydou-elimane-diarra-ancien-premier-ministre-de-cote-divoire\/"},"wordCount":137,"commentCount":0,"image":{"@id":"https:\/\/www.amanien.info\/news\/m-seydou-elimane-diarra-ancien-premier-ministre-de-cote-divoire\/#primaryimage"},"thumbnailUrl":"https:\/\/www.amanien.info\/news\/wp-content\/uploads\/2020\/07\/seydouDiarra.jpg","inLanguage":"fr-FR"},{"@type":"WebPage","@id":"https:\/\/www.amanien.info\/news\/m-seydou-elimane-diarra-ancien-premier-ministre-de-cote-divoire\/","url":"https:\/\/www.amanien.info\/news\/m-seydou-elimane-diarra-ancien-premier-ministre-de-cote-divoire\/","name":"M. Seydou Elimane DIARRA Ancien Premier ministre de C\u00f4te dIvoire - Amanien| L&#039;actualit\u00e9 Ivoirienne et Internationale","isPartOf":{"@id":"https:\/\/www.amanien.info\/news\/#website"},"primaryImageOfPage":{"@id":"https:\/\/www.amanien.info\/news\/m-seydou-elimane-diarra-ancien-premier-ministre-de-cote-divoire\/#primaryimage"},"image":{"@id":"https:\/\/www.amanien.info\/news\/m-seydou-elimane-diarra-ancien-premier-ministre-de-cote-divoire\/#primaryimage"},"thumbnailUrl":"https:\/\/www.amanien.info\/news\/wp-content\/uploads\/2020\/07\/seydouDiarra.jpg","datePublished":"2020-07-23T18:02:23+00:00","dateModified":"2020-07-23T18:04:14+00:00","author":{"@id":"https:\/\/www.amanien.info\/news\/#\/schema\/person\/b21093345753a1a98242d505bd894f42"},"breadcrumb":{"@id":"https:\/\/www.amanien.info\/news\/m-seydou-elimane-diarra-ancien-premier-ministre-de-cote-divoire\/#breadcrumb"},"inLanguage":"fr-FR","potentialAction":[{"@type":"ReadAction","target":["https:\/\/www.amanien.info\/news\/m-seydou-elimane-diarra-ancien-premier-ministre-de-cote-divoire\/"]}]},{"@type":"ImageObject","inLanguage":"fr-FR","@id":"https:\/\/www.amanien.info\/news\/m-seydou-elimane-diarra-ancien-premier-ministre-de-cote-divoire\/#primaryimage","url":"https:\/\/www.amanien.info\/news\/wp-content\/uploads\/2020\/07\/seydouDiarra.jpg","contentUrl":"https:\/\/www.amanien.info\/news\/wp-content\/uploads\/2020\/07\/seydouDiarra.jpg","width":137,"height":177},{"@type":"BreadcrumbList","@id":"https:\/\/www.amanien.info\/news\/m-seydou-elimane-diarra-ancien-premier-ministre-de-cote-divoire\/#breadcrumb","itemListElement":[{"@type":"ListItem","position":1,"name":"Accueil","item":"https:\/\/www.amanien.info\/news\/"},{"@type":"ListItem","position":2,"name":"M. Seydou Elimane DIARRA Ancien Premier ministre de C\u00f4te dIvoire"}]},{"@type":"WebSite","@id":"https:\/\/www.amanien.info\/news\/#website","url":"https:\/\/www.amanien.info\/news\/","name":"Amanien| L&#039;actualit\u00e9 Ivoirienne et Internationale","description":"L&#039;actualit\u00e9 Ivoirienne et Internationale","potentialAction":[{"@type":"SearchAction","target":{"@type":"EntryPoint","urlTemplate":"https:\/\/www.amanien.info\/news\/?s={search_term_string}"},"query-input":{"@type":"PropertyValueSpecification","valueRequired":true,"valueName":"search_term_string"}}],"inLanguage":"fr-FR"},{"@type":"Person","@id":"https:\/\/www.amanien.info\/news\/#\/schema\/person\/b21093345753a1a98242d505bd894f42","name":"Germain Ndri","url":"https:\/\/www.amanien.info\/news\/author\/amanien-infos\/"}]}},"_links":{"self":[{"href":"https:\/\/www.amanien.info\/news\/wp-json\/wp\/v2\/posts\/1533","targetHints":{"allow":["GET"]}}],"collection":[{"href":"https:\/\/www.amanien.info\/news\/wp-json\/wp\/v2\/posts"}],"about":[{"href":"https:\/\/www.amanien.info\/news\/wp-json\/wp\/v2\/types\/post"}],"author":[{"embeddable":true,"href":"https:\/\/www.amanien.info\/news\/wp-json\/wp\/v2\/users\/2"}],"replies":[{"embeddable":true,"href":"https:\/\/www.amanien.info\/news\/wp-json\/wp\/v2\/comments?post=1533"}],"version-history":[{"count":0,"href":"https:\/\/www.amanien.info\/news\/wp-json\/wp\/v2\/posts\/1533\/revisions"}],"wp:featuredmedia":[{"embeddable":true,"href":"https:\/\/www.amanien.info\/news\/wp-json\/wp\/v2\/media\/1535"}],"wp:attachment":[{"href":"https:\/\/www.amanien.info\/news\/wp-json\/wp\/v2\/media?parent=1533"}],"wp:term":[{"taxonomy":"category","embeddable":true,"href":"https:\/\/www.amanien.info\/news\/wp-json\/wp\/v2\/categories?post=1533"},{"taxonomy":"post_tag","embeddable":true,"href":"https:\/\/www.amanien.info\/news\/wp-json\/wp\/v2\/tags?post=1533"}],"curies":[{"name":"wp","href":"https:\/\/api.w.org\/{rel}","templated":true}]}}