{"id":1530,"date":"2020-07-23T12:34:06","date_gmt":"2020-07-23T10:34:06","guid":{"rendered":"http:\/\/https:\/\/zozo.buyee.jp\/\/news\/?p=1530"},"modified":"2020-07-23T12:34:23","modified_gmt":"2020-07-23T10:34:23","slug":"centre-national-de-recherche-agronomique-les-employes-reclament-le-paiement-des-arrieres-de-salaires","status":"publish","type":"post","link":"https:\/\/www.amanien.info\/news\/centre-national-de-recherche-agronomique-les-employes-reclament-le-paiement-des-arrieres-de-salaires\/","title":{"rendered":"Centre national de recherche Agronomique: Les employ\u00e9s r\u00e9clament le paiement des arri\u00e9r\u00e9s de salaires"},"content":{"rendered":"<p>Les employ\u00e9s du Centre national de recherche Agronomique ( CNRA), ont entam\u00e9 le lundi juillet, une gr\u00e8ve de trois jours, pour r\u00e9clamer le paiement des arri\u00e9r\u00e9s de salaires et de primes. Lors d&rsquo; une conf\u00e9rence de presse organis\u00e9e le 22 juillet \u00e0 la direction g\u00e9n\u00e9rale dudit centre, le porte parole du collectif des syndicats du CNRA Dr Edmond Koffi, a rappel\u00e9 \u00ab\u00a0qu&rsquo; apr\u00e8s de nombreuses gr\u00e8ves et suite aux concertations avec le minist\u00e8re de tutelle, une communication en conseil des ministres le 30 mai 2018, a donn\u00e9 des orientations pour la r\u00e9solution des difficult\u00e9s que conna\u00eet le centre national de recherche Agronomique\u00a0\u00bb. Depuis cette date, les pr\u00e9occupations des travailleurs demeurent en l&rsquo; \u00e9tat de m\u00eame que les difficult\u00e9s de cet institut de recherche.<br \/>\nSelon le conf\u00e9rencier, ces difficult\u00e9s sont li\u00e9es au non paiement dans le d\u00e9lai des salaires. \u00a0\u00bb pour preuve, le salaire du mois de juin 2020 n&rsquo; a pas encore \u00e9t\u00e9 pay\u00e9 \u00e0 ce jour.Comme cons\u00e9quences dans ces retards de paiement des salaires, les travailleurs subissent souvent des humiliations et frustrations. Avec des loyers et factures impay\u00e9s dans le temps, les enfants des travailleurs sortis de l&rsquo; \u00e9cole pour scolarit\u00e9 impay\u00e9 et l&rsquo; endettement perp\u00e9tuel des travailleurs \u00a0\u00bb dit-il. \u00a0\u00bb Les syndicats du CNRA d\u00e9noncent aussi le non paiement des primes de recherche. \u00a0\u00bb les chercheurs totalisent trois primes de recherche en retard de paiement. A savoir la prime du quatri\u00e8me trimestre de l&rsquo; ann\u00e9e 2019, premier trimestre et deuxi\u00e8me trimestre 2020. Alors que nos coll\u00e8gues des autres institutions de l&rsquo; enseignement sup\u00e9rieur et de la recherche scientifique ont per\u00e7u la prime du deuxi\u00e8me trimestre 2020, nous les chercheurs du CNRA n&rsquo; avons m\u00eame pas encore re\u00e7u notre prime du quatri\u00e8me trimestre 2019&Prime; a d\u00e9plor\u00e9 le Dr Edmond Koffi.<br \/>\nPar ailleurs, les syndicats soulignent que des travailleurs des cat\u00e9gories oej, oe2 et oe3 ne sont pas pay\u00e9s au Smig jusqu&rsquo;\u00e0 ce jour, apr\u00e8s le d\u00e9cret pris en 2014 pour le rel\u00e8vement du smig de 36.000 \u00e0 60.000 francs cfa. Ils d\u00e9noncent la non application des recommandations de la communication en conseil des ministres du 30 mai 2018, qui a r\u00e9affirm\u00e9 le r\u00f4le strat\u00e9gique de la recherche Agronomique en C\u00f4te d&rsquo;Ivoire, avec comme chef de file le CNRA. \u00a0\u00bb Depuis deux ans, rien n&rsquo; a \u00e9t\u00e9 men\u00e9 dans le sens de la concr\u00e9tisation des d\u00e9cisions contenues dans ce communiqu\u00e9.A savoir entre autres l&rsquo; effectivit\u00e9 du nouveau statut juridique, la s\u00e9curisation du patrimoine, la politique de recrutement du personnel scientifique et revalorisation des chercheurs\u00a0\u00bb a dit le Dr Koffi.<\/p>\n<p>Les travailleurs du CNRA demandent le paiement int\u00e9gral des salaires de juin et juillet 2020, le paiement en totalit\u00e9 des trois primes de recherche \u00e0 l&rsquo; ensemble des chercheurs. Ils exigent la satisfaction enti\u00e8re et totale de ces r\u00e9clamations avant toute suspension du mot d&rsquo; ordre de gr\u00e8ve.<br \/>\nCalvin Wandji<\/p>\n","protected":false},"excerpt":{"rendered":"<p>Les employ\u00e9s du Centre national de recherche Agronomique ( CNRA), ont entam\u00e9 le lundi juillet, une gr\u00e8ve de trois jours, pour r\u00e9clamer le paiement des arri\u00e9r\u00e9s de salaires et de primes. Lors d&rsquo; une conf\u00e9rence de presse organis\u00e9e le 22 juillet \u00e0 la direction g\u00e9n\u00e9rale dudit centre, le porte parole du collectif des syndicats du [&hellip;]<\/p>\n","protected":false},"author":2,"featured_media":1531,"comment_status":"open","ping_status":"open","sticky":true,"template":"","format":"standard","meta":{"_acf_changed":false,"footnotes":""},"categories":[],"tags":[],"class_list":["post-1530","post","type-post","status-publish","format-standard","has-post-thumbnail","hentry"],"acf":[],"yoast_head":"<!-- This site is optimized with the Yoast SEO plugin v27.5 - https:\/\/yoast.com\/product\/yoast-seo-wordpress\/ -->\n<title>Centre national de recherche Agronomique: Les employ\u00e9s r\u00e9clament le paiement des arri\u00e9r\u00e9s de salaires - Amanien| L&#039;actualit\u00e9 Ivoirienne et Internationale<\/title>\n<meta name=\"robots\" content=\"index, follow, max-snippet:-1, max-image-preview:large, max-video-preview:-1\" \/>\n<link rel=\"canonical\" href=\"https:\/\/www.amanien.info\/news\/centre-national-de-recherche-agronomique-les-employes-reclament-le-paiement-des-arrieres-de-salaires\/\" \/>\n<meta property=\"og:locale\" content=\"fr_FR\" \/>\n<meta property=\"og:type\" content=\"article\" \/>\n<meta property=\"og:title\" content=\"Centre national de recherche Agronomique: Les employ\u00e9s r\u00e9clament le paiement des arri\u00e9r\u00e9s de salaires - Amanien| L&#039;actualit\u00e9 Ivoirienne et Internationale\" \/>\n<meta property=\"og:description\" content=\"Les employ\u00e9s du Centre national de recherche Agronomique ( CNRA), ont entam\u00e9 le lundi juillet, une gr\u00e8ve de trois jours, pour r\u00e9clamer le paiement des arri\u00e9r\u00e9s de salaires et de primes. Lors d&rsquo; une conf\u00e9rence de presse organis\u00e9e le 22 juillet \u00e0 la direction g\u00e9n\u00e9rale dudit centre, le porte parole du collectif des syndicats du [&hellip;]\" \/>\n<meta property=\"og:url\" content=\"https:\/\/www.amanien.info\/news\/centre-national-de-recherche-agronomique-les-employes-reclament-le-paiement-des-arrieres-de-salaires\/\" \/>\n<meta property=\"og:site_name\" content=\"Amanien| L&#039;actualit\u00e9 Ivoirienne et Internationale\" \/>\n<meta property=\"article:published_time\" content=\"2020-07-23T10:34:06+00:00\" \/>\n<meta property=\"article:modified_time\" content=\"2020-07-23T10:34:23+00:00\" \/>\n<meta property=\"og:image\" content=\"https:\/\/www.amanien.info\/news\/wp-content\/uploads\/2020\/07\/thumbnail-7.jpg\" \/>\n\t<meta property=\"og:image:width\" content=\"1080\" \/>\n\t<meta property=\"og:image:height\" content=\"608\" \/>\n\t<meta property=\"og:image:type\" content=\"image\/jpeg\" \/>\n<meta name=\"author\" content=\"Germain Ndri\" \/>\n<meta name=\"twitter:card\" content=\"summary_large_image\" \/>\n<meta name=\"twitter:label1\" content=\"\u00c9crit par\" \/>\n\t<meta name=\"twitter:data1\" content=\"Germain Ndri\" \/>\n\t<meta name=\"twitter:label2\" content=\"Dur\u00e9e de lecture estim\u00e9e\" \/>\n\t<meta name=\"twitter:data2\" content=\"3 minutes\" \/>\n<script type=\"application\/ld+json\" class=\"yoast-schema-graph\">{\"@context\":\"https:\\\/\\\/schema.org\",\"@graph\":[{\"@type\":\"Article\",\"@id\":\"https:\\\/\\\/www.amanien.info\\\/news\\\/centre-national-de-recherche-agronomique-les-employes-reclament-le-paiement-des-arrieres-de-salaires\\\/#article\",\"isPartOf\":{\"@id\":\"https:\\\/\\\/www.amanien.info\\\/news\\\/centre-national-de-recherche-agronomique-les-employes-reclament-le-paiement-des-arrieres-de-salaires\\\/\"},\"author\":{\"name\":\"Germain Ndri\",\"@id\":\"https:\\\/\\\/www.amanien.info\\\/news\\\/#\\\/schema\\\/person\\\/b21093345753a1a98242d505bd894f42\"},\"headline\":\"Centre national de recherche Agronomique: Les employ\u00e9s r\u00e9clament le paiement des arri\u00e9r\u00e9s de salaires\",\"datePublished\":\"2020-07-23T10:34:06+00:00\",\"dateModified\":\"2020-07-23T10:34:23+00:00\",\"mainEntityOfPage\":{\"@id\":\"https:\\\/\\\/www.amanien.info\\\/news\\\/centre-national-de-recherche-agronomique-les-employes-reclament-le-paiement-des-arrieres-de-salaires\\\/\"},\"wordCount\":520,\"commentCount\":0,\"image\":{\"@id\":\"https:\\\/\\\/www.amanien.info\\\/news\\\/centre-national-de-recherche-agronomique-les-employes-reclament-le-paiement-des-arrieres-de-salaires\\\/#primaryimage\"},\"thumbnailUrl\":\"https:\\\/\\\/www.amanien.info\\\/news\\\/wp-content\\\/uploads\\\/2020\\\/07\\\/thumbnail-7.jpg\",\"inLanguage\":\"fr-FR\"},{\"@type\":\"WebPage\",\"@id\":\"https:\\\/\\\/www.amanien.info\\\/news\\\/centre-national-de-recherche-agronomique-les-employes-reclament-le-paiement-des-arrieres-de-salaires\\\/\",\"url\":\"https:\\\/\\\/www.amanien.info\\\/news\\\/centre-national-de-recherche-agronomique-les-employes-reclament-le-paiement-des-arrieres-de-salaires\\\/\",\"name\":\"Centre national de recherche Agronomique: Les employ\u00e9s r\u00e9clament le paiement des arri\u00e9r\u00e9s de salaires - Amanien| L&#039;actualit\u00e9 Ivoirienne et Internationale\",\"isPartOf\":{\"@id\":\"https:\\\/\\\/www.amanien.info\\\/news\\\/#website\"},\"primaryImageOfPage\":{\"@id\":\"https:\\\/\\\/www.amanien.info\\\/news\\\/centre-national-de-recherche-agronomique-les-employes-reclament-le-paiement-des-arrieres-de-salaires\\\/#primaryimage\"},\"image\":{\"@id\":\"https:\\\/\\\/www.amanien.info\\\/news\\\/centre-national-de-recherche-agronomique-les-employes-reclament-le-paiement-des-arrieres-de-salaires\\\/#primaryimage\"},\"thumbnailUrl\":\"https:\\\/\\\/www.amanien.info\\\/news\\\/wp-content\\\/uploads\\\/2020\\\/07\\\/thumbnail-7.jpg\",\"datePublished\":\"2020-07-23T10:34:06+00:00\",\"dateModified\":\"2020-07-23T10:34:23+00:00\",\"author\":{\"@id\":\"https:\\\/\\\/www.amanien.info\\\/news\\\/#\\\/schema\\\/person\\\/b21093345753a1a98242d505bd894f42\"},\"breadcrumb\":{\"@id\":\"https:\\\/\\\/www.amanien.info\\\/news\\\/centre-national-de-recherche-agronomique-les-employes-reclament-le-paiement-des-arrieres-de-salaires\\\/#breadcrumb\"},\"inLanguage\":\"fr-FR\",\"potentialAction\":[{\"@type\":\"ReadAction\",\"target\":[\"https:\\\/\\\/www.amanien.info\\\/news\\\/centre-national-de-recherche-agronomique-les-employes-reclament-le-paiement-des-arrieres-de-salaires\\\/\"]}]},{\"@type\":\"ImageObject\",\"inLanguage\":\"fr-FR\",\"@id\":\"https:\\\/\\\/www.amanien.info\\\/news\\\/centre-national-de-recherche-agronomique-les-employes-reclament-le-paiement-des-arrieres-de-salaires\\\/#primaryimage\",\"url\":\"https:\\\/\\\/www.amanien.info\\\/news\\\/wp-content\\\/uploads\\\/2020\\\/07\\\/thumbnail-7.jpg\",\"contentUrl\":\"https:\\\/\\\/www.amanien.info\\\/news\\\/wp-content\\\/uploads\\\/2020\\\/07\\\/thumbnail-7.jpg\",\"width\":1080,\"height\":608},{\"@type\":\"BreadcrumbList\",\"@id\":\"https:\\\/\\\/www.amanien.info\\\/news\\\/centre-national-de-recherche-agronomique-les-employes-reclament-le-paiement-des-arrieres-de-salaires\\\/#breadcrumb\",\"itemListElement\":[{\"@type\":\"ListItem\",\"position\":1,\"name\":\"Accueil\",\"item\":\"https:\\\/\\\/www.amanien.info\\\/news\\\/\"},{\"@type\":\"ListItem\",\"position\":2,\"name\":\"Centre national de recherche Agronomique: Les employ\u00e9s r\u00e9clament le paiement des arri\u00e9r\u00e9s de salaires\"}]},{\"@type\":\"WebSite\",\"@id\":\"https:\\\/\\\/www.amanien.info\\\/news\\\/#website\",\"url\":\"https:\\\/\\\/www.amanien.info\\\/news\\\/\",\"name\":\"Amanien| L&#039;actualit\u00e9 Ivoirienne et Internationale\",\"description\":\"L&#039;actualit\u00e9 Ivoirienne et Internationale\",\"potentialAction\":[{\"@type\":\"SearchAction\",\"target\":{\"@type\":\"EntryPoint\",\"urlTemplate\":\"https:\\\/\\\/www.amanien.info\\\/news\\\/?s={search_term_string}\"},\"query-input\":{\"@type\":\"PropertyValueSpecification\",\"valueRequired\":true,\"valueName\":\"search_term_string\"}}],\"inLanguage\":\"fr-FR\"},{\"@type\":\"Person\",\"@id\":\"https:\\\/\\\/www.amanien.info\\\/news\\\/#\\\/schema\\\/person\\\/b21093345753a1a98242d505bd894f42\",\"name\":\"Germain Ndri\",\"url\":\"https:\\\/\\\/www.amanien.info\\\/news\\\/author\\\/amanien-infos\\\/\"}]}<\/script>\n<!-- \/ Yoast SEO plugin. -->","yoast_head_json":{"title":"Centre national de recherche Agronomique: Les employ\u00e9s r\u00e9clament le paiement des arri\u00e9r\u00e9s de salaires - Amanien| L&#039;actualit\u00e9 Ivoirienne et Internationale","robots":{"index":"index","follow":"follow","max-snippet":"max-snippet:-1","max-image-preview":"max-image-preview:large","max-video-preview":"max-video-preview:-1"},"canonical":"https:\/\/www.amanien.info\/news\/centre-national-de-recherche-agronomique-les-employes-reclament-le-paiement-des-arrieres-de-salaires\/","og_locale":"fr_FR","og_type":"article","og_title":"Centre national de recherche Agronomique: Les employ\u00e9s r\u00e9clament le paiement des arri\u00e9r\u00e9s de salaires - Amanien| L&#039;actualit\u00e9 Ivoirienne et Internationale","og_description":"Les employ\u00e9s du Centre national de recherche Agronomique ( CNRA), ont entam\u00e9 le lundi juillet, une gr\u00e8ve de trois jours, pour r\u00e9clamer le paiement des arri\u00e9r\u00e9s de salaires et de primes. Lors d&rsquo; une conf\u00e9rence de presse organis\u00e9e le 22 juillet \u00e0 la direction g\u00e9n\u00e9rale dudit centre, le porte parole du collectif des syndicats du [&hellip;]","og_url":"https:\/\/www.amanien.info\/news\/centre-national-de-recherche-agronomique-les-employes-reclament-le-paiement-des-arrieres-de-salaires\/","og_site_name":"Amanien| L&#039;actualit\u00e9 Ivoirienne et Internationale","article_published_time":"2020-07-23T10:34:06+00:00","article_modified_time":"2020-07-23T10:34:23+00:00","og_image":[{"width":1080,"height":608,"url":"https:\/\/www.amanien.info\/news\/wp-content\/uploads\/2020\/07\/thumbnail-7.jpg","type":"image\/jpeg"}],"author":"Germain Ndri","twitter_card":"summary_large_image","twitter_misc":{"\u00c9crit par":"Germain Ndri","Dur\u00e9e de lecture estim\u00e9e":"3 minutes"},"schema":{"@context":"https:\/\/schema.org","@graph":[{"@type":"Article","@id":"https:\/\/www.amanien.info\/news\/centre-national-de-recherche-agronomique-les-employes-reclament-le-paiement-des-arrieres-de-salaires\/#article","isPartOf":{"@id":"https:\/\/www.amanien.info\/news\/centre-national-de-recherche-agronomique-les-employes-reclament-le-paiement-des-arrieres-de-salaires\/"},"author":{"name":"Germain Ndri","@id":"https:\/\/www.amanien.info\/news\/#\/schema\/person\/b21093345753a1a98242d505bd894f42"},"headline":"Centre national de recherche Agronomique: Les employ\u00e9s r\u00e9clament le paiement des arri\u00e9r\u00e9s de salaires","datePublished":"2020-07-23T10:34:06+00:00","dateModified":"2020-07-23T10:34:23+00:00","mainEntityOfPage":{"@id":"https:\/\/www.amanien.info\/news\/centre-national-de-recherche-agronomique-les-employes-reclament-le-paiement-des-arrieres-de-salaires\/"},"wordCount":520,"commentCount":0,"image":{"@id":"https:\/\/www.amanien.info\/news\/centre-national-de-recherche-agronomique-les-employes-reclament-le-paiement-des-arrieres-de-salaires\/#primaryimage"},"thumbnailUrl":"https:\/\/www.amanien.info\/news\/wp-content\/uploads\/2020\/07\/thumbnail-7.jpg","inLanguage":"fr-FR"},{"@type":"WebPage","@id":"https:\/\/www.amanien.info\/news\/centre-national-de-recherche-agronomique-les-employes-reclament-le-paiement-des-arrieres-de-salaires\/","url":"https:\/\/www.amanien.info\/news\/centre-national-de-recherche-agronomique-les-employes-reclament-le-paiement-des-arrieres-de-salaires\/","name":"Centre national de recherche Agronomique: Les employ\u00e9s r\u00e9clament le paiement des arri\u00e9r\u00e9s de salaires - Amanien| L&#039;actualit\u00e9 Ivoirienne et Internationale","isPartOf":{"@id":"https:\/\/www.amanien.info\/news\/#website"},"primaryImageOfPage":{"@id":"https:\/\/www.amanien.info\/news\/centre-national-de-recherche-agronomique-les-employes-reclament-le-paiement-des-arrieres-de-salaires\/#primaryimage"},"image":{"@id":"https:\/\/www.amanien.info\/news\/centre-national-de-recherche-agronomique-les-employes-reclament-le-paiement-des-arrieres-de-salaires\/#primaryimage"},"thumbnailUrl":"https:\/\/www.amanien.info\/news\/wp-content\/uploads\/2020\/07\/thumbnail-7.jpg","datePublished":"2020-07-23T10:34:06+00:00","dateModified":"2020-07-23T10:34:23+00:00","author":{"@id":"https:\/\/www.amanien.info\/news\/#\/schema\/person\/b21093345753a1a98242d505bd894f42"},"breadcrumb":{"@id":"https:\/\/www.amanien.info\/news\/centre-national-de-recherche-agronomique-les-employes-reclament-le-paiement-des-arrieres-de-salaires\/#breadcrumb"},"inLanguage":"fr-FR","potentialAction":[{"@type":"ReadAction","target":["https:\/\/www.amanien.info\/news\/centre-national-de-recherche-agronomique-les-employes-reclament-le-paiement-des-arrieres-de-salaires\/"]}]},{"@type":"ImageObject","inLanguage":"fr-FR","@id":"https:\/\/www.amanien.info\/news\/centre-national-de-recherche-agronomique-les-employes-reclament-le-paiement-des-arrieres-de-salaires\/#primaryimage","url":"https:\/\/www.amanien.info\/news\/wp-content\/uploads\/2020\/07\/thumbnail-7.jpg","contentUrl":"https:\/\/www.amanien.info\/news\/wp-content\/uploads\/2020\/07\/thumbnail-7.jpg","width":1080,"height":608},{"@type":"BreadcrumbList","@id":"https:\/\/www.amanien.info\/news\/centre-national-de-recherche-agronomique-les-employes-reclament-le-paiement-des-arrieres-de-salaires\/#breadcrumb","itemListElement":[{"@type":"ListItem","position":1,"name":"Accueil","item":"https:\/\/www.amanien.info\/news\/"},{"@type":"ListItem","position":2,"name":"Centre national de recherche Agronomique: Les employ\u00e9s r\u00e9clament le paiement des arri\u00e9r\u00e9s de salaires"}]},{"@type":"WebSite","@id":"https:\/\/www.amanien.info\/news\/#website","url":"https:\/\/www.amanien.info\/news\/","name":"Amanien| L&#039;actualit\u00e9 Ivoirienne et Internationale","description":"L&#039;actualit\u00e9 Ivoirienne et Internationale","potentialAction":[{"@type":"SearchAction","target":{"@type":"EntryPoint","urlTemplate":"https:\/\/www.amanien.info\/news\/?s={search_term_string}"},"query-input":{"@type":"PropertyValueSpecification","valueRequired":true,"valueName":"search_term_string"}}],"inLanguage":"fr-FR"},{"@type":"Person","@id":"https:\/\/www.amanien.info\/news\/#\/schema\/person\/b21093345753a1a98242d505bd894f42","name":"Germain Ndri","url":"https:\/\/www.amanien.info\/news\/author\/amanien-infos\/"}]}},"_links":{"self":[{"href":"https:\/\/www.amanien.info\/news\/wp-json\/wp\/v2\/posts\/1530","targetHints":{"allow":["GET"]}}],"collection":[{"href":"https:\/\/www.amanien.info\/news\/wp-json\/wp\/v2\/posts"}],"about":[{"href":"https:\/\/www.amanien.info\/news\/wp-json\/wp\/v2\/types\/post"}],"author":[{"embeddable":true,"href":"https:\/\/www.amanien.info\/news\/wp-json\/wp\/v2\/users\/2"}],"replies":[{"embeddable":true,"href":"https:\/\/www.amanien.info\/news\/wp-json\/wp\/v2\/comments?post=1530"}],"version-history":[{"count":0,"href":"https:\/\/www.amanien.info\/news\/wp-json\/wp\/v2\/posts\/1530\/revisions"}],"wp:featuredmedia":[{"embeddable":true,"href":"https:\/\/www.amanien.info\/news\/wp-json\/wp\/v2\/media\/1531"}],"wp:attachment":[{"href":"https:\/\/www.amanien.info\/news\/wp-json\/wp\/v2\/media?parent=1530"}],"wp:term":[{"taxonomy":"category","embeddable":true,"href":"https:\/\/www.amanien.info\/news\/wp-json\/wp\/v2\/categories?post=1530"},{"taxonomy":"post_tag","embeddable":true,"href":"https:\/\/www.amanien.info\/news\/wp-json\/wp\/v2\/tags?post=1530"}],"curies":[{"name":"wp","href":"https:\/\/api.w.org\/{rel}","templated":true}]}}