{"id":1523,"date":"2020-07-22T19:19:54","date_gmt":"2020-07-22T17:19:54","guid":{"rendered":"http:\/\/https:\/\/zozo.buyee.jp\/\/news\/?p=1523"},"modified":"2020-07-22T19:20:15","modified_gmt":"2020-07-22T17:20:15","slug":"marcel-amon-tanoh-annonce-sa-candidature-a-la-presidentielle-doctobre-2020-et-juge-le-travail-accompli-par-le-gouvernement-en-place","status":"publish","type":"post","link":"https:\/\/www.amanien.info\/news\/marcel-amon-tanoh-annonce-sa-candidature-a-la-presidentielle-doctobre-2020-et-juge-le-travail-accompli-par-le-gouvernement-en-place\/","title":{"rendered":"Marcel Amon Tanoh annonce sa candidature \u00e0 la pr\u00e9sidentielle d&rsquo;octobre 2020 et juge le travail accompli par le gouvernement en place"},"content":{"rendered":"<p>Ivoiriennes mes s\u0153urs,<\/p>\n<p>Ivoiriens mes fr\u00e8res,<\/p>\n<p>Chers amis de la C\u00f4te d\u2019Ivoire,<\/p>\n<p>Dans quelques semaines, la C\u00f4te d\u2019Ivoire, notre pays, brillera sous l\u2019\u00e9clat du 7 ao\u00fbt, notre f\u00eate nationale. C\u2019est une date embl\u00e9matique dans notre communaut\u00e9 de vie et de destin, un puissant marqueur de notre identit\u00e9, en tant que peuple libre et nation souveraine. Depuis 1960, nous comm\u00e9morons l\u2019ind\u00e9pendance de la C\u00f4te d\u2019Ivoire, notre m\u00e8re patrie. 2 Cette ann\u00e9e, le 7 ao\u00fbt aura une tonalit\u00e9 particuli\u00e8re, pour deux raisons principales : &#8211; la premi\u00e8re, c\u2019est que notre pays f\u00eatera ses 60 ans ; &#8211; la seconde, c\u2019est que moins de trois mois apr\u00e8s cette date anniversaire, la C\u00f4te d\u2019Ivoire proc\u00e9dera \u00e0 l\u2019\u00e9lection de son Pr\u00e9sident de la R\u00e9publique. Ces 60 ans que notre beau pays se pr\u00e9pare \u00e0 c\u00e9l\u00e9brer seront \u00e9galement un moment de profonde introspection et de projection. 3 A cette occasion, nous rendrons tous Gloire \u00e0 Dieu pour ses gr\u00e2ces sur notre pays et sur nos vies. Nous c\u00e9l\u00e9brerons la libert\u00e9 retrouv\u00e9e et la paix conquise de haute lutte. Nous exprimerons notre gratitude envers nos anc\u00eatres et nos devanciers pour le sacrifice de leurs vies. Nous f\u00eaterons les succ\u00e8s glan\u00e9s et le chemin parcouru ensemble. Nous situerons nos responsabilit\u00e9s face aux multiples d\u00e9fis auxquels nous devons faire face. Mais, nous ferons surtout le bilan de notre vie commune. 4 Ivoiriennes et Ivoiriens, Mes chers concitoyens, Au moment o\u00f9 la C\u00f4te d\u2019Ivoire se pr\u00e9pare \u00e0 franchir cette \u00e9tape dans sa marche vers le progr\u00e8s, nous devons plus que jamais apporter des r\u00e9ponses viables \u00e0 son rapport au monde d\u2019aujourd\u2019hui et aux difficult\u00e9s de notre \u00e9poque. Nous devons le faire dans la confiance et en toute s\u00e9r\u00e9nit\u00e9. Ma profonde conviction est que la C\u00f4te d\u2019Ivoire doit affronter ces d\u00e9fis pr\u00e9sents et ult\u00e9rieurs avec une nouvelle mentalit\u00e9, une nouvelle vision, un 5 nouveau logiciel et une nouvelle motivation. Je suis convaincu de tr\u00e8s longue date que ce pays extraordinaire nous offrira davantage si nos c\u0153urs battent \u00e0 l\u2019unisson pour l\u2019aimer. Et nous ne pouvons r\u00e9aliser cet objectif qu\u2019en proposant une voie diff\u00e9rente, un chemin de concorde et de paix v\u00e9ritable, gage d\u2019un d\u00e9veloppement plus s\u00fbr et d\u2019une prosp\u00e9rit\u00e9 partag\u00e9e. J\u2019aime la C\u00f4te d\u2019Ivoire. J\u2019aime notre terre f\u00e9conde, nos r\u00e9gions color\u00e9es et la richesse de nos cultures. 6 J\u2019aime le parfum de nos champs, le rythme joyeux de nos refrains. J\u2019aime la diversit\u00e9 de notre peuple. J\u2019aime notre humanisme et notre bont\u00e9. J\u2019aime notre humour et notre g\u00e9n\u00e9rosit\u00e9. Ce sont l\u00e0 les attributs de la C\u00f4te d\u2019Ivoire promise \u00e0 l\u2019humanit\u00e9 que chante fi\u00e8rement l\u2019Abidjanaise, notre hymne national. Malheureusement, ces derni\u00e8res d\u00e9cennies, nos efforts communs n\u2019ont pas \u00e9t\u00e9 \u00e0 la hauteur de cette promesse. 7 Nous avons men\u00e9 \u00e0 bien de grands ouvrages mais nous avons abandonn\u00e9 notre humanit\u00e9. Nous avons b\u00e2ti des ponts, mais nous avons oubli\u00e9 de construire des passerelles entre les hommes. Nous avons restaur\u00e9 notre image, mais nous avons renonc\u00e9 \u00e0 notre c\u0153ur. Cette vision a atteint ses limites et le pays s\u2019est fortement crisp\u00e9. Dans un monde en plein bouleversement, qui exige innovation et exp\u00e9rience, la C\u00f4te d\u2019Ivoire ne peut plus se permettre d\u2019investir dans des solutions sans port\u00e9e humaine. 8 Notre pays a besoin de quitter d\u00e9finitivement les sentiers improbables de la discorde et de la division. La C\u00f4te d\u2019Ivoire est l\u00e0, devant nous, avec ses chants d\u2019espoir. Elle nous invite \u00e0 sa rencontre. Elle nous appelle \u00e0 nous r\u00e9inventer. Elle nous exhorte \u00e0 prendre ensemble un nouveau chemin, un chemin diff\u00e9rent, un chemin d\u2019union, de fraternit\u00e9 et de libert\u00e9. Ce chemin, je vous propose de l\u2019emprunter avec moi. 9 C\u2019est pourquoi, au regard de l\u2019exp\u00e9rience que j\u2019ai acquise au service de mon pays, apr\u00e8s vous avoir longuement \u00e9cout\u00e9s et apr\u00e8s avoir m\u00fbrement r\u00e9fl\u00e9chi, j\u2019ai d\u00e9cid\u00e9 de me porter candidat \u00e0 la prochaine \u00e9lection pr\u00e9sidentielle. Je veux rassembler les hommes et f\u00e9d\u00e9rer les \u00e9nergies. Je veux \u00eatre le trait d\u2019union. Le trait d\u2019union entre l\u2019Etat et le peuple, 10 le trait d\u2019union entre le respect de nos traditions et notre d\u00e9sir de modernit\u00e9, le trait d\u2019union entre les religions, les r\u00e9gions et les g\u00e9n\u00e9rations, le trait d\u2019union entre tous les Ivoiriens. Je veux parler \u00e0 tous, agir pour tous. Je veux b\u00e2tir avec chaque Ivoirien un pays de fraternit\u00e9, lib\u00e9r\u00e9 de tout germe de conflit. Je veux construire une C\u00f4te d\u2019Ivoire plus solidaire, plus \u00e9quitable, plus juste. Je veux consolider la d\u00e9mocratie en r\u00e9tablissant le dialogue r\u00e9publicain dans le respect des opinions et de la libert\u00e9 d\u2019expression. 11 J\u2019ai une vision pour la C\u00f4te d\u2019Ivoire, une ambition pour mon pays. J\u2019ai con\u00e7u un programme r\u00e9aliste et pragmatique. J\u2019ai rassembl\u00e9 une \u00e9quipe de jeunes, de femmes et d\u2019hommes comp\u00e9tents, motiv\u00e9s et repr\u00e9sentatifs, nourris \u00e0 la s\u00e8ve des valeurs de notre Nation et \u00e0 l\u2019esprit de nos traditions. Mes chers compatriotes, \u00ab La patrie de la vraie fraternit\u00e9 \u00bb est un r\u00eave, celui de nos p\u00e8res fondateurs. Ce r\u00eave est une construction d\u00e9volue \u00e0 chaque g\u00e9n\u00e9ration. 12 Le temps est maintenant venu de faire honneur au v\u00e9ritable sens de notre devise : UNION &#8211; DISCIPLINE &#8211; TRAVAIL. Retrouvons-nous autour de nos valeurs originelles, le dialogue et la paix, pour le bien-\u00eatre de tous. J\u2019en appelle donc \u00e0 l\u2019union sacr\u00e9e de tous les Ivoiriens pour construire notre avenir. Que Dieu b\u00e9nisse la C\u00f4te d\u2019Ivoire.<\/p>\n<p>Je vous remercie.<\/p>\n","protected":false},"excerpt":{"rendered":"<p>Ivoiriennes mes s\u0153urs, Ivoiriens mes fr\u00e8res, Chers amis de la C\u00f4te d\u2019Ivoire, Dans quelques semaines, la C\u00f4te d\u2019Ivoire, notre pays, brillera sous l\u2019\u00e9clat du 7 ao\u00fbt, notre f\u00eate nationale. C\u2019est une date embl\u00e9matique dans notre communaut\u00e9 de vie et de destin, un puissant marqueur de notre identit\u00e9, en tant que peuple libre et nation souveraine. [&hellip;]<\/p>\n","protected":false},"author":2,"featured_media":1524,"comment_status":"open","ping_status":"open","sticky":true,"template":"","format":"standard","meta":{"_acf_changed":false,"footnotes":""},"categories":[],"tags":[],"class_list":["post-1523","post","type-post","status-publish","format-standard","has-post-thumbnail","hentry"],"acf":[],"yoast_head":"<!-- This site is optimized with the Yoast SEO plugin v27.5 - https:\/\/yoast.com\/product\/yoast-seo-wordpress\/ -->\n<title>Marcel Amon Tanoh annonce sa candidature \u00e0 la pr\u00e9sidentielle d&#039;octobre 2020 et juge le travail accompli par le gouvernement en place - Amanien| L&#039;actualit\u00e9 Ivoirienne et Internationale<\/title>\n<meta name=\"robots\" content=\"index, follow, max-snippet:-1, max-image-preview:large, max-video-preview:-1\" \/>\n<link rel=\"canonical\" href=\"https:\/\/www.amanien.info\/news\/marcel-amon-tanoh-annonce-sa-candidature-a-la-presidentielle-doctobre-2020-et-juge-le-travail-accompli-par-le-gouvernement-en-place\/\" \/>\n<meta property=\"og:locale\" content=\"fr_FR\" \/>\n<meta property=\"og:type\" content=\"article\" \/>\n<meta property=\"og:title\" content=\"Marcel Amon Tanoh annonce sa candidature \u00e0 la pr\u00e9sidentielle d&#039;octobre 2020 et juge le travail accompli par le gouvernement en place - Amanien| L&#039;actualit\u00e9 Ivoirienne et Internationale\" \/>\n<meta property=\"og:description\" content=\"Ivoiriennes mes s\u0153urs, Ivoiriens mes fr\u00e8res, Chers amis de la C\u00f4te d\u2019Ivoire, Dans quelques semaines, la C\u00f4te d\u2019Ivoire, notre pays, brillera sous l\u2019\u00e9clat du 7 ao\u00fbt, notre f\u00eate nationale. C\u2019est une date embl\u00e9matique dans notre communaut\u00e9 de vie et de destin, un puissant marqueur de notre identit\u00e9, en tant que peuple libre et nation souveraine. [&hellip;]\" \/>\n<meta property=\"og:url\" content=\"https:\/\/www.amanien.info\/news\/marcel-amon-tanoh-annonce-sa-candidature-a-la-presidentielle-doctobre-2020-et-juge-le-travail-accompli-par-le-gouvernement-en-place\/\" \/>\n<meta property=\"og:site_name\" content=\"Amanien| L&#039;actualit\u00e9 Ivoirienne et Internationale\" \/>\n<meta property=\"article:published_time\" content=\"2020-07-22T17:19:54+00:00\" \/>\n<meta property=\"article:modified_time\" content=\"2020-07-22T17:20:15+00:00\" \/>\n<meta property=\"og:image\" content=\"https:\/\/www.amanien.info\/news\/wp-content\/uploads\/2020\/07\/IMG-20200722-WA0000.jpg\" \/>\n\t<meta property=\"og:image:width\" content=\"683\" \/>\n\t<meta property=\"og:image:height\" content=\"1024\" \/>\n\t<meta property=\"og:image:type\" content=\"image\/jpeg\" \/>\n<meta name=\"author\" content=\"Germain Ndri\" \/>\n<meta name=\"twitter:card\" content=\"summary_large_image\" \/>\n<meta name=\"twitter:label1\" content=\"\u00c9crit par\" \/>\n\t<meta name=\"twitter:data1\" content=\"Germain Ndri\" \/>\n\t<meta name=\"twitter:label2\" content=\"Dur\u00e9e de lecture estim\u00e9e\" \/>\n\t<meta name=\"twitter:data2\" content=\"5 minutes\" \/>\n<script type=\"application\/ld+json\" class=\"yoast-schema-graph\">{\"@context\":\"https:\\\/\\\/schema.org\",\"@graph\":[{\"@type\":\"Article\",\"@id\":\"https:\\\/\\\/www.amanien.info\\\/news\\\/marcel-amon-tanoh-annonce-sa-candidature-a-la-presidentielle-doctobre-2020-et-juge-le-travail-accompli-par-le-gouvernement-en-place\\\/#article\",\"isPartOf\":{\"@id\":\"https:\\\/\\\/www.amanien.info\\\/news\\\/marcel-amon-tanoh-annonce-sa-candidature-a-la-presidentielle-doctobre-2020-et-juge-le-travail-accompli-par-le-gouvernement-en-place\\\/\"},\"author\":{\"name\":\"Germain Ndri\",\"@id\":\"https:\\\/\\\/www.amanien.info\\\/news\\\/#\\\/schema\\\/person\\\/b21093345753a1a98242d505bd894f42\"},\"headline\":\"Marcel Amon Tanoh annonce sa candidature \u00e0 la pr\u00e9sidentielle d&rsquo;octobre 2020 et juge le travail accompli par le gouvernement en place\",\"datePublished\":\"2020-07-22T17:19:54+00:00\",\"dateModified\":\"2020-07-22T17:20:15+00:00\",\"mainEntityOfPage\":{\"@id\":\"https:\\\/\\\/www.amanien.info\\\/news\\\/marcel-amon-tanoh-annonce-sa-candidature-a-la-presidentielle-doctobre-2020-et-juge-le-travail-accompli-par-le-gouvernement-en-place\\\/\"},\"wordCount\":1029,\"commentCount\":0,\"image\":{\"@id\":\"https:\\\/\\\/www.amanien.info\\\/news\\\/marcel-amon-tanoh-annonce-sa-candidature-a-la-presidentielle-doctobre-2020-et-juge-le-travail-accompli-par-le-gouvernement-en-place\\\/#primaryimage\"},\"thumbnailUrl\":\"https:\\\/\\\/www.amanien.info\\\/news\\\/wp-content\\\/uploads\\\/2020\\\/07\\\/IMG-20200722-WA0000.jpg\",\"inLanguage\":\"fr-FR\"},{\"@type\":\"WebPage\",\"@id\":\"https:\\\/\\\/www.amanien.info\\\/news\\\/marcel-amon-tanoh-annonce-sa-candidature-a-la-presidentielle-doctobre-2020-et-juge-le-travail-accompli-par-le-gouvernement-en-place\\\/\",\"url\":\"https:\\\/\\\/www.amanien.info\\\/news\\\/marcel-amon-tanoh-annonce-sa-candidature-a-la-presidentielle-doctobre-2020-et-juge-le-travail-accompli-par-le-gouvernement-en-place\\\/\",\"name\":\"Marcel Amon Tanoh annonce sa candidature \u00e0 la pr\u00e9sidentielle d'octobre 2020 et juge le travail accompli par le gouvernement en place - Amanien| L&#039;actualit\u00e9 Ivoirienne et Internationale\",\"isPartOf\":{\"@id\":\"https:\\\/\\\/www.amanien.info\\\/news\\\/#website\"},\"primaryImageOfPage\":{\"@id\":\"https:\\\/\\\/www.amanien.info\\\/news\\\/marcel-amon-tanoh-annonce-sa-candidature-a-la-presidentielle-doctobre-2020-et-juge-le-travail-accompli-par-le-gouvernement-en-place\\\/#primaryimage\"},\"image\":{\"@id\":\"https:\\\/\\\/www.amanien.info\\\/news\\\/marcel-amon-tanoh-annonce-sa-candidature-a-la-presidentielle-doctobre-2020-et-juge-le-travail-accompli-par-le-gouvernement-en-place\\\/#primaryimage\"},\"thumbnailUrl\":\"https:\\\/\\\/www.amanien.info\\\/news\\\/wp-content\\\/uploads\\\/2020\\\/07\\\/IMG-20200722-WA0000.jpg\",\"datePublished\":\"2020-07-22T17:19:54+00:00\",\"dateModified\":\"2020-07-22T17:20:15+00:00\",\"author\":{\"@id\":\"https:\\\/\\\/www.amanien.info\\\/news\\\/#\\\/schema\\\/person\\\/b21093345753a1a98242d505bd894f42\"},\"breadcrumb\":{\"@id\":\"https:\\\/\\\/www.amanien.info\\\/news\\\/marcel-amon-tanoh-annonce-sa-candidature-a-la-presidentielle-doctobre-2020-et-juge-le-travail-accompli-par-le-gouvernement-en-place\\\/#breadcrumb\"},\"inLanguage\":\"fr-FR\",\"potentialAction\":[{\"@type\":\"ReadAction\",\"target\":[\"https:\\\/\\\/www.amanien.info\\\/news\\\/marcel-amon-tanoh-annonce-sa-candidature-a-la-presidentielle-doctobre-2020-et-juge-le-travail-accompli-par-le-gouvernement-en-place\\\/\"]}]},{\"@type\":\"ImageObject\",\"inLanguage\":\"fr-FR\",\"@id\":\"https:\\\/\\\/www.amanien.info\\\/news\\\/marcel-amon-tanoh-annonce-sa-candidature-a-la-presidentielle-doctobre-2020-et-juge-le-travail-accompli-par-le-gouvernement-en-place\\\/#primaryimage\",\"url\":\"https:\\\/\\\/www.amanien.info\\\/news\\\/wp-content\\\/uploads\\\/2020\\\/07\\\/IMG-20200722-WA0000.jpg\",\"contentUrl\":\"https:\\\/\\\/www.amanien.info\\\/news\\\/wp-content\\\/uploads\\\/2020\\\/07\\\/IMG-20200722-WA0000.jpg\",\"width\":683,\"height\":1024},{\"@type\":\"BreadcrumbList\",\"@id\":\"https:\\\/\\\/www.amanien.info\\\/news\\\/marcel-amon-tanoh-annonce-sa-candidature-a-la-presidentielle-doctobre-2020-et-juge-le-travail-accompli-par-le-gouvernement-en-place\\\/#breadcrumb\",\"itemListElement\":[{\"@type\":\"ListItem\",\"position\":1,\"name\":\"Accueil\",\"item\":\"https:\\\/\\\/www.amanien.info\\\/news\\\/\"},{\"@type\":\"ListItem\",\"position\":2,\"name\":\"Marcel Amon Tanoh annonce sa candidature \u00e0 la pr\u00e9sidentielle d&rsquo;octobre 2020 et juge le travail accompli par le gouvernement en place\"}]},{\"@type\":\"WebSite\",\"@id\":\"https:\\\/\\\/www.amanien.info\\\/news\\\/#website\",\"url\":\"https:\\\/\\\/www.amanien.info\\\/news\\\/\",\"name\":\"Amanien| L&#039;actualit\u00e9 Ivoirienne et Internationale\",\"description\":\"L&#039;actualit\u00e9 Ivoirienne et Internationale\",\"potentialAction\":[{\"@type\":\"SearchAction\",\"target\":{\"@type\":\"EntryPoint\",\"urlTemplate\":\"https:\\\/\\\/www.amanien.info\\\/news\\\/?s={search_term_string}\"},\"query-input\":{\"@type\":\"PropertyValueSpecification\",\"valueRequired\":true,\"valueName\":\"search_term_string\"}}],\"inLanguage\":\"fr-FR\"},{\"@type\":\"Person\",\"@id\":\"https:\\\/\\\/www.amanien.info\\\/news\\\/#\\\/schema\\\/person\\\/b21093345753a1a98242d505bd894f42\",\"name\":\"Germain Ndri\",\"url\":\"https:\\\/\\\/www.amanien.info\\\/news\\\/author\\\/amanien-infos\\\/\"}]}<\/script>\n<!-- \/ Yoast SEO plugin. -->","yoast_head_json":{"title":"Marcel Amon Tanoh annonce sa candidature \u00e0 la pr\u00e9sidentielle d'octobre 2020 et juge le travail accompli par le gouvernement en place - Amanien| L&#039;actualit\u00e9 Ivoirienne et Internationale","robots":{"index":"index","follow":"follow","max-snippet":"max-snippet:-1","max-image-preview":"max-image-preview:large","max-video-preview":"max-video-preview:-1"},"canonical":"https:\/\/www.amanien.info\/news\/marcel-amon-tanoh-annonce-sa-candidature-a-la-presidentielle-doctobre-2020-et-juge-le-travail-accompli-par-le-gouvernement-en-place\/","og_locale":"fr_FR","og_type":"article","og_title":"Marcel Amon Tanoh annonce sa candidature \u00e0 la pr\u00e9sidentielle d'octobre 2020 et juge le travail accompli par le gouvernement en place - Amanien| L&#039;actualit\u00e9 Ivoirienne et Internationale","og_description":"Ivoiriennes mes s\u0153urs, Ivoiriens mes fr\u00e8res, Chers amis de la C\u00f4te d\u2019Ivoire, Dans quelques semaines, la C\u00f4te d\u2019Ivoire, notre pays, brillera sous l\u2019\u00e9clat du 7 ao\u00fbt, notre f\u00eate nationale. C\u2019est une date embl\u00e9matique dans notre communaut\u00e9 de vie et de destin, un puissant marqueur de notre identit\u00e9, en tant que peuple libre et nation souveraine. [&hellip;]","og_url":"https:\/\/www.amanien.info\/news\/marcel-amon-tanoh-annonce-sa-candidature-a-la-presidentielle-doctobre-2020-et-juge-le-travail-accompli-par-le-gouvernement-en-place\/","og_site_name":"Amanien| L&#039;actualit\u00e9 Ivoirienne et Internationale","article_published_time":"2020-07-22T17:19:54+00:00","article_modified_time":"2020-07-22T17:20:15+00:00","og_image":[{"width":683,"height":1024,"url":"https:\/\/www.amanien.info\/news\/wp-content\/uploads\/2020\/07\/IMG-20200722-WA0000.jpg","type":"image\/jpeg"}],"author":"Germain Ndri","twitter_card":"summary_large_image","twitter_misc":{"\u00c9crit par":"Germain Ndri","Dur\u00e9e de lecture estim\u00e9e":"5 minutes"},"schema":{"@context":"https:\/\/schema.org","@graph":[{"@type":"Article","@id":"https:\/\/www.amanien.info\/news\/marcel-amon-tanoh-annonce-sa-candidature-a-la-presidentielle-doctobre-2020-et-juge-le-travail-accompli-par-le-gouvernement-en-place\/#article","isPartOf":{"@id":"https:\/\/www.amanien.info\/news\/marcel-amon-tanoh-annonce-sa-candidature-a-la-presidentielle-doctobre-2020-et-juge-le-travail-accompli-par-le-gouvernement-en-place\/"},"author":{"name":"Germain Ndri","@id":"https:\/\/www.amanien.info\/news\/#\/schema\/person\/b21093345753a1a98242d505bd894f42"},"headline":"Marcel Amon Tanoh annonce sa candidature \u00e0 la pr\u00e9sidentielle d&rsquo;octobre 2020 et juge le travail accompli par le gouvernement en place","datePublished":"2020-07-22T17:19:54+00:00","dateModified":"2020-07-22T17:20:15+00:00","mainEntityOfPage":{"@id":"https:\/\/www.amanien.info\/news\/marcel-amon-tanoh-annonce-sa-candidature-a-la-presidentielle-doctobre-2020-et-juge-le-travail-accompli-par-le-gouvernement-en-place\/"},"wordCount":1029,"commentCount":0,"image":{"@id":"https:\/\/www.amanien.info\/news\/marcel-amon-tanoh-annonce-sa-candidature-a-la-presidentielle-doctobre-2020-et-juge-le-travail-accompli-par-le-gouvernement-en-place\/#primaryimage"},"thumbnailUrl":"https:\/\/www.amanien.info\/news\/wp-content\/uploads\/2020\/07\/IMG-20200722-WA0000.jpg","inLanguage":"fr-FR"},{"@type":"WebPage","@id":"https:\/\/www.amanien.info\/news\/marcel-amon-tanoh-annonce-sa-candidature-a-la-presidentielle-doctobre-2020-et-juge-le-travail-accompli-par-le-gouvernement-en-place\/","url":"https:\/\/www.amanien.info\/news\/marcel-amon-tanoh-annonce-sa-candidature-a-la-presidentielle-doctobre-2020-et-juge-le-travail-accompli-par-le-gouvernement-en-place\/","name":"Marcel Amon Tanoh annonce sa candidature \u00e0 la pr\u00e9sidentielle d'octobre 2020 et juge le travail accompli par le gouvernement en place - Amanien| L&#039;actualit\u00e9 Ivoirienne et Internationale","isPartOf":{"@id":"https:\/\/www.amanien.info\/news\/#website"},"primaryImageOfPage":{"@id":"https:\/\/www.amanien.info\/news\/marcel-amon-tanoh-annonce-sa-candidature-a-la-presidentielle-doctobre-2020-et-juge-le-travail-accompli-par-le-gouvernement-en-place\/#primaryimage"},"image":{"@id":"https:\/\/www.amanien.info\/news\/marcel-amon-tanoh-annonce-sa-candidature-a-la-presidentielle-doctobre-2020-et-juge-le-travail-accompli-par-le-gouvernement-en-place\/#primaryimage"},"thumbnailUrl":"https:\/\/www.amanien.info\/news\/wp-content\/uploads\/2020\/07\/IMG-20200722-WA0000.jpg","datePublished":"2020-07-22T17:19:54+00:00","dateModified":"2020-07-22T17:20:15+00:00","author":{"@id":"https:\/\/www.amanien.info\/news\/#\/schema\/person\/b21093345753a1a98242d505bd894f42"},"breadcrumb":{"@id":"https:\/\/www.amanien.info\/news\/marcel-amon-tanoh-annonce-sa-candidature-a-la-presidentielle-doctobre-2020-et-juge-le-travail-accompli-par-le-gouvernement-en-place\/#breadcrumb"},"inLanguage":"fr-FR","potentialAction":[{"@type":"ReadAction","target":["https:\/\/www.amanien.info\/news\/marcel-amon-tanoh-annonce-sa-candidature-a-la-presidentielle-doctobre-2020-et-juge-le-travail-accompli-par-le-gouvernement-en-place\/"]}]},{"@type":"ImageObject","inLanguage":"fr-FR","@id":"https:\/\/www.amanien.info\/news\/marcel-amon-tanoh-annonce-sa-candidature-a-la-presidentielle-doctobre-2020-et-juge-le-travail-accompli-par-le-gouvernement-en-place\/#primaryimage","url":"https:\/\/www.amanien.info\/news\/wp-content\/uploads\/2020\/07\/IMG-20200722-WA0000.jpg","contentUrl":"https:\/\/www.amanien.info\/news\/wp-content\/uploads\/2020\/07\/IMG-20200722-WA0000.jpg","width":683,"height":1024},{"@type":"BreadcrumbList","@id":"https:\/\/www.amanien.info\/news\/marcel-amon-tanoh-annonce-sa-candidature-a-la-presidentielle-doctobre-2020-et-juge-le-travail-accompli-par-le-gouvernement-en-place\/#breadcrumb","itemListElement":[{"@type":"ListItem","position":1,"name":"Accueil","item":"https:\/\/www.amanien.info\/news\/"},{"@type":"ListItem","position":2,"name":"Marcel Amon Tanoh annonce sa candidature \u00e0 la pr\u00e9sidentielle d&rsquo;octobre 2020 et juge le travail accompli par le gouvernement en place"}]},{"@type":"WebSite","@id":"https:\/\/www.amanien.info\/news\/#website","url":"https:\/\/www.amanien.info\/news\/","name":"Amanien| L&#039;actualit\u00e9 Ivoirienne et Internationale","description":"L&#039;actualit\u00e9 Ivoirienne et Internationale","potentialAction":[{"@type":"SearchAction","target":{"@type":"EntryPoint","urlTemplate":"https:\/\/www.amanien.info\/news\/?s={search_term_string}"},"query-input":{"@type":"PropertyValueSpecification","valueRequired":true,"valueName":"search_term_string"}}],"inLanguage":"fr-FR"},{"@type":"Person","@id":"https:\/\/www.amanien.info\/news\/#\/schema\/person\/b21093345753a1a98242d505bd894f42","name":"Germain Ndri","url":"https:\/\/www.amanien.info\/news\/author\/amanien-infos\/"}]}},"_links":{"self":[{"href":"https:\/\/www.amanien.info\/news\/wp-json\/wp\/v2\/posts\/1523","targetHints":{"allow":["GET"]}}],"collection":[{"href":"https:\/\/www.amanien.info\/news\/wp-json\/wp\/v2\/posts"}],"about":[{"href":"https:\/\/www.amanien.info\/news\/wp-json\/wp\/v2\/types\/post"}],"author":[{"embeddable":true,"href":"https:\/\/www.amanien.info\/news\/wp-json\/wp\/v2\/users\/2"}],"replies":[{"embeddable":true,"href":"https:\/\/www.amanien.info\/news\/wp-json\/wp\/v2\/comments?post=1523"}],"version-history":[{"count":0,"href":"https:\/\/www.amanien.info\/news\/wp-json\/wp\/v2\/posts\/1523\/revisions"}],"wp:featuredmedia":[{"embeddable":true,"href":"https:\/\/www.amanien.info\/news\/wp-json\/wp\/v2\/media\/1524"}],"wp:attachment":[{"href":"https:\/\/www.amanien.info\/news\/wp-json\/wp\/v2\/media?parent=1523"}],"wp:term":[{"taxonomy":"category","embeddable":true,"href":"https:\/\/www.amanien.info\/news\/wp-json\/wp\/v2\/categories?post=1523"},{"taxonomy":"post_tag","embeddable":true,"href":"https:\/\/www.amanien.info\/news\/wp-json\/wp\/v2\/tags?post=1523"}],"curies":[{"name":"wp","href":"https:\/\/api.w.org\/{rel}","templated":true}]}}