{"id":1507,"date":"2020-07-19T20:43:15","date_gmt":"2020-07-19T18:43:15","guid":{"rendered":"http:\/\/https:\/\/zozo.buyee.jp\/\/news\/?p=1507"},"modified":"2020-07-19T20:43:33","modified_gmt":"2020-07-19T18:43:33","slug":"coronavirus-la-cote-divoire-compte-a-ce-jour-13-554-cas","status":"publish","type":"post","link":"https:\/\/www.amanien.info\/news\/coronavirus-la-cote-divoire-compte-a-ce-jour-13-554-cas\/","title":{"rendered":"Coronavirus: La C\u00f4te d&rsquo;Ivoire compte \u00e0 ce jour 13.554 cas"},"content":{"rendered":"<p>Le jeudi 16 juillet 2020, la C\u00f4te d&rsquo;Ivoire a enregistr\u00e9 151 nouveaux cas d\u2019infections \u00e0 la Covid-19. Ce qui porte le nombre total de personnes contamin\u00e9es \u00e0 13 554 cas. Selon le minist\u00e8re de la Sant\u00e9 et de l&rsquo;Hygi\u00e8ne publique, les cas enregistr\u00e9s ont \u00e9t\u00e9 observ\u00e9s sur un \u00e9chantillon de 738 tests, soit un taux positif de de 20,5%. Par ailleurs, 217 personnes gu\u00e9ries ont \u00e9t\u00e9 recens\u00e9es, ce qui porte le nombre \u00e0 7 363, avec 6 104 patients sous traitement.On enregistre aussi 87 d\u00e9c\u00e8s.<br \/>\nC.W<\/p>\n","protected":false},"excerpt":{"rendered":"<p>Le jeudi 16 juillet 2020, la C\u00f4te d&rsquo;Ivoire a enregistr\u00e9 151 nouveaux cas d\u2019infections \u00e0 la Covid-19. Ce qui porte le nombre total de personnes contamin\u00e9es \u00e0 13 554 cas. Selon le minist\u00e8re de la Sant\u00e9 et de l&rsquo;Hygi\u00e8ne publique, les cas enregistr\u00e9s ont \u00e9t\u00e9 observ\u00e9s sur un \u00e9chantillon de 738 tests, soit un taux [&hellip;]<\/p>\n","protected":false},"author":2,"featured_media":1153,"comment_status":"open","ping_status":"open","sticky":true,"template":"","format":"standard","meta":{"_acf_changed":false,"footnotes":""},"categories":[],"tags":[],"class_list":["post-1507","post","type-post","status-publish","format-standard","has-post-thumbnail","hentry"],"acf":[],"yoast_head":"<!-- This site is optimized with the Yoast SEO plugin v27.5 - https:\/\/yoast.com\/product\/yoast-seo-wordpress\/ -->\n<title>Coronavirus: La C\u00f4te d&#039;Ivoire compte \u00e0 ce jour 13.554 cas - Amanien| L&#039;actualit\u00e9 Ivoirienne et Internationale<\/title>\n<meta name=\"robots\" content=\"index, follow, max-snippet:-1, max-image-preview:large, max-video-preview:-1\" \/>\n<link rel=\"canonical\" href=\"https:\/\/www.amanien.info\/news\/coronavirus-la-cote-divoire-compte-a-ce-jour-13-554-cas\/\" \/>\n<meta property=\"og:locale\" content=\"fr_FR\" \/>\n<meta property=\"og:type\" content=\"article\" \/>\n<meta property=\"og:title\" content=\"Coronavirus: La C\u00f4te d&#039;Ivoire compte \u00e0 ce jour 13.554 cas - Amanien| L&#039;actualit\u00e9 Ivoirienne et Internationale\" \/>\n<meta property=\"og:description\" content=\"Le jeudi 16 juillet 2020, la C\u00f4te d&rsquo;Ivoire a enregistr\u00e9 151 nouveaux cas d\u2019infections \u00e0 la Covid-19. Ce qui porte le nombre total de personnes contamin\u00e9es \u00e0 13 554 cas. Selon le minist\u00e8re de la Sant\u00e9 et de l&rsquo;Hygi\u00e8ne publique, les cas enregistr\u00e9s ont \u00e9t\u00e9 observ\u00e9s sur un \u00e9chantillon de 738 tests, soit un taux [&hellip;]\" \/>\n<meta property=\"og:url\" content=\"https:\/\/www.amanien.info\/news\/coronavirus-la-cote-divoire-compte-a-ce-jour-13-554-cas\/\" \/>\n<meta property=\"og:site_name\" content=\"Amanien| L&#039;actualit\u00e9 Ivoirienne et Internationale\" \/>\n<meta property=\"article:published_time\" content=\"2020-07-19T18:43:15+00:00\" \/>\n<meta property=\"article:modified_time\" content=\"2020-07-19T18:43:33+00:00\" \/>\n<meta property=\"og:image\" content=\"https:\/\/www.amanien.info\/news\/wp-content\/uploads\/2020\/06\/1583397266636-1656869319.jpg\" \/>\n\t<meta property=\"og:image:width\" content=\"461\" \/>\n\t<meta property=\"og:image:height\" content=\"308\" \/>\n\t<meta property=\"og:image:type\" content=\"image\/jpeg\" \/>\n<meta name=\"author\" content=\"Germain Ndri\" \/>\n<meta name=\"twitter:card\" content=\"summary_large_image\" \/>\n<meta name=\"twitter:label1\" content=\"\u00c9crit par\" \/>\n\t<meta name=\"twitter:data1\" content=\"Germain Ndri\" \/>\n<script type=\"application\/ld+json\" class=\"yoast-schema-graph\">{\"@context\":\"https:\\\/\\\/schema.org\",\"@graph\":[{\"@type\":\"Article\",\"@id\":\"https:\\\/\\\/www.amanien.info\\\/news\\\/coronavirus-la-cote-divoire-compte-a-ce-jour-13-554-cas\\\/#article\",\"isPartOf\":{\"@id\":\"https:\\\/\\\/www.amanien.info\\\/news\\\/coronavirus-la-cote-divoire-compte-a-ce-jour-13-554-cas\\\/\"},\"author\":{\"name\":\"Germain Ndri\",\"@id\":\"https:\\\/\\\/www.amanien.info\\\/news\\\/#\\\/schema\\\/person\\\/b21093345753a1a98242d505bd894f42\"},\"headline\":\"Coronavirus: La C\u00f4te d&rsquo;Ivoire compte \u00e0 ce jour 13.554 cas\",\"datePublished\":\"2020-07-19T18:43:15+00:00\",\"dateModified\":\"2020-07-19T18:43:33+00:00\",\"mainEntityOfPage\":{\"@id\":\"https:\\\/\\\/www.amanien.info\\\/news\\\/coronavirus-la-cote-divoire-compte-a-ce-jour-13-554-cas\\\/\"},\"wordCount\":95,\"commentCount\":0,\"image\":{\"@id\":\"https:\\\/\\\/www.amanien.info\\\/news\\\/coronavirus-la-cote-divoire-compte-a-ce-jour-13-554-cas\\\/#primaryimage\"},\"thumbnailUrl\":\"https:\\\/\\\/www.amanien.info\\\/news\\\/wp-content\\\/uploads\\\/2020\\\/06\\\/1583397266636-1656869319.jpg\",\"inLanguage\":\"fr-FR\"},{\"@type\":\"WebPage\",\"@id\":\"https:\\\/\\\/www.amanien.info\\\/news\\\/coronavirus-la-cote-divoire-compte-a-ce-jour-13-554-cas\\\/\",\"url\":\"https:\\\/\\\/www.amanien.info\\\/news\\\/coronavirus-la-cote-divoire-compte-a-ce-jour-13-554-cas\\\/\",\"name\":\"Coronavirus: La C\u00f4te d'Ivoire compte \u00e0 ce jour 13.554 cas - Amanien| L&#039;actualit\u00e9 Ivoirienne et Internationale\",\"isPartOf\":{\"@id\":\"https:\\\/\\\/www.amanien.info\\\/news\\\/#website\"},\"primaryImageOfPage\":{\"@id\":\"https:\\\/\\\/www.amanien.info\\\/news\\\/coronavirus-la-cote-divoire-compte-a-ce-jour-13-554-cas\\\/#primaryimage\"},\"image\":{\"@id\":\"https:\\\/\\\/www.amanien.info\\\/news\\\/coronavirus-la-cote-divoire-compte-a-ce-jour-13-554-cas\\\/#primaryimage\"},\"thumbnailUrl\":\"https:\\\/\\\/www.amanien.info\\\/news\\\/wp-content\\\/uploads\\\/2020\\\/06\\\/1583397266636-1656869319.jpg\",\"datePublished\":\"2020-07-19T18:43:15+00:00\",\"dateModified\":\"2020-07-19T18:43:33+00:00\",\"author\":{\"@id\":\"https:\\\/\\\/www.amanien.info\\\/news\\\/#\\\/schema\\\/person\\\/b21093345753a1a98242d505bd894f42\"},\"breadcrumb\":{\"@id\":\"https:\\\/\\\/www.amanien.info\\\/news\\\/coronavirus-la-cote-divoire-compte-a-ce-jour-13-554-cas\\\/#breadcrumb\"},\"inLanguage\":\"fr-FR\",\"potentialAction\":[{\"@type\":\"ReadAction\",\"target\":[\"https:\\\/\\\/www.amanien.info\\\/news\\\/coronavirus-la-cote-divoire-compte-a-ce-jour-13-554-cas\\\/\"]}]},{\"@type\":\"ImageObject\",\"inLanguage\":\"fr-FR\",\"@id\":\"https:\\\/\\\/www.amanien.info\\\/news\\\/coronavirus-la-cote-divoire-compte-a-ce-jour-13-554-cas\\\/#primaryimage\",\"url\":\"https:\\\/\\\/www.amanien.info\\\/news\\\/wp-content\\\/uploads\\\/2020\\\/06\\\/1583397266636-1656869319.jpg\",\"contentUrl\":\"https:\\\/\\\/www.amanien.info\\\/news\\\/wp-content\\\/uploads\\\/2020\\\/06\\\/1583397266636-1656869319.jpg\",\"width\":461,\"height\":308},{\"@type\":\"BreadcrumbList\",\"@id\":\"https:\\\/\\\/www.amanien.info\\\/news\\\/coronavirus-la-cote-divoire-compte-a-ce-jour-13-554-cas\\\/#breadcrumb\",\"itemListElement\":[{\"@type\":\"ListItem\",\"position\":1,\"name\":\"Accueil\",\"item\":\"https:\\\/\\\/www.amanien.info\\\/news\\\/\"},{\"@type\":\"ListItem\",\"position\":2,\"name\":\"Coronavirus: La C\u00f4te d&rsquo;Ivoire compte \u00e0 ce jour 13.554 cas\"}]},{\"@type\":\"WebSite\",\"@id\":\"https:\\\/\\\/www.amanien.info\\\/news\\\/#website\",\"url\":\"https:\\\/\\\/www.amanien.info\\\/news\\\/\",\"name\":\"Amanien| L&#039;actualit\u00e9 Ivoirienne et Internationale\",\"description\":\"L&#039;actualit\u00e9 Ivoirienne et Internationale\",\"potentialAction\":[{\"@type\":\"SearchAction\",\"target\":{\"@type\":\"EntryPoint\",\"urlTemplate\":\"https:\\\/\\\/www.amanien.info\\\/news\\\/?s={search_term_string}\"},\"query-input\":{\"@type\":\"PropertyValueSpecification\",\"valueRequired\":true,\"valueName\":\"search_term_string\"}}],\"inLanguage\":\"fr-FR\"},{\"@type\":\"Person\",\"@id\":\"https:\\\/\\\/www.amanien.info\\\/news\\\/#\\\/schema\\\/person\\\/b21093345753a1a98242d505bd894f42\",\"name\":\"Germain Ndri\",\"url\":\"https:\\\/\\\/www.amanien.info\\\/news\\\/author\\\/amanien-infos\\\/\"}]}<\/script>\n<!-- \/ Yoast SEO plugin. -->","yoast_head_json":{"title":"Coronavirus: La C\u00f4te d'Ivoire compte \u00e0 ce jour 13.554 cas - Amanien| L&#039;actualit\u00e9 Ivoirienne et Internationale","robots":{"index":"index","follow":"follow","max-snippet":"max-snippet:-1","max-image-preview":"max-image-preview:large","max-video-preview":"max-video-preview:-1"},"canonical":"https:\/\/www.amanien.info\/news\/coronavirus-la-cote-divoire-compte-a-ce-jour-13-554-cas\/","og_locale":"fr_FR","og_type":"article","og_title":"Coronavirus: La C\u00f4te d'Ivoire compte \u00e0 ce jour 13.554 cas - Amanien| L&#039;actualit\u00e9 Ivoirienne et Internationale","og_description":"Le jeudi 16 juillet 2020, la C\u00f4te d&rsquo;Ivoire a enregistr\u00e9 151 nouveaux cas d\u2019infections \u00e0 la Covid-19. Ce qui porte le nombre total de personnes contamin\u00e9es \u00e0 13 554 cas. Selon le minist\u00e8re de la Sant\u00e9 et de l&rsquo;Hygi\u00e8ne publique, les cas enregistr\u00e9s ont \u00e9t\u00e9 observ\u00e9s sur un \u00e9chantillon de 738 tests, soit un taux [&hellip;]","og_url":"https:\/\/www.amanien.info\/news\/coronavirus-la-cote-divoire-compte-a-ce-jour-13-554-cas\/","og_site_name":"Amanien| L&#039;actualit\u00e9 Ivoirienne et Internationale","article_published_time":"2020-07-19T18:43:15+00:00","article_modified_time":"2020-07-19T18:43:33+00:00","og_image":[{"width":461,"height":308,"url":"https:\/\/www.amanien.info\/news\/wp-content\/uploads\/2020\/06\/1583397266636-1656869319.jpg","type":"image\/jpeg"}],"author":"Germain Ndri","twitter_card":"summary_large_image","twitter_misc":{"\u00c9crit par":"Germain Ndri"},"schema":{"@context":"https:\/\/schema.org","@graph":[{"@type":"Article","@id":"https:\/\/www.amanien.info\/news\/coronavirus-la-cote-divoire-compte-a-ce-jour-13-554-cas\/#article","isPartOf":{"@id":"https:\/\/www.amanien.info\/news\/coronavirus-la-cote-divoire-compte-a-ce-jour-13-554-cas\/"},"author":{"name":"Germain Ndri","@id":"https:\/\/www.amanien.info\/news\/#\/schema\/person\/b21093345753a1a98242d505bd894f42"},"headline":"Coronavirus: La C\u00f4te d&rsquo;Ivoire compte \u00e0 ce jour 13.554 cas","datePublished":"2020-07-19T18:43:15+00:00","dateModified":"2020-07-19T18:43:33+00:00","mainEntityOfPage":{"@id":"https:\/\/www.amanien.info\/news\/coronavirus-la-cote-divoire-compte-a-ce-jour-13-554-cas\/"},"wordCount":95,"commentCount":0,"image":{"@id":"https:\/\/www.amanien.info\/news\/coronavirus-la-cote-divoire-compte-a-ce-jour-13-554-cas\/#primaryimage"},"thumbnailUrl":"https:\/\/www.amanien.info\/news\/wp-content\/uploads\/2020\/06\/1583397266636-1656869319.jpg","inLanguage":"fr-FR"},{"@type":"WebPage","@id":"https:\/\/www.amanien.info\/news\/coronavirus-la-cote-divoire-compte-a-ce-jour-13-554-cas\/","url":"https:\/\/www.amanien.info\/news\/coronavirus-la-cote-divoire-compte-a-ce-jour-13-554-cas\/","name":"Coronavirus: La C\u00f4te d'Ivoire compte \u00e0 ce jour 13.554 cas - Amanien| L&#039;actualit\u00e9 Ivoirienne et Internationale","isPartOf":{"@id":"https:\/\/www.amanien.info\/news\/#website"},"primaryImageOfPage":{"@id":"https:\/\/www.amanien.info\/news\/coronavirus-la-cote-divoire-compte-a-ce-jour-13-554-cas\/#primaryimage"},"image":{"@id":"https:\/\/www.amanien.info\/news\/coronavirus-la-cote-divoire-compte-a-ce-jour-13-554-cas\/#primaryimage"},"thumbnailUrl":"https:\/\/www.amanien.info\/news\/wp-content\/uploads\/2020\/06\/1583397266636-1656869319.jpg","datePublished":"2020-07-19T18:43:15+00:00","dateModified":"2020-07-19T18:43:33+00:00","author":{"@id":"https:\/\/www.amanien.info\/news\/#\/schema\/person\/b21093345753a1a98242d505bd894f42"},"breadcrumb":{"@id":"https:\/\/www.amanien.info\/news\/coronavirus-la-cote-divoire-compte-a-ce-jour-13-554-cas\/#breadcrumb"},"inLanguage":"fr-FR","potentialAction":[{"@type":"ReadAction","target":["https:\/\/www.amanien.info\/news\/coronavirus-la-cote-divoire-compte-a-ce-jour-13-554-cas\/"]}]},{"@type":"ImageObject","inLanguage":"fr-FR","@id":"https:\/\/www.amanien.info\/news\/coronavirus-la-cote-divoire-compte-a-ce-jour-13-554-cas\/#primaryimage","url":"https:\/\/www.amanien.info\/news\/wp-content\/uploads\/2020\/06\/1583397266636-1656869319.jpg","contentUrl":"https:\/\/www.amanien.info\/news\/wp-content\/uploads\/2020\/06\/1583397266636-1656869319.jpg","width":461,"height":308},{"@type":"BreadcrumbList","@id":"https:\/\/www.amanien.info\/news\/coronavirus-la-cote-divoire-compte-a-ce-jour-13-554-cas\/#breadcrumb","itemListElement":[{"@type":"ListItem","position":1,"name":"Accueil","item":"https:\/\/www.amanien.info\/news\/"},{"@type":"ListItem","position":2,"name":"Coronavirus: La C\u00f4te d&rsquo;Ivoire compte \u00e0 ce jour 13.554 cas"}]},{"@type":"WebSite","@id":"https:\/\/www.amanien.info\/news\/#website","url":"https:\/\/www.amanien.info\/news\/","name":"Amanien| L&#039;actualit\u00e9 Ivoirienne et Internationale","description":"L&#039;actualit\u00e9 Ivoirienne et Internationale","potentialAction":[{"@type":"SearchAction","target":{"@type":"EntryPoint","urlTemplate":"https:\/\/www.amanien.info\/news\/?s={search_term_string}"},"query-input":{"@type":"PropertyValueSpecification","valueRequired":true,"valueName":"search_term_string"}}],"inLanguage":"fr-FR"},{"@type":"Person","@id":"https:\/\/www.amanien.info\/news\/#\/schema\/person\/b21093345753a1a98242d505bd894f42","name":"Germain Ndri","url":"https:\/\/www.amanien.info\/news\/author\/amanien-infos\/"}]}},"_links":{"self":[{"href":"https:\/\/www.amanien.info\/news\/wp-json\/wp\/v2\/posts\/1507","targetHints":{"allow":["GET"]}}],"collection":[{"href":"https:\/\/www.amanien.info\/news\/wp-json\/wp\/v2\/posts"}],"about":[{"href":"https:\/\/www.amanien.info\/news\/wp-json\/wp\/v2\/types\/post"}],"author":[{"embeddable":true,"href":"https:\/\/www.amanien.info\/news\/wp-json\/wp\/v2\/users\/2"}],"replies":[{"embeddable":true,"href":"https:\/\/www.amanien.info\/news\/wp-json\/wp\/v2\/comments?post=1507"}],"version-history":[{"count":0,"href":"https:\/\/www.amanien.info\/news\/wp-json\/wp\/v2\/posts\/1507\/revisions"}],"wp:featuredmedia":[{"embeddable":true,"href":"https:\/\/www.amanien.info\/news\/wp-json\/wp\/v2\/media\/1153"}],"wp:attachment":[{"href":"https:\/\/www.amanien.info\/news\/wp-json\/wp\/v2\/media?parent=1507"}],"wp:term":[{"taxonomy":"category","embeddable":true,"href":"https:\/\/www.amanien.info\/news\/wp-json\/wp\/v2\/categories?post=1507"},{"taxonomy":"post_tag","embeddable":true,"href":"https:\/\/www.amanien.info\/news\/wp-json\/wp\/v2\/tags?post=1507"}],"curies":[{"name":"wp","href":"https:\/\/api.w.org\/{rel}","templated":true}]}}