{"id":1504,"date":"2020-07-19T20:39:55","date_gmt":"2020-07-19T18:39:55","guid":{"rendered":"http:\/\/https:\/\/zozo.buyee.jp\/\/news\/?p=1504"},"modified":"2020-07-19T20:40:14","modified_gmt":"2020-07-19T18:40:14","slug":"hommage-au-premier-ministre-amadou-gon-coulibaly-toure-adama-cngr-ci-que-dieu-vous-accorde-sa-clemence-et-sa-misericorde","status":"publish","type":"post","link":"https:\/\/www.amanien.info\/news\/hommage-au-premier-ministre-amadou-gon-coulibaly-toure-adama-cngr-ci-que-dieu-vous-accorde-sa-clemence-et-sa-misericorde\/","title":{"rendered":"Hommage au Premier ministre Amadou Gon Coulibaly Tour\u00e9 Adama Cngr \u2013CI\u00a0: \u2018\u2019 Que Dieu vous accorde sa cl\u00e9mence et sa mis\u00e9ricorde\u2019\u2019\u00a0"},"content":{"rendered":"<h1>Rappel\u00e9 \u00e0 Dieu le 8 juillet dernier, les hommages continuent de pleuvoir sur\u00a0 le Premier Ministre, feu Amadou Gon Coulibaly. Chacun y va son commentaire. Pour sa part, El Hadji Tour\u00e9 Adama, le pr\u00e9sident de la Coordination nationale des gares routi\u00e8res de C\u00f4te d\u2019Ivoire (Cngr-CI),\u00a0 a \u00a0formul\u00e9 \u00a0les v\u0153ux suivants\u00a0: \u00ab\u00a0(\u2026) A Dieu l\u2019architecte, le chevronn\u00e9, le technocrate, le b\u00e2tisseur, le fid\u00e8le des fid\u00e8les au Pr\u00e9sident de la R\u00e9publique, Son Excellence, Monsieur Alassane Ouattara. Bref, les mots me manquent\u00a0 pour qualifier toutes vos actions de d\u00e9veloppement. Si \u00e0 tous les niveaux vous avez donn\u00e9 le meilleur de vous m\u00eames, nous notons une note particuli\u00e8re au niveau infrastructurel. A la cl\u00e9, des milliers de routes bitum\u00e9es, des ponts construits. Plusieurs\u00a0 \u00e9changeurs de m\u00eame.\u00a0 Vous avez \u00e9t\u00e9 au four et au moulin de tous les plans d\u2019action du Pr\u00e9sident \u00a0Alassane Ouattara. Ainsi, pour nous, un seul mot, un seul souhait\u00a0: Que Dieu, le Tout Puissant, vous accepte dans son paradis, en vous accordant sa cl\u00e9mence et sa mis\u00e9ricorde. Fasse que la terre vous soit l\u00e9g\u00e8re\u00a0\u00bb. En pr\u00e9lude \u00e0 ces hommages, le n\u00b01 de la Cngr-CI, n\u2019avait pas manqu\u00e9 \u00e0 l\u2019appel d\u00e8s les premi\u00e8res heures du d\u00e9c\u00e8s du Premier ministre. Il avait pr\u00e9sent\u00e9 ses condol\u00e9ances en ces termes\u00a0: \u00ab(\u2026) C\u2019est avec assez de douleurs et surtout de consternations, que nous, \u00a0Coordination nationale des gares routi\u00e8res de C\u00f4te d\u2019Ivoire (Cngr-CI), avons appris, au m\u00eame moment que toute la C\u00f4te d\u2019Ivoire d\u2019ailleurs, le mercredi 08 juillet, le d\u00e9c\u00e8s de feu Son Excellence, Monsieur le Premier Ministre Amadou Gon Coulibaly. Nous nous inclinons respectueusement devant la m\u00e9moire de l\u2019illustre disparu et grand serviteur de l\u2019Etat. Les circonstances particuli\u00e8res de son rappel \u00e0 Dieu, d\u00e9montrent clairement son sens \u00e9lev\u00e9 du service de l\u2019Etat. Nous pr\u00e9sentons\u00a0 nos sinc\u00e8res condol\u00e9ances \u00e0 sa famille politique, le Rassemblement des Houphou\u00e9tistes pour la D\u00e9mocratie\u00a0 et la Paix (RHDP), sa famille biologique, notamment son \u00e9pouse, ses enfants et sa maman. Ces condol\u00e9ances sont encore appuy\u00e9es \u00e0 Son Excellence, Monsieur le Pr\u00e9sident de la R\u00e9publique Alassane Ouattara, et \u00e0\u00a0 Monsieur le Ministre des Transports, Amadou Kon\u00e9. Nous partageons toutes les \u00a0douleurs et peines\u00a0\u00bb.<\/h1>\n","protected":false},"excerpt":{"rendered":"<p>Rappel\u00e9 \u00e0 Dieu le 8 juillet dernier, les hommages continuent de pleuvoir sur\u00a0 le Premier Ministre, feu Amadou Gon Coulibaly. Chacun y va son commentaire. Pour sa part, El Hadji Tour\u00e9 Adama, le pr\u00e9sident de la Coordination nationale des gares routi\u00e8res de C\u00f4te d\u2019Ivoire (Cngr-CI),\u00a0 a \u00a0formul\u00e9 \u00a0les v\u0153ux suivants\u00a0: \u00ab\u00a0(\u2026) A Dieu l\u2019architecte, le [&hellip;]<\/p>\n","protected":false},"author":2,"featured_media":1505,"comment_status":"open","ping_status":"open","sticky":true,"template":"","format":"standard","meta":{"_acf_changed":false,"footnotes":""},"categories":[],"tags":[],"class_list":["post-1504","post","type-post","status-publish","format-standard","has-post-thumbnail","hentry"],"acf":[],"yoast_head":"<!-- This site is optimized with the Yoast SEO plugin v27.5 - https:\/\/yoast.com\/product\/yoast-seo-wordpress\/ -->\n<title>Hommage au Premier ministre Amadou Gon Coulibaly Tour\u00e9 Adama Cngr \u2013CI\u00a0: \u2018\u2019 Que Dieu vous accorde sa cl\u00e9mence et sa mis\u00e9ricorde\u2019\u2019\u00a0 - Amanien| L&#039;actualit\u00e9 Ivoirienne et Internationale<\/title>\n<meta name=\"robots\" content=\"index, follow, max-snippet:-1, max-image-preview:large, max-video-preview:-1\" \/>\n<link rel=\"canonical\" href=\"https:\/\/www.amanien.info\/news\/hommage-au-premier-ministre-amadou-gon-coulibaly-toure-adama-cngr-ci-que-dieu-vous-accorde-sa-clemence-et-sa-misericorde\/\" \/>\n<meta property=\"og:locale\" content=\"fr_FR\" \/>\n<meta property=\"og:type\" content=\"article\" \/>\n<meta property=\"og:title\" content=\"Hommage au Premier ministre Amadou Gon Coulibaly Tour\u00e9 Adama Cngr \u2013CI\u00a0: \u2018\u2019 Que Dieu vous accorde sa cl\u00e9mence et sa mis\u00e9ricorde\u2019\u2019\u00a0 - Amanien| L&#039;actualit\u00e9 Ivoirienne et Internationale\" \/>\n<meta property=\"og:description\" content=\"Rappel\u00e9 \u00e0 Dieu le 8 juillet dernier, les hommages continuent de pleuvoir sur\u00a0 le Premier Ministre, feu Amadou Gon Coulibaly. Chacun y va son commentaire. Pour sa part, El Hadji Tour\u00e9 Adama, le pr\u00e9sident de la Coordination nationale des gares routi\u00e8res de C\u00f4te d\u2019Ivoire (Cngr-CI),\u00a0 a \u00a0formul\u00e9 \u00a0les v\u0153ux suivants\u00a0: \u00ab\u00a0(\u2026) A Dieu l\u2019architecte, le [&hellip;]\" \/>\n<meta property=\"og:url\" content=\"https:\/\/www.amanien.info\/news\/hommage-au-premier-ministre-amadou-gon-coulibaly-toure-adama-cngr-ci-que-dieu-vous-accorde-sa-clemence-et-sa-misericorde\/\" \/>\n<meta property=\"og:site_name\" content=\"Amanien| L&#039;actualit\u00e9 Ivoirienne et Internationale\" \/>\n<meta property=\"article:published_time\" content=\"2020-07-19T18:39:55+00:00\" \/>\n<meta property=\"article:modified_time\" content=\"2020-07-19T18:40:14+00:00\" \/>\n<meta property=\"og:image\" content=\"https:\/\/www.amanien.info\/news\/wp-content\/uploads\/2020\/07\/thumbnail-6.jpg\" \/>\n\t<meta property=\"og:image:width\" content=\"1024\" \/>\n\t<meta property=\"og:image:height\" content=\"768\" \/>\n\t<meta property=\"og:image:type\" content=\"image\/jpeg\" \/>\n<meta name=\"author\" content=\"Germain Ndri\" \/>\n<meta name=\"twitter:card\" content=\"summary_large_image\" \/>\n<meta name=\"twitter:label1\" content=\"\u00c9crit par\" \/>\n\t<meta name=\"twitter:data1\" content=\"Germain Ndri\" \/>\n\t<meta name=\"twitter:label2\" content=\"Dur\u00e9e de lecture estim\u00e9e\" \/>\n\t<meta name=\"twitter:data2\" content=\"2 minutes\" \/>\n<script type=\"application\/ld+json\" class=\"yoast-schema-graph\">{\"@context\":\"https:\\\/\\\/schema.org\",\"@graph\":[{\"@type\":\"Article\",\"@id\":\"https:\\\/\\\/www.amanien.info\\\/news\\\/hommage-au-premier-ministre-amadou-gon-coulibaly-toure-adama-cngr-ci-que-dieu-vous-accorde-sa-clemence-et-sa-misericorde\\\/#article\",\"isPartOf\":{\"@id\":\"https:\\\/\\\/www.amanien.info\\\/news\\\/hommage-au-premier-ministre-amadou-gon-coulibaly-toure-adama-cngr-ci-que-dieu-vous-accorde-sa-clemence-et-sa-misericorde\\\/\"},\"author\":{\"name\":\"Germain Ndri\",\"@id\":\"https:\\\/\\\/www.amanien.info\\\/news\\\/#\\\/schema\\\/person\\\/b21093345753a1a98242d505bd894f42\"},\"headline\":\"Hommage au Premier ministre Amadou Gon Coulibaly Tour\u00e9 Adama Cngr \u2013CI\u00a0: \u2018\u2019 Que Dieu vous accorde sa cl\u00e9mence et sa mis\u00e9ricorde\u2019\u2019\u00a0\",\"datePublished\":\"2020-07-19T18:39:55+00:00\",\"dateModified\":\"2020-07-19T18:40:14+00:00\",\"mainEntityOfPage\":{\"@id\":\"https:\\\/\\\/www.amanien.info\\\/news\\\/hommage-au-premier-ministre-amadou-gon-coulibaly-toure-adama-cngr-ci-que-dieu-vous-accorde-sa-clemence-et-sa-misericorde\\\/\"},\"wordCount\":415,\"commentCount\":0,\"image\":{\"@id\":\"https:\\\/\\\/www.amanien.info\\\/news\\\/hommage-au-premier-ministre-amadou-gon-coulibaly-toure-adama-cngr-ci-que-dieu-vous-accorde-sa-clemence-et-sa-misericorde\\\/#primaryimage\"},\"thumbnailUrl\":\"https:\\\/\\\/www.amanien.info\\\/news\\\/wp-content\\\/uploads\\\/2020\\\/07\\\/thumbnail-6.jpg\",\"inLanguage\":\"fr-FR\"},{\"@type\":\"WebPage\",\"@id\":\"https:\\\/\\\/www.amanien.info\\\/news\\\/hommage-au-premier-ministre-amadou-gon-coulibaly-toure-adama-cngr-ci-que-dieu-vous-accorde-sa-clemence-et-sa-misericorde\\\/\",\"url\":\"https:\\\/\\\/www.amanien.info\\\/news\\\/hommage-au-premier-ministre-amadou-gon-coulibaly-toure-adama-cngr-ci-que-dieu-vous-accorde-sa-clemence-et-sa-misericorde\\\/\",\"name\":\"Hommage au Premier ministre Amadou Gon Coulibaly Tour\u00e9 Adama Cngr \u2013CI\u00a0: \u2018\u2019 Que Dieu vous accorde sa cl\u00e9mence et sa mis\u00e9ricorde\u2019\u2019\u00a0 - Amanien| L&#039;actualit\u00e9 Ivoirienne et Internationale\",\"isPartOf\":{\"@id\":\"https:\\\/\\\/www.amanien.info\\\/news\\\/#website\"},\"primaryImageOfPage\":{\"@id\":\"https:\\\/\\\/www.amanien.info\\\/news\\\/hommage-au-premier-ministre-amadou-gon-coulibaly-toure-adama-cngr-ci-que-dieu-vous-accorde-sa-clemence-et-sa-misericorde\\\/#primaryimage\"},\"image\":{\"@id\":\"https:\\\/\\\/www.amanien.info\\\/news\\\/hommage-au-premier-ministre-amadou-gon-coulibaly-toure-adama-cngr-ci-que-dieu-vous-accorde-sa-clemence-et-sa-misericorde\\\/#primaryimage\"},\"thumbnailUrl\":\"https:\\\/\\\/www.amanien.info\\\/news\\\/wp-content\\\/uploads\\\/2020\\\/07\\\/thumbnail-6.jpg\",\"datePublished\":\"2020-07-19T18:39:55+00:00\",\"dateModified\":\"2020-07-19T18:40:14+00:00\",\"author\":{\"@id\":\"https:\\\/\\\/www.amanien.info\\\/news\\\/#\\\/schema\\\/person\\\/b21093345753a1a98242d505bd894f42\"},\"breadcrumb\":{\"@id\":\"https:\\\/\\\/www.amanien.info\\\/news\\\/hommage-au-premier-ministre-amadou-gon-coulibaly-toure-adama-cngr-ci-que-dieu-vous-accorde-sa-clemence-et-sa-misericorde\\\/#breadcrumb\"},\"inLanguage\":\"fr-FR\",\"potentialAction\":[{\"@type\":\"ReadAction\",\"target\":[\"https:\\\/\\\/www.amanien.info\\\/news\\\/hommage-au-premier-ministre-amadou-gon-coulibaly-toure-adama-cngr-ci-que-dieu-vous-accorde-sa-clemence-et-sa-misericorde\\\/\"]}]},{\"@type\":\"ImageObject\",\"inLanguage\":\"fr-FR\",\"@id\":\"https:\\\/\\\/www.amanien.info\\\/news\\\/hommage-au-premier-ministre-amadou-gon-coulibaly-toure-adama-cngr-ci-que-dieu-vous-accorde-sa-clemence-et-sa-misericorde\\\/#primaryimage\",\"url\":\"https:\\\/\\\/www.amanien.info\\\/news\\\/wp-content\\\/uploads\\\/2020\\\/07\\\/thumbnail-6.jpg\",\"contentUrl\":\"https:\\\/\\\/www.amanien.info\\\/news\\\/wp-content\\\/uploads\\\/2020\\\/07\\\/thumbnail-6.jpg\",\"width\":1024,\"height\":768},{\"@type\":\"BreadcrumbList\",\"@id\":\"https:\\\/\\\/www.amanien.info\\\/news\\\/hommage-au-premier-ministre-amadou-gon-coulibaly-toure-adama-cngr-ci-que-dieu-vous-accorde-sa-clemence-et-sa-misericorde\\\/#breadcrumb\",\"itemListElement\":[{\"@type\":\"ListItem\",\"position\":1,\"name\":\"Accueil\",\"item\":\"https:\\\/\\\/www.amanien.info\\\/news\\\/\"},{\"@type\":\"ListItem\",\"position\":2,\"name\":\"Hommage au Premier ministre Amadou Gon Coulibaly Tour\u00e9 Adama Cngr \u2013CI\u00a0: \u2018\u2019 Que Dieu vous accorde sa cl\u00e9mence et sa mis\u00e9ricorde\u2019\u2019\u00a0\"}]},{\"@type\":\"WebSite\",\"@id\":\"https:\\\/\\\/www.amanien.info\\\/news\\\/#website\",\"url\":\"https:\\\/\\\/www.amanien.info\\\/news\\\/\",\"name\":\"Amanien| L&#039;actualit\u00e9 Ivoirienne et Internationale\",\"description\":\"L&#039;actualit\u00e9 Ivoirienne et Internationale\",\"potentialAction\":[{\"@type\":\"SearchAction\",\"target\":{\"@type\":\"EntryPoint\",\"urlTemplate\":\"https:\\\/\\\/www.amanien.info\\\/news\\\/?s={search_term_string}\"},\"query-input\":{\"@type\":\"PropertyValueSpecification\",\"valueRequired\":true,\"valueName\":\"search_term_string\"}}],\"inLanguage\":\"fr-FR\"},{\"@type\":\"Person\",\"@id\":\"https:\\\/\\\/www.amanien.info\\\/news\\\/#\\\/schema\\\/person\\\/b21093345753a1a98242d505bd894f42\",\"name\":\"Germain Ndri\",\"url\":\"https:\\\/\\\/www.amanien.info\\\/news\\\/author\\\/amanien-infos\\\/\"}]}<\/script>\n<!-- \/ Yoast SEO plugin. -->","yoast_head_json":{"title":"Hommage au Premier ministre Amadou Gon Coulibaly Tour\u00e9 Adama Cngr \u2013CI\u00a0: \u2018\u2019 Que Dieu vous accorde sa cl\u00e9mence et sa mis\u00e9ricorde\u2019\u2019\u00a0 - Amanien| L&#039;actualit\u00e9 Ivoirienne et Internationale","robots":{"index":"index","follow":"follow","max-snippet":"max-snippet:-1","max-image-preview":"max-image-preview:large","max-video-preview":"max-video-preview:-1"},"canonical":"https:\/\/www.amanien.info\/news\/hommage-au-premier-ministre-amadou-gon-coulibaly-toure-adama-cngr-ci-que-dieu-vous-accorde-sa-clemence-et-sa-misericorde\/","og_locale":"fr_FR","og_type":"article","og_title":"Hommage au Premier ministre Amadou Gon Coulibaly Tour\u00e9 Adama Cngr \u2013CI\u00a0: \u2018\u2019 Que Dieu vous accorde sa cl\u00e9mence et sa mis\u00e9ricorde\u2019\u2019\u00a0 - Amanien| L&#039;actualit\u00e9 Ivoirienne et Internationale","og_description":"Rappel\u00e9 \u00e0 Dieu le 8 juillet dernier, les hommages continuent de pleuvoir sur\u00a0 le Premier Ministre, feu Amadou Gon Coulibaly. Chacun y va son commentaire. Pour sa part, El Hadji Tour\u00e9 Adama, le pr\u00e9sident de la Coordination nationale des gares routi\u00e8res de C\u00f4te d\u2019Ivoire (Cngr-CI),\u00a0 a \u00a0formul\u00e9 \u00a0les v\u0153ux suivants\u00a0: \u00ab\u00a0(\u2026) A Dieu l\u2019architecte, le [&hellip;]","og_url":"https:\/\/www.amanien.info\/news\/hommage-au-premier-ministre-amadou-gon-coulibaly-toure-adama-cngr-ci-que-dieu-vous-accorde-sa-clemence-et-sa-misericorde\/","og_site_name":"Amanien| L&#039;actualit\u00e9 Ivoirienne et Internationale","article_published_time":"2020-07-19T18:39:55+00:00","article_modified_time":"2020-07-19T18:40:14+00:00","og_image":[{"width":1024,"height":768,"url":"https:\/\/www.amanien.info\/news\/wp-content\/uploads\/2020\/07\/thumbnail-6.jpg","type":"image\/jpeg"}],"author":"Germain Ndri","twitter_card":"summary_large_image","twitter_misc":{"\u00c9crit par":"Germain Ndri","Dur\u00e9e de lecture estim\u00e9e":"2 minutes"},"schema":{"@context":"https:\/\/schema.org","@graph":[{"@type":"Article","@id":"https:\/\/www.amanien.info\/news\/hommage-au-premier-ministre-amadou-gon-coulibaly-toure-adama-cngr-ci-que-dieu-vous-accorde-sa-clemence-et-sa-misericorde\/#article","isPartOf":{"@id":"https:\/\/www.amanien.info\/news\/hommage-au-premier-ministre-amadou-gon-coulibaly-toure-adama-cngr-ci-que-dieu-vous-accorde-sa-clemence-et-sa-misericorde\/"},"author":{"name":"Germain Ndri","@id":"https:\/\/www.amanien.info\/news\/#\/schema\/person\/b21093345753a1a98242d505bd894f42"},"headline":"Hommage au Premier ministre Amadou Gon Coulibaly Tour\u00e9 Adama Cngr \u2013CI\u00a0: \u2018\u2019 Que Dieu vous accorde sa cl\u00e9mence et sa mis\u00e9ricorde\u2019\u2019\u00a0","datePublished":"2020-07-19T18:39:55+00:00","dateModified":"2020-07-19T18:40:14+00:00","mainEntityOfPage":{"@id":"https:\/\/www.amanien.info\/news\/hommage-au-premier-ministre-amadou-gon-coulibaly-toure-adama-cngr-ci-que-dieu-vous-accorde-sa-clemence-et-sa-misericorde\/"},"wordCount":415,"commentCount":0,"image":{"@id":"https:\/\/www.amanien.info\/news\/hommage-au-premier-ministre-amadou-gon-coulibaly-toure-adama-cngr-ci-que-dieu-vous-accorde-sa-clemence-et-sa-misericorde\/#primaryimage"},"thumbnailUrl":"https:\/\/www.amanien.info\/news\/wp-content\/uploads\/2020\/07\/thumbnail-6.jpg","inLanguage":"fr-FR"},{"@type":"WebPage","@id":"https:\/\/www.amanien.info\/news\/hommage-au-premier-ministre-amadou-gon-coulibaly-toure-adama-cngr-ci-que-dieu-vous-accorde-sa-clemence-et-sa-misericorde\/","url":"https:\/\/www.amanien.info\/news\/hommage-au-premier-ministre-amadou-gon-coulibaly-toure-adama-cngr-ci-que-dieu-vous-accorde-sa-clemence-et-sa-misericorde\/","name":"Hommage au Premier ministre Amadou Gon Coulibaly Tour\u00e9 Adama Cngr \u2013CI\u00a0: \u2018\u2019 Que Dieu vous accorde sa cl\u00e9mence et sa mis\u00e9ricorde\u2019\u2019\u00a0 - Amanien| L&#039;actualit\u00e9 Ivoirienne et Internationale","isPartOf":{"@id":"https:\/\/www.amanien.info\/news\/#website"},"primaryImageOfPage":{"@id":"https:\/\/www.amanien.info\/news\/hommage-au-premier-ministre-amadou-gon-coulibaly-toure-adama-cngr-ci-que-dieu-vous-accorde-sa-clemence-et-sa-misericorde\/#primaryimage"},"image":{"@id":"https:\/\/www.amanien.info\/news\/hommage-au-premier-ministre-amadou-gon-coulibaly-toure-adama-cngr-ci-que-dieu-vous-accorde-sa-clemence-et-sa-misericorde\/#primaryimage"},"thumbnailUrl":"https:\/\/www.amanien.info\/news\/wp-content\/uploads\/2020\/07\/thumbnail-6.jpg","datePublished":"2020-07-19T18:39:55+00:00","dateModified":"2020-07-19T18:40:14+00:00","author":{"@id":"https:\/\/www.amanien.info\/news\/#\/schema\/person\/b21093345753a1a98242d505bd894f42"},"breadcrumb":{"@id":"https:\/\/www.amanien.info\/news\/hommage-au-premier-ministre-amadou-gon-coulibaly-toure-adama-cngr-ci-que-dieu-vous-accorde-sa-clemence-et-sa-misericorde\/#breadcrumb"},"inLanguage":"fr-FR","potentialAction":[{"@type":"ReadAction","target":["https:\/\/www.amanien.info\/news\/hommage-au-premier-ministre-amadou-gon-coulibaly-toure-adama-cngr-ci-que-dieu-vous-accorde-sa-clemence-et-sa-misericorde\/"]}]},{"@type":"ImageObject","inLanguage":"fr-FR","@id":"https:\/\/www.amanien.info\/news\/hommage-au-premier-ministre-amadou-gon-coulibaly-toure-adama-cngr-ci-que-dieu-vous-accorde-sa-clemence-et-sa-misericorde\/#primaryimage","url":"https:\/\/www.amanien.info\/news\/wp-content\/uploads\/2020\/07\/thumbnail-6.jpg","contentUrl":"https:\/\/www.amanien.info\/news\/wp-content\/uploads\/2020\/07\/thumbnail-6.jpg","width":1024,"height":768},{"@type":"BreadcrumbList","@id":"https:\/\/www.amanien.info\/news\/hommage-au-premier-ministre-amadou-gon-coulibaly-toure-adama-cngr-ci-que-dieu-vous-accorde-sa-clemence-et-sa-misericorde\/#breadcrumb","itemListElement":[{"@type":"ListItem","position":1,"name":"Accueil","item":"https:\/\/www.amanien.info\/news\/"},{"@type":"ListItem","position":2,"name":"Hommage au Premier ministre Amadou Gon Coulibaly Tour\u00e9 Adama Cngr \u2013CI\u00a0: \u2018\u2019 Que Dieu vous accorde sa cl\u00e9mence et sa mis\u00e9ricorde\u2019\u2019\u00a0"}]},{"@type":"WebSite","@id":"https:\/\/www.amanien.info\/news\/#website","url":"https:\/\/www.amanien.info\/news\/","name":"Amanien| L&#039;actualit\u00e9 Ivoirienne et Internationale","description":"L&#039;actualit\u00e9 Ivoirienne et Internationale","potentialAction":[{"@type":"SearchAction","target":{"@type":"EntryPoint","urlTemplate":"https:\/\/www.amanien.info\/news\/?s={search_term_string}"},"query-input":{"@type":"PropertyValueSpecification","valueRequired":true,"valueName":"search_term_string"}}],"inLanguage":"fr-FR"},{"@type":"Person","@id":"https:\/\/www.amanien.info\/news\/#\/schema\/person\/b21093345753a1a98242d505bd894f42","name":"Germain Ndri","url":"https:\/\/www.amanien.info\/news\/author\/amanien-infos\/"}]}},"_links":{"self":[{"href":"https:\/\/www.amanien.info\/news\/wp-json\/wp\/v2\/posts\/1504","targetHints":{"allow":["GET"]}}],"collection":[{"href":"https:\/\/www.amanien.info\/news\/wp-json\/wp\/v2\/posts"}],"about":[{"href":"https:\/\/www.amanien.info\/news\/wp-json\/wp\/v2\/types\/post"}],"author":[{"embeddable":true,"href":"https:\/\/www.amanien.info\/news\/wp-json\/wp\/v2\/users\/2"}],"replies":[{"embeddable":true,"href":"https:\/\/www.amanien.info\/news\/wp-json\/wp\/v2\/comments?post=1504"}],"version-history":[{"count":0,"href":"https:\/\/www.amanien.info\/news\/wp-json\/wp\/v2\/posts\/1504\/revisions"}],"wp:featuredmedia":[{"embeddable":true,"href":"https:\/\/www.amanien.info\/news\/wp-json\/wp\/v2\/media\/1505"}],"wp:attachment":[{"href":"https:\/\/www.amanien.info\/news\/wp-json\/wp\/v2\/media?parent=1504"}],"wp:term":[{"taxonomy":"category","embeddable":true,"href":"https:\/\/www.amanien.info\/news\/wp-json\/wp\/v2\/categories?post=1504"},{"taxonomy":"post_tag","embeddable":true,"href":"https:\/\/www.amanien.info\/news\/wp-json\/wp\/v2\/tags?post=1504"}],"curies":[{"name":"wp","href":"https:\/\/api.w.org\/{rel}","templated":true}]}}